{"id":67589,"date":"2022-01-24T23:35:37","date_gmt":"2022-01-24T23:35:37","guid":{"rendered":"https:\/\/www.ucaldas.edu.co\/portal\/?p=67589"},"modified":"2022-01-24T23:48:21","modified_gmt":"2022-01-24T23:48:21","slug":"consejo-superior-otorgo-distincion-al-medico-jorge-raad-aljure","status":"publish","type":"post","link":"https:\/\/www.ucaldas.edu.co\/portal\/consejo-superior-otorgo-distincion-al-medico-jorge-raad-aljure\/","title":{"rendered":"Consejo Superior otorg\u00f3 distinci\u00f3n al m\u00e9dico Jorge Raad Aljure"},"content":{"rendered":"<p><img loading=\"lazy\" decoding=\"async\" class=\"aligncenter wp-image-67590 size-full\" src=\"https:\/\/www.ucaldas.edu.co\/portal\/wp-content\/uploads\/2022\/01\/Diseno-sin-titulo-1.jpg\" alt=\"M\u00e9dico Jorge Raad Aljure, recibe reconocimiento como profesor honorario\" width=\"700\" height=\"400\" srcset=\"https:\/\/www.ucaldas.edu.co\/portal\/wp-content\/uploads\/2022\/01\/Diseno-sin-titulo-1.jpg 700w, https:\/\/www.ucaldas.edu.co\/portal\/wp-content\/uploads\/2022\/01\/Diseno-sin-titulo-1-300x171.jpg 300w\" sizes=\"auto, (max-width: 700px) 100vw, 700px\" \/><\/p>\n<p>Durante la sesi\u00f3n ordinaria del Consejo Superior de la Universidad de Caldas, se llev\u00f3 a cabo el acto de reconocimiento al m\u00e9dico Jorge Raad Aljure a qui\u00e9n se le otorg\u00f3 la distinci\u00f3n como \u201cProfesor Honorario\u201d de la\u00a0 instituci\u00f3n.<\/p>\n<p><!--more--><\/p>\n<p>En el transcurso del homenaje, el rector Alejandro Ceballos M\u00e1rquez reconoci\u00f3 la trayectoria y el aporte que el m\u00e9dico Raad Aljure ha realizado no s\u00f3lo por la Universidad de Caldas, sino en diferentes organizaciones de Caldas y del pa\u00eds.<\/p>\n<p>El Doctor Jorge Raad Aljure es un reconocido exalumno de la Universidad de Caldas, con el t\u00edtulo de M\u00e9dico Cirujano, especialista en Laboratorio Cl\u00ednico de la Universidad Nacional de M\u00e9xico, con estudios en virolog\u00eda en el Instituto Nacional de Salud.<\/p>\n<p>Se desempe\u00f1\u00f3 como \u00a0docente para el \u00e1rea de parasitolog\u00eda\u00a0 de la Facultad de Medicina, hoy Facultad de Ciencias para la Salud, con la categor\u00eda de docente especial, promovido por el Consejo Directivo de la Universidad de Caldas como docente asistente y el Consejo Acad\u00e9mico de la lo vincul\u00f3\u00a0 en la categor\u00eda de profesor asociado y desde 1991 se desempe\u00f1a como profesor titular. Ha ejercido la docencia universitaria en Colombia y en M\u00e9xico,\u00a0 adem\u00e1s fue\u00a0 rector de la instituci\u00f3n entre 1992 y 1994.<\/p>\n<p>De acuerdo con el Estatuto Docente de la Universidad de Caldas, la distinci\u00f3n de \u201cProfesor Honorario\u201d se concede a quien por m\u00e1s de 20 a\u00f1os haya ejercido su cargo en la universidad y que, despu\u00e9s de retirarse en la categor\u00eda de profesor asociado o profesor titular, haberse destacado en la docencia, en la investigaci\u00f3n y la administraci\u00f3n.<\/p>\n<p><strong>\u00a0<\/strong><\/p>\n<p><strong>\u00a0<\/strong><\/p>\n<p><strong>Informes: <\/strong>Oficina de Comunicaciones y Prensa Universidad de Caldas.<\/p>\n<p><strong>Redacci\u00f3n:<\/strong> Adriana Salazar Villegas<\/p>\n<p>&nbsp;<\/p>\n","protected":false},"excerpt":{"rendered":"<p>Durante la sesi\u00f3n ordinaria del Consejo Superior de la Universidad de Caldas, se llev\u00f3 a cabo el acto de reconocimiento al m\u00e9dico Jorge Raad Aljure a qui\u00e9n se le otorg\u00f3 la distinci\u00f3n como \u201cProfesor Honorario\u201d de la\u00a0 instituci\u00f3n.<\/p>\n","protected":false},"author":2,"featured_media":67590,"comment_status":"closed","ping_status":"open","sticky":false,"template":"","format":"standard","meta":{"footnotes":""},"categories":[48,53],"tags":[1090,1257,1719,7805],"class_list":["post-67589","post","type-post","status-publish","format-standard","has-post-thumbnail","hentry","category-actualidad","category-universidad-al-dia","tag-consejo-superior","tag-facultad-de-ciencias-para-la-salud","tag-homenaje","tag-jorge-raad-aljure"],"yoast_head":"<!-- This site is optimized with the Yoast SEO plugin v27.4 - https:\/\/yoast.com\/product\/yoast-seo-wordpress\/ -->\n<title>Consejo Superior otorg\u00f3 distinci\u00f3n al m\u00e9dico Jorge Raad Aljure .<\/title>\n<meta name=\"robots\" content=\"index, follow, max-snippet:-1, max-image-preview:large, max-video-preview:-1\" \/>\n<link rel=\"canonical\" href=\"https:\/\/www.ucaldas.edu.co\/portal\/consejo-superior-otorgo-distincion-al-medico-jorge-raad-aljure\/\" \/>\n<script type=\"application\/ld+json\" class=\"yoast-schema-graph\">{\"@context\":\"https:\\\/\\\/schema.org\",\"@graph\":[{\"@type\":\"Article\",\"@id\":\"https:\\\/\\\/www.ucaldas.edu.co\\\/portal\\\/consejo-superior-otorgo-distincion-al-medico-jorge-raad-aljure\\\/#article\",\"isPartOf\":{\"@id\":\"https:\\\/\\\/www.ucaldas.edu.co\\\/portal\\\/consejo-superior-otorgo-distincion-al-medico-jorge-raad-aljure\\\/\"},\"author\":{\"name\":\"ofiprensa\",\"@id\":\"https:\\\/\\\/www.ucaldas.edu.co\\\/portal\\\/#\\\/schema\\\/person\\\/a1b482e23449158b4bc319926c074fdf\"},\"headline\":\"Consejo Superior otorg\u00f3 distinci\u00f3n al m\u00e9dico Jorge Raad Aljure\",\"datePublished\":\"2022-01-24T23:35:37+00:00\",\"dateModified\":\"2022-01-24T23:48:21+00:00\",\"mainEntityOfPage\":{\"@id\":\"https:\\\/\\\/www.ucaldas.edu.co\\\/portal\\\/consejo-superior-otorgo-distincion-al-medico-jorge-raad-aljure\\\/\"},\"wordCount\":307,\"publisher\":{\"@id\":\"https:\\\/\\\/www.ucaldas.edu.co\\\/portal\\\/#organization\"},\"image\":{\"@id\":\"https:\\\/\\\/www.ucaldas.edu.co\\\/portal\\\/consejo-superior-otorgo-distincion-al-medico-jorge-raad-aljure\\\/#primaryimage\"},\"thumbnailUrl\":\"https:\\\/\\\/www.ucaldas.edu.co\\\/portal\\\/wp-content\\\/uploads\\\/2022\\\/01\\\/Diseno-sin-titulo-1.jpg\",\"keywords\":[\"Consejo Superior\",\"Facultad de Ciencias para la Salud\",\"homenaje\",\"Jorge Raad Aljure\"],\"articleSection\":[\"Actualidad\",\"Universidad al D\u00eda\"],\"inLanguage\":\"es\"},{\"@type\":\"WebPage\",\"@id\":\"https:\\\/\\\/www.ucaldas.edu.co\\\/portal\\\/consejo-superior-otorgo-distincion-al-medico-jorge-raad-aljure\\\/\",\"url\":\"https:\\\/\\\/www.ucaldas.edu.co\\\/portal\\\/consejo-superior-otorgo-distincion-al-medico-jorge-raad-aljure\\\/\",\"name\":\"Consejo Superior otorg\u00f3 distinci\u00f3n al m\u00e9dico Jorge Raad Aljure .\",\"isPartOf\":{\"@id\":\"https:\\\/\\\/www.ucaldas.edu.co\\\/portal\\\/#website\"},\"primaryImageOfPage\":{\"@id\":\"https:\\\/\\\/www.ucaldas.edu.co\\\/portal\\\/consejo-superior-otorgo-distincion-al-medico-jorge-raad-aljure\\\/#primaryimage\"},\"image\":{\"@id\":\"https:\\\/\\\/www.ucaldas.edu.co\\\/portal\\\/consejo-superior-otorgo-distincion-al-medico-jorge-raad-aljure\\\/#primaryimage\"},\"thumbnailUrl\":\"https:\\\/\\\/www.ucaldas.edu.co\\\/portal\\\/wp-content\\\/uploads\\\/2022\\\/01\\\/Diseno-sin-titulo-1.jpg\",\"datePublished\":\"2022-01-24T23:35:37+00:00\",\"dateModified\":\"2022-01-24T23:48:21+00:00\",\"breadcrumb\":{\"@id\":\"https:\\\/\\\/www.ucaldas.edu.co\\\/portal\\\/consejo-superior-otorgo-distincion-al-medico-jorge-raad-aljure\\\/#breadcrumb\"},\"inLanguage\":\"es\",\"potentialAction\":[{\"@type\":\"ReadAction\",\"target\":[\"https:\\\/\\\/www.ucaldas.edu.co\\\/portal\\\/consejo-superior-otorgo-distincion-al-medico-jorge-raad-aljure\\\/\"]}]},{\"@type\":\"ImageObject\",\"inLanguage\":\"es\",\"@id\":\"https:\\\/\\\/www.ucaldas.edu.co\\\/portal\\\/consejo-superior-otorgo-distincion-al-medico-jorge-raad-aljure\\\/#primaryimage\",\"url\":\"https:\\\/\\\/www.ucaldas.edu.co\\\/portal\\\/wp-content\\\/uploads\\\/2022\\\/01\\\/Diseno-sin-titulo-1.jpg\",\"contentUrl\":\"https:\\\/\\\/www.ucaldas.edu.co\\\/portal\\\/wp-content\\\/uploads\\\/2022\\\/01\\\/Diseno-sin-titulo-1.jpg\",\"width\":700,\"height\":400,\"caption\":\"M\u00e9dico Jorge Raad Aljure, recibe reconocimiento como profesor honorario\"},{\"@type\":\"BreadcrumbList\",\"@id\":\"https:\\\/\\\/www.ucaldas.edu.co\\\/portal\\\/consejo-superior-otorgo-distincion-al-medico-jorge-raad-aljure\\\/#breadcrumb\",\"itemListElement\":[{\"@type\":\"ListItem\",\"position\":1,\"name\":\"Portada\",\"item\":\"https:\\\/\\\/www.ucaldas.edu.co\\\/portal\\\/\"},{\"@type\":\"ListItem\",\"position\":2,\"name\":\"Consejo Superior otorg\u00f3 distinci\u00f3n al m\u00e9dico Jorge Raad Aljure\"}]},{\"@type\":\"WebSite\",\"@id\":\"https:\\\/\\\/www.ucaldas.edu.co\\\/portal\\\/#website\",\"url\":\"https:\\\/\\\/www.ucaldas.edu.co\\\/portal\\\/\",\"name\":\"Universidad de Caldas\",\"description\":\"\",\"publisher\":{\"@id\":\"https:\\\/\\\/www.ucaldas.edu.co\\\/portal\\\/#organization\"},\"alternateName\":\"U. de Caldas\",\"potentialAction\":[{\"@type\":\"SearchAction\",\"target\":{\"@type\":\"EntryPoint\",\"urlTemplate\":\"https:\\\/\\\/www.ucaldas.edu.co\\\/portal\\\/?s={search_term_string}\"},\"query-input\":{\"@type\":\"PropertyValueSpecification\",\"valueRequired\":true,\"valueName\":\"search_term_string\"}}],\"inLanguage\":\"es\"},{\"@type\":\"Organization\",\"@id\":\"https:\\\/\\\/www.ucaldas.edu.co\\\/portal\\\/#organization\",\"name\":\"Universidad de Caldas\",\"alternateName\":\"U. de Caldas\",\"url\":\"https:\\\/\\\/www.ucaldas.edu.co\\\/portal\\\/\",\"logo\":{\"@type\":\"ImageObject\",\"inLanguage\":\"es\",\"@id\":\"https:\\\/\\\/www.ucaldas.edu.co\\\/portal\\\/#\\\/schema\\\/logo\\\/image\\\/\",\"url\":\"https:\\\/\\\/www.ucaldas.edu.co\\\/portal\\\/wp-content\\\/uploads\\\/2023\\\/11\\\/Logo_horizontal_oscuroU-2023.png\",\"contentUrl\":\"https:\\\/\\\/www.ucaldas.edu.co\\\/portal\\\/wp-content\\\/uploads\\\/2023\\\/11\\\/Logo_horizontal_oscuroU-2023.png\",\"width\":263,\"height\":101,\"caption\":\"Universidad de Caldas\"},\"image\":{\"@id\":\"https:\\\/\\\/www.ucaldas.edu.co\\\/portal\\\/#\\\/schema\\\/logo\\\/image\\\/\"},\"sameAs\":[\"https:\\\/\\\/www.facebook.com\\\/udecaldas\",\"https:\\\/\\\/x.com\\\/udecaldas\",\"https:\\\/\\\/www.youtube.com\\\/universidadcaldas\",\"https:\\\/\\\/www.instagram.com\\\/udecaldas\\\/\"]},{\"@type\":\"Person\",\"@id\":\"https:\\\/\\\/www.ucaldas.edu.co\\\/portal\\\/#\\\/schema\\\/person\\\/a1b482e23449158b4bc319926c074fdf\",\"name\":\"ofiprensa\",\"image\":{\"@type\":\"ImageObject\",\"inLanguage\":\"es\",\"@id\":\"https:\\\/\\\/www.ucaldas.edu.co\\\/portal\\\/wp-content\\\/litespeed\\\/avatar\\\/09ea5085e600095a7a811142c6944527.jpg?ver=1776892805\",\"url\":\"https:\\\/\\\/www.ucaldas.edu.co\\\/portal\\\/wp-content\\\/litespeed\\\/avatar\\\/09ea5085e600095a7a811142c6944527.jpg?ver=1776892805\",\"contentUrl\":\"https:\\\/\\\/www.ucaldas.edu.co\\\/portal\\\/wp-content\\\/litespeed\\\/avatar\\\/09ea5085e600095a7a811142c6944527.jpg?ver=1776892805\",\"caption\":\"ofiprensa\"},\"url\":\"https:\\\/\\\/www.ucaldas.edu.co\\\/portal\\\/author\\\/ofiprensa\\\/\"}]}<\/script>\n<!-- \/ Yoast SEO plugin. -->","yoast_head_json":{"title":"Consejo Superior otorg\u00f3 distinci\u00f3n al m\u00e9dico Jorge Raad Aljure .","robots":{"index":"index","follow":"follow","max-snippet":"max-snippet:-1","max-image-preview":"max-image-preview:large","max-video-preview":"max-video-preview:-1"},"canonical":"https:\/\/www.ucaldas.edu.co\/portal\/consejo-superior-otorgo-distincion-al-medico-jorge-raad-aljure\/","schema":{"@context":"https:\/\/schema.org","@graph":[{"@type":"Article","@id":"https:\/\/www.ucaldas.edu.co\/portal\/consejo-superior-otorgo-distincion-al-medico-jorge-raad-aljure\/#article","isPartOf":{"@id":"https:\/\/www.ucaldas.edu.co\/portal\/consejo-superior-otorgo-distincion-al-medico-jorge-raad-aljure\/"},"author":{"name":"ofiprensa","@id":"https:\/\/www.ucaldas.edu.co\/portal\/#\/schema\/person\/a1b482e23449158b4bc319926c074fdf"},"headline":"Consejo Superior otorg\u00f3 distinci\u00f3n al m\u00e9dico Jorge Raad Aljure","datePublished":"2022-01-24T23:35:37+00:00","dateModified":"2022-01-24T23:48:21+00:00","mainEntityOfPage":{"@id":"https:\/\/www.ucaldas.edu.co\/portal\/consejo-superior-otorgo-distincion-al-medico-jorge-raad-aljure\/"},"wordCount":307,"publisher":{"@id":"https:\/\/www.ucaldas.edu.co\/portal\/#organization"},"image":{"@id":"https:\/\/www.ucaldas.edu.co\/portal\/consejo-superior-otorgo-distincion-al-medico-jorge-raad-aljure\/#primaryimage"},"thumbnailUrl":"https:\/\/www.ucaldas.edu.co\/portal\/wp-content\/uploads\/2022\/01\/Diseno-sin-titulo-1.jpg","keywords":["Consejo Superior","Facultad de Ciencias para la Salud","homenaje","Jorge Raad Aljure"],"articleSection":["Actualidad","Universidad al D\u00eda"],"inLanguage":"es"},{"@type":"WebPage","@id":"https:\/\/www.ucaldas.edu.co\/portal\/consejo-superior-otorgo-distincion-al-medico-jorge-raad-aljure\/","url":"https:\/\/www.ucaldas.edu.co\/portal\/consejo-superior-otorgo-distincion-al-medico-jorge-raad-aljure\/","name":"Consejo Superior otorg\u00f3 distinci\u00f3n al m\u00e9dico Jorge Raad Aljure .","isPartOf":{"@id":"https:\/\/www.ucaldas.edu.co\/portal\/#website"},"primaryImageOfPage":{"@id":"https:\/\/www.ucaldas.edu.co\/portal\/consejo-superior-otorgo-distincion-al-medico-jorge-raad-aljure\/#primaryimage"},"image":{"@id":"https:\/\/www.ucaldas.edu.co\/portal\/consejo-superior-otorgo-distincion-al-medico-jorge-raad-aljure\/#primaryimage"},"thumbnailUrl":"https:\/\/www.ucaldas.edu.co\/portal\/wp-content\/uploads\/2022\/01\/Diseno-sin-titulo-1.jpg","datePublished":"2022-01-24T23:35:37+00:00","dateModified":"2022-01-24T23:48:21+00:00","breadcrumb":{"@id":"https:\/\/www.ucaldas.edu.co\/portal\/consejo-superior-otorgo-distincion-al-medico-jorge-raad-aljure\/#breadcrumb"},"inLanguage":"es","potentialAction":[{"@type":"ReadAction","target":["https:\/\/www.ucaldas.edu.co\/portal\/consejo-superior-otorgo-distincion-al-medico-jorge-raad-aljure\/"]}]},{"@type":"ImageObject","inLanguage":"es","@id":"https:\/\/www.ucaldas.edu.co\/portal\/consejo-superior-otorgo-distincion-al-medico-jorge-raad-aljure\/#primaryimage","url":"https:\/\/www.ucaldas.edu.co\/portal\/wp-content\/uploads\/2022\/01\/Diseno-sin-titulo-1.jpg","contentUrl":"https:\/\/www.ucaldas.edu.co\/portal\/wp-content\/uploads\/2022\/01\/Diseno-sin-titulo-1.jpg","width":700,"height":400,"caption":"M\u00e9dico Jorge Raad Aljure, recibe reconocimiento como profesor honorario"},{"@type":"BreadcrumbList","@id":"https:\/\/www.ucaldas.edu.co\/portal\/consejo-superior-otorgo-distincion-al-medico-jorge-raad-aljure\/#breadcrumb","itemListElement":[{"@type":"ListItem","position":1,"name":"Portada","item":"https:\/\/www.ucaldas.edu.co\/portal\/"},{"@type":"ListItem","position":2,"name":"Consejo Superior otorg\u00f3 distinci\u00f3n al m\u00e9dico Jorge Raad Aljure"}]},{"@type":"WebSite","@id":"https:\/\/www.ucaldas.edu.co\/portal\/#website","url":"https:\/\/www.ucaldas.edu.co\/portal\/","name":"Universidad de Caldas","description":"","publisher":{"@id":"https:\/\/www.ucaldas.edu.co\/portal\/#organization"},"alternateName":"U. de Caldas","potentialAction":[{"@type":"SearchAction","target":{"@type":"EntryPoint","urlTemplate":"https:\/\/www.ucaldas.edu.co\/portal\/?s={search_term_string}"},"query-input":{"@type":"PropertyValueSpecification","valueRequired":true,"valueName":"search_term_string"}}],"inLanguage":"es"},{"@type":"Organization","@id":"https:\/\/www.ucaldas.edu.co\/portal\/#organization","name":"Universidad de Caldas","alternateName":"U. de Caldas","url":"https:\/\/www.ucaldas.edu.co\/portal\/","logo":{"@type":"ImageObject","inLanguage":"es","@id":"https:\/\/www.ucaldas.edu.co\/portal\/#\/schema\/logo\/image\/","url":"https:\/\/www.ucaldas.edu.co\/portal\/wp-content\/uploads\/2023\/11\/Logo_horizontal_oscuroU-2023.png","contentUrl":"https:\/\/www.ucaldas.edu.co\/portal\/wp-content\/uploads\/2023\/11\/Logo_horizontal_oscuroU-2023.png","width":263,"height":101,"caption":"Universidad de Caldas"},"image":{"@id":"https:\/\/www.ucaldas.edu.co\/portal\/#\/schema\/logo\/image\/"},"sameAs":["https:\/\/www.facebook.com\/udecaldas","https:\/\/x.com\/udecaldas","https:\/\/www.youtube.com\/universidadcaldas","https:\/\/www.instagram.com\/udecaldas\/"]},{"@type":"Person","@id":"https:\/\/www.ucaldas.edu.co\/portal\/#\/schema\/person\/a1b482e23449158b4bc319926c074fdf","name":"ofiprensa","image":{"@type":"ImageObject","inLanguage":"es","@id":"https:\/\/www.ucaldas.edu.co\/portal\/wp-content\/litespeed\/avatar\/09ea5085e600095a7a811142c6944527.jpg?ver=1776892805","url":"https:\/\/www.ucaldas.edu.co\/portal\/wp-content\/litespeed\/avatar\/09ea5085e600095a7a811142c6944527.jpg?ver=1776892805","contentUrl":"https:\/\/www.ucaldas.edu.co\/portal\/wp-content\/litespeed\/avatar\/09ea5085e600095a7a811142c6944527.jpg?ver=1776892805","caption":"ofiprensa"},"url":"https:\/\/www.ucaldas.edu.co\/portal\/author\/ofiprensa\/"}]}},"_links":{"self":[{"href":"https:\/\/www.ucaldas.edu.co\/portal\/wp-json\/wp\/v2\/posts\/67589","targetHints":{"allow":["GET"]}}],"collection":[{"href":"https:\/\/www.ucaldas.edu.co\/portal\/wp-json\/wp\/v2\/posts"}],"about":[{"href":"https:\/\/www.ucaldas.edu.co\/portal\/wp-json\/wp\/v2\/types\/post"}],"author":[{"embeddable":true,"href":"https:\/\/www.ucaldas.edu.co\/portal\/wp-json\/wp\/v2\/users\/2"}],"replies":[{"embeddable":true,"href":"https:\/\/www.ucaldas.edu.co\/portal\/wp-json\/wp\/v2\/comments?post=67589"}],"version-history":[{"count":0,"href":"https:\/\/www.ucaldas.edu.co\/portal\/wp-json\/wp\/v2\/posts\/67589\/revisions"}],"wp:featuredmedia":[{"embeddable":true,"href":"https:\/\/www.ucaldas.edu.co\/portal\/wp-json\/wp\/v2\/media\/67590"}],"wp:attachment":[{"href":"https:\/\/www.ucaldas.edu.co\/portal\/wp-json\/wp\/v2\/media?parent=67589"}],"wp:term":[{"taxonomy":"category","embeddable":true,"href":"https:\/\/www.ucaldas.edu.co\/portal\/wp-json\/wp\/v2\/categories?post=67589"},{"taxonomy":"post_tag","embeddable":true,"href":"https:\/\/www.ucaldas.edu.co\/portal\/wp-json\/wp\/v2\/tags?post=67589"}],"curies":[{"name":"wp","href":"https:\/\/api.w.org\/{rel}","templated":true}]}}