{"id":67555,"date":"2022-01-21T21:26:38","date_gmt":"2022-01-21T21:26:38","guid":{"rendered":"https:\/\/www.ucaldas.edu.co\/portal\/?p=67555"},"modified":"2022-01-21T21:26:38","modified_gmt":"2022-01-21T21:26:38","slug":"inscribase-a-los-programas-ofertados-por-la-universidad-de-caldas-en-riosucio","status":"publish","type":"post","link":"https:\/\/www.ucaldas.edu.co\/portal\/inscribase-a-los-programas-ofertados-por-la-universidad-de-caldas-en-riosucio\/","title":{"rendered":"Inscr\u00edbase a los programas ofertados por la Universidad de Caldas en Riosucio"},"content":{"rendered":"<p><img loading=\"lazy\" decoding=\"async\" class=\"aligncenter wp-image-67556 size-full\" src=\"https:\/\/www.ucaldas.edu.co\/portal\/wp-content\/uploads\/2022\/01\/inscripicones-abiertas-a-los-programas-de-universidad-en-la-region.jpg\" alt=\"Abiertas inscripciones en el Ceres Centro Occidente\" width=\"700\" height=\"400\" srcset=\"https:\/\/www.ucaldas.edu.co\/portal\/wp-content\/uploads\/2022\/01\/inscripicones-abiertas-a-los-programas-de-universidad-en-la-region.jpg 700w, https:\/\/www.ucaldas.edu.co\/portal\/wp-content\/uploads\/2022\/01\/inscripicones-abiertas-a-los-programas-de-universidad-en-la-region-300x171.jpg 300w\" sizes=\"auto, (max-width: 700px) 100vw, 700px\" \/><\/p>\n<p>Hasta este s\u00e1bado 22 de enero se encuentran abiertas las inscripciones a los programas especiales de regi\u00f3n de la Universidad de Caldas en el Centro Regional de Educaci\u00f3n superior (Ceres) Alto Occidente ubicado en el municipio de Riosucio, Caldas.<\/p>\n<p><!--more--><\/p>\n<p>Para esta oportunidad se dictar\u00e1n los siguientes programas:<\/p>\n<ul>\n<li>Administraci\u00f3n de empresas agropecuarias.<\/li>\n<li>Tecnolog\u00eda en procesos de seguridad y salud en el trabajo.<\/li>\n<li>Tecnolog\u00eda en finanzas.<\/li>\n<li>Tecnolog\u00eda en electr\u00f3nica industrial.<\/li>\n<li>Tecnolog\u00eda en producci\u00f3n agroindustrial.<\/li>\n<li>Tecnolog\u00eda en regencia de farmacia.<\/li>\n<li>Tecnolog\u00eda en sistemas inform\u00e1ticos.<\/li>\n<li>Tecnolog\u00eda en gesti\u00f3n agropecuaria.<\/li>\n<li>Tecnolog\u00eda en gesti\u00f3n ambiental.<\/li>\n<li>Tecnolog\u00eda en log\u00edstica.<\/li>\n<\/ul>\n<p>El costo de las inscripciones es de 15 mil pesos. Los admitidos solo cancelar\u00e1n el 50% del valor de la matr\u00edcula, el 50% restante ser\u00e1 cubierto por la Universidad de Caldas por medio de un Fondo de Ampliaci\u00f3n de Cobertura que tiene la Oficina de Educaci\u00f3n a Distancia y Virtualidad.<\/p>\n<p>Por otra parte, hasta el 7 de febrero est\u00e1n abiertas las inscripciones a la Maestr\u00eda en Educaci\u00f3n que se desarrollar\u00e1 en el municipio de Riosucio de manera presencial. El costo de la inscripci\u00f3n es del 35% del salario m\u00ednimo mensual vigente.<\/p>\n<p>M\u00e1s informaci\u00f3n:<\/p>\n<ul>\n<li><a href=\"mailto:ceres.riosucio@ucaldas.edu.co\">riosucio@ucaldas.edu.co<\/a><\/li>\n<li>312 779 7739<\/li>\n<\/ul>\n<p>&nbsp;<\/p>\n<p><strong>Anexo:<\/strong><br \/>\n<strong><a href=\"https:\/\/www.ivoox.com\/luz-adriana-castano-ladino-coordinadora-ceres-alto-audios-mp3_rf_81175191_1.html\" target=\"_blank\" rel=\"noopener\">Audio Coordinadora Ceres Centro -Occidente Luz Adriana Casta\u00f1o Ladino<\/a><br \/>\n<iframe loading=\"lazy\" src=\"https:\/\/co.ivoox.com\/es\/player_ek_81175191_2_1.html?data=mZaemZqVfZKhhpywj5WUaZS1lZmah5yncZKhhpywj5WRaZi3jpWah5ynca3p25CuxtfNpc_VjKjO1dnFaaSnhqee0ZCwpcXdz9SbjZKPh9Dj08nW0MbIs9PVjKjS1MrXb6Lg1dSYj4qbh463wtHRw9iPhcXhjLqah5yncZU.&amp;\" width=\"238\" height=\"48\" frameborder=\"0\" scrolling=\"no\" allowfullscreen=\"allowfullscreen\"><\/iframe><\/strong><\/p>\n<p><strong>\u00a0<\/strong><\/p>\n<p><strong>Informes: <\/strong>Oficina de Comunicaciones y Prensa Universidad de Caldas.<\/p>\n<p><strong>Redacci\u00f3n:<\/strong> Mateo Buritic\u00e1 Giraldo<\/p>\n<p>&nbsp;<\/p>\n","protected":false},"excerpt":{"rendered":"<p>Hasta este s\u00e1bado 22 de enero se encuentran abiertas las inscripciones a los programas especiales de regi\u00f3n de la Universidad de Caldas en el Centro Regional de Educaci\u00f3n superior (Ceres) Alto Occidente ubicado en el municipio de Riosucio, Caldas.<\/p>\n","protected":false},"author":2,"featured_media":67556,"comment_status":"closed","ping_status":"open","sticky":false,"template":"","format":"standard","meta":{"footnotes":""},"categories":[48,53,600],"tags":[],"class_list":["post-67555","post","type-post","status-publish","format-standard","has-post-thumbnail","hentry","category-actualidad","category-universidad-al-dia","category-ucaldas-regional"],"yoast_head":"<!-- This site is optimized with the Yoast SEO plugin v27.4 - https:\/\/yoast.com\/product\/yoast-seo-wordpress\/ -->\n<title>Inscr\u00edbase a los programas ofertados por la Universidad de Caldas en Riosucio .<\/title>\n<meta name=\"robots\" content=\"index, follow, max-snippet:-1, max-image-preview:large, max-video-preview:-1\" \/>\n<link rel=\"canonical\" href=\"https:\/\/www.ucaldas.edu.co\/portal\/inscribase-a-los-programas-ofertados-por-la-universidad-de-caldas-en-riosucio\/\" \/>\n<script type=\"application\/ld+json\" class=\"yoast-schema-graph\">{\"@context\":\"https:\\\/\\\/schema.org\",\"@graph\":[{\"@type\":\"Article\",\"@id\":\"https:\\\/\\\/www.ucaldas.edu.co\\\/portal\\\/inscribase-a-los-programas-ofertados-por-la-universidad-de-caldas-en-riosucio\\\/#article\",\"isPartOf\":{\"@id\":\"https:\\\/\\\/www.ucaldas.edu.co\\\/portal\\\/inscribase-a-los-programas-ofertados-por-la-universidad-de-caldas-en-riosucio\\\/\"},\"author\":{\"name\":\"ofiprensa\",\"@id\":\"https:\\\/\\\/www.ucaldas.edu.co\\\/portal\\\/#\\\/schema\\\/person\\\/a1b482e23449158b4bc319926c074fdf\"},\"headline\":\"Inscr\u00edbase a los programas ofertados por la Universidad de Caldas en Riosucio\",\"datePublished\":\"2022-01-21T21:26:38+00:00\",\"mainEntityOfPage\":{\"@id\":\"https:\\\/\\\/www.ucaldas.edu.co\\\/portal\\\/inscribase-a-los-programas-ofertados-por-la-universidad-de-caldas-en-riosucio\\\/\"},\"wordCount\":254,\"publisher\":{\"@id\":\"https:\\\/\\\/www.ucaldas.edu.co\\\/portal\\\/#organization\"},\"image\":{\"@id\":\"https:\\\/\\\/www.ucaldas.edu.co\\\/portal\\\/inscribase-a-los-programas-ofertados-por-la-universidad-de-caldas-en-riosucio\\\/#primaryimage\"},\"thumbnailUrl\":\"https:\\\/\\\/www.ucaldas.edu.co\\\/portal\\\/wp-content\\\/uploads\\\/2022\\\/01\\\/inscripicones-abiertas-a-los-programas-de-universidad-en-la-region.jpg\",\"articleSection\":[\"Actualidad\",\"Universidad al D\u00eda\",\"UCaldas Regional\"],\"inLanguage\":\"es\"},{\"@type\":\"WebPage\",\"@id\":\"https:\\\/\\\/www.ucaldas.edu.co\\\/portal\\\/inscribase-a-los-programas-ofertados-por-la-universidad-de-caldas-en-riosucio\\\/\",\"url\":\"https:\\\/\\\/www.ucaldas.edu.co\\\/portal\\\/inscribase-a-los-programas-ofertados-por-la-universidad-de-caldas-en-riosucio\\\/\",\"name\":\"Inscr\u00edbase a los programas ofertados por la Universidad de Caldas en Riosucio .\",\"isPartOf\":{\"@id\":\"https:\\\/\\\/www.ucaldas.edu.co\\\/portal\\\/#website\"},\"primaryImageOfPage\":{\"@id\":\"https:\\\/\\\/www.ucaldas.edu.co\\\/portal\\\/inscribase-a-los-programas-ofertados-por-la-universidad-de-caldas-en-riosucio\\\/#primaryimage\"},\"image\":{\"@id\":\"https:\\\/\\\/www.ucaldas.edu.co\\\/portal\\\/inscribase-a-los-programas-ofertados-por-la-universidad-de-caldas-en-riosucio\\\/#primaryimage\"},\"thumbnailUrl\":\"https:\\\/\\\/www.ucaldas.edu.co\\\/portal\\\/wp-content\\\/uploads\\\/2022\\\/01\\\/inscripicones-abiertas-a-los-programas-de-universidad-en-la-region.jpg\",\"datePublished\":\"2022-01-21T21:26:38+00:00\",\"breadcrumb\":{\"@id\":\"https:\\\/\\\/www.ucaldas.edu.co\\\/portal\\\/inscribase-a-los-programas-ofertados-por-la-universidad-de-caldas-en-riosucio\\\/#breadcrumb\"},\"inLanguage\":\"es\",\"potentialAction\":[{\"@type\":\"ReadAction\",\"target\":[\"https:\\\/\\\/www.ucaldas.edu.co\\\/portal\\\/inscribase-a-los-programas-ofertados-por-la-universidad-de-caldas-en-riosucio\\\/\"]}]},{\"@type\":\"ImageObject\",\"inLanguage\":\"es\",\"@id\":\"https:\\\/\\\/www.ucaldas.edu.co\\\/portal\\\/inscribase-a-los-programas-ofertados-por-la-universidad-de-caldas-en-riosucio\\\/#primaryimage\",\"url\":\"https:\\\/\\\/www.ucaldas.edu.co\\\/portal\\\/wp-content\\\/uploads\\\/2022\\\/01\\\/inscripicones-abiertas-a-los-programas-de-universidad-en-la-region.jpg\",\"contentUrl\":\"https:\\\/\\\/www.ucaldas.edu.co\\\/portal\\\/wp-content\\\/uploads\\\/2022\\\/01\\\/inscripicones-abiertas-a-los-programas-de-universidad-en-la-region.jpg\",\"width\":700,\"height\":400,\"caption\":\"Abiertas inscripciones en el Ceres Centro Occidente\"},{\"@type\":\"BreadcrumbList\",\"@id\":\"https:\\\/\\\/www.ucaldas.edu.co\\\/portal\\\/inscribase-a-los-programas-ofertados-por-la-universidad-de-caldas-en-riosucio\\\/#breadcrumb\",\"itemListElement\":[{\"@type\":\"ListItem\",\"position\":1,\"name\":\"Portada\",\"item\":\"https:\\\/\\\/www.ucaldas.edu.co\\\/portal\\\/\"},{\"@type\":\"ListItem\",\"position\":2,\"name\":\"Inscr\u00edbase a los programas ofertados por la Universidad de Caldas en Riosucio\"}]},{\"@type\":\"WebSite\",\"@id\":\"https:\\\/\\\/www.ucaldas.edu.co\\\/portal\\\/#website\",\"url\":\"https:\\\/\\\/www.ucaldas.edu.co\\\/portal\\\/\",\"name\":\"Universidad de Caldas\",\"description\":\"\",\"publisher\":{\"@id\":\"https:\\\/\\\/www.ucaldas.edu.co\\\/portal\\\/#organization\"},\"alternateName\":\"U. de Caldas\",\"potentialAction\":[{\"@type\":\"SearchAction\",\"target\":{\"@type\":\"EntryPoint\",\"urlTemplate\":\"https:\\\/\\\/www.ucaldas.edu.co\\\/portal\\\/?s={search_term_string}\"},\"query-input\":{\"@type\":\"PropertyValueSpecification\",\"valueRequired\":true,\"valueName\":\"search_term_string\"}}],\"inLanguage\":\"es\"},{\"@type\":\"Organization\",\"@id\":\"https:\\\/\\\/www.ucaldas.edu.co\\\/portal\\\/#organization\",\"name\":\"Universidad de Caldas\",\"alternateName\":\"U. de Caldas\",\"url\":\"https:\\\/\\\/www.ucaldas.edu.co\\\/portal\\\/\",\"logo\":{\"@type\":\"ImageObject\",\"inLanguage\":\"es\",\"@id\":\"https:\\\/\\\/www.ucaldas.edu.co\\\/portal\\\/#\\\/schema\\\/logo\\\/image\\\/\",\"url\":\"https:\\\/\\\/www.ucaldas.edu.co\\\/portal\\\/wp-content\\\/uploads\\\/2023\\\/11\\\/Logo_horizontal_oscuroU-2023.png\",\"contentUrl\":\"https:\\\/\\\/www.ucaldas.edu.co\\\/portal\\\/wp-content\\\/uploads\\\/2023\\\/11\\\/Logo_horizontal_oscuroU-2023.png\",\"width\":263,\"height\":101,\"caption\":\"Universidad de Caldas\"},\"image\":{\"@id\":\"https:\\\/\\\/www.ucaldas.edu.co\\\/portal\\\/#\\\/schema\\\/logo\\\/image\\\/\"},\"sameAs\":[\"https:\\\/\\\/www.facebook.com\\\/udecaldas\",\"https:\\\/\\\/x.com\\\/udecaldas\",\"https:\\\/\\\/www.youtube.com\\\/universidadcaldas\",\"https:\\\/\\\/www.instagram.com\\\/udecaldas\\\/\"]},{\"@type\":\"Person\",\"@id\":\"https:\\\/\\\/www.ucaldas.edu.co\\\/portal\\\/#\\\/schema\\\/person\\\/a1b482e23449158b4bc319926c074fdf\",\"name\":\"ofiprensa\",\"image\":{\"@type\":\"ImageObject\",\"inLanguage\":\"es\",\"@id\":\"https:\\\/\\\/www.ucaldas.edu.co\\\/portal\\\/wp-content\\\/litespeed\\\/avatar\\\/09ea5085e600095a7a811142c6944527.jpg?ver=1776892805\",\"url\":\"https:\\\/\\\/www.ucaldas.edu.co\\\/portal\\\/wp-content\\\/litespeed\\\/avatar\\\/09ea5085e600095a7a811142c6944527.jpg?ver=1776892805\",\"contentUrl\":\"https:\\\/\\\/www.ucaldas.edu.co\\\/portal\\\/wp-content\\\/litespeed\\\/avatar\\\/09ea5085e600095a7a811142c6944527.jpg?ver=1776892805\",\"caption\":\"ofiprensa\"},\"url\":\"https:\\\/\\\/www.ucaldas.edu.co\\\/portal\\\/author\\\/ofiprensa\\\/\"}]}<\/script>\n<!-- \/ Yoast SEO plugin. -->","yoast_head_json":{"title":"Inscr\u00edbase a los programas ofertados por la Universidad de Caldas en Riosucio .","robots":{"index":"index","follow":"follow","max-snippet":"max-snippet:-1","max-image-preview":"max-image-preview:large","max-video-preview":"max-video-preview:-1"},"canonical":"https:\/\/www.ucaldas.edu.co\/portal\/inscribase-a-los-programas-ofertados-por-la-universidad-de-caldas-en-riosucio\/","schema":{"@context":"https:\/\/schema.org","@graph":[{"@type":"Article","@id":"https:\/\/www.ucaldas.edu.co\/portal\/inscribase-a-los-programas-ofertados-por-la-universidad-de-caldas-en-riosucio\/#article","isPartOf":{"@id":"https:\/\/www.ucaldas.edu.co\/portal\/inscribase-a-los-programas-ofertados-por-la-universidad-de-caldas-en-riosucio\/"},"author":{"name":"ofiprensa","@id":"https:\/\/www.ucaldas.edu.co\/portal\/#\/schema\/person\/a1b482e23449158b4bc319926c074fdf"},"headline":"Inscr\u00edbase a los programas ofertados por la Universidad de Caldas en Riosucio","datePublished":"2022-01-21T21:26:38+00:00","mainEntityOfPage":{"@id":"https:\/\/www.ucaldas.edu.co\/portal\/inscribase-a-los-programas-ofertados-por-la-universidad-de-caldas-en-riosucio\/"},"wordCount":254,"publisher":{"@id":"https:\/\/www.ucaldas.edu.co\/portal\/#organization"},"image":{"@id":"https:\/\/www.ucaldas.edu.co\/portal\/inscribase-a-los-programas-ofertados-por-la-universidad-de-caldas-en-riosucio\/#primaryimage"},"thumbnailUrl":"https:\/\/www.ucaldas.edu.co\/portal\/wp-content\/uploads\/2022\/01\/inscripicones-abiertas-a-los-programas-de-universidad-en-la-region.jpg","articleSection":["Actualidad","Universidad al D\u00eda","UCaldas Regional"],"inLanguage":"es"},{"@type":"WebPage","@id":"https:\/\/www.ucaldas.edu.co\/portal\/inscribase-a-los-programas-ofertados-por-la-universidad-de-caldas-en-riosucio\/","url":"https:\/\/www.ucaldas.edu.co\/portal\/inscribase-a-los-programas-ofertados-por-la-universidad-de-caldas-en-riosucio\/","name":"Inscr\u00edbase a los programas ofertados por la Universidad de Caldas en Riosucio .","isPartOf":{"@id":"https:\/\/www.ucaldas.edu.co\/portal\/#website"},"primaryImageOfPage":{"@id":"https:\/\/www.ucaldas.edu.co\/portal\/inscribase-a-los-programas-ofertados-por-la-universidad-de-caldas-en-riosucio\/#primaryimage"},"image":{"@id":"https:\/\/www.ucaldas.edu.co\/portal\/inscribase-a-los-programas-ofertados-por-la-universidad-de-caldas-en-riosucio\/#primaryimage"},"thumbnailUrl":"https:\/\/www.ucaldas.edu.co\/portal\/wp-content\/uploads\/2022\/01\/inscripicones-abiertas-a-los-programas-de-universidad-en-la-region.jpg","datePublished":"2022-01-21T21:26:38+00:00","breadcrumb":{"@id":"https:\/\/www.ucaldas.edu.co\/portal\/inscribase-a-los-programas-ofertados-por-la-universidad-de-caldas-en-riosucio\/#breadcrumb"},"inLanguage":"es","potentialAction":[{"@type":"ReadAction","target":["https:\/\/www.ucaldas.edu.co\/portal\/inscribase-a-los-programas-ofertados-por-la-universidad-de-caldas-en-riosucio\/"]}]},{"@type":"ImageObject","inLanguage":"es","@id":"https:\/\/www.ucaldas.edu.co\/portal\/inscribase-a-los-programas-ofertados-por-la-universidad-de-caldas-en-riosucio\/#primaryimage","url":"https:\/\/www.ucaldas.edu.co\/portal\/wp-content\/uploads\/2022\/01\/inscripicones-abiertas-a-los-programas-de-universidad-en-la-region.jpg","contentUrl":"https:\/\/www.ucaldas.edu.co\/portal\/wp-content\/uploads\/2022\/01\/inscripicones-abiertas-a-los-programas-de-universidad-en-la-region.jpg","width":700,"height":400,"caption":"Abiertas inscripciones en el Ceres Centro Occidente"},{"@type":"BreadcrumbList","@id":"https:\/\/www.ucaldas.edu.co\/portal\/inscribase-a-los-programas-ofertados-por-la-universidad-de-caldas-en-riosucio\/#breadcrumb","itemListElement":[{"@type":"ListItem","position":1,"name":"Portada","item":"https:\/\/www.ucaldas.edu.co\/portal\/"},{"@type":"ListItem","position":2,"name":"Inscr\u00edbase a los programas ofertados por la Universidad de Caldas en Riosucio"}]},{"@type":"WebSite","@id":"https:\/\/www.ucaldas.edu.co\/portal\/#website","url":"https:\/\/www.ucaldas.edu.co\/portal\/","name":"Universidad de Caldas","description":"","publisher":{"@id":"https:\/\/www.ucaldas.edu.co\/portal\/#organization"},"alternateName":"U. de Caldas","potentialAction":[{"@type":"SearchAction","target":{"@type":"EntryPoint","urlTemplate":"https:\/\/www.ucaldas.edu.co\/portal\/?s={search_term_string}"},"query-input":{"@type":"PropertyValueSpecification","valueRequired":true,"valueName":"search_term_string"}}],"inLanguage":"es"},{"@type":"Organization","@id":"https:\/\/www.ucaldas.edu.co\/portal\/#organization","name":"Universidad de Caldas","alternateName":"U. de Caldas","url":"https:\/\/www.ucaldas.edu.co\/portal\/","logo":{"@type":"ImageObject","inLanguage":"es","@id":"https:\/\/www.ucaldas.edu.co\/portal\/#\/schema\/logo\/image\/","url":"https:\/\/www.ucaldas.edu.co\/portal\/wp-content\/uploads\/2023\/11\/Logo_horizontal_oscuroU-2023.png","contentUrl":"https:\/\/www.ucaldas.edu.co\/portal\/wp-content\/uploads\/2023\/11\/Logo_horizontal_oscuroU-2023.png","width":263,"height":101,"caption":"Universidad de Caldas"},"image":{"@id":"https:\/\/www.ucaldas.edu.co\/portal\/#\/schema\/logo\/image\/"},"sameAs":["https:\/\/www.facebook.com\/udecaldas","https:\/\/x.com\/udecaldas","https:\/\/www.youtube.com\/universidadcaldas","https:\/\/www.instagram.com\/udecaldas\/"]},{"@type":"Person","@id":"https:\/\/www.ucaldas.edu.co\/portal\/#\/schema\/person\/a1b482e23449158b4bc319926c074fdf","name":"ofiprensa","image":{"@type":"ImageObject","inLanguage":"es","@id":"https:\/\/www.ucaldas.edu.co\/portal\/wp-content\/litespeed\/avatar\/09ea5085e600095a7a811142c6944527.jpg?ver=1776892805","url":"https:\/\/www.ucaldas.edu.co\/portal\/wp-content\/litespeed\/avatar\/09ea5085e600095a7a811142c6944527.jpg?ver=1776892805","contentUrl":"https:\/\/www.ucaldas.edu.co\/portal\/wp-content\/litespeed\/avatar\/09ea5085e600095a7a811142c6944527.jpg?ver=1776892805","caption":"ofiprensa"},"url":"https:\/\/www.ucaldas.edu.co\/portal\/author\/ofiprensa\/"}]}},"_links":{"self":[{"href":"https:\/\/www.ucaldas.edu.co\/portal\/wp-json\/wp\/v2\/posts\/67555","targetHints":{"allow":["GET"]}}],"collection":[{"href":"https:\/\/www.ucaldas.edu.co\/portal\/wp-json\/wp\/v2\/posts"}],"about":[{"href":"https:\/\/www.ucaldas.edu.co\/portal\/wp-json\/wp\/v2\/types\/post"}],"author":[{"embeddable":true,"href":"https:\/\/www.ucaldas.edu.co\/portal\/wp-json\/wp\/v2\/users\/2"}],"replies":[{"embeddable":true,"href":"https:\/\/www.ucaldas.edu.co\/portal\/wp-json\/wp\/v2\/comments?post=67555"}],"version-history":[{"count":0,"href":"https:\/\/www.ucaldas.edu.co\/portal\/wp-json\/wp\/v2\/posts\/67555\/revisions"}],"wp:featuredmedia":[{"embeddable":true,"href":"https:\/\/www.ucaldas.edu.co\/portal\/wp-json\/wp\/v2\/media\/67556"}],"wp:attachment":[{"href":"https:\/\/www.ucaldas.edu.co\/portal\/wp-json\/wp\/v2\/media?parent=67555"}],"wp:term":[{"taxonomy":"category","embeddable":true,"href":"https:\/\/www.ucaldas.edu.co\/portal\/wp-json\/wp\/v2\/categories?post=67555"},{"taxonomy":"post_tag","embeddable":true,"href":"https:\/\/www.ucaldas.edu.co\/portal\/wp-json\/wp\/v2\/tags?post=67555"}],"curies":[{"name":"wp","href":"https:\/\/api.w.org\/{rel}","templated":true}]}}