{"id":67543,"date":"2022-01-20T22:07:58","date_gmt":"2022-01-20T22:07:58","guid":{"rendered":"https:\/\/www.ucaldas.edu.co\/portal\/?p=67543"},"modified":"2022-01-20T22:07:58","modified_gmt":"2022-01-20T22:07:58","slug":"programa-de-becas-para-profesionales-de-la-salud-a-traves-de-telesalud-de-la-universidad-de-caldas","status":"publish","type":"post","link":"https:\/\/www.ucaldas.edu.co\/portal\/programa-de-becas-para-profesionales-de-la-salud-a-traves-de-telesalud-de-la-universidad-de-caldas\/","title":{"rendered":"Programa de becas para profesionales de la salud, a trav\u00e9s de Telesalud de la Universidad de Caldas."},"content":{"rendered":"<p><img loading=\"lazy\" decoding=\"async\" class=\"aligncenter wp-image-67544 size-full\" src=\"https:\/\/www.ucaldas.edu.co\/portal\/wp-content\/uploads\/2022\/01\/Programa-de-becas-ofertadas-por-Telesalud-Colombia.jpg\" alt=\"Programa de becas ofertadas por Telesalud Colombia\" width=\"700\" height=\"400\" srcset=\"https:\/\/www.ucaldas.edu.co\/portal\/wp-content\/uploads\/2022\/01\/Programa-de-becas-ofertadas-por-Telesalud-Colombia.jpg 700w, https:\/\/www.ucaldas.edu.co\/portal\/wp-content\/uploads\/2022\/01\/Programa-de-becas-ofertadas-por-Telesalud-Colombia-300x171.jpg 300w\" sizes=\"auto, (max-width: 700px) 100vw, 700px\" \/><\/p>\n<p>Telesalud Universidad de Caldas lanza un programa de becas parciales y totales para el talento humano en salud del pa\u00eds. El objetivo de esta iniciativa es continuar fortaleciendo el conocimiento de los profesionales y que la poblaci\u00f3n se beneficie con mejores atenciones en salud.\u00a0<!--more--><\/p>\n<p>Seg\u00fan Esteban Granada Aguirre, Director de Telesalud, el programa de becas contempla cursos y diplomados que en su mayor\u00eda son obligatorios o requeridos para poder ejercerla\u00a0\u00a0profesi\u00f3n en Colombia, y con esta iniciativa se pretende continuar fortaleciendo conocimiento y competencias en los profesionales y que la poblaci\u00f3n que atienden sea la m\u00e1s beneficiada.<\/p>\n<p>El Director de Telesalud agreg\u00f3 que el programa de becas es un beneficio econ\u00f3mico para que todos los profesionales\u00a0\u00a0a nivel Colombia puedan acceder a capacitarse con nuestra Universidad de Caldas con m\u00e1s de 77 a\u00f1os de experiencia y acreditada de alta calidad.<\/p>\n<p>Este programa se desarrolla en alianza con la Facultad de Ciencias para la Salud y la Universidad de Caldas\u00a0\u00a0y las personas que deseen acceder a las becas parciales y totales pueden solicitar informaci\u00f3n al 321 760 1951 o al correo: educacionvirtual.telesalud@ucaldas.edu.co<\/p>\n<p>&nbsp;<\/p>\n<p><strong>Anexos:<br \/>\n<\/strong><strong><a href=\"https:\/\/www.ivoox.com\/programa-becas-para-profesionales-salud-audios-mp3_rf_81140563_1.html\">Audio Esteban Granada Aguirre, Director de Telesalud<\/a><br \/>\n<iframe loading=\"lazy\" src=\"https:\/\/co.ivoox.com\/es\/player_ek_81140563_2_1.html?data=mZaelpWZepShhpywj5WVaZS1kZqah5yncZKhhpywj5WRaZi3jpWah5yncbHm0Mzfw9LFb8XZjMfSxcbXb9HV08aY0tfTqsbnytTbw9HJt4zYxpDZw5DXpc3pxYqfpZDFb9XmwpKSmaiRjqa6ppCxp5C0lqbCtKaah5yncZU.&amp;\" width=\"238\" height=\"48\" frameborder=\"0\" scrolling=\"no\" allowfullscreen=\"allowfullscreen\"><\/iframe><\/strong><\/p>\n<p>&nbsp;<\/p>\n<p><strong>Informes:<\/strong> Oficina de Prensa de la Universidad de Caldas<\/p>\n<p><strong>Redacci\u00f3n:<\/strong> Julieth Osorio Torres<\/p>\n<p>&nbsp;<\/p>\n","protected":false},"excerpt":{"rendered":"<p>Telesalud Universidad de Caldas lanza un programa de becas parciales y totales para el talento humano en salud del pa\u00eds. El objetivo de esta iniciativa es continuar fortaleciendo el conocimiento de los profesionales y que la poblaci\u00f3n se beneficie con mejores atenciones en salud.\u00a0<\/p>\n","protected":false},"author":2,"featured_media":67544,"comment_status":"closed","ping_status":"open","sticky":false,"template":"","format":"standard","meta":{"footnotes":""},"categories":[48,53,243],"tags":[153,187,275,350,534,2037],"class_list":["post-67543","post","type-post","status-publish","format-standard","has-post-thumbnail","hentry","category-actualidad","category-universidad-al-dia","category-ucaldas-acreditada","tag-cursos","tag-vicerrectoria-de-proyeccion-universitaria","tag-telesalud","tag-formacion","tag-becas","tag-profesionales"],"yoast_head":"<!-- This site is optimized with the Yoast SEO plugin v27.4 - https:\/\/yoast.com\/product\/yoast-seo-wordpress\/ -->\n<title>Programa de becas para profesionales de la salud, a trav\u00e9s de Telesalud de la Universidad de Caldas. .<\/title>\n<meta name=\"robots\" content=\"index, follow, max-snippet:-1, max-image-preview:large, max-video-preview:-1\" \/>\n<link rel=\"canonical\" href=\"https:\/\/www.ucaldas.edu.co\/portal\/programa-de-becas-para-profesionales-de-la-salud-a-traves-de-telesalud-de-la-universidad-de-caldas\/\" \/>\n<script type=\"application\/ld+json\" class=\"yoast-schema-graph\">{\"@context\":\"https:\\\/\\\/schema.org\",\"@graph\":[{\"@type\":\"Article\",\"@id\":\"https:\\\/\\\/www.ucaldas.edu.co\\\/portal\\\/programa-de-becas-para-profesionales-de-la-salud-a-traves-de-telesalud-de-la-universidad-de-caldas\\\/#article\",\"isPartOf\":{\"@id\":\"https:\\\/\\\/www.ucaldas.edu.co\\\/portal\\\/programa-de-becas-para-profesionales-de-la-salud-a-traves-de-telesalud-de-la-universidad-de-caldas\\\/\"},\"author\":{\"name\":\"ofiprensa\",\"@id\":\"https:\\\/\\\/www.ucaldas.edu.co\\\/portal\\\/#\\\/schema\\\/person\\\/a1b482e23449158b4bc319926c074fdf\"},\"headline\":\"Programa de becas para profesionales de la salud, a trav\u00e9s de Telesalud de la Universidad de Caldas.\",\"datePublished\":\"2022-01-20T22:07:58+00:00\",\"mainEntityOfPage\":{\"@id\":\"https:\\\/\\\/www.ucaldas.edu.co\\\/portal\\\/programa-de-becas-para-profesionales-de-la-salud-a-traves-de-telesalud-de-la-universidad-de-caldas\\\/\"},\"wordCount\":236,\"publisher\":{\"@id\":\"https:\\\/\\\/www.ucaldas.edu.co\\\/portal\\\/#organization\"},\"image\":{\"@id\":\"https:\\\/\\\/www.ucaldas.edu.co\\\/portal\\\/programa-de-becas-para-profesionales-de-la-salud-a-traves-de-telesalud-de-la-universidad-de-caldas\\\/#primaryimage\"},\"thumbnailUrl\":\"https:\\\/\\\/www.ucaldas.edu.co\\\/portal\\\/wp-content\\\/uploads\\\/2022\\\/01\\\/Programa-de-becas-ofertadas-por-Telesalud-Colombia.jpg\",\"keywords\":[\"cursos\",\"vicerrector\u00eda de Proyecci\u00f3n Universitaria\",\"Telesalud\",\"formaci\u00f3n\",\"Becas\",\"profesionales\"],\"articleSection\":[\"Actualidad\",\"Universidad al D\u00eda\",\"Ucaldas Acreditada\"],\"inLanguage\":\"es\"},{\"@type\":\"WebPage\",\"@id\":\"https:\\\/\\\/www.ucaldas.edu.co\\\/portal\\\/programa-de-becas-para-profesionales-de-la-salud-a-traves-de-telesalud-de-la-universidad-de-caldas\\\/\",\"url\":\"https:\\\/\\\/www.ucaldas.edu.co\\\/portal\\\/programa-de-becas-para-profesionales-de-la-salud-a-traves-de-telesalud-de-la-universidad-de-caldas\\\/\",\"name\":\"Programa de becas para profesionales de la salud, a trav\u00e9s de Telesalud de la Universidad de Caldas. .\",\"isPartOf\":{\"@id\":\"https:\\\/\\\/www.ucaldas.edu.co\\\/portal\\\/#website\"},\"primaryImageOfPage\":{\"@id\":\"https:\\\/\\\/www.ucaldas.edu.co\\\/portal\\\/programa-de-becas-para-profesionales-de-la-salud-a-traves-de-telesalud-de-la-universidad-de-caldas\\\/#primaryimage\"},\"image\":{\"@id\":\"https:\\\/\\\/www.ucaldas.edu.co\\\/portal\\\/programa-de-becas-para-profesionales-de-la-salud-a-traves-de-telesalud-de-la-universidad-de-caldas\\\/#primaryimage\"},\"thumbnailUrl\":\"https:\\\/\\\/www.ucaldas.edu.co\\\/portal\\\/wp-content\\\/uploads\\\/2022\\\/01\\\/Programa-de-becas-ofertadas-por-Telesalud-Colombia.jpg\",\"datePublished\":\"2022-01-20T22:07:58+00:00\",\"breadcrumb\":{\"@id\":\"https:\\\/\\\/www.ucaldas.edu.co\\\/portal\\\/programa-de-becas-para-profesionales-de-la-salud-a-traves-de-telesalud-de-la-universidad-de-caldas\\\/#breadcrumb\"},\"inLanguage\":\"es\",\"potentialAction\":[{\"@type\":\"ReadAction\",\"target\":[\"https:\\\/\\\/www.ucaldas.edu.co\\\/portal\\\/programa-de-becas-para-profesionales-de-la-salud-a-traves-de-telesalud-de-la-universidad-de-caldas\\\/\"]}]},{\"@type\":\"ImageObject\",\"inLanguage\":\"es\",\"@id\":\"https:\\\/\\\/www.ucaldas.edu.co\\\/portal\\\/programa-de-becas-para-profesionales-de-la-salud-a-traves-de-telesalud-de-la-universidad-de-caldas\\\/#primaryimage\",\"url\":\"https:\\\/\\\/www.ucaldas.edu.co\\\/portal\\\/wp-content\\\/uploads\\\/2022\\\/01\\\/Programa-de-becas-ofertadas-por-Telesalud-Colombia.jpg\",\"contentUrl\":\"https:\\\/\\\/www.ucaldas.edu.co\\\/portal\\\/wp-content\\\/uploads\\\/2022\\\/01\\\/Programa-de-becas-ofertadas-por-Telesalud-Colombia.jpg\",\"width\":700,\"height\":400,\"caption\":\"Programa de becas ofertadas por Telesalud Colombia\"},{\"@type\":\"BreadcrumbList\",\"@id\":\"https:\\\/\\\/www.ucaldas.edu.co\\\/portal\\\/programa-de-becas-para-profesionales-de-la-salud-a-traves-de-telesalud-de-la-universidad-de-caldas\\\/#breadcrumb\",\"itemListElement\":[{\"@type\":\"ListItem\",\"position\":1,\"name\":\"Portada\",\"item\":\"https:\\\/\\\/www.ucaldas.edu.co\\\/portal\\\/\"},{\"@type\":\"ListItem\",\"position\":2,\"name\":\"Programa de becas para profesionales de la salud, a trav\u00e9s de Telesalud de la Universidad de Caldas.\"}]},{\"@type\":\"WebSite\",\"@id\":\"https:\\\/\\\/www.ucaldas.edu.co\\\/portal\\\/#website\",\"url\":\"https:\\\/\\\/www.ucaldas.edu.co\\\/portal\\\/\",\"name\":\"Universidad de Caldas\",\"description\":\"\",\"publisher\":{\"@id\":\"https:\\\/\\\/www.ucaldas.edu.co\\\/portal\\\/#organization\"},\"alternateName\":\"U. de Caldas\",\"potentialAction\":[{\"@type\":\"SearchAction\",\"target\":{\"@type\":\"EntryPoint\",\"urlTemplate\":\"https:\\\/\\\/www.ucaldas.edu.co\\\/portal\\\/?s={search_term_string}\"},\"query-input\":{\"@type\":\"PropertyValueSpecification\",\"valueRequired\":true,\"valueName\":\"search_term_string\"}}],\"inLanguage\":\"es\"},{\"@type\":\"Organization\",\"@id\":\"https:\\\/\\\/www.ucaldas.edu.co\\\/portal\\\/#organization\",\"name\":\"Universidad de Caldas\",\"alternateName\":\"U. de Caldas\",\"url\":\"https:\\\/\\\/www.ucaldas.edu.co\\\/portal\\\/\",\"logo\":{\"@type\":\"ImageObject\",\"inLanguage\":\"es\",\"@id\":\"https:\\\/\\\/www.ucaldas.edu.co\\\/portal\\\/#\\\/schema\\\/logo\\\/image\\\/\",\"url\":\"https:\\\/\\\/www.ucaldas.edu.co\\\/portal\\\/wp-content\\\/uploads\\\/2023\\\/11\\\/Logo_horizontal_oscuroU-2023.png\",\"contentUrl\":\"https:\\\/\\\/www.ucaldas.edu.co\\\/portal\\\/wp-content\\\/uploads\\\/2023\\\/11\\\/Logo_horizontal_oscuroU-2023.png\",\"width\":263,\"height\":101,\"caption\":\"Universidad de Caldas\"},\"image\":{\"@id\":\"https:\\\/\\\/www.ucaldas.edu.co\\\/portal\\\/#\\\/schema\\\/logo\\\/image\\\/\"},\"sameAs\":[\"https:\\\/\\\/www.facebook.com\\\/udecaldas\",\"https:\\\/\\\/x.com\\\/udecaldas\",\"https:\\\/\\\/www.youtube.com\\\/universidadcaldas\",\"https:\\\/\\\/www.instagram.com\\\/udecaldas\\\/\"]},{\"@type\":\"Person\",\"@id\":\"https:\\\/\\\/www.ucaldas.edu.co\\\/portal\\\/#\\\/schema\\\/person\\\/a1b482e23449158b4bc319926c074fdf\",\"name\":\"ofiprensa\",\"image\":{\"@type\":\"ImageObject\",\"inLanguage\":\"es\",\"@id\":\"https:\\\/\\\/www.ucaldas.edu.co\\\/portal\\\/wp-content\\\/litespeed\\\/avatar\\\/09ea5085e600095a7a811142c6944527.jpg?ver=1776892805\",\"url\":\"https:\\\/\\\/www.ucaldas.edu.co\\\/portal\\\/wp-content\\\/litespeed\\\/avatar\\\/09ea5085e600095a7a811142c6944527.jpg?ver=1776892805\",\"contentUrl\":\"https:\\\/\\\/www.ucaldas.edu.co\\\/portal\\\/wp-content\\\/litespeed\\\/avatar\\\/09ea5085e600095a7a811142c6944527.jpg?ver=1776892805\",\"caption\":\"ofiprensa\"},\"url\":\"https:\\\/\\\/www.ucaldas.edu.co\\\/portal\\\/author\\\/ofiprensa\\\/\"}]}<\/script>\n<!-- \/ Yoast SEO plugin. -->","yoast_head_json":{"title":"Programa de becas para profesionales de la salud, a trav\u00e9s de Telesalud de la Universidad de Caldas. .","robots":{"index":"index","follow":"follow","max-snippet":"max-snippet:-1","max-image-preview":"max-image-preview:large","max-video-preview":"max-video-preview:-1"},"canonical":"https:\/\/www.ucaldas.edu.co\/portal\/programa-de-becas-para-profesionales-de-la-salud-a-traves-de-telesalud-de-la-universidad-de-caldas\/","schema":{"@context":"https:\/\/schema.org","@graph":[{"@type":"Article","@id":"https:\/\/www.ucaldas.edu.co\/portal\/programa-de-becas-para-profesionales-de-la-salud-a-traves-de-telesalud-de-la-universidad-de-caldas\/#article","isPartOf":{"@id":"https:\/\/www.ucaldas.edu.co\/portal\/programa-de-becas-para-profesionales-de-la-salud-a-traves-de-telesalud-de-la-universidad-de-caldas\/"},"author":{"name":"ofiprensa","@id":"https:\/\/www.ucaldas.edu.co\/portal\/#\/schema\/person\/a1b482e23449158b4bc319926c074fdf"},"headline":"Programa de becas para profesionales de la salud, a trav\u00e9s de Telesalud de la Universidad de Caldas.","datePublished":"2022-01-20T22:07:58+00:00","mainEntityOfPage":{"@id":"https:\/\/www.ucaldas.edu.co\/portal\/programa-de-becas-para-profesionales-de-la-salud-a-traves-de-telesalud-de-la-universidad-de-caldas\/"},"wordCount":236,"publisher":{"@id":"https:\/\/www.ucaldas.edu.co\/portal\/#organization"},"image":{"@id":"https:\/\/www.ucaldas.edu.co\/portal\/programa-de-becas-para-profesionales-de-la-salud-a-traves-de-telesalud-de-la-universidad-de-caldas\/#primaryimage"},"thumbnailUrl":"https:\/\/www.ucaldas.edu.co\/portal\/wp-content\/uploads\/2022\/01\/Programa-de-becas-ofertadas-por-Telesalud-Colombia.jpg","keywords":["cursos","vicerrector\u00eda de Proyecci\u00f3n Universitaria","Telesalud","formaci\u00f3n","Becas","profesionales"],"articleSection":["Actualidad","Universidad al D\u00eda","Ucaldas Acreditada"],"inLanguage":"es"},{"@type":"WebPage","@id":"https:\/\/www.ucaldas.edu.co\/portal\/programa-de-becas-para-profesionales-de-la-salud-a-traves-de-telesalud-de-la-universidad-de-caldas\/","url":"https:\/\/www.ucaldas.edu.co\/portal\/programa-de-becas-para-profesionales-de-la-salud-a-traves-de-telesalud-de-la-universidad-de-caldas\/","name":"Programa de becas para profesionales de la salud, a trav\u00e9s de Telesalud de la Universidad de Caldas. .","isPartOf":{"@id":"https:\/\/www.ucaldas.edu.co\/portal\/#website"},"primaryImageOfPage":{"@id":"https:\/\/www.ucaldas.edu.co\/portal\/programa-de-becas-para-profesionales-de-la-salud-a-traves-de-telesalud-de-la-universidad-de-caldas\/#primaryimage"},"image":{"@id":"https:\/\/www.ucaldas.edu.co\/portal\/programa-de-becas-para-profesionales-de-la-salud-a-traves-de-telesalud-de-la-universidad-de-caldas\/#primaryimage"},"thumbnailUrl":"https:\/\/www.ucaldas.edu.co\/portal\/wp-content\/uploads\/2022\/01\/Programa-de-becas-ofertadas-por-Telesalud-Colombia.jpg","datePublished":"2022-01-20T22:07:58+00:00","breadcrumb":{"@id":"https:\/\/www.ucaldas.edu.co\/portal\/programa-de-becas-para-profesionales-de-la-salud-a-traves-de-telesalud-de-la-universidad-de-caldas\/#breadcrumb"},"inLanguage":"es","potentialAction":[{"@type":"ReadAction","target":["https:\/\/www.ucaldas.edu.co\/portal\/programa-de-becas-para-profesionales-de-la-salud-a-traves-de-telesalud-de-la-universidad-de-caldas\/"]}]},{"@type":"ImageObject","inLanguage":"es","@id":"https:\/\/www.ucaldas.edu.co\/portal\/programa-de-becas-para-profesionales-de-la-salud-a-traves-de-telesalud-de-la-universidad-de-caldas\/#primaryimage","url":"https:\/\/www.ucaldas.edu.co\/portal\/wp-content\/uploads\/2022\/01\/Programa-de-becas-ofertadas-por-Telesalud-Colombia.jpg","contentUrl":"https:\/\/www.ucaldas.edu.co\/portal\/wp-content\/uploads\/2022\/01\/Programa-de-becas-ofertadas-por-Telesalud-Colombia.jpg","width":700,"height":400,"caption":"Programa de becas ofertadas por Telesalud Colombia"},{"@type":"BreadcrumbList","@id":"https:\/\/www.ucaldas.edu.co\/portal\/programa-de-becas-para-profesionales-de-la-salud-a-traves-de-telesalud-de-la-universidad-de-caldas\/#breadcrumb","itemListElement":[{"@type":"ListItem","position":1,"name":"Portada","item":"https:\/\/www.ucaldas.edu.co\/portal\/"},{"@type":"ListItem","position":2,"name":"Programa de becas para profesionales de la salud, a trav\u00e9s de Telesalud de la Universidad de Caldas."}]},{"@type":"WebSite","@id":"https:\/\/www.ucaldas.edu.co\/portal\/#website","url":"https:\/\/www.ucaldas.edu.co\/portal\/","name":"Universidad de Caldas","description":"","publisher":{"@id":"https:\/\/www.ucaldas.edu.co\/portal\/#organization"},"alternateName":"U. de Caldas","potentialAction":[{"@type":"SearchAction","target":{"@type":"EntryPoint","urlTemplate":"https:\/\/www.ucaldas.edu.co\/portal\/?s={search_term_string}"},"query-input":{"@type":"PropertyValueSpecification","valueRequired":true,"valueName":"search_term_string"}}],"inLanguage":"es"},{"@type":"Organization","@id":"https:\/\/www.ucaldas.edu.co\/portal\/#organization","name":"Universidad de Caldas","alternateName":"U. de Caldas","url":"https:\/\/www.ucaldas.edu.co\/portal\/","logo":{"@type":"ImageObject","inLanguage":"es","@id":"https:\/\/www.ucaldas.edu.co\/portal\/#\/schema\/logo\/image\/","url":"https:\/\/www.ucaldas.edu.co\/portal\/wp-content\/uploads\/2023\/11\/Logo_horizontal_oscuroU-2023.png","contentUrl":"https:\/\/www.ucaldas.edu.co\/portal\/wp-content\/uploads\/2023\/11\/Logo_horizontal_oscuroU-2023.png","width":263,"height":101,"caption":"Universidad de Caldas"},"image":{"@id":"https:\/\/www.ucaldas.edu.co\/portal\/#\/schema\/logo\/image\/"},"sameAs":["https:\/\/www.facebook.com\/udecaldas","https:\/\/x.com\/udecaldas","https:\/\/www.youtube.com\/universidadcaldas","https:\/\/www.instagram.com\/udecaldas\/"]},{"@type":"Person","@id":"https:\/\/www.ucaldas.edu.co\/portal\/#\/schema\/person\/a1b482e23449158b4bc319926c074fdf","name":"ofiprensa","image":{"@type":"ImageObject","inLanguage":"es","@id":"https:\/\/www.ucaldas.edu.co\/portal\/wp-content\/litespeed\/avatar\/09ea5085e600095a7a811142c6944527.jpg?ver=1776892805","url":"https:\/\/www.ucaldas.edu.co\/portal\/wp-content\/litespeed\/avatar\/09ea5085e600095a7a811142c6944527.jpg?ver=1776892805","contentUrl":"https:\/\/www.ucaldas.edu.co\/portal\/wp-content\/litespeed\/avatar\/09ea5085e600095a7a811142c6944527.jpg?ver=1776892805","caption":"ofiprensa"},"url":"https:\/\/www.ucaldas.edu.co\/portal\/author\/ofiprensa\/"}]}},"_links":{"self":[{"href":"https:\/\/www.ucaldas.edu.co\/portal\/wp-json\/wp\/v2\/posts\/67543","targetHints":{"allow":["GET"]}}],"collection":[{"href":"https:\/\/www.ucaldas.edu.co\/portal\/wp-json\/wp\/v2\/posts"}],"about":[{"href":"https:\/\/www.ucaldas.edu.co\/portal\/wp-json\/wp\/v2\/types\/post"}],"author":[{"embeddable":true,"href":"https:\/\/www.ucaldas.edu.co\/portal\/wp-json\/wp\/v2\/users\/2"}],"replies":[{"embeddable":true,"href":"https:\/\/www.ucaldas.edu.co\/portal\/wp-json\/wp\/v2\/comments?post=67543"}],"version-history":[{"count":0,"href":"https:\/\/www.ucaldas.edu.co\/portal\/wp-json\/wp\/v2\/posts\/67543\/revisions"}],"wp:featuredmedia":[{"embeddable":true,"href":"https:\/\/www.ucaldas.edu.co\/portal\/wp-json\/wp\/v2\/media\/67544"}],"wp:attachment":[{"href":"https:\/\/www.ucaldas.edu.co\/portal\/wp-json\/wp\/v2\/media?parent=67543"}],"wp:term":[{"taxonomy":"category","embeddable":true,"href":"https:\/\/www.ucaldas.edu.co\/portal\/wp-json\/wp\/v2\/categories?post=67543"},{"taxonomy":"post_tag","embeddable":true,"href":"https:\/\/www.ucaldas.edu.co\/portal\/wp-json\/wp\/v2\/tags?post=67543"}],"curies":[{"name":"wp","href":"https:\/\/api.w.org\/{rel}","templated":true}]}}