{"id":67497,"date":"2022-01-18T22:36:28","date_gmt":"2022-01-18T22:36:28","guid":{"rendered":"https:\/\/www.ucaldas.edu.co\/portal\/?p=67497"},"modified":"2022-01-18T22:37:51","modified_gmt":"2022-01-18T22:37:51","slug":"colectivo-artistico-de-la-universidad-de-caldas-presento-la-obra-hombre-flor-en-4-ciudades-de-chil","status":"publish","type":"post","link":"https:\/\/www.ucaldas.edu.co\/portal\/colectivo-artistico-de-la-universidad-de-caldas-presento-la-obra-hombre-flor-en-4-ciudades-de-chil\/","title":{"rendered":"Colectivo art\u00edstico de la Universidad de Caldas present\u00f3 la obra: \u201cHombre Flor\u201d en 4 ciudades de Chile"},"content":{"rendered":"<p>&nbsp;<\/p>\n<p><img loading=\"lazy\" decoding=\"async\" class=\"aligncenter wp-image-67498 size-full\" src=\"https:\/\/www.ucaldas.edu.co\/portal\/wp-content\/uploads\/2022\/01\/Presentacion-obra-de-teatro-en-Chile.jpg\" alt=\"Obra de teatro de la Universidad de Caldas en los tablados de Chile\" width=\"700\" height=\"400\" srcset=\"https:\/\/www.ucaldas.edu.co\/portal\/wp-content\/uploads\/2022\/01\/Presentacion-obra-de-teatro-en-Chile.jpg 700w, https:\/\/www.ucaldas.edu.co\/portal\/wp-content\/uploads\/2022\/01\/Presentacion-obra-de-teatro-en-Chile-300x171.jpg 300w\" sizes=\"auto, (max-width: 700px) 100vw, 700px\" \/><\/p>\n<p>Con \u00e9xito culmin\u00f3 la gira por Chile de la obra de teatro \u201cHombre flor\u201d del colectivo art\u00edstico transdisciplinar Andr\u00f3meda 3.0 de la Universidad de Caldas, la cual estuvo presente en diversos escenarios de ciudades chilenas del 10 al 14 de enero del presente a\u00f1o.<\/p>\n<p><!--more--><\/p>\n<p>Esta \u00a0obra es el resultado del proyecto de investigaci\u00f3n-creaci\u00f3n \u201cAyax, el hombre: Visibilizaci\u00f3n de las violencias basadas en g\u00e9nero experimentadas por los varones\u201d, realizado en colaboraci\u00f3n con la corporaci\u00f3n cultural A Cantaros Danza Teatro El Escondite, con el apoyo de la embajada de los Estados Unidos en Colombia y el Centro Colombo Americano de Manizales.<\/p>\n<p>El docente y director de la obra, Daniel Ariza G\u00f3mez, explic\u00f3 que fue una gira por 4 ciudades del sur de Chile, invitados por la Universidad de la Frontera, que les permiti\u00f3 entrar en contacto con diferentes p\u00fablicos con la obra \u201cHombre flor\u201d, la cual cont\u00f3 con una nutrida asistencia de p\u00fablico, despertando la sensibilidad respecto al tema de la vulnerabilidad masculina.<\/p>\n<p>En esta ocasi\u00f3n, el docente Ariza regres\u00f3 a las tablas representando al personaje principal, puesto que el actor que lo interpreta dio positivo para Covid-19 al momento de ingresar a Chile.<\/p>\n<p>La gira inici\u00f3 el 10 de enero con una presentaci\u00f3n en el Aula Magna de la Universidad de La Frontera en Temuco; el martes 11 de enero la obra hizo presencia en el Centro Cultural de la ciudad de Lautaro; posteriormente viajaron a la ciudad de Gorbea y finalizaron su gira con una presentaci\u00f3n en el Centro Cultural de la ciudad Padre las Casas.<\/p>\n<p>Durante la gira tambi\u00e9n se llev\u00f3 a cabo un conversatorio en modalidad h\u00edbrida denominado \u00abEl hombre como sujeto de cuidado\u00bb, actividad realizada en el auditorio Gabriela Mistral de la Facultad de Ciencias Jur\u00eddicas y Empresariales de la UFRO a cargo de la docente Isabel Hern\u00e1ndez Madrid de la Universidad de Caldas.<\/p>\n<p>&nbsp;<\/p>\n<p><strong>Anexo:<br \/>\n<\/strong><strong><a href=\"https:\/\/www.ivoox.com\/daniel-ariza-gomez-8211-director-obra-8220-hombre-flor-8221-audios-mp3_rf_80999489_1.html\">Audio Daniel Ariza G\u00f3mez. \u2013 Director obra \u201cHombre flor\u201d<\/a><\/strong><\/p>\n<p><iframe loading=\"lazy\" src=\"https:\/\/co.ivoox.com\/es\/player_ek_80999489_2_1.html?data=mZWmm56YfJqhhpywj5WVaZS1kpiah5yncZKhhpywj5WRaZi3jpWah5yncaXVz87SzpCltsruwpC0h6iXaaOnzsrnkJCJdpeZk5illJaVaZS2jKnW1MrHuNDmjNTP1MaPaZOqhpegmpeWdIano63cz8fWcYarpJKww9HIpdSfosnajbqRaZi3jpk.&amp;\" width=\"238\" height=\"48\" frameborder=\"0\" scrolling=\"no\" allowfullscreen=\"allowfullscreen\"><\/iframe><\/p>\n<p><strong>\u00a0<\/strong><\/p>\n<p><strong>Informes: <\/strong>Oficina de Comunicaciones y Prensa Universidad de Caldas.<\/p>\n<p><strong>Redacci\u00f3n:<\/strong> Mateo Buritic\u00e1 Giraldo<\/p>\n","protected":false},"excerpt":{"rendered":"<p>&nbsp; Con \u00e9xito culmin\u00f3 la gira por Chile de la obra de teatro \u201cHombre flor\u201d del colectivo art\u00edstico transdisciplinar Andr\u00f3meda 3.0 de la Universidad de Caldas, la cual estuvo presente en diversos escenarios de ciudades chilenas del 10 al 14 de enero del presente a\u00f1o.<\/p>\n","protected":false},"author":2,"featured_media":67498,"comment_status":"closed","ping_status":"open","sticky":false,"template":"","format":"standard","meta":{"footnotes":""},"categories":[48,53,614],"tags":[3853,7780,7781,7782],"class_list":["post-67497","post","type-post","status-publish","format-standard","has-post-thumbnail","hentry","category-actualidad","category-universidad-al-dia","category-ucaldas-internacional","tag-obra-de-teatro","tag-gira-internacional","tag-colectivo-andromeda-3-0","tag-el-hombre-y-la-flor"],"yoast_head":"<!-- This site is optimized with the Yoast SEO plugin v27.4 - https:\/\/yoast.com\/product\/yoast-seo-wordpress\/ -->\n<title>Colectivo art\u00edstico de la Universidad de Caldas present\u00f3 la obra: \u201cHombre Flor\u201d en 4 ciudades de Chile .<\/title>\n<meta name=\"robots\" content=\"index, follow, max-snippet:-1, max-image-preview:large, max-video-preview:-1\" \/>\n<link rel=\"canonical\" href=\"https:\/\/www.ucaldas.edu.co\/portal\/colectivo-artistico-de-la-universidad-de-caldas-presento-la-obra-hombre-flor-en-4-ciudades-de-chil\/\" \/>\n<script type=\"application\/ld+json\" class=\"yoast-schema-graph\">{\"@context\":\"https:\\\/\\\/schema.org\",\"@graph\":[{\"@type\":\"Article\",\"@id\":\"https:\\\/\\\/www.ucaldas.edu.co\\\/portal\\\/colectivo-artistico-de-la-universidad-de-caldas-presento-la-obra-hombre-flor-en-4-ciudades-de-chil\\\/#article\",\"isPartOf\":{\"@id\":\"https:\\\/\\\/www.ucaldas.edu.co\\\/portal\\\/colectivo-artistico-de-la-universidad-de-caldas-presento-la-obra-hombre-flor-en-4-ciudades-de-chil\\\/\"},\"author\":{\"name\":\"ofiprensa\",\"@id\":\"https:\\\/\\\/www.ucaldas.edu.co\\\/portal\\\/#\\\/schema\\\/person\\\/a1b482e23449158b4bc319926c074fdf\"},\"headline\":\"Colectivo art\u00edstico de la Universidad de Caldas present\u00f3 la obra: \u201cHombre Flor\u201d en 4 ciudades de Chile\",\"datePublished\":\"2022-01-18T22:36:28+00:00\",\"dateModified\":\"2022-01-18T22:37:51+00:00\",\"mainEntityOfPage\":{\"@id\":\"https:\\\/\\\/www.ucaldas.edu.co\\\/portal\\\/colectivo-artistico-de-la-universidad-de-caldas-presento-la-obra-hombre-flor-en-4-ciudades-de-chil\\\/\"},\"wordCount\":363,\"publisher\":{\"@id\":\"https:\\\/\\\/www.ucaldas.edu.co\\\/portal\\\/#organization\"},\"image\":{\"@id\":\"https:\\\/\\\/www.ucaldas.edu.co\\\/portal\\\/colectivo-artistico-de-la-universidad-de-caldas-presento-la-obra-hombre-flor-en-4-ciudades-de-chil\\\/#primaryimage\"},\"thumbnailUrl\":\"https:\\\/\\\/www.ucaldas.edu.co\\\/portal\\\/wp-content\\\/uploads\\\/2022\\\/01\\\/Presentacion-obra-de-teatro-en-Chile.jpg\",\"keywords\":[\"obra de Teatro\",\"gira internacional\",\"colectivo Andr\u00f3meda 3.0\",\"\\\"el hombre y la flor\\\"\"],\"articleSection\":[\"Actualidad\",\"Universidad al D\u00eda\",\"Ucaldas Internacional\"],\"inLanguage\":\"es\"},{\"@type\":\"WebPage\",\"@id\":\"https:\\\/\\\/www.ucaldas.edu.co\\\/portal\\\/colectivo-artistico-de-la-universidad-de-caldas-presento-la-obra-hombre-flor-en-4-ciudades-de-chil\\\/\",\"url\":\"https:\\\/\\\/www.ucaldas.edu.co\\\/portal\\\/colectivo-artistico-de-la-universidad-de-caldas-presento-la-obra-hombre-flor-en-4-ciudades-de-chil\\\/\",\"name\":\"Colectivo art\u00edstico de la Universidad de Caldas present\u00f3 la obra: \u201cHombre Flor\u201d en 4 ciudades de Chile .\",\"isPartOf\":{\"@id\":\"https:\\\/\\\/www.ucaldas.edu.co\\\/portal\\\/#website\"},\"primaryImageOfPage\":{\"@id\":\"https:\\\/\\\/www.ucaldas.edu.co\\\/portal\\\/colectivo-artistico-de-la-universidad-de-caldas-presento-la-obra-hombre-flor-en-4-ciudades-de-chil\\\/#primaryimage\"},\"image\":{\"@id\":\"https:\\\/\\\/www.ucaldas.edu.co\\\/portal\\\/colectivo-artistico-de-la-universidad-de-caldas-presento-la-obra-hombre-flor-en-4-ciudades-de-chil\\\/#primaryimage\"},\"thumbnailUrl\":\"https:\\\/\\\/www.ucaldas.edu.co\\\/portal\\\/wp-content\\\/uploads\\\/2022\\\/01\\\/Presentacion-obra-de-teatro-en-Chile.jpg\",\"datePublished\":\"2022-01-18T22:36:28+00:00\",\"dateModified\":\"2022-01-18T22:37:51+00:00\",\"breadcrumb\":{\"@id\":\"https:\\\/\\\/www.ucaldas.edu.co\\\/portal\\\/colectivo-artistico-de-la-universidad-de-caldas-presento-la-obra-hombre-flor-en-4-ciudades-de-chil\\\/#breadcrumb\"},\"inLanguage\":\"es\",\"potentialAction\":[{\"@type\":\"ReadAction\",\"target\":[\"https:\\\/\\\/www.ucaldas.edu.co\\\/portal\\\/colectivo-artistico-de-la-universidad-de-caldas-presento-la-obra-hombre-flor-en-4-ciudades-de-chil\\\/\"]}]},{\"@type\":\"ImageObject\",\"inLanguage\":\"es\",\"@id\":\"https:\\\/\\\/www.ucaldas.edu.co\\\/portal\\\/colectivo-artistico-de-la-universidad-de-caldas-presento-la-obra-hombre-flor-en-4-ciudades-de-chil\\\/#primaryimage\",\"url\":\"https:\\\/\\\/www.ucaldas.edu.co\\\/portal\\\/wp-content\\\/uploads\\\/2022\\\/01\\\/Presentacion-obra-de-teatro-en-Chile.jpg\",\"contentUrl\":\"https:\\\/\\\/www.ucaldas.edu.co\\\/portal\\\/wp-content\\\/uploads\\\/2022\\\/01\\\/Presentacion-obra-de-teatro-en-Chile.jpg\",\"width\":700,\"height\":400,\"caption\":\"Obra de teatro de la Universidad de Caldas en los tablados de Chile\"},{\"@type\":\"BreadcrumbList\",\"@id\":\"https:\\\/\\\/www.ucaldas.edu.co\\\/portal\\\/colectivo-artistico-de-la-universidad-de-caldas-presento-la-obra-hombre-flor-en-4-ciudades-de-chil\\\/#breadcrumb\",\"itemListElement\":[{\"@type\":\"ListItem\",\"position\":1,\"name\":\"Portada\",\"item\":\"https:\\\/\\\/www.ucaldas.edu.co\\\/portal\\\/\"},{\"@type\":\"ListItem\",\"position\":2,\"name\":\"Colectivo art\u00edstico de la Universidad de Caldas present\u00f3 la obra: \u201cHombre Flor\u201d en 4 ciudades de Chile\"}]},{\"@type\":\"WebSite\",\"@id\":\"https:\\\/\\\/www.ucaldas.edu.co\\\/portal\\\/#website\",\"url\":\"https:\\\/\\\/www.ucaldas.edu.co\\\/portal\\\/\",\"name\":\"Universidad de Caldas\",\"description\":\"\",\"publisher\":{\"@id\":\"https:\\\/\\\/www.ucaldas.edu.co\\\/portal\\\/#organization\"},\"alternateName\":\"U. de Caldas\",\"potentialAction\":[{\"@type\":\"SearchAction\",\"target\":{\"@type\":\"EntryPoint\",\"urlTemplate\":\"https:\\\/\\\/www.ucaldas.edu.co\\\/portal\\\/?s={search_term_string}\"},\"query-input\":{\"@type\":\"PropertyValueSpecification\",\"valueRequired\":true,\"valueName\":\"search_term_string\"}}],\"inLanguage\":\"es\"},{\"@type\":\"Organization\",\"@id\":\"https:\\\/\\\/www.ucaldas.edu.co\\\/portal\\\/#organization\",\"name\":\"Universidad de Caldas\",\"alternateName\":\"U. de Caldas\",\"url\":\"https:\\\/\\\/www.ucaldas.edu.co\\\/portal\\\/\",\"logo\":{\"@type\":\"ImageObject\",\"inLanguage\":\"es\",\"@id\":\"https:\\\/\\\/www.ucaldas.edu.co\\\/portal\\\/#\\\/schema\\\/logo\\\/image\\\/\",\"url\":\"https:\\\/\\\/www.ucaldas.edu.co\\\/portal\\\/wp-content\\\/uploads\\\/2023\\\/11\\\/Logo_horizontal_oscuroU-2023.png\",\"contentUrl\":\"https:\\\/\\\/www.ucaldas.edu.co\\\/portal\\\/wp-content\\\/uploads\\\/2023\\\/11\\\/Logo_horizontal_oscuroU-2023.png\",\"width\":263,\"height\":101,\"caption\":\"Universidad de Caldas\"},\"image\":{\"@id\":\"https:\\\/\\\/www.ucaldas.edu.co\\\/portal\\\/#\\\/schema\\\/logo\\\/image\\\/\"},\"sameAs\":[\"https:\\\/\\\/www.facebook.com\\\/udecaldas\",\"https:\\\/\\\/x.com\\\/udecaldas\",\"https:\\\/\\\/www.youtube.com\\\/universidadcaldas\",\"https:\\\/\\\/www.instagram.com\\\/udecaldas\\\/\"]},{\"@type\":\"Person\",\"@id\":\"https:\\\/\\\/www.ucaldas.edu.co\\\/portal\\\/#\\\/schema\\\/person\\\/a1b482e23449158b4bc319926c074fdf\",\"name\":\"ofiprensa\",\"image\":{\"@type\":\"ImageObject\",\"inLanguage\":\"es\",\"@id\":\"https:\\\/\\\/www.ucaldas.edu.co\\\/portal\\\/wp-content\\\/litespeed\\\/avatar\\\/09ea5085e600095a7a811142c6944527.jpg?ver=1776892805\",\"url\":\"https:\\\/\\\/www.ucaldas.edu.co\\\/portal\\\/wp-content\\\/litespeed\\\/avatar\\\/09ea5085e600095a7a811142c6944527.jpg?ver=1776892805\",\"contentUrl\":\"https:\\\/\\\/www.ucaldas.edu.co\\\/portal\\\/wp-content\\\/litespeed\\\/avatar\\\/09ea5085e600095a7a811142c6944527.jpg?ver=1776892805\",\"caption\":\"ofiprensa\"},\"url\":\"https:\\\/\\\/www.ucaldas.edu.co\\\/portal\\\/author\\\/ofiprensa\\\/\"}]}<\/script>\n<!-- \/ Yoast SEO plugin. -->","yoast_head_json":{"title":"Colectivo art\u00edstico de la Universidad de Caldas present\u00f3 la obra: \u201cHombre Flor\u201d en 4 ciudades de Chile .","robots":{"index":"index","follow":"follow","max-snippet":"max-snippet:-1","max-image-preview":"max-image-preview:large","max-video-preview":"max-video-preview:-1"},"canonical":"https:\/\/www.ucaldas.edu.co\/portal\/colectivo-artistico-de-la-universidad-de-caldas-presento-la-obra-hombre-flor-en-4-ciudades-de-chil\/","schema":{"@context":"https:\/\/schema.org","@graph":[{"@type":"Article","@id":"https:\/\/www.ucaldas.edu.co\/portal\/colectivo-artistico-de-la-universidad-de-caldas-presento-la-obra-hombre-flor-en-4-ciudades-de-chil\/#article","isPartOf":{"@id":"https:\/\/www.ucaldas.edu.co\/portal\/colectivo-artistico-de-la-universidad-de-caldas-presento-la-obra-hombre-flor-en-4-ciudades-de-chil\/"},"author":{"name":"ofiprensa","@id":"https:\/\/www.ucaldas.edu.co\/portal\/#\/schema\/person\/a1b482e23449158b4bc319926c074fdf"},"headline":"Colectivo art\u00edstico de la Universidad de Caldas present\u00f3 la obra: \u201cHombre Flor\u201d en 4 ciudades de Chile","datePublished":"2022-01-18T22:36:28+00:00","dateModified":"2022-01-18T22:37:51+00:00","mainEntityOfPage":{"@id":"https:\/\/www.ucaldas.edu.co\/portal\/colectivo-artistico-de-la-universidad-de-caldas-presento-la-obra-hombre-flor-en-4-ciudades-de-chil\/"},"wordCount":363,"publisher":{"@id":"https:\/\/www.ucaldas.edu.co\/portal\/#organization"},"image":{"@id":"https:\/\/www.ucaldas.edu.co\/portal\/colectivo-artistico-de-la-universidad-de-caldas-presento-la-obra-hombre-flor-en-4-ciudades-de-chil\/#primaryimage"},"thumbnailUrl":"https:\/\/www.ucaldas.edu.co\/portal\/wp-content\/uploads\/2022\/01\/Presentacion-obra-de-teatro-en-Chile.jpg","keywords":["obra de Teatro","gira internacional","colectivo Andr\u00f3meda 3.0","\"el hombre y la flor\""],"articleSection":["Actualidad","Universidad al D\u00eda","Ucaldas Internacional"],"inLanguage":"es"},{"@type":"WebPage","@id":"https:\/\/www.ucaldas.edu.co\/portal\/colectivo-artistico-de-la-universidad-de-caldas-presento-la-obra-hombre-flor-en-4-ciudades-de-chil\/","url":"https:\/\/www.ucaldas.edu.co\/portal\/colectivo-artistico-de-la-universidad-de-caldas-presento-la-obra-hombre-flor-en-4-ciudades-de-chil\/","name":"Colectivo art\u00edstico de la Universidad de Caldas present\u00f3 la obra: \u201cHombre Flor\u201d en 4 ciudades de Chile .","isPartOf":{"@id":"https:\/\/www.ucaldas.edu.co\/portal\/#website"},"primaryImageOfPage":{"@id":"https:\/\/www.ucaldas.edu.co\/portal\/colectivo-artistico-de-la-universidad-de-caldas-presento-la-obra-hombre-flor-en-4-ciudades-de-chil\/#primaryimage"},"image":{"@id":"https:\/\/www.ucaldas.edu.co\/portal\/colectivo-artistico-de-la-universidad-de-caldas-presento-la-obra-hombre-flor-en-4-ciudades-de-chil\/#primaryimage"},"thumbnailUrl":"https:\/\/www.ucaldas.edu.co\/portal\/wp-content\/uploads\/2022\/01\/Presentacion-obra-de-teatro-en-Chile.jpg","datePublished":"2022-01-18T22:36:28+00:00","dateModified":"2022-01-18T22:37:51+00:00","breadcrumb":{"@id":"https:\/\/www.ucaldas.edu.co\/portal\/colectivo-artistico-de-la-universidad-de-caldas-presento-la-obra-hombre-flor-en-4-ciudades-de-chil\/#breadcrumb"},"inLanguage":"es","potentialAction":[{"@type":"ReadAction","target":["https:\/\/www.ucaldas.edu.co\/portal\/colectivo-artistico-de-la-universidad-de-caldas-presento-la-obra-hombre-flor-en-4-ciudades-de-chil\/"]}]},{"@type":"ImageObject","inLanguage":"es","@id":"https:\/\/www.ucaldas.edu.co\/portal\/colectivo-artistico-de-la-universidad-de-caldas-presento-la-obra-hombre-flor-en-4-ciudades-de-chil\/#primaryimage","url":"https:\/\/www.ucaldas.edu.co\/portal\/wp-content\/uploads\/2022\/01\/Presentacion-obra-de-teatro-en-Chile.jpg","contentUrl":"https:\/\/www.ucaldas.edu.co\/portal\/wp-content\/uploads\/2022\/01\/Presentacion-obra-de-teatro-en-Chile.jpg","width":700,"height":400,"caption":"Obra de teatro de la Universidad de Caldas en los tablados de Chile"},{"@type":"BreadcrumbList","@id":"https:\/\/www.ucaldas.edu.co\/portal\/colectivo-artistico-de-la-universidad-de-caldas-presento-la-obra-hombre-flor-en-4-ciudades-de-chil\/#breadcrumb","itemListElement":[{"@type":"ListItem","position":1,"name":"Portada","item":"https:\/\/www.ucaldas.edu.co\/portal\/"},{"@type":"ListItem","position":2,"name":"Colectivo art\u00edstico de la Universidad de Caldas present\u00f3 la obra: \u201cHombre Flor\u201d en 4 ciudades de Chile"}]},{"@type":"WebSite","@id":"https:\/\/www.ucaldas.edu.co\/portal\/#website","url":"https:\/\/www.ucaldas.edu.co\/portal\/","name":"Universidad de Caldas","description":"","publisher":{"@id":"https:\/\/www.ucaldas.edu.co\/portal\/#organization"},"alternateName":"U. de Caldas","potentialAction":[{"@type":"SearchAction","target":{"@type":"EntryPoint","urlTemplate":"https:\/\/www.ucaldas.edu.co\/portal\/?s={search_term_string}"},"query-input":{"@type":"PropertyValueSpecification","valueRequired":true,"valueName":"search_term_string"}}],"inLanguage":"es"},{"@type":"Organization","@id":"https:\/\/www.ucaldas.edu.co\/portal\/#organization","name":"Universidad de Caldas","alternateName":"U. de Caldas","url":"https:\/\/www.ucaldas.edu.co\/portal\/","logo":{"@type":"ImageObject","inLanguage":"es","@id":"https:\/\/www.ucaldas.edu.co\/portal\/#\/schema\/logo\/image\/","url":"https:\/\/www.ucaldas.edu.co\/portal\/wp-content\/uploads\/2023\/11\/Logo_horizontal_oscuroU-2023.png","contentUrl":"https:\/\/www.ucaldas.edu.co\/portal\/wp-content\/uploads\/2023\/11\/Logo_horizontal_oscuroU-2023.png","width":263,"height":101,"caption":"Universidad de Caldas"},"image":{"@id":"https:\/\/www.ucaldas.edu.co\/portal\/#\/schema\/logo\/image\/"},"sameAs":["https:\/\/www.facebook.com\/udecaldas","https:\/\/x.com\/udecaldas","https:\/\/www.youtube.com\/universidadcaldas","https:\/\/www.instagram.com\/udecaldas\/"]},{"@type":"Person","@id":"https:\/\/www.ucaldas.edu.co\/portal\/#\/schema\/person\/a1b482e23449158b4bc319926c074fdf","name":"ofiprensa","image":{"@type":"ImageObject","inLanguage":"es","@id":"https:\/\/www.ucaldas.edu.co\/portal\/wp-content\/litespeed\/avatar\/09ea5085e600095a7a811142c6944527.jpg?ver=1776892805","url":"https:\/\/www.ucaldas.edu.co\/portal\/wp-content\/litespeed\/avatar\/09ea5085e600095a7a811142c6944527.jpg?ver=1776892805","contentUrl":"https:\/\/www.ucaldas.edu.co\/portal\/wp-content\/litespeed\/avatar\/09ea5085e600095a7a811142c6944527.jpg?ver=1776892805","caption":"ofiprensa"},"url":"https:\/\/www.ucaldas.edu.co\/portal\/author\/ofiprensa\/"}]}},"_links":{"self":[{"href":"https:\/\/www.ucaldas.edu.co\/portal\/wp-json\/wp\/v2\/posts\/67497","targetHints":{"allow":["GET"]}}],"collection":[{"href":"https:\/\/www.ucaldas.edu.co\/portal\/wp-json\/wp\/v2\/posts"}],"about":[{"href":"https:\/\/www.ucaldas.edu.co\/portal\/wp-json\/wp\/v2\/types\/post"}],"author":[{"embeddable":true,"href":"https:\/\/www.ucaldas.edu.co\/portal\/wp-json\/wp\/v2\/users\/2"}],"replies":[{"embeddable":true,"href":"https:\/\/www.ucaldas.edu.co\/portal\/wp-json\/wp\/v2\/comments?post=67497"}],"version-history":[{"count":0,"href":"https:\/\/www.ucaldas.edu.co\/portal\/wp-json\/wp\/v2\/posts\/67497\/revisions"}],"wp:featuredmedia":[{"embeddable":true,"href":"https:\/\/www.ucaldas.edu.co\/portal\/wp-json\/wp\/v2\/media\/67498"}],"wp:attachment":[{"href":"https:\/\/www.ucaldas.edu.co\/portal\/wp-json\/wp\/v2\/media?parent=67497"}],"wp:term":[{"taxonomy":"category","embeddable":true,"href":"https:\/\/www.ucaldas.edu.co\/portal\/wp-json\/wp\/v2\/categories?post=67497"},{"taxonomy":"post_tag","embeddable":true,"href":"https:\/\/www.ucaldas.edu.co\/portal\/wp-json\/wp\/v2\/tags?post=67497"}],"curies":[{"name":"wp","href":"https:\/\/api.w.org\/{rel}","templated":true}]}}