{"id":67494,"date":"2022-01-18T22:30:11","date_gmt":"2022-01-18T22:30:11","guid":{"rendered":"https:\/\/www.ucaldas.edu.co\/portal\/?p=67494"},"modified":"2022-01-18T22:30:11","modified_gmt":"2022-01-18T22:30:11","slug":"inscribase-en-mision-tic-2022","status":"publish","type":"post","link":"https:\/\/www.ucaldas.edu.co\/portal\/inscribase-en-mision-tic-2022\/","title":{"rendered":"Inscr\u00edbase en Misi\u00f3n Tic 2022"},"content":{"rendered":"<p>&nbsp;<\/p>\n<p><img loading=\"lazy\" decoding=\"async\" class=\"aligncenter wp-image-67495 size-full\" src=\"https:\/\/www.ucaldas.edu.co\/portal\/wp-content\/uploads\/2022\/01\/Vence-el-plazo-para-inscribirse-en-Mision-Tic-2022.jpg\" alt=\"Vence el plazo para inscribirse en Misi\u00f3n Tic 2022\" width=\"700\" height=\"400\" srcset=\"https:\/\/www.ucaldas.edu.co\/portal\/wp-content\/uploads\/2022\/01\/Vence-el-plazo-para-inscribirse-en-Mision-Tic-2022.jpg 700w, https:\/\/www.ucaldas.edu.co\/portal\/wp-content\/uploads\/2022\/01\/Vence-el-plazo-para-inscribirse-en-Mision-Tic-2022-300x171.jpg 300w\" sizes=\"auto, (max-width: 700px) 100vw, 700px\" \/><\/p>\n<p>&nbsp;<\/p>\n<p>Hasta el pr\u00f3ximo 21 de enero se encuentran abiertas inscripciones para la \u00faltima tripulaci\u00f3n que har\u00e1 parte de Misi\u00f3n TIC 2022, programa del Ministerio TIC que busca capacitar a 50 mil colombianos en programaci\u00f3n con el prop\u00f3sito de cerrar las brechas digitales en el pa\u00eds.<\/p>\n<p><!--more--><\/p>\n<p>Misi\u00f3n TIC 2022 es un programa de alto impacto tanto en transformaci\u00f3n digital como en empleabilidad, pues cuenta con el acompa\u00f1amiento de la plataforma de Interacpedia, para conectar ese nuevo talento TIC colombiano con diversas empresas que lo necesitan.<\/p>\n<p>Para inscribirse, los aspirantes deber\u00e1n brindar sus datos personales, escoger la ruta que desean tomar en el programa, e inscribirse en los sitios web que la plataforma les brinda. Posterior a ellos, los inscritos deben realizar una prueba para la que se podr\u00e1n preparar por medio de la sala de entrenamiento y as\u00ed poner a prueba sus conocimientos.<\/p>\n<ul>\n<li>Ruta 1: Dirigida a j\u00f3venes estudiantes de establecimientos educativos oficiales y privados de grados 10 y 11 que cuenten con conocimientos b\u00e1sicos en temas TI.<\/li>\n<li>Ruta 2: \u200b\u200bDirigida a colombianos mayores de 15 a\u00f1os, bachilleres, interesado en aprender a programar y que cuente con la disponibilidad de tiempo para desarrollar el proceso de formaci\u00f3n en su totalidad.<\/li>\n<\/ul>\n<p>La validaci\u00f3n\u00a0 de requisitos ser\u00e1 entre el 24 y el 31 de enero, la publicaci\u00f3n de los convocados a pruebas ser\u00e1 el 1 de febrero a trav\u00e9s del correo electr\u00f3nico inscrito, las pruebas de conocimiento se realizar\u00e1n entre el 11 y el 13 de febrero y la publicaci\u00f3n de resultados finales el 18 de febrero.<\/p>\n<p>Se tiene proyectado comenzar con el proceso de formaci\u00f3n a partir del 18 de abril de 2022.<\/p>\n<p>&nbsp;<\/p>\n<p><strong><a href=\"https:\/\/www.misiontic2022.gov.co\/portal\/?fbclid=IwAR2mKC7bOCx6E_0J88wQ-EsdSy77fgv2mXDPRUCZpWlWwRKWx2ucI4S9FwY\">Inscripciones.<\/a><\/strong><\/p>\n<p><strong>\u00a0<\/strong><\/p>\n<p><strong>Informes: <\/strong>Oficina de Comunicaciones y Prensa Universidad de Caldas.<\/p>\n<p><strong>Redacci\u00f3n:<\/strong> Mateo Buritic\u00e1 Giraldo<\/p>\n<p>&nbsp;<\/p>\n","protected":false},"excerpt":{"rendered":"<p>&nbsp; &nbsp; Hasta el pr\u00f3ximo 21 de enero se encuentran abiertas inscripciones para la \u00faltima tripulaci\u00f3n que har\u00e1 parte de Misi\u00f3n TIC 2022, programa del Ministerio TIC que busca capacitar a 50 mil colombianos en programaci\u00f3n con el prop\u00f3sito de cerrar las brechas digitales en el pa\u00eds.<\/p>\n","protected":false},"author":2,"featured_media":67495,"comment_status":"closed","ping_status":"open","sticky":false,"template":"","format":"standard","meta":{"footnotes":""},"categories":[53,48],"tags":[3726,5142,7779,187],"class_list":["post-67494","post","type-post","status-publish","format-standard","has-post-thumbnail","hentry","category-universidad-al-dia","category-actualidad","tag-inscripciones-abiertas","tag-mision-tic-2022","tag-estudios-en-programacion","tag-vicerrectoria-de-proyeccion-universitaria"],"yoast_head":"<!-- This site is optimized with the Yoast SEO plugin v27.4 - https:\/\/yoast.com\/product\/yoast-seo-wordpress\/ -->\n<title>Inscr\u00edbase en Misi\u00f3n Tic 2022 .<\/title>\n<meta name=\"robots\" content=\"index, follow, max-snippet:-1, max-image-preview:large, max-video-preview:-1\" \/>\n<link rel=\"canonical\" href=\"https:\/\/www.ucaldas.edu.co\/portal\/inscribase-en-mision-tic-2022\/\" \/>\n<script type=\"application\/ld+json\" class=\"yoast-schema-graph\">{\"@context\":\"https:\\\/\\\/schema.org\",\"@graph\":[{\"@type\":\"Article\",\"@id\":\"https:\\\/\\\/www.ucaldas.edu.co\\\/portal\\\/inscribase-en-mision-tic-2022\\\/#article\",\"isPartOf\":{\"@id\":\"https:\\\/\\\/www.ucaldas.edu.co\\\/portal\\\/inscribase-en-mision-tic-2022\\\/\"},\"author\":{\"name\":\"ofiprensa\",\"@id\":\"https:\\\/\\\/www.ucaldas.edu.co\\\/portal\\\/#\\\/schema\\\/person\\\/a1b482e23449158b4bc319926c074fdf\"},\"headline\":\"Inscr\u00edbase en Misi\u00f3n Tic 2022\",\"datePublished\":\"2022-01-18T22:30:11+00:00\",\"mainEntityOfPage\":{\"@id\":\"https:\\\/\\\/www.ucaldas.edu.co\\\/portal\\\/inscribase-en-mision-tic-2022\\\/\"},\"wordCount\":301,\"publisher\":{\"@id\":\"https:\\\/\\\/www.ucaldas.edu.co\\\/portal\\\/#organization\"},\"image\":{\"@id\":\"https:\\\/\\\/www.ucaldas.edu.co\\\/portal\\\/inscribase-en-mision-tic-2022\\\/#primaryimage\"},\"thumbnailUrl\":\"https:\\\/\\\/www.ucaldas.edu.co\\\/portal\\\/wp-content\\\/uploads\\\/2022\\\/01\\\/Vence-el-plazo-para-inscribirse-en-Mision-Tic-2022.jpg\",\"keywords\":[\"inscripciones abiertas\",\"misi\u00f3n tic 2022\",\"estudios en programaci\u00f3n\",\"vicerrector\u00eda de Proyecci\u00f3n Universitaria\"],\"articleSection\":[\"Universidad al D\u00eda\",\"Actualidad\"],\"inLanguage\":\"es\"},{\"@type\":\"WebPage\",\"@id\":\"https:\\\/\\\/www.ucaldas.edu.co\\\/portal\\\/inscribase-en-mision-tic-2022\\\/\",\"url\":\"https:\\\/\\\/www.ucaldas.edu.co\\\/portal\\\/inscribase-en-mision-tic-2022\\\/\",\"name\":\"Inscr\u00edbase en Misi\u00f3n Tic 2022 .\",\"isPartOf\":{\"@id\":\"https:\\\/\\\/www.ucaldas.edu.co\\\/portal\\\/#website\"},\"primaryImageOfPage\":{\"@id\":\"https:\\\/\\\/www.ucaldas.edu.co\\\/portal\\\/inscribase-en-mision-tic-2022\\\/#primaryimage\"},\"image\":{\"@id\":\"https:\\\/\\\/www.ucaldas.edu.co\\\/portal\\\/inscribase-en-mision-tic-2022\\\/#primaryimage\"},\"thumbnailUrl\":\"https:\\\/\\\/www.ucaldas.edu.co\\\/portal\\\/wp-content\\\/uploads\\\/2022\\\/01\\\/Vence-el-plazo-para-inscribirse-en-Mision-Tic-2022.jpg\",\"datePublished\":\"2022-01-18T22:30:11+00:00\",\"breadcrumb\":{\"@id\":\"https:\\\/\\\/www.ucaldas.edu.co\\\/portal\\\/inscribase-en-mision-tic-2022\\\/#breadcrumb\"},\"inLanguage\":\"es\",\"potentialAction\":[{\"@type\":\"ReadAction\",\"target\":[\"https:\\\/\\\/www.ucaldas.edu.co\\\/portal\\\/inscribase-en-mision-tic-2022\\\/\"]}]},{\"@type\":\"ImageObject\",\"inLanguage\":\"es\",\"@id\":\"https:\\\/\\\/www.ucaldas.edu.co\\\/portal\\\/inscribase-en-mision-tic-2022\\\/#primaryimage\",\"url\":\"https:\\\/\\\/www.ucaldas.edu.co\\\/portal\\\/wp-content\\\/uploads\\\/2022\\\/01\\\/Vence-el-plazo-para-inscribirse-en-Mision-Tic-2022.jpg\",\"contentUrl\":\"https:\\\/\\\/www.ucaldas.edu.co\\\/portal\\\/wp-content\\\/uploads\\\/2022\\\/01\\\/Vence-el-plazo-para-inscribirse-en-Mision-Tic-2022.jpg\",\"width\":700,\"height\":400},{\"@type\":\"BreadcrumbList\",\"@id\":\"https:\\\/\\\/www.ucaldas.edu.co\\\/portal\\\/inscribase-en-mision-tic-2022\\\/#breadcrumb\",\"itemListElement\":[{\"@type\":\"ListItem\",\"position\":1,\"name\":\"Portada\",\"item\":\"https:\\\/\\\/www.ucaldas.edu.co\\\/portal\\\/\"},{\"@type\":\"ListItem\",\"position\":2,\"name\":\"Inscr\u00edbase en Misi\u00f3n Tic 2022\"}]},{\"@type\":\"WebSite\",\"@id\":\"https:\\\/\\\/www.ucaldas.edu.co\\\/portal\\\/#website\",\"url\":\"https:\\\/\\\/www.ucaldas.edu.co\\\/portal\\\/\",\"name\":\"Universidad de Caldas\",\"description\":\"\",\"publisher\":{\"@id\":\"https:\\\/\\\/www.ucaldas.edu.co\\\/portal\\\/#organization\"},\"alternateName\":\"U. de Caldas\",\"potentialAction\":[{\"@type\":\"SearchAction\",\"target\":{\"@type\":\"EntryPoint\",\"urlTemplate\":\"https:\\\/\\\/www.ucaldas.edu.co\\\/portal\\\/?s={search_term_string}\"},\"query-input\":{\"@type\":\"PropertyValueSpecification\",\"valueRequired\":true,\"valueName\":\"search_term_string\"}}],\"inLanguage\":\"es\"},{\"@type\":\"Organization\",\"@id\":\"https:\\\/\\\/www.ucaldas.edu.co\\\/portal\\\/#organization\",\"name\":\"Universidad de Caldas\",\"alternateName\":\"U. de Caldas\",\"url\":\"https:\\\/\\\/www.ucaldas.edu.co\\\/portal\\\/\",\"logo\":{\"@type\":\"ImageObject\",\"inLanguage\":\"es\",\"@id\":\"https:\\\/\\\/www.ucaldas.edu.co\\\/portal\\\/#\\\/schema\\\/logo\\\/image\\\/\",\"url\":\"https:\\\/\\\/www.ucaldas.edu.co\\\/portal\\\/wp-content\\\/uploads\\\/2023\\\/11\\\/Logo_horizontal_oscuroU-2023.png\",\"contentUrl\":\"https:\\\/\\\/www.ucaldas.edu.co\\\/portal\\\/wp-content\\\/uploads\\\/2023\\\/11\\\/Logo_horizontal_oscuroU-2023.png\",\"width\":263,\"height\":101,\"caption\":\"Universidad de Caldas\"},\"image\":{\"@id\":\"https:\\\/\\\/www.ucaldas.edu.co\\\/portal\\\/#\\\/schema\\\/logo\\\/image\\\/\"},\"sameAs\":[\"https:\\\/\\\/www.facebook.com\\\/udecaldas\",\"https:\\\/\\\/x.com\\\/udecaldas\",\"https:\\\/\\\/www.youtube.com\\\/universidadcaldas\",\"https:\\\/\\\/www.instagram.com\\\/udecaldas\\\/\"]},{\"@type\":\"Person\",\"@id\":\"https:\\\/\\\/www.ucaldas.edu.co\\\/portal\\\/#\\\/schema\\\/person\\\/a1b482e23449158b4bc319926c074fdf\",\"name\":\"ofiprensa\",\"image\":{\"@type\":\"ImageObject\",\"inLanguage\":\"es\",\"@id\":\"https:\\\/\\\/www.ucaldas.edu.co\\\/portal\\\/wp-content\\\/litespeed\\\/avatar\\\/09ea5085e600095a7a811142c6944527.jpg?ver=1776892805\",\"url\":\"https:\\\/\\\/www.ucaldas.edu.co\\\/portal\\\/wp-content\\\/litespeed\\\/avatar\\\/09ea5085e600095a7a811142c6944527.jpg?ver=1776892805\",\"contentUrl\":\"https:\\\/\\\/www.ucaldas.edu.co\\\/portal\\\/wp-content\\\/litespeed\\\/avatar\\\/09ea5085e600095a7a811142c6944527.jpg?ver=1776892805\",\"caption\":\"ofiprensa\"},\"url\":\"https:\\\/\\\/www.ucaldas.edu.co\\\/portal\\\/author\\\/ofiprensa\\\/\"}]}<\/script>\n<!-- \/ Yoast SEO plugin. -->","yoast_head_json":{"title":"Inscr\u00edbase en Misi\u00f3n Tic 2022 .","robots":{"index":"index","follow":"follow","max-snippet":"max-snippet:-1","max-image-preview":"max-image-preview:large","max-video-preview":"max-video-preview:-1"},"canonical":"https:\/\/www.ucaldas.edu.co\/portal\/inscribase-en-mision-tic-2022\/","schema":{"@context":"https:\/\/schema.org","@graph":[{"@type":"Article","@id":"https:\/\/www.ucaldas.edu.co\/portal\/inscribase-en-mision-tic-2022\/#article","isPartOf":{"@id":"https:\/\/www.ucaldas.edu.co\/portal\/inscribase-en-mision-tic-2022\/"},"author":{"name":"ofiprensa","@id":"https:\/\/www.ucaldas.edu.co\/portal\/#\/schema\/person\/a1b482e23449158b4bc319926c074fdf"},"headline":"Inscr\u00edbase en Misi\u00f3n Tic 2022","datePublished":"2022-01-18T22:30:11+00:00","mainEntityOfPage":{"@id":"https:\/\/www.ucaldas.edu.co\/portal\/inscribase-en-mision-tic-2022\/"},"wordCount":301,"publisher":{"@id":"https:\/\/www.ucaldas.edu.co\/portal\/#organization"},"image":{"@id":"https:\/\/www.ucaldas.edu.co\/portal\/inscribase-en-mision-tic-2022\/#primaryimage"},"thumbnailUrl":"https:\/\/www.ucaldas.edu.co\/portal\/wp-content\/uploads\/2022\/01\/Vence-el-plazo-para-inscribirse-en-Mision-Tic-2022.jpg","keywords":["inscripciones abiertas","misi\u00f3n tic 2022","estudios en programaci\u00f3n","vicerrector\u00eda de Proyecci\u00f3n Universitaria"],"articleSection":["Universidad al D\u00eda","Actualidad"],"inLanguage":"es"},{"@type":"WebPage","@id":"https:\/\/www.ucaldas.edu.co\/portal\/inscribase-en-mision-tic-2022\/","url":"https:\/\/www.ucaldas.edu.co\/portal\/inscribase-en-mision-tic-2022\/","name":"Inscr\u00edbase en Misi\u00f3n Tic 2022 .","isPartOf":{"@id":"https:\/\/www.ucaldas.edu.co\/portal\/#website"},"primaryImageOfPage":{"@id":"https:\/\/www.ucaldas.edu.co\/portal\/inscribase-en-mision-tic-2022\/#primaryimage"},"image":{"@id":"https:\/\/www.ucaldas.edu.co\/portal\/inscribase-en-mision-tic-2022\/#primaryimage"},"thumbnailUrl":"https:\/\/www.ucaldas.edu.co\/portal\/wp-content\/uploads\/2022\/01\/Vence-el-plazo-para-inscribirse-en-Mision-Tic-2022.jpg","datePublished":"2022-01-18T22:30:11+00:00","breadcrumb":{"@id":"https:\/\/www.ucaldas.edu.co\/portal\/inscribase-en-mision-tic-2022\/#breadcrumb"},"inLanguage":"es","potentialAction":[{"@type":"ReadAction","target":["https:\/\/www.ucaldas.edu.co\/portal\/inscribase-en-mision-tic-2022\/"]}]},{"@type":"ImageObject","inLanguage":"es","@id":"https:\/\/www.ucaldas.edu.co\/portal\/inscribase-en-mision-tic-2022\/#primaryimage","url":"https:\/\/www.ucaldas.edu.co\/portal\/wp-content\/uploads\/2022\/01\/Vence-el-plazo-para-inscribirse-en-Mision-Tic-2022.jpg","contentUrl":"https:\/\/www.ucaldas.edu.co\/portal\/wp-content\/uploads\/2022\/01\/Vence-el-plazo-para-inscribirse-en-Mision-Tic-2022.jpg","width":700,"height":400},{"@type":"BreadcrumbList","@id":"https:\/\/www.ucaldas.edu.co\/portal\/inscribase-en-mision-tic-2022\/#breadcrumb","itemListElement":[{"@type":"ListItem","position":1,"name":"Portada","item":"https:\/\/www.ucaldas.edu.co\/portal\/"},{"@type":"ListItem","position":2,"name":"Inscr\u00edbase en Misi\u00f3n Tic 2022"}]},{"@type":"WebSite","@id":"https:\/\/www.ucaldas.edu.co\/portal\/#website","url":"https:\/\/www.ucaldas.edu.co\/portal\/","name":"Universidad de Caldas","description":"","publisher":{"@id":"https:\/\/www.ucaldas.edu.co\/portal\/#organization"},"alternateName":"U. de Caldas","potentialAction":[{"@type":"SearchAction","target":{"@type":"EntryPoint","urlTemplate":"https:\/\/www.ucaldas.edu.co\/portal\/?s={search_term_string}"},"query-input":{"@type":"PropertyValueSpecification","valueRequired":true,"valueName":"search_term_string"}}],"inLanguage":"es"},{"@type":"Organization","@id":"https:\/\/www.ucaldas.edu.co\/portal\/#organization","name":"Universidad de Caldas","alternateName":"U. de Caldas","url":"https:\/\/www.ucaldas.edu.co\/portal\/","logo":{"@type":"ImageObject","inLanguage":"es","@id":"https:\/\/www.ucaldas.edu.co\/portal\/#\/schema\/logo\/image\/","url":"https:\/\/www.ucaldas.edu.co\/portal\/wp-content\/uploads\/2023\/11\/Logo_horizontal_oscuroU-2023.png","contentUrl":"https:\/\/www.ucaldas.edu.co\/portal\/wp-content\/uploads\/2023\/11\/Logo_horizontal_oscuroU-2023.png","width":263,"height":101,"caption":"Universidad de Caldas"},"image":{"@id":"https:\/\/www.ucaldas.edu.co\/portal\/#\/schema\/logo\/image\/"},"sameAs":["https:\/\/www.facebook.com\/udecaldas","https:\/\/x.com\/udecaldas","https:\/\/www.youtube.com\/universidadcaldas","https:\/\/www.instagram.com\/udecaldas\/"]},{"@type":"Person","@id":"https:\/\/www.ucaldas.edu.co\/portal\/#\/schema\/person\/a1b482e23449158b4bc319926c074fdf","name":"ofiprensa","image":{"@type":"ImageObject","inLanguage":"es","@id":"https:\/\/www.ucaldas.edu.co\/portal\/wp-content\/litespeed\/avatar\/09ea5085e600095a7a811142c6944527.jpg?ver=1776892805","url":"https:\/\/www.ucaldas.edu.co\/portal\/wp-content\/litespeed\/avatar\/09ea5085e600095a7a811142c6944527.jpg?ver=1776892805","contentUrl":"https:\/\/www.ucaldas.edu.co\/portal\/wp-content\/litespeed\/avatar\/09ea5085e600095a7a811142c6944527.jpg?ver=1776892805","caption":"ofiprensa"},"url":"https:\/\/www.ucaldas.edu.co\/portal\/author\/ofiprensa\/"}]}},"_links":{"self":[{"href":"https:\/\/www.ucaldas.edu.co\/portal\/wp-json\/wp\/v2\/posts\/67494","targetHints":{"allow":["GET"]}}],"collection":[{"href":"https:\/\/www.ucaldas.edu.co\/portal\/wp-json\/wp\/v2\/posts"}],"about":[{"href":"https:\/\/www.ucaldas.edu.co\/portal\/wp-json\/wp\/v2\/types\/post"}],"author":[{"embeddable":true,"href":"https:\/\/www.ucaldas.edu.co\/portal\/wp-json\/wp\/v2\/users\/2"}],"replies":[{"embeddable":true,"href":"https:\/\/www.ucaldas.edu.co\/portal\/wp-json\/wp\/v2\/comments?post=67494"}],"version-history":[{"count":0,"href":"https:\/\/www.ucaldas.edu.co\/portal\/wp-json\/wp\/v2\/posts\/67494\/revisions"}],"wp:featuredmedia":[{"embeddable":true,"href":"https:\/\/www.ucaldas.edu.co\/portal\/wp-json\/wp\/v2\/media\/67495"}],"wp:attachment":[{"href":"https:\/\/www.ucaldas.edu.co\/portal\/wp-json\/wp\/v2\/media?parent=67494"}],"wp:term":[{"taxonomy":"category","embeddable":true,"href":"https:\/\/www.ucaldas.edu.co\/portal\/wp-json\/wp\/v2\/categories?post=67494"},{"taxonomy":"post_tag","embeddable":true,"href":"https:\/\/www.ucaldas.edu.co\/portal\/wp-json\/wp\/v2\/tags?post=67494"}],"curies":[{"name":"wp","href":"https:\/\/api.w.org\/{rel}","templated":true}]}}