{"id":67474,"date":"2022-01-17T23:28:29","date_gmt":"2022-01-17T23:28:29","guid":{"rendered":"https:\/\/www.ucaldas.edu.co\/portal\/?p=67474"},"modified":"2022-01-17T23:28:29","modified_gmt":"2022-01-17T23:28:29","slug":"valoracion-gratuita-de-la-condicion-y-estado-de-salud-de-los-pulmones","status":"publish","type":"post","link":"https:\/\/www.ucaldas.edu.co\/portal\/valoracion-gratuita-de-la-condicion-y-estado-de-salud-de-los-pulmones\/","title":{"rendered":"Valoraci\u00f3n gratuita de la condici\u00f3n y estado de salud de los pulmones"},"content":{"rendered":"<p><img loading=\"lazy\" decoding=\"async\" class=\"aligncenter wp-image-67475 size-full\" src=\"https:\/\/www.ucaldas.edu.co\/portal\/wp-content\/uploads\/2022\/01\/estudio-de-valoracion-de-la-funcion-pulmomar-en-mayores-de-50-anos.jpg\" alt=\"Estudio de valoraci\u00f3n pulmonar para mayores de 50 a\u00f1os\" width=\"700\" height=\"400\" srcset=\"https:\/\/www.ucaldas.edu.co\/portal\/wp-content\/uploads\/2022\/01\/estudio-de-valoracion-de-la-funcion-pulmomar-en-mayores-de-50-anos.jpg 700w, https:\/\/www.ucaldas.edu.co\/portal\/wp-content\/uploads\/2022\/01\/estudio-de-valoracion-de-la-funcion-pulmomar-en-mayores-de-50-anos-300x171.jpg 300w\" sizes=\"auto, (max-width: 700px) 100vw, 700px\" \/><\/p>\n<p>&nbsp;<\/p>\n<p>El departamento de Ciencias B\u00e1sicas de la Facultad de Ciencias para la Salud, adelante un proceso de valoraci\u00f3n gratuita de la condici\u00f3n y estado de salud de los pulmones en personas mayores de 50 a\u00f1os.<\/p>\n<p><!--more--><\/p>\n<p>Esta invitaci\u00f3n hace parte del proyecto de investigaci\u00f3n \u201cFunci\u00f3n pulmonar, composici\u00f3n corporal y funci\u00f3n muscular de pacientes con Enfermedad Pulmonar Obstructiva Cr\u00f3nica (EPOC)\u201d que se realiza desde el departamento.<\/p>\n<p>Con este estudio y sus resultados se busca conocer la funci\u00f3n pulmonar, composici\u00f3n corporal y funci\u00f3n muscular de personas con Enfermedad Pulmonar Obstructiva Cr\u00f3nica (EPOC) que tengan caracter\u00edsticas como fumadores, exfumadores, personas con exposici\u00f3n a humo de le\u00f1a, petr\u00f3leo, carb\u00f3n o sustancias toxicas.<\/p>\n<p>Los participantes recibir\u00e1n un reporte completo que les permitir\u00e1 conocer su estado de salud actual, funci\u00f3n muscular, composici\u00f3n corporal y funci\u00f3n muscular; adem\u00e1s recibir algunas recomendaciones sobre h\u00e1bitos de vida saludable.<\/p>\n<p>En el procedimiento se evaluar\u00e1:<\/p>\n<ul>\n<li>Funci\u00f3n pulmonar.<\/li>\n<li>Peso<\/li>\n<li>Talla<\/li>\n<li>\u00cdndice de masa.<\/li>\n<li>Porcentaje de grasa.<\/li>\n<li>Masa muscular.<\/li>\n<li>Fuerza muscular.<\/li>\n<\/ul>\n<p>Para agendar su cita, puede hacerlo a trav\u00e9s de los siguientes puntos de contacto:<\/p>\n<ul>\n<li>Celular: 301 219 1953<\/li>\n<li>Tel\u00e9fono: 878 1500 ext. 14217<\/li>\n<li>Correo: maria.22919131551@ucaldas.edu.co<\/li>\n<\/ul>\n<p><strong>\u00a0<\/strong><\/p>\n<p><strong>Informes: <\/strong>Oficina de Comunicaciones y Prensa Universidad de Caldas.<\/p>\n<p><strong>Redacci\u00f3n:<\/strong> Mateo Buritic\u00e1 Giraldo<\/p>\n<p>&nbsp;<\/p>\n","protected":false},"excerpt":{"rendered":"<p>&nbsp; El departamento de Ciencias B\u00e1sicas de la Facultad de Ciencias para la Salud, adelante un proceso de valoraci\u00f3n gratuita de la condici\u00f3n y estado de salud de los pulmones en personas mayores de 50 a\u00f1os.<\/p>\n","protected":false},"author":2,"featured_media":67475,"comment_status":"closed","ping_status":"open","sticky":false,"template":"","format":"standard","meta":{"footnotes":""},"categories":[48,53,617],"tags":[7693,7770,7771],"class_list":["post-67474","post","type-post","status-publish","format-standard","has-post-thumbnail","hentry","category-actualidad","category-universidad-al-dia","category-ucaldas-colaborativa","tag-enfermedad-epoc","tag-salud-pulmonar","tag-diagnostico-pulmonar"],"yoast_head":"<!-- This site is optimized with the Yoast SEO plugin v27.4 - https:\/\/yoast.com\/product\/yoast-seo-wordpress\/ -->\n<title>Valoraci\u00f3n gratuita de la condici\u00f3n y estado de salud de los pulmones .<\/title>\n<meta name=\"robots\" content=\"index, follow, max-snippet:-1, max-image-preview:large, max-video-preview:-1\" \/>\n<link rel=\"canonical\" href=\"https:\/\/www.ucaldas.edu.co\/portal\/valoracion-gratuita-de-la-condicion-y-estado-de-salud-de-los-pulmones\/\" \/>\n<script type=\"application\/ld+json\" class=\"yoast-schema-graph\">{\"@context\":\"https:\\\/\\\/schema.org\",\"@graph\":[{\"@type\":\"Article\",\"@id\":\"https:\\\/\\\/www.ucaldas.edu.co\\\/portal\\\/valoracion-gratuita-de-la-condicion-y-estado-de-salud-de-los-pulmones\\\/#article\",\"isPartOf\":{\"@id\":\"https:\\\/\\\/www.ucaldas.edu.co\\\/portal\\\/valoracion-gratuita-de-la-condicion-y-estado-de-salud-de-los-pulmones\\\/\"},\"author\":{\"name\":\"ofiprensa\",\"@id\":\"https:\\\/\\\/www.ucaldas.edu.co\\\/portal\\\/#\\\/schema\\\/person\\\/a1b482e23449158b4bc319926c074fdf\"},\"headline\":\"Valoraci\u00f3n gratuita de la condici\u00f3n y estado de salud de los pulmones\",\"datePublished\":\"2022-01-17T23:28:29+00:00\",\"mainEntityOfPage\":{\"@id\":\"https:\\\/\\\/www.ucaldas.edu.co\\\/portal\\\/valoracion-gratuita-de-la-condicion-y-estado-de-salud-de-los-pulmones\\\/\"},\"wordCount\":236,\"publisher\":{\"@id\":\"https:\\\/\\\/www.ucaldas.edu.co\\\/portal\\\/#organization\"},\"image\":{\"@id\":\"https:\\\/\\\/www.ucaldas.edu.co\\\/portal\\\/valoracion-gratuita-de-la-condicion-y-estado-de-salud-de-los-pulmones\\\/#primaryimage\"},\"thumbnailUrl\":\"https:\\\/\\\/www.ucaldas.edu.co\\\/portal\\\/wp-content\\\/uploads\\\/2022\\\/01\\\/estudio-de-valoracion-de-la-funcion-pulmomar-en-mayores-de-50-anos.jpg\",\"keywords\":[\"enfermedad epoc\",\"salud pulmonar\",\"diagn\u00f3stico pulmonar\"],\"articleSection\":[\"Actualidad\",\"Universidad al D\u00eda\",\"UCaldas Colaborativa\"],\"inLanguage\":\"es\"},{\"@type\":\"WebPage\",\"@id\":\"https:\\\/\\\/www.ucaldas.edu.co\\\/portal\\\/valoracion-gratuita-de-la-condicion-y-estado-de-salud-de-los-pulmones\\\/\",\"url\":\"https:\\\/\\\/www.ucaldas.edu.co\\\/portal\\\/valoracion-gratuita-de-la-condicion-y-estado-de-salud-de-los-pulmones\\\/\",\"name\":\"Valoraci\u00f3n gratuita de la condici\u00f3n y estado de salud de los pulmones .\",\"isPartOf\":{\"@id\":\"https:\\\/\\\/www.ucaldas.edu.co\\\/portal\\\/#website\"},\"primaryImageOfPage\":{\"@id\":\"https:\\\/\\\/www.ucaldas.edu.co\\\/portal\\\/valoracion-gratuita-de-la-condicion-y-estado-de-salud-de-los-pulmones\\\/#primaryimage\"},\"image\":{\"@id\":\"https:\\\/\\\/www.ucaldas.edu.co\\\/portal\\\/valoracion-gratuita-de-la-condicion-y-estado-de-salud-de-los-pulmones\\\/#primaryimage\"},\"thumbnailUrl\":\"https:\\\/\\\/www.ucaldas.edu.co\\\/portal\\\/wp-content\\\/uploads\\\/2022\\\/01\\\/estudio-de-valoracion-de-la-funcion-pulmomar-en-mayores-de-50-anos.jpg\",\"datePublished\":\"2022-01-17T23:28:29+00:00\",\"breadcrumb\":{\"@id\":\"https:\\\/\\\/www.ucaldas.edu.co\\\/portal\\\/valoracion-gratuita-de-la-condicion-y-estado-de-salud-de-los-pulmones\\\/#breadcrumb\"},\"inLanguage\":\"es\",\"potentialAction\":[{\"@type\":\"ReadAction\",\"target\":[\"https:\\\/\\\/www.ucaldas.edu.co\\\/portal\\\/valoracion-gratuita-de-la-condicion-y-estado-de-salud-de-los-pulmones\\\/\"]}]},{\"@type\":\"ImageObject\",\"inLanguage\":\"es\",\"@id\":\"https:\\\/\\\/www.ucaldas.edu.co\\\/portal\\\/valoracion-gratuita-de-la-condicion-y-estado-de-salud-de-los-pulmones\\\/#primaryimage\",\"url\":\"https:\\\/\\\/www.ucaldas.edu.co\\\/portal\\\/wp-content\\\/uploads\\\/2022\\\/01\\\/estudio-de-valoracion-de-la-funcion-pulmomar-en-mayores-de-50-anos.jpg\",\"contentUrl\":\"https:\\\/\\\/www.ucaldas.edu.co\\\/portal\\\/wp-content\\\/uploads\\\/2022\\\/01\\\/estudio-de-valoracion-de-la-funcion-pulmomar-en-mayores-de-50-anos.jpg\",\"width\":700,\"height\":400,\"caption\":\"Estudio de valoraci\u00f3n pulmonar para mayores de 50 a\u00f1os\"},{\"@type\":\"BreadcrumbList\",\"@id\":\"https:\\\/\\\/www.ucaldas.edu.co\\\/portal\\\/valoracion-gratuita-de-la-condicion-y-estado-de-salud-de-los-pulmones\\\/#breadcrumb\",\"itemListElement\":[{\"@type\":\"ListItem\",\"position\":1,\"name\":\"Portada\",\"item\":\"https:\\\/\\\/www.ucaldas.edu.co\\\/portal\\\/\"},{\"@type\":\"ListItem\",\"position\":2,\"name\":\"Valoraci\u00f3n gratuita de la condici\u00f3n y estado de salud de los pulmones\"}]},{\"@type\":\"WebSite\",\"@id\":\"https:\\\/\\\/www.ucaldas.edu.co\\\/portal\\\/#website\",\"url\":\"https:\\\/\\\/www.ucaldas.edu.co\\\/portal\\\/\",\"name\":\"Universidad de Caldas\",\"description\":\"\",\"publisher\":{\"@id\":\"https:\\\/\\\/www.ucaldas.edu.co\\\/portal\\\/#organization\"},\"alternateName\":\"U. de Caldas\",\"potentialAction\":[{\"@type\":\"SearchAction\",\"target\":{\"@type\":\"EntryPoint\",\"urlTemplate\":\"https:\\\/\\\/www.ucaldas.edu.co\\\/portal\\\/?s={search_term_string}\"},\"query-input\":{\"@type\":\"PropertyValueSpecification\",\"valueRequired\":true,\"valueName\":\"search_term_string\"}}],\"inLanguage\":\"es\"},{\"@type\":\"Organization\",\"@id\":\"https:\\\/\\\/www.ucaldas.edu.co\\\/portal\\\/#organization\",\"name\":\"Universidad de Caldas\",\"alternateName\":\"U. de Caldas\",\"url\":\"https:\\\/\\\/www.ucaldas.edu.co\\\/portal\\\/\",\"logo\":{\"@type\":\"ImageObject\",\"inLanguage\":\"es\",\"@id\":\"https:\\\/\\\/www.ucaldas.edu.co\\\/portal\\\/#\\\/schema\\\/logo\\\/image\\\/\",\"url\":\"https:\\\/\\\/www.ucaldas.edu.co\\\/portal\\\/wp-content\\\/uploads\\\/2023\\\/11\\\/Logo_horizontal_oscuroU-2023.png\",\"contentUrl\":\"https:\\\/\\\/www.ucaldas.edu.co\\\/portal\\\/wp-content\\\/uploads\\\/2023\\\/11\\\/Logo_horizontal_oscuroU-2023.png\",\"width\":263,\"height\":101,\"caption\":\"Universidad de Caldas\"},\"image\":{\"@id\":\"https:\\\/\\\/www.ucaldas.edu.co\\\/portal\\\/#\\\/schema\\\/logo\\\/image\\\/\"},\"sameAs\":[\"https:\\\/\\\/www.facebook.com\\\/udecaldas\",\"https:\\\/\\\/x.com\\\/udecaldas\",\"https:\\\/\\\/www.youtube.com\\\/universidadcaldas\",\"https:\\\/\\\/www.instagram.com\\\/udecaldas\\\/\"]},{\"@type\":\"Person\",\"@id\":\"https:\\\/\\\/www.ucaldas.edu.co\\\/portal\\\/#\\\/schema\\\/person\\\/a1b482e23449158b4bc319926c074fdf\",\"name\":\"ofiprensa\",\"image\":{\"@type\":\"ImageObject\",\"inLanguage\":\"es\",\"@id\":\"https:\\\/\\\/www.ucaldas.edu.co\\\/portal\\\/wp-content\\\/litespeed\\\/avatar\\\/09ea5085e600095a7a811142c6944527.jpg?ver=1776892805\",\"url\":\"https:\\\/\\\/www.ucaldas.edu.co\\\/portal\\\/wp-content\\\/litespeed\\\/avatar\\\/09ea5085e600095a7a811142c6944527.jpg?ver=1776892805\",\"contentUrl\":\"https:\\\/\\\/www.ucaldas.edu.co\\\/portal\\\/wp-content\\\/litespeed\\\/avatar\\\/09ea5085e600095a7a811142c6944527.jpg?ver=1776892805\",\"caption\":\"ofiprensa\"},\"url\":\"https:\\\/\\\/www.ucaldas.edu.co\\\/portal\\\/author\\\/ofiprensa\\\/\"}]}<\/script>\n<!-- \/ Yoast SEO plugin. -->","yoast_head_json":{"title":"Valoraci\u00f3n gratuita de la condici\u00f3n y estado de salud de los pulmones .","robots":{"index":"index","follow":"follow","max-snippet":"max-snippet:-1","max-image-preview":"max-image-preview:large","max-video-preview":"max-video-preview:-1"},"canonical":"https:\/\/www.ucaldas.edu.co\/portal\/valoracion-gratuita-de-la-condicion-y-estado-de-salud-de-los-pulmones\/","schema":{"@context":"https:\/\/schema.org","@graph":[{"@type":"Article","@id":"https:\/\/www.ucaldas.edu.co\/portal\/valoracion-gratuita-de-la-condicion-y-estado-de-salud-de-los-pulmones\/#article","isPartOf":{"@id":"https:\/\/www.ucaldas.edu.co\/portal\/valoracion-gratuita-de-la-condicion-y-estado-de-salud-de-los-pulmones\/"},"author":{"name":"ofiprensa","@id":"https:\/\/www.ucaldas.edu.co\/portal\/#\/schema\/person\/a1b482e23449158b4bc319926c074fdf"},"headline":"Valoraci\u00f3n gratuita de la condici\u00f3n y estado de salud de los pulmones","datePublished":"2022-01-17T23:28:29+00:00","mainEntityOfPage":{"@id":"https:\/\/www.ucaldas.edu.co\/portal\/valoracion-gratuita-de-la-condicion-y-estado-de-salud-de-los-pulmones\/"},"wordCount":236,"publisher":{"@id":"https:\/\/www.ucaldas.edu.co\/portal\/#organization"},"image":{"@id":"https:\/\/www.ucaldas.edu.co\/portal\/valoracion-gratuita-de-la-condicion-y-estado-de-salud-de-los-pulmones\/#primaryimage"},"thumbnailUrl":"https:\/\/www.ucaldas.edu.co\/portal\/wp-content\/uploads\/2022\/01\/estudio-de-valoracion-de-la-funcion-pulmomar-en-mayores-de-50-anos.jpg","keywords":["enfermedad epoc","salud pulmonar","diagn\u00f3stico pulmonar"],"articleSection":["Actualidad","Universidad al D\u00eda","UCaldas Colaborativa"],"inLanguage":"es"},{"@type":"WebPage","@id":"https:\/\/www.ucaldas.edu.co\/portal\/valoracion-gratuita-de-la-condicion-y-estado-de-salud-de-los-pulmones\/","url":"https:\/\/www.ucaldas.edu.co\/portal\/valoracion-gratuita-de-la-condicion-y-estado-de-salud-de-los-pulmones\/","name":"Valoraci\u00f3n gratuita de la condici\u00f3n y estado de salud de los pulmones .","isPartOf":{"@id":"https:\/\/www.ucaldas.edu.co\/portal\/#website"},"primaryImageOfPage":{"@id":"https:\/\/www.ucaldas.edu.co\/portal\/valoracion-gratuita-de-la-condicion-y-estado-de-salud-de-los-pulmones\/#primaryimage"},"image":{"@id":"https:\/\/www.ucaldas.edu.co\/portal\/valoracion-gratuita-de-la-condicion-y-estado-de-salud-de-los-pulmones\/#primaryimage"},"thumbnailUrl":"https:\/\/www.ucaldas.edu.co\/portal\/wp-content\/uploads\/2022\/01\/estudio-de-valoracion-de-la-funcion-pulmomar-en-mayores-de-50-anos.jpg","datePublished":"2022-01-17T23:28:29+00:00","breadcrumb":{"@id":"https:\/\/www.ucaldas.edu.co\/portal\/valoracion-gratuita-de-la-condicion-y-estado-de-salud-de-los-pulmones\/#breadcrumb"},"inLanguage":"es","potentialAction":[{"@type":"ReadAction","target":["https:\/\/www.ucaldas.edu.co\/portal\/valoracion-gratuita-de-la-condicion-y-estado-de-salud-de-los-pulmones\/"]}]},{"@type":"ImageObject","inLanguage":"es","@id":"https:\/\/www.ucaldas.edu.co\/portal\/valoracion-gratuita-de-la-condicion-y-estado-de-salud-de-los-pulmones\/#primaryimage","url":"https:\/\/www.ucaldas.edu.co\/portal\/wp-content\/uploads\/2022\/01\/estudio-de-valoracion-de-la-funcion-pulmomar-en-mayores-de-50-anos.jpg","contentUrl":"https:\/\/www.ucaldas.edu.co\/portal\/wp-content\/uploads\/2022\/01\/estudio-de-valoracion-de-la-funcion-pulmomar-en-mayores-de-50-anos.jpg","width":700,"height":400,"caption":"Estudio de valoraci\u00f3n pulmonar para mayores de 50 a\u00f1os"},{"@type":"BreadcrumbList","@id":"https:\/\/www.ucaldas.edu.co\/portal\/valoracion-gratuita-de-la-condicion-y-estado-de-salud-de-los-pulmones\/#breadcrumb","itemListElement":[{"@type":"ListItem","position":1,"name":"Portada","item":"https:\/\/www.ucaldas.edu.co\/portal\/"},{"@type":"ListItem","position":2,"name":"Valoraci\u00f3n gratuita de la condici\u00f3n y estado de salud de los pulmones"}]},{"@type":"WebSite","@id":"https:\/\/www.ucaldas.edu.co\/portal\/#website","url":"https:\/\/www.ucaldas.edu.co\/portal\/","name":"Universidad de Caldas","description":"","publisher":{"@id":"https:\/\/www.ucaldas.edu.co\/portal\/#organization"},"alternateName":"U. de Caldas","potentialAction":[{"@type":"SearchAction","target":{"@type":"EntryPoint","urlTemplate":"https:\/\/www.ucaldas.edu.co\/portal\/?s={search_term_string}"},"query-input":{"@type":"PropertyValueSpecification","valueRequired":true,"valueName":"search_term_string"}}],"inLanguage":"es"},{"@type":"Organization","@id":"https:\/\/www.ucaldas.edu.co\/portal\/#organization","name":"Universidad de Caldas","alternateName":"U. de Caldas","url":"https:\/\/www.ucaldas.edu.co\/portal\/","logo":{"@type":"ImageObject","inLanguage":"es","@id":"https:\/\/www.ucaldas.edu.co\/portal\/#\/schema\/logo\/image\/","url":"https:\/\/www.ucaldas.edu.co\/portal\/wp-content\/uploads\/2023\/11\/Logo_horizontal_oscuroU-2023.png","contentUrl":"https:\/\/www.ucaldas.edu.co\/portal\/wp-content\/uploads\/2023\/11\/Logo_horizontal_oscuroU-2023.png","width":263,"height":101,"caption":"Universidad de Caldas"},"image":{"@id":"https:\/\/www.ucaldas.edu.co\/portal\/#\/schema\/logo\/image\/"},"sameAs":["https:\/\/www.facebook.com\/udecaldas","https:\/\/x.com\/udecaldas","https:\/\/www.youtube.com\/universidadcaldas","https:\/\/www.instagram.com\/udecaldas\/"]},{"@type":"Person","@id":"https:\/\/www.ucaldas.edu.co\/portal\/#\/schema\/person\/a1b482e23449158b4bc319926c074fdf","name":"ofiprensa","image":{"@type":"ImageObject","inLanguage":"es","@id":"https:\/\/www.ucaldas.edu.co\/portal\/wp-content\/litespeed\/avatar\/09ea5085e600095a7a811142c6944527.jpg?ver=1776892805","url":"https:\/\/www.ucaldas.edu.co\/portal\/wp-content\/litespeed\/avatar\/09ea5085e600095a7a811142c6944527.jpg?ver=1776892805","contentUrl":"https:\/\/www.ucaldas.edu.co\/portal\/wp-content\/litespeed\/avatar\/09ea5085e600095a7a811142c6944527.jpg?ver=1776892805","caption":"ofiprensa"},"url":"https:\/\/www.ucaldas.edu.co\/portal\/author\/ofiprensa\/"}]}},"_links":{"self":[{"href":"https:\/\/www.ucaldas.edu.co\/portal\/wp-json\/wp\/v2\/posts\/67474","targetHints":{"allow":["GET"]}}],"collection":[{"href":"https:\/\/www.ucaldas.edu.co\/portal\/wp-json\/wp\/v2\/posts"}],"about":[{"href":"https:\/\/www.ucaldas.edu.co\/portal\/wp-json\/wp\/v2\/types\/post"}],"author":[{"embeddable":true,"href":"https:\/\/www.ucaldas.edu.co\/portal\/wp-json\/wp\/v2\/users\/2"}],"replies":[{"embeddable":true,"href":"https:\/\/www.ucaldas.edu.co\/portal\/wp-json\/wp\/v2\/comments?post=67474"}],"version-history":[{"count":0,"href":"https:\/\/www.ucaldas.edu.co\/portal\/wp-json\/wp\/v2\/posts\/67474\/revisions"}],"wp:featuredmedia":[{"embeddable":true,"href":"https:\/\/www.ucaldas.edu.co\/portal\/wp-json\/wp\/v2\/media\/67475"}],"wp:attachment":[{"href":"https:\/\/www.ucaldas.edu.co\/portal\/wp-json\/wp\/v2\/media?parent=67474"}],"wp:term":[{"taxonomy":"category","embeddable":true,"href":"https:\/\/www.ucaldas.edu.co\/portal\/wp-json\/wp\/v2\/categories?post=67474"},{"taxonomy":"post_tag","embeddable":true,"href":"https:\/\/www.ucaldas.edu.co\/portal\/wp-json\/wp\/v2\/tags?post=67474"}],"curies":[{"name":"wp","href":"https:\/\/api.w.org\/{rel}","templated":true}]}}