{"id":67447,"date":"2022-01-14T23:28:15","date_gmt":"2022-01-14T23:28:15","guid":{"rendered":"https:\/\/www.ucaldas.edu.co\/portal\/?p=67447"},"modified":"2022-01-18T16:09:10","modified_gmt":"2022-01-18T16:09:10","slug":"modificaciones-al-proceso-de-contratacion-en-la-universidad-de-caldas","status":"publish","type":"post","link":"https:\/\/www.ucaldas.edu.co\/portal\/modificaciones-al-proceso-de-contratacion-en-la-universidad-de-caldas\/","title":{"rendered":"Modificaciones al proceso de contrataci\u00f3n en la Universidad de Caldas"},"content":{"rendered":"<p><img loading=\"lazy\" decoding=\"async\" class=\"aligncenter wp-image-67448 size-full\" src=\"https:\/\/www.ucaldas.edu.co\/portal\/wp-content\/uploads\/2022\/01\/Proceso-de-Contratacion-en-la-Universidad-de-Caldas-sera-a-traves-de-canales-digitales.jpg\" alt=\"Proceso de Contrataci\u00f3n en la Universidad de Caldas ser\u00e1 a trav\u00e9s de canales digitales\" width=\"700\" height=\"400\" srcset=\"https:\/\/www.ucaldas.edu.co\/portal\/wp-content\/uploads\/2022\/01\/Proceso-de-Contratacion-en-la-Universidad-de-Caldas-sera-a-traves-de-canales-digitales.jpg 700w, https:\/\/www.ucaldas.edu.co\/portal\/wp-content\/uploads\/2022\/01\/Proceso-de-Contratacion-en-la-Universidad-de-Caldas-sera-a-traves-de-canales-digitales-300x171.jpg 300w\" sizes=\"auto, (max-width: 700px) 100vw, 700px\" \/><\/p>\n<p>&nbsp;<\/p>\n<p style=\"text-align: left;\">\u00a0La Secretar\u00eda General de la Universidad de Caldas, informa a la comunidad universitaria y en general sobre las modificaciones realizadas al proceso de contrataci\u00f3n de la Universidad de Caldas a trav\u00e9s de canales electr\u00f3nicos.<\/p>\n<p>Las modificaciones nacen dada la experiencia adquirida desde marzo de 2020, donde se adelantaron dichos procesos por medio de canales electr\u00f3nicos debido al inicio del confinamiento a causa de la pandemia por Covid-19.<\/p>\n<p>Por tal motivo, la Secretar\u00eda General present\u00f3 ante el Consejo Superior una propuesta de modificaci\u00f3n al Estatuto de Contrataci\u00f3n, con el fin de seguir adelantando los tr\u00e1mites de los convenios y contratos de forma digital.<\/p>\n<p>El Consejo Superior, con el prop\u00f3sito de garantizar el adecuado desarrollo de los procesos que realiza el Grupo Interno de Contrataci\u00f3n y Convenios, emite el Acuerdo N\u00b0 052 que adopta la utilizaci\u00f3n de medios digitales para garantizar el cumplimiento de los fines misionales de la Universidad, al tiempo que se permite agilizar tr\u00e1mites y mejor sistematizaci\u00f3n de la informaci\u00f3n suministrada.<\/p>\n<p>La Rector\u00eda de la Universidad de Caldas, llev\u00f3 a cabo la actualizaci\u00f3n de las Resoluciones 666 y\u00a0 703, en las cuales se establece el Manual de Contrataci\u00f3n de la instituci\u00f3n y el procedimiento de contrataci\u00f3n para la ejecuci\u00f3n de los recursos del Sistema General de Regal\u00edas; estableciendo as\u00ed las Resoluciones N1292 y 1293. Actualmente se adelantan modificaciones correspondientes en el Sistema Integrado de Gesti\u00f3n SIG.<\/p>\n<p>Estas modificaciones permitir\u00e1n a la comunidad en general realizar tr\u00e1mites de manera \u00e1gil a trav\u00e9s de plataformas electr\u00f3nicas como Admiarchi.<\/p>\n<p>&nbsp;<\/p>\n<p><strong>Anexos:<\/strong><\/p>\n<p><strong>Audio Carolina L\u00f3pez S\u00e1nchez.- Secretaria General U. de Caldas<\/strong><\/p>\n<p><iframe loading=\"lazy\" src=\"https:\/\/co.ivoox.com\/es\/player_ek_81001398_2_1.html?data=mZadkpaXfZmhhpywj5WWaZS1k5uah5yncZKhhpywj5WRaZi3jpWah5yncaTV09TZy9PFb62ZpJiSpJjUqduftIqwlYqldc_XycrnkJKPl8bX08rhw9fNpYy7xtPS1MbQb7aijMnSjajFsI6ZmKiapcbQqMLnjKbRz5C5cYarpJKh&amp;\" width=\"238\" height=\"48\" frameborder=\"0\" scrolling=\"no\" allowfullscreen=\"allowfullscreen\"><\/iframe><\/p>\n<p><strong><a href=\"https:\/\/www.ucaldas.edu.co\/portal\/wp-content\/uploads\/2022\/01\/Acuerdo-52-MODIFICACION-ACUERDO-08-de-2017-Estatuto-de-Contratacion.pdf\">Conozca aqu\u00ed el Acuerdo N\u00famero 052.<\/a><\/strong><\/p>\n<p><strong><a href=\"https:\/\/www.ucaldas.edu.co\/portal\/wp-content\/uploads\/2022\/01\/RESOLUCION-1292.-Modificacion-Res-666-de-2017-Manual-de-Contratacion.pdf\">Resoluci\u00f3n N\u00famero 1292.<\/a><\/strong><\/p>\n<p><strong><a href=\"https:\/\/www.ucaldas.edu.co\/portal\/wp-content\/uploads\/2022\/01\/RESOLUCION-1293.-Modificacion-Res-703-de-2017-Procedimiendo-de-Contratacion-S.G.R..pdf\">Resoluci\u00f3n N\u00famero\u00a0 1293.<\/a><\/strong><\/p>\n<p><strong><a href=\"https:\/\/www.ucaldas.edu.co\/portal\/wp-content\/uploads\/2022\/01\/CIRCULAR-N\u00b0-002-DE-2022.pdf\">Circular Secretar\u00eda General.<\/a><\/strong><\/p>\n<p><strong>\u00a0<\/strong><\/p>\n<p><strong>Informes: <\/strong>Oficina de Comunicaciones y Prensa Universidad de Caldas.<\/p>\n<p><strong>Redacci\u00f3n:<\/strong> Mateo Buritic\u00e1 Giraldo<\/p>\n<p>&nbsp;<\/p>\n","protected":false},"excerpt":{"rendered":"<p>&nbsp; \u00a0La Secretar\u00eda General de la Universidad de Caldas, informa a la comunidad universitaria y en general sobre las modificaciones realizadas al proceso de contrataci\u00f3n de la Universidad de Caldas a trav\u00e9s de canales electr\u00f3nicos. Las modificaciones nacen dada la experiencia adquirida desde marzo de 2020, donde se adelantaron dichos procesos por medio de canales [&hellip;]<\/p>\n","protected":false},"author":2,"featured_media":67448,"comment_status":"closed","ping_status":"open","sticky":false,"template":"","format":"standard","meta":{"footnotes":""},"categories":[48,53,620],"tags":[4701,7361,7763,7764],"class_list":["post-67447","post","type-post","status-publish","format-standard","has-post-thumbnail","hentry","category-actualidad","category-universidad-al-dia","category-ucaldas-transparente","tag-admiarchi","tag-secretaria-general-u-caldas","tag-proceso-de-contratacion","tag-oficina-de-contratacion"],"yoast_head":"<!-- This site is optimized with the Yoast SEO plugin v27.4 - https:\/\/yoast.com\/product\/yoast-seo-wordpress\/ -->\n<title>Modificaciones al proceso de contrataci\u00f3n en la Universidad de Caldas .<\/title>\n<meta name=\"robots\" content=\"index, follow, max-snippet:-1, max-image-preview:large, max-video-preview:-1\" \/>\n<link rel=\"canonical\" href=\"https:\/\/www.ucaldas.edu.co\/portal\/modificaciones-al-proceso-de-contratacion-en-la-universidad-de-caldas\/\" \/>\n<script type=\"application\/ld+json\" class=\"yoast-schema-graph\">{\"@context\":\"https:\\\/\\\/schema.org\",\"@graph\":[{\"@type\":\"Article\",\"@id\":\"https:\\\/\\\/www.ucaldas.edu.co\\\/portal\\\/modificaciones-al-proceso-de-contratacion-en-la-universidad-de-caldas\\\/#article\",\"isPartOf\":{\"@id\":\"https:\\\/\\\/www.ucaldas.edu.co\\\/portal\\\/modificaciones-al-proceso-de-contratacion-en-la-universidad-de-caldas\\\/\"},\"author\":{\"name\":\"ofiprensa\",\"@id\":\"https:\\\/\\\/www.ucaldas.edu.co\\\/portal\\\/#\\\/schema\\\/person\\\/a1b482e23449158b4bc319926c074fdf\"},\"headline\":\"Modificaciones al proceso de contrataci\u00f3n en la Universidad de Caldas\",\"datePublished\":\"2022-01-14T23:28:15+00:00\",\"dateModified\":\"2022-01-18T16:09:10+00:00\",\"mainEntityOfPage\":{\"@id\":\"https:\\\/\\\/www.ucaldas.edu.co\\\/portal\\\/modificaciones-al-proceso-de-contratacion-en-la-universidad-de-caldas\\\/\"},\"wordCount\":328,\"publisher\":{\"@id\":\"https:\\\/\\\/www.ucaldas.edu.co\\\/portal\\\/#organization\"},\"image\":{\"@id\":\"https:\\\/\\\/www.ucaldas.edu.co\\\/portal\\\/modificaciones-al-proceso-de-contratacion-en-la-universidad-de-caldas\\\/#primaryimage\"},\"thumbnailUrl\":\"https:\\\/\\\/www.ucaldas.edu.co\\\/portal\\\/wp-content\\\/uploads\\\/2022\\\/01\\\/Proceso-de-Contratacion-en-la-Universidad-de-Caldas-sera-a-traves-de-canales-digitales.jpg\",\"keywords\":[\"admiarchi\",\"secretar\u00eda general u caldas\",\"proceso de contrataci\u00f3n\",\"oficina de contrataci\u00f3n\"],\"articleSection\":[\"Actualidad\",\"Universidad al D\u00eda\",\"UCaldas Transparente\"],\"inLanguage\":\"es\"},{\"@type\":\"WebPage\",\"@id\":\"https:\\\/\\\/www.ucaldas.edu.co\\\/portal\\\/modificaciones-al-proceso-de-contratacion-en-la-universidad-de-caldas\\\/\",\"url\":\"https:\\\/\\\/www.ucaldas.edu.co\\\/portal\\\/modificaciones-al-proceso-de-contratacion-en-la-universidad-de-caldas\\\/\",\"name\":\"Modificaciones al proceso de contrataci\u00f3n en la Universidad de Caldas .\",\"isPartOf\":{\"@id\":\"https:\\\/\\\/www.ucaldas.edu.co\\\/portal\\\/#website\"},\"primaryImageOfPage\":{\"@id\":\"https:\\\/\\\/www.ucaldas.edu.co\\\/portal\\\/modificaciones-al-proceso-de-contratacion-en-la-universidad-de-caldas\\\/#primaryimage\"},\"image\":{\"@id\":\"https:\\\/\\\/www.ucaldas.edu.co\\\/portal\\\/modificaciones-al-proceso-de-contratacion-en-la-universidad-de-caldas\\\/#primaryimage\"},\"thumbnailUrl\":\"https:\\\/\\\/www.ucaldas.edu.co\\\/portal\\\/wp-content\\\/uploads\\\/2022\\\/01\\\/Proceso-de-Contratacion-en-la-Universidad-de-Caldas-sera-a-traves-de-canales-digitales.jpg\",\"datePublished\":\"2022-01-14T23:28:15+00:00\",\"dateModified\":\"2022-01-18T16:09:10+00:00\",\"breadcrumb\":{\"@id\":\"https:\\\/\\\/www.ucaldas.edu.co\\\/portal\\\/modificaciones-al-proceso-de-contratacion-en-la-universidad-de-caldas\\\/#breadcrumb\"},\"inLanguage\":\"es\",\"potentialAction\":[{\"@type\":\"ReadAction\",\"target\":[\"https:\\\/\\\/www.ucaldas.edu.co\\\/portal\\\/modificaciones-al-proceso-de-contratacion-en-la-universidad-de-caldas\\\/\"]}]},{\"@type\":\"ImageObject\",\"inLanguage\":\"es\",\"@id\":\"https:\\\/\\\/www.ucaldas.edu.co\\\/portal\\\/modificaciones-al-proceso-de-contratacion-en-la-universidad-de-caldas\\\/#primaryimage\",\"url\":\"https:\\\/\\\/www.ucaldas.edu.co\\\/portal\\\/wp-content\\\/uploads\\\/2022\\\/01\\\/Proceso-de-Contratacion-en-la-Universidad-de-Caldas-sera-a-traves-de-canales-digitales.jpg\",\"contentUrl\":\"https:\\\/\\\/www.ucaldas.edu.co\\\/portal\\\/wp-content\\\/uploads\\\/2022\\\/01\\\/Proceso-de-Contratacion-en-la-Universidad-de-Caldas-sera-a-traves-de-canales-digitales.jpg\",\"width\":700,\"height\":400},{\"@type\":\"BreadcrumbList\",\"@id\":\"https:\\\/\\\/www.ucaldas.edu.co\\\/portal\\\/modificaciones-al-proceso-de-contratacion-en-la-universidad-de-caldas\\\/#breadcrumb\",\"itemListElement\":[{\"@type\":\"ListItem\",\"position\":1,\"name\":\"Portada\",\"item\":\"https:\\\/\\\/www.ucaldas.edu.co\\\/portal\\\/\"},{\"@type\":\"ListItem\",\"position\":2,\"name\":\"Modificaciones al proceso de contrataci\u00f3n en la Universidad de Caldas\"}]},{\"@type\":\"WebSite\",\"@id\":\"https:\\\/\\\/www.ucaldas.edu.co\\\/portal\\\/#website\",\"url\":\"https:\\\/\\\/www.ucaldas.edu.co\\\/portal\\\/\",\"name\":\"Universidad de Caldas\",\"description\":\"\",\"publisher\":{\"@id\":\"https:\\\/\\\/www.ucaldas.edu.co\\\/portal\\\/#organization\"},\"alternateName\":\"U. de Caldas\",\"potentialAction\":[{\"@type\":\"SearchAction\",\"target\":{\"@type\":\"EntryPoint\",\"urlTemplate\":\"https:\\\/\\\/www.ucaldas.edu.co\\\/portal\\\/?s={search_term_string}\"},\"query-input\":{\"@type\":\"PropertyValueSpecification\",\"valueRequired\":true,\"valueName\":\"search_term_string\"}}],\"inLanguage\":\"es\"},{\"@type\":\"Organization\",\"@id\":\"https:\\\/\\\/www.ucaldas.edu.co\\\/portal\\\/#organization\",\"name\":\"Universidad de Caldas\",\"alternateName\":\"U. de Caldas\",\"url\":\"https:\\\/\\\/www.ucaldas.edu.co\\\/portal\\\/\",\"logo\":{\"@type\":\"ImageObject\",\"inLanguage\":\"es\",\"@id\":\"https:\\\/\\\/www.ucaldas.edu.co\\\/portal\\\/#\\\/schema\\\/logo\\\/image\\\/\",\"url\":\"https:\\\/\\\/www.ucaldas.edu.co\\\/portal\\\/wp-content\\\/uploads\\\/2023\\\/11\\\/Logo_horizontal_oscuroU-2023.png\",\"contentUrl\":\"https:\\\/\\\/www.ucaldas.edu.co\\\/portal\\\/wp-content\\\/uploads\\\/2023\\\/11\\\/Logo_horizontal_oscuroU-2023.png\",\"width\":263,\"height\":101,\"caption\":\"Universidad de Caldas\"},\"image\":{\"@id\":\"https:\\\/\\\/www.ucaldas.edu.co\\\/portal\\\/#\\\/schema\\\/logo\\\/image\\\/\"},\"sameAs\":[\"https:\\\/\\\/www.facebook.com\\\/udecaldas\",\"https:\\\/\\\/x.com\\\/udecaldas\",\"https:\\\/\\\/www.youtube.com\\\/universidadcaldas\",\"https:\\\/\\\/www.instagram.com\\\/udecaldas\\\/\"]},{\"@type\":\"Person\",\"@id\":\"https:\\\/\\\/www.ucaldas.edu.co\\\/portal\\\/#\\\/schema\\\/person\\\/a1b482e23449158b4bc319926c074fdf\",\"name\":\"ofiprensa\",\"image\":{\"@type\":\"ImageObject\",\"inLanguage\":\"es\",\"@id\":\"https:\\\/\\\/www.ucaldas.edu.co\\\/portal\\\/wp-content\\\/litespeed\\\/avatar\\\/09ea5085e600095a7a811142c6944527.jpg?ver=1776892805\",\"url\":\"https:\\\/\\\/www.ucaldas.edu.co\\\/portal\\\/wp-content\\\/litespeed\\\/avatar\\\/09ea5085e600095a7a811142c6944527.jpg?ver=1776892805\",\"contentUrl\":\"https:\\\/\\\/www.ucaldas.edu.co\\\/portal\\\/wp-content\\\/litespeed\\\/avatar\\\/09ea5085e600095a7a811142c6944527.jpg?ver=1776892805\",\"caption\":\"ofiprensa\"},\"url\":\"https:\\\/\\\/www.ucaldas.edu.co\\\/portal\\\/author\\\/ofiprensa\\\/\"}]}<\/script>\n<!-- \/ Yoast SEO plugin. -->","yoast_head_json":{"title":"Modificaciones al proceso de contrataci\u00f3n en la Universidad de Caldas .","robots":{"index":"index","follow":"follow","max-snippet":"max-snippet:-1","max-image-preview":"max-image-preview:large","max-video-preview":"max-video-preview:-1"},"canonical":"https:\/\/www.ucaldas.edu.co\/portal\/modificaciones-al-proceso-de-contratacion-en-la-universidad-de-caldas\/","schema":{"@context":"https:\/\/schema.org","@graph":[{"@type":"Article","@id":"https:\/\/www.ucaldas.edu.co\/portal\/modificaciones-al-proceso-de-contratacion-en-la-universidad-de-caldas\/#article","isPartOf":{"@id":"https:\/\/www.ucaldas.edu.co\/portal\/modificaciones-al-proceso-de-contratacion-en-la-universidad-de-caldas\/"},"author":{"name":"ofiprensa","@id":"https:\/\/www.ucaldas.edu.co\/portal\/#\/schema\/person\/a1b482e23449158b4bc319926c074fdf"},"headline":"Modificaciones al proceso de contrataci\u00f3n en la Universidad de Caldas","datePublished":"2022-01-14T23:28:15+00:00","dateModified":"2022-01-18T16:09:10+00:00","mainEntityOfPage":{"@id":"https:\/\/www.ucaldas.edu.co\/portal\/modificaciones-al-proceso-de-contratacion-en-la-universidad-de-caldas\/"},"wordCount":328,"publisher":{"@id":"https:\/\/www.ucaldas.edu.co\/portal\/#organization"},"image":{"@id":"https:\/\/www.ucaldas.edu.co\/portal\/modificaciones-al-proceso-de-contratacion-en-la-universidad-de-caldas\/#primaryimage"},"thumbnailUrl":"https:\/\/www.ucaldas.edu.co\/portal\/wp-content\/uploads\/2022\/01\/Proceso-de-Contratacion-en-la-Universidad-de-Caldas-sera-a-traves-de-canales-digitales.jpg","keywords":["admiarchi","secretar\u00eda general u caldas","proceso de contrataci\u00f3n","oficina de contrataci\u00f3n"],"articleSection":["Actualidad","Universidad al D\u00eda","UCaldas Transparente"],"inLanguage":"es"},{"@type":"WebPage","@id":"https:\/\/www.ucaldas.edu.co\/portal\/modificaciones-al-proceso-de-contratacion-en-la-universidad-de-caldas\/","url":"https:\/\/www.ucaldas.edu.co\/portal\/modificaciones-al-proceso-de-contratacion-en-la-universidad-de-caldas\/","name":"Modificaciones al proceso de contrataci\u00f3n en la Universidad de Caldas .","isPartOf":{"@id":"https:\/\/www.ucaldas.edu.co\/portal\/#website"},"primaryImageOfPage":{"@id":"https:\/\/www.ucaldas.edu.co\/portal\/modificaciones-al-proceso-de-contratacion-en-la-universidad-de-caldas\/#primaryimage"},"image":{"@id":"https:\/\/www.ucaldas.edu.co\/portal\/modificaciones-al-proceso-de-contratacion-en-la-universidad-de-caldas\/#primaryimage"},"thumbnailUrl":"https:\/\/www.ucaldas.edu.co\/portal\/wp-content\/uploads\/2022\/01\/Proceso-de-Contratacion-en-la-Universidad-de-Caldas-sera-a-traves-de-canales-digitales.jpg","datePublished":"2022-01-14T23:28:15+00:00","dateModified":"2022-01-18T16:09:10+00:00","breadcrumb":{"@id":"https:\/\/www.ucaldas.edu.co\/portal\/modificaciones-al-proceso-de-contratacion-en-la-universidad-de-caldas\/#breadcrumb"},"inLanguage":"es","potentialAction":[{"@type":"ReadAction","target":["https:\/\/www.ucaldas.edu.co\/portal\/modificaciones-al-proceso-de-contratacion-en-la-universidad-de-caldas\/"]}]},{"@type":"ImageObject","inLanguage":"es","@id":"https:\/\/www.ucaldas.edu.co\/portal\/modificaciones-al-proceso-de-contratacion-en-la-universidad-de-caldas\/#primaryimage","url":"https:\/\/www.ucaldas.edu.co\/portal\/wp-content\/uploads\/2022\/01\/Proceso-de-Contratacion-en-la-Universidad-de-Caldas-sera-a-traves-de-canales-digitales.jpg","contentUrl":"https:\/\/www.ucaldas.edu.co\/portal\/wp-content\/uploads\/2022\/01\/Proceso-de-Contratacion-en-la-Universidad-de-Caldas-sera-a-traves-de-canales-digitales.jpg","width":700,"height":400},{"@type":"BreadcrumbList","@id":"https:\/\/www.ucaldas.edu.co\/portal\/modificaciones-al-proceso-de-contratacion-en-la-universidad-de-caldas\/#breadcrumb","itemListElement":[{"@type":"ListItem","position":1,"name":"Portada","item":"https:\/\/www.ucaldas.edu.co\/portal\/"},{"@type":"ListItem","position":2,"name":"Modificaciones al proceso de contrataci\u00f3n en la Universidad de Caldas"}]},{"@type":"WebSite","@id":"https:\/\/www.ucaldas.edu.co\/portal\/#website","url":"https:\/\/www.ucaldas.edu.co\/portal\/","name":"Universidad de Caldas","description":"","publisher":{"@id":"https:\/\/www.ucaldas.edu.co\/portal\/#organization"},"alternateName":"U. de Caldas","potentialAction":[{"@type":"SearchAction","target":{"@type":"EntryPoint","urlTemplate":"https:\/\/www.ucaldas.edu.co\/portal\/?s={search_term_string}"},"query-input":{"@type":"PropertyValueSpecification","valueRequired":true,"valueName":"search_term_string"}}],"inLanguage":"es"},{"@type":"Organization","@id":"https:\/\/www.ucaldas.edu.co\/portal\/#organization","name":"Universidad de Caldas","alternateName":"U. de Caldas","url":"https:\/\/www.ucaldas.edu.co\/portal\/","logo":{"@type":"ImageObject","inLanguage":"es","@id":"https:\/\/www.ucaldas.edu.co\/portal\/#\/schema\/logo\/image\/","url":"https:\/\/www.ucaldas.edu.co\/portal\/wp-content\/uploads\/2023\/11\/Logo_horizontal_oscuroU-2023.png","contentUrl":"https:\/\/www.ucaldas.edu.co\/portal\/wp-content\/uploads\/2023\/11\/Logo_horizontal_oscuroU-2023.png","width":263,"height":101,"caption":"Universidad de Caldas"},"image":{"@id":"https:\/\/www.ucaldas.edu.co\/portal\/#\/schema\/logo\/image\/"},"sameAs":["https:\/\/www.facebook.com\/udecaldas","https:\/\/x.com\/udecaldas","https:\/\/www.youtube.com\/universidadcaldas","https:\/\/www.instagram.com\/udecaldas\/"]},{"@type":"Person","@id":"https:\/\/www.ucaldas.edu.co\/portal\/#\/schema\/person\/a1b482e23449158b4bc319926c074fdf","name":"ofiprensa","image":{"@type":"ImageObject","inLanguage":"es","@id":"https:\/\/www.ucaldas.edu.co\/portal\/wp-content\/litespeed\/avatar\/09ea5085e600095a7a811142c6944527.jpg?ver=1776892805","url":"https:\/\/www.ucaldas.edu.co\/portal\/wp-content\/litespeed\/avatar\/09ea5085e600095a7a811142c6944527.jpg?ver=1776892805","contentUrl":"https:\/\/www.ucaldas.edu.co\/portal\/wp-content\/litespeed\/avatar\/09ea5085e600095a7a811142c6944527.jpg?ver=1776892805","caption":"ofiprensa"},"url":"https:\/\/www.ucaldas.edu.co\/portal\/author\/ofiprensa\/"}]}},"_links":{"self":[{"href":"https:\/\/www.ucaldas.edu.co\/portal\/wp-json\/wp\/v2\/posts\/67447","targetHints":{"allow":["GET"]}}],"collection":[{"href":"https:\/\/www.ucaldas.edu.co\/portal\/wp-json\/wp\/v2\/posts"}],"about":[{"href":"https:\/\/www.ucaldas.edu.co\/portal\/wp-json\/wp\/v2\/types\/post"}],"author":[{"embeddable":true,"href":"https:\/\/www.ucaldas.edu.co\/portal\/wp-json\/wp\/v2\/users\/2"}],"replies":[{"embeddable":true,"href":"https:\/\/www.ucaldas.edu.co\/portal\/wp-json\/wp\/v2\/comments?post=67447"}],"version-history":[{"count":0,"href":"https:\/\/www.ucaldas.edu.co\/portal\/wp-json\/wp\/v2\/posts\/67447\/revisions"}],"wp:featuredmedia":[{"embeddable":true,"href":"https:\/\/www.ucaldas.edu.co\/portal\/wp-json\/wp\/v2\/media\/67448"}],"wp:attachment":[{"href":"https:\/\/www.ucaldas.edu.co\/portal\/wp-json\/wp\/v2\/media?parent=67447"}],"wp:term":[{"taxonomy":"category","embeddable":true,"href":"https:\/\/www.ucaldas.edu.co\/portal\/wp-json\/wp\/v2\/categories?post=67447"},{"taxonomy":"post_tag","embeddable":true,"href":"https:\/\/www.ucaldas.edu.co\/portal\/wp-json\/wp\/v2\/tags?post=67447"}],"curies":[{"name":"wp","href":"https:\/\/api.w.org\/{rel}","templated":true}]}}