{"id":67390,"date":"2022-01-13T23:13:47","date_gmt":"2022-01-13T23:13:47","guid":{"rendered":"https:\/\/www.ucaldas.edu.co\/portal\/?p=67390"},"modified":"2022-01-14T12:08:49","modified_gmt":"2022-01-14T12:08:49","slug":"inscripciones-para-participar-en-el-programa-mision-tic-culminaran-el-21-de-enero","status":"publish","type":"post","link":"https:\/\/www.ucaldas.edu.co\/portal\/inscripciones-para-participar-en-el-programa-mision-tic-culminaran-el-21-de-enero\/","title":{"rendered":"Inscripciones para participar en el programa Misi\u00f3n Tic culminar\u00e1n el 21 de enero"},"content":{"rendered":"<p>&nbsp;<\/p>\n<p><img loading=\"lazy\" decoding=\"async\" class=\"wp-image-64889 size-full aligncenter\" src=\"https:\/\/www.ucaldas.edu.co\/portal\/wp-content\/uploads\/2021\/09\/mision.jpg\" alt=\"Convocatoria Misi\u00f3n Tic 2022\" width=\"700\" height=\"400\" srcset=\"https:\/\/www.ucaldas.edu.co\/portal\/wp-content\/uploads\/2021\/09\/mision.jpg 700w, https:\/\/www.ucaldas.edu.co\/portal\/wp-content\/uploads\/2021\/09\/mision-300x171.jpg 300w\" sizes=\"auto, (max-width: 700px) 100vw, 700px\" \/><\/p>\n<p>De acuerdo con el Ministerio de las Tecnolog\u00edas de la Informaci\u00f3n y las Comunicaciones (TIC), hasta el pr\u00f3ximo 21 de enero a las 11:59 p. m. estar\u00e1n abiertas \u00a0las inscripciones para participar en Misi\u00f3n TIC, programa de\u00a0 formaci\u00f3n virtual y gratuita del que hace parte la Universidad de Caldas y otras 9 universidades del pa\u00eds acreditadas de alta calidad.<\/p>\n<p><!--more--><\/p>\n<p>En 2022, el Gobierno busca ampliar el n\u00famero de programadores y profesionales TIC en la econom\u00eda colombiana, adem\u00e1s de cerrar las brechas digitales. Para ello, cuenta con 50.000 cupos en esta convocatoria dirigida a estudiantes que est\u00e9n cursando 10 y 11 grado en colegios oficiales y privados y colombianos mayores de 15 a\u00f1os, con grado m\u00ednimo de bachiller.<\/p>\n<p>Requisitos generales:<\/p>\n<ul>\n<li>Tener nacionalidad colombiana.<\/li>\n<li>Tener las herramientas como computador y conectividad necesarias para la formaci\u00f3n. Es preciso mencionar, que ni MinTic ni el operador de formaci\u00f3n proporcionar\u00e1 ninguno de estos elementos.<\/li>\n<li>Registrarse y diligenciar el formulario de inscripci\u00f3n.<\/li>\n<li>Diligenciar la totalidad de los campos solicitados en el formulario de inscripci\u00f3n, as\u00ed como adjuntar la documentaci\u00f3n requerida.<\/li>\n<li>Tener una cuenta propia y personal de correo electr\u00f3nico.<\/li>\n<li>Tener disponibilidad para el desarrollo de la formaci\u00f3n.<\/li>\n<li>Leer los requisitos de la convocatoria y asegurarse de cumplirlos en su totalidad.<\/li>\n<li>Estar atentos al calendario y resultados de la conformaci\u00f3n del banco de elegibles.<\/li>\n<li>Presentar la prueba de ingreso y superar el punto de corte que se establezca para ser admitido.<\/li>\n<\/ul>\n<p><strong>PARA DESTACAR:<\/strong><\/p>\n<p>Los interesados podr\u00e1n inscribirse en:<br \/>\n<a href=\"http:\/\/www.misiontic2022.gov.co\">www.misiontic2022.gov.co<\/a> \u00a0y\u00a0<a href=\"http:\/\/www.mintic.gov.co.\">http:\/\/www.mintic.gov.co.<\/a><strong>\u00a0<\/strong><\/p>\n<p><strong>Informes: <\/strong>Oficina de Comunicaciones y Prensa Universidad de Caldas.<br \/>\n<strong>Redacci\u00f3n:<\/strong> Adriana Salazar Villegas<\/p>\n<p>&nbsp;<\/p>\n","protected":false},"excerpt":{"rendered":"<p>&nbsp; De acuerdo con el Ministerio de las Tecnolog\u00edas de la Informaci\u00f3n y las Comunicaciones (TIC), hasta el pr\u00f3ximo 21 de enero a las 11:59 p. m. estar\u00e1n abiertas \u00a0las inscripciones para participar en Misi\u00f3n TIC, programa de\u00a0 formaci\u00f3n virtual y gratuita del que hace parte la Universidad de Caldas y otras 9 universidades del [&hellip;]<\/p>\n","protected":false},"author":2,"featured_media":64889,"comment_status":"closed","ping_status":"open","sticky":false,"template":"","format":"standard","meta":{"footnotes":""},"categories":[48,53,243],"tags":[141,187,350,3116,6749],"class_list":["post-67390","post","type-post","status-publish","format-standard","has-post-thumbnail","hentry","category-actualidad","category-universidad-al-dia","category-ucaldas-acreditada","tag-convocatoria","tag-vicerrectoria-de-proyeccion-universitaria","tag-formacion","tag-mintic","tag-programadores"],"yoast_head":"<!-- This site is optimized with the Yoast SEO plugin v27.4 - https:\/\/yoast.com\/product\/yoast-seo-wordpress\/ -->\n<title>Inscripciones para participar en el programa Misi\u00f3n Tic culminar\u00e1n el 21 de enero .<\/title>\n<meta name=\"robots\" content=\"index, follow, max-snippet:-1, max-image-preview:large, max-video-preview:-1\" \/>\n<link rel=\"canonical\" href=\"https:\/\/www.ucaldas.edu.co\/portal\/inscripciones-para-participar-en-el-programa-mision-tic-culminaran-el-21-de-enero\/\" \/>\n<script type=\"application\/ld+json\" class=\"yoast-schema-graph\">{\"@context\":\"https:\\\/\\\/schema.org\",\"@graph\":[{\"@type\":\"Article\",\"@id\":\"https:\\\/\\\/www.ucaldas.edu.co\\\/portal\\\/inscripciones-para-participar-en-el-programa-mision-tic-culminaran-el-21-de-enero\\\/#article\",\"isPartOf\":{\"@id\":\"https:\\\/\\\/www.ucaldas.edu.co\\\/portal\\\/inscripciones-para-participar-en-el-programa-mision-tic-culminaran-el-21-de-enero\\\/\"},\"author\":{\"name\":\"ofiprensa\",\"@id\":\"https:\\\/\\\/www.ucaldas.edu.co\\\/portal\\\/#\\\/schema\\\/person\\\/a1b482e23449158b4bc319926c074fdf\"},\"headline\":\"Inscripciones para participar en el programa Misi\u00f3n Tic culminar\u00e1n el 21 de enero\",\"datePublished\":\"2022-01-13T23:13:47+00:00\",\"dateModified\":\"2022-01-14T12:08:49+00:00\",\"mainEntityOfPage\":{\"@id\":\"https:\\\/\\\/www.ucaldas.edu.co\\\/portal\\\/inscripciones-para-participar-en-el-programa-mision-tic-culminaran-el-21-de-enero\\\/\"},\"wordCount\":295,\"publisher\":{\"@id\":\"https:\\\/\\\/www.ucaldas.edu.co\\\/portal\\\/#organization\"},\"image\":{\"@id\":\"https:\\\/\\\/www.ucaldas.edu.co\\\/portal\\\/inscripciones-para-participar-en-el-programa-mision-tic-culminaran-el-21-de-enero\\\/#primaryimage\"},\"thumbnailUrl\":\"https:\\\/\\\/www.ucaldas.edu.co\\\/portal\\\/wp-content\\\/uploads\\\/2021\\\/09\\\/mision.jpg\",\"keywords\":[\"Convocatoria\",\"vicerrector\u00eda de Proyecci\u00f3n Universitaria\",\"formaci\u00f3n\",\"MinTic\",\"programadores\"],\"articleSection\":[\"Actualidad\",\"Universidad al D\u00eda\",\"Ucaldas Acreditada\"],\"inLanguage\":\"es\"},{\"@type\":\"WebPage\",\"@id\":\"https:\\\/\\\/www.ucaldas.edu.co\\\/portal\\\/inscripciones-para-participar-en-el-programa-mision-tic-culminaran-el-21-de-enero\\\/\",\"url\":\"https:\\\/\\\/www.ucaldas.edu.co\\\/portal\\\/inscripciones-para-participar-en-el-programa-mision-tic-culminaran-el-21-de-enero\\\/\",\"name\":\"Inscripciones para participar en el programa Misi\u00f3n Tic culminar\u00e1n el 21 de enero .\",\"isPartOf\":{\"@id\":\"https:\\\/\\\/www.ucaldas.edu.co\\\/portal\\\/#website\"},\"primaryImageOfPage\":{\"@id\":\"https:\\\/\\\/www.ucaldas.edu.co\\\/portal\\\/inscripciones-para-participar-en-el-programa-mision-tic-culminaran-el-21-de-enero\\\/#primaryimage\"},\"image\":{\"@id\":\"https:\\\/\\\/www.ucaldas.edu.co\\\/portal\\\/inscripciones-para-participar-en-el-programa-mision-tic-culminaran-el-21-de-enero\\\/#primaryimage\"},\"thumbnailUrl\":\"https:\\\/\\\/www.ucaldas.edu.co\\\/portal\\\/wp-content\\\/uploads\\\/2021\\\/09\\\/mision.jpg\",\"datePublished\":\"2022-01-13T23:13:47+00:00\",\"dateModified\":\"2022-01-14T12:08:49+00:00\",\"breadcrumb\":{\"@id\":\"https:\\\/\\\/www.ucaldas.edu.co\\\/portal\\\/inscripciones-para-participar-en-el-programa-mision-tic-culminaran-el-21-de-enero\\\/#breadcrumb\"},\"inLanguage\":\"es\",\"potentialAction\":[{\"@type\":\"ReadAction\",\"target\":[\"https:\\\/\\\/www.ucaldas.edu.co\\\/portal\\\/inscripciones-para-participar-en-el-programa-mision-tic-culminaran-el-21-de-enero\\\/\"]}]},{\"@type\":\"ImageObject\",\"inLanguage\":\"es\",\"@id\":\"https:\\\/\\\/www.ucaldas.edu.co\\\/portal\\\/inscripciones-para-participar-en-el-programa-mision-tic-culminaran-el-21-de-enero\\\/#primaryimage\",\"url\":\"https:\\\/\\\/www.ucaldas.edu.co\\\/portal\\\/wp-content\\\/uploads\\\/2021\\\/09\\\/mision.jpg\",\"contentUrl\":\"https:\\\/\\\/www.ucaldas.edu.co\\\/portal\\\/wp-content\\\/uploads\\\/2021\\\/09\\\/mision.jpg\",\"width\":700,\"height\":400,\"caption\":\"Proyecto Misi\u00f3n TIC\"},{\"@type\":\"BreadcrumbList\",\"@id\":\"https:\\\/\\\/www.ucaldas.edu.co\\\/portal\\\/inscripciones-para-participar-en-el-programa-mision-tic-culminaran-el-21-de-enero\\\/#breadcrumb\",\"itemListElement\":[{\"@type\":\"ListItem\",\"position\":1,\"name\":\"Portada\",\"item\":\"https:\\\/\\\/www.ucaldas.edu.co\\\/portal\\\/\"},{\"@type\":\"ListItem\",\"position\":2,\"name\":\"Inscripciones para participar en el programa Misi\u00f3n Tic culminar\u00e1n el 21 de enero\"}]},{\"@type\":\"WebSite\",\"@id\":\"https:\\\/\\\/www.ucaldas.edu.co\\\/portal\\\/#website\",\"url\":\"https:\\\/\\\/www.ucaldas.edu.co\\\/portal\\\/\",\"name\":\"Universidad de Caldas\",\"description\":\"\",\"publisher\":{\"@id\":\"https:\\\/\\\/www.ucaldas.edu.co\\\/portal\\\/#organization\"},\"alternateName\":\"U. de Caldas\",\"potentialAction\":[{\"@type\":\"SearchAction\",\"target\":{\"@type\":\"EntryPoint\",\"urlTemplate\":\"https:\\\/\\\/www.ucaldas.edu.co\\\/portal\\\/?s={search_term_string}\"},\"query-input\":{\"@type\":\"PropertyValueSpecification\",\"valueRequired\":true,\"valueName\":\"search_term_string\"}}],\"inLanguage\":\"es\"},{\"@type\":\"Organization\",\"@id\":\"https:\\\/\\\/www.ucaldas.edu.co\\\/portal\\\/#organization\",\"name\":\"Universidad de Caldas\",\"alternateName\":\"U. de Caldas\",\"url\":\"https:\\\/\\\/www.ucaldas.edu.co\\\/portal\\\/\",\"logo\":{\"@type\":\"ImageObject\",\"inLanguage\":\"es\",\"@id\":\"https:\\\/\\\/www.ucaldas.edu.co\\\/portal\\\/#\\\/schema\\\/logo\\\/image\\\/\",\"url\":\"https:\\\/\\\/www.ucaldas.edu.co\\\/portal\\\/wp-content\\\/uploads\\\/2023\\\/11\\\/Logo_horizontal_oscuroU-2023.png\",\"contentUrl\":\"https:\\\/\\\/www.ucaldas.edu.co\\\/portal\\\/wp-content\\\/uploads\\\/2023\\\/11\\\/Logo_horizontal_oscuroU-2023.png\",\"width\":263,\"height\":101,\"caption\":\"Universidad de Caldas\"},\"image\":{\"@id\":\"https:\\\/\\\/www.ucaldas.edu.co\\\/portal\\\/#\\\/schema\\\/logo\\\/image\\\/\"},\"sameAs\":[\"https:\\\/\\\/www.facebook.com\\\/udecaldas\",\"https:\\\/\\\/x.com\\\/udecaldas\",\"https:\\\/\\\/www.youtube.com\\\/universidadcaldas\",\"https:\\\/\\\/www.instagram.com\\\/udecaldas\\\/\"]},{\"@type\":\"Person\",\"@id\":\"https:\\\/\\\/www.ucaldas.edu.co\\\/portal\\\/#\\\/schema\\\/person\\\/a1b482e23449158b4bc319926c074fdf\",\"name\":\"ofiprensa\",\"image\":{\"@type\":\"ImageObject\",\"inLanguage\":\"es\",\"@id\":\"https:\\\/\\\/www.ucaldas.edu.co\\\/portal\\\/wp-content\\\/litespeed\\\/avatar\\\/09ea5085e600095a7a811142c6944527.jpg?ver=1776892805\",\"url\":\"https:\\\/\\\/www.ucaldas.edu.co\\\/portal\\\/wp-content\\\/litespeed\\\/avatar\\\/09ea5085e600095a7a811142c6944527.jpg?ver=1776892805\",\"contentUrl\":\"https:\\\/\\\/www.ucaldas.edu.co\\\/portal\\\/wp-content\\\/litespeed\\\/avatar\\\/09ea5085e600095a7a811142c6944527.jpg?ver=1776892805\",\"caption\":\"ofiprensa\"},\"url\":\"https:\\\/\\\/www.ucaldas.edu.co\\\/portal\\\/author\\\/ofiprensa\\\/\"}]}<\/script>\n<!-- \/ Yoast SEO plugin. -->","yoast_head_json":{"title":"Inscripciones para participar en el programa Misi\u00f3n Tic culminar\u00e1n el 21 de enero .","robots":{"index":"index","follow":"follow","max-snippet":"max-snippet:-1","max-image-preview":"max-image-preview:large","max-video-preview":"max-video-preview:-1"},"canonical":"https:\/\/www.ucaldas.edu.co\/portal\/inscripciones-para-participar-en-el-programa-mision-tic-culminaran-el-21-de-enero\/","schema":{"@context":"https:\/\/schema.org","@graph":[{"@type":"Article","@id":"https:\/\/www.ucaldas.edu.co\/portal\/inscripciones-para-participar-en-el-programa-mision-tic-culminaran-el-21-de-enero\/#article","isPartOf":{"@id":"https:\/\/www.ucaldas.edu.co\/portal\/inscripciones-para-participar-en-el-programa-mision-tic-culminaran-el-21-de-enero\/"},"author":{"name":"ofiprensa","@id":"https:\/\/www.ucaldas.edu.co\/portal\/#\/schema\/person\/a1b482e23449158b4bc319926c074fdf"},"headline":"Inscripciones para participar en el programa Misi\u00f3n Tic culminar\u00e1n el 21 de enero","datePublished":"2022-01-13T23:13:47+00:00","dateModified":"2022-01-14T12:08:49+00:00","mainEntityOfPage":{"@id":"https:\/\/www.ucaldas.edu.co\/portal\/inscripciones-para-participar-en-el-programa-mision-tic-culminaran-el-21-de-enero\/"},"wordCount":295,"publisher":{"@id":"https:\/\/www.ucaldas.edu.co\/portal\/#organization"},"image":{"@id":"https:\/\/www.ucaldas.edu.co\/portal\/inscripciones-para-participar-en-el-programa-mision-tic-culminaran-el-21-de-enero\/#primaryimage"},"thumbnailUrl":"https:\/\/www.ucaldas.edu.co\/portal\/wp-content\/uploads\/2021\/09\/mision.jpg","keywords":["Convocatoria","vicerrector\u00eda de Proyecci\u00f3n Universitaria","formaci\u00f3n","MinTic","programadores"],"articleSection":["Actualidad","Universidad al D\u00eda","Ucaldas Acreditada"],"inLanguage":"es"},{"@type":"WebPage","@id":"https:\/\/www.ucaldas.edu.co\/portal\/inscripciones-para-participar-en-el-programa-mision-tic-culminaran-el-21-de-enero\/","url":"https:\/\/www.ucaldas.edu.co\/portal\/inscripciones-para-participar-en-el-programa-mision-tic-culminaran-el-21-de-enero\/","name":"Inscripciones para participar en el programa Misi\u00f3n Tic culminar\u00e1n el 21 de enero .","isPartOf":{"@id":"https:\/\/www.ucaldas.edu.co\/portal\/#website"},"primaryImageOfPage":{"@id":"https:\/\/www.ucaldas.edu.co\/portal\/inscripciones-para-participar-en-el-programa-mision-tic-culminaran-el-21-de-enero\/#primaryimage"},"image":{"@id":"https:\/\/www.ucaldas.edu.co\/portal\/inscripciones-para-participar-en-el-programa-mision-tic-culminaran-el-21-de-enero\/#primaryimage"},"thumbnailUrl":"https:\/\/www.ucaldas.edu.co\/portal\/wp-content\/uploads\/2021\/09\/mision.jpg","datePublished":"2022-01-13T23:13:47+00:00","dateModified":"2022-01-14T12:08:49+00:00","breadcrumb":{"@id":"https:\/\/www.ucaldas.edu.co\/portal\/inscripciones-para-participar-en-el-programa-mision-tic-culminaran-el-21-de-enero\/#breadcrumb"},"inLanguage":"es","potentialAction":[{"@type":"ReadAction","target":["https:\/\/www.ucaldas.edu.co\/portal\/inscripciones-para-participar-en-el-programa-mision-tic-culminaran-el-21-de-enero\/"]}]},{"@type":"ImageObject","inLanguage":"es","@id":"https:\/\/www.ucaldas.edu.co\/portal\/inscripciones-para-participar-en-el-programa-mision-tic-culminaran-el-21-de-enero\/#primaryimage","url":"https:\/\/www.ucaldas.edu.co\/portal\/wp-content\/uploads\/2021\/09\/mision.jpg","contentUrl":"https:\/\/www.ucaldas.edu.co\/portal\/wp-content\/uploads\/2021\/09\/mision.jpg","width":700,"height":400,"caption":"Proyecto Misi\u00f3n TIC"},{"@type":"BreadcrumbList","@id":"https:\/\/www.ucaldas.edu.co\/portal\/inscripciones-para-participar-en-el-programa-mision-tic-culminaran-el-21-de-enero\/#breadcrumb","itemListElement":[{"@type":"ListItem","position":1,"name":"Portada","item":"https:\/\/www.ucaldas.edu.co\/portal\/"},{"@type":"ListItem","position":2,"name":"Inscripciones para participar en el programa Misi\u00f3n Tic culminar\u00e1n el 21 de enero"}]},{"@type":"WebSite","@id":"https:\/\/www.ucaldas.edu.co\/portal\/#website","url":"https:\/\/www.ucaldas.edu.co\/portal\/","name":"Universidad de Caldas","description":"","publisher":{"@id":"https:\/\/www.ucaldas.edu.co\/portal\/#organization"},"alternateName":"U. de Caldas","potentialAction":[{"@type":"SearchAction","target":{"@type":"EntryPoint","urlTemplate":"https:\/\/www.ucaldas.edu.co\/portal\/?s={search_term_string}"},"query-input":{"@type":"PropertyValueSpecification","valueRequired":true,"valueName":"search_term_string"}}],"inLanguage":"es"},{"@type":"Organization","@id":"https:\/\/www.ucaldas.edu.co\/portal\/#organization","name":"Universidad de Caldas","alternateName":"U. de Caldas","url":"https:\/\/www.ucaldas.edu.co\/portal\/","logo":{"@type":"ImageObject","inLanguage":"es","@id":"https:\/\/www.ucaldas.edu.co\/portal\/#\/schema\/logo\/image\/","url":"https:\/\/www.ucaldas.edu.co\/portal\/wp-content\/uploads\/2023\/11\/Logo_horizontal_oscuroU-2023.png","contentUrl":"https:\/\/www.ucaldas.edu.co\/portal\/wp-content\/uploads\/2023\/11\/Logo_horizontal_oscuroU-2023.png","width":263,"height":101,"caption":"Universidad de Caldas"},"image":{"@id":"https:\/\/www.ucaldas.edu.co\/portal\/#\/schema\/logo\/image\/"},"sameAs":["https:\/\/www.facebook.com\/udecaldas","https:\/\/x.com\/udecaldas","https:\/\/www.youtube.com\/universidadcaldas","https:\/\/www.instagram.com\/udecaldas\/"]},{"@type":"Person","@id":"https:\/\/www.ucaldas.edu.co\/portal\/#\/schema\/person\/a1b482e23449158b4bc319926c074fdf","name":"ofiprensa","image":{"@type":"ImageObject","inLanguage":"es","@id":"https:\/\/www.ucaldas.edu.co\/portal\/wp-content\/litespeed\/avatar\/09ea5085e600095a7a811142c6944527.jpg?ver=1776892805","url":"https:\/\/www.ucaldas.edu.co\/portal\/wp-content\/litespeed\/avatar\/09ea5085e600095a7a811142c6944527.jpg?ver=1776892805","contentUrl":"https:\/\/www.ucaldas.edu.co\/portal\/wp-content\/litespeed\/avatar\/09ea5085e600095a7a811142c6944527.jpg?ver=1776892805","caption":"ofiprensa"},"url":"https:\/\/www.ucaldas.edu.co\/portal\/author\/ofiprensa\/"}]}},"_links":{"self":[{"href":"https:\/\/www.ucaldas.edu.co\/portal\/wp-json\/wp\/v2\/posts\/67390","targetHints":{"allow":["GET"]}}],"collection":[{"href":"https:\/\/www.ucaldas.edu.co\/portal\/wp-json\/wp\/v2\/posts"}],"about":[{"href":"https:\/\/www.ucaldas.edu.co\/portal\/wp-json\/wp\/v2\/types\/post"}],"author":[{"embeddable":true,"href":"https:\/\/www.ucaldas.edu.co\/portal\/wp-json\/wp\/v2\/users\/2"}],"replies":[{"embeddable":true,"href":"https:\/\/www.ucaldas.edu.co\/portal\/wp-json\/wp\/v2\/comments?post=67390"}],"version-history":[{"count":0,"href":"https:\/\/www.ucaldas.edu.co\/portal\/wp-json\/wp\/v2\/posts\/67390\/revisions"}],"wp:featuredmedia":[{"embeddable":true,"href":"https:\/\/www.ucaldas.edu.co\/portal\/wp-json\/wp\/v2\/media\/64889"}],"wp:attachment":[{"href":"https:\/\/www.ucaldas.edu.co\/portal\/wp-json\/wp\/v2\/media?parent=67390"}],"wp:term":[{"taxonomy":"category","embeddable":true,"href":"https:\/\/www.ucaldas.edu.co\/portal\/wp-json\/wp\/v2\/categories?post=67390"},{"taxonomy":"post_tag","embeddable":true,"href":"https:\/\/www.ucaldas.edu.co\/portal\/wp-json\/wp\/v2\/tags?post=67390"}],"curies":[{"name":"wp","href":"https:\/\/api.w.org\/{rel}","templated":true}]}}