{"id":67268,"date":"2021-12-17T17:04:11","date_gmt":"2021-12-17T17:04:11","guid":{"rendered":"https:\/\/www.ucaldas.edu.co\/portal\/?p=67268"},"modified":"2021-12-17T17:04:11","modified_gmt":"2021-12-17T17:04:11","slug":"abierta-convocatoria-para-acceso-a-educacion-superior-a-pueblos-gitanos","status":"publish","type":"post","link":"https:\/\/www.ucaldas.edu.co\/portal\/abierta-convocatoria-para-acceso-a-educacion-superior-a-pueblos-gitanos\/","title":{"rendered":"Abierta convocatoria para acceso a educaci\u00f3n superior a pueblos gitanos\u00a0"},"content":{"rendered":"<p style=\"text-align: center;\"><strong>\u00a0<\/strong>HASTA EL 15 DE FEBRERO DE 2022<br \/>\nABIERTAS LAS INSCRIPCIONES AL FONDO PARA POBLACI\u00d3N RROM &#8211; ICETEX<br \/>\n<strong>Abierta convocatoria para acceso a educaci\u00f3n superior a pueblos gitanos\u00a0 <\/strong><\/p>\n<p style=\"text-align: right;\">16\/12\/2021<\/p>\n<p style=\"text-align: center;\"><img loading=\"lazy\" decoding=\"async\" class=\"alignnone size-medium wp-image-67269\" src=\"https:\/\/www.ucaldas.edu.co\/portal\/wp-content\/uploads\/2021\/12\/Diseno-sin-titulo-7-300x171.jpg\" alt=\"\" width=\"300\" height=\"171\" srcset=\"https:\/\/www.ucaldas.edu.co\/portal\/wp-content\/uploads\/2021\/12\/Diseno-sin-titulo-7-300x171.jpg 300w, https:\/\/www.ucaldas.edu.co\/portal\/wp-content\/uploads\/2021\/12\/Diseno-sin-titulo-7.jpg 700w\" sizes=\"auto, (max-width: 300px) 100vw, 300px\" \/><\/p>\n<p>Hasta el 15 de febrero de 2022 estar\u00e1 abierta la convocatoria del ICETEX \u00a0para que los miembros de la poblaci\u00f3n RROM \u00a0accedan a cr\u00e9dito condonable, es decir, no reembolsable, para estudiar su pregrado (programas t\u00e9cnicos, tecnol\u00f3gicos o universitarios).<\/p>\n<p><!--more--><\/p>\n<p>La oferta est\u00e1 dirigida a personas colombianas, miembros del pueblo RROM registrados en diferentes \u201cKUMPA\u00d1Y\u201d, que se encuentren en el registro censal oficial del Ministerio del Interior remitido por dicho Ministerio para validaci\u00f3n de la presente convocatoria.<\/p>\n<p>El programa brinda el beneficio de condonaci\u00f3n total del cr\u00e9dito y se otorgar\u00e1 a los j\u00f3venes que se grad\u00faen de su programa de pregrado y certifiquen la realizaci\u00f3n de un proyecto social relacionado con el programa acad\u00e9mico seleccionado que impacte a la respectiva KUMPA\u00d1Y, del cual deber\u00e1 presentar informes semestrales para la renovaci\u00f3n del cr\u00e9dito ante el Ministerio de Educaci\u00f3n Nacional.<\/p>\n<p>Los interesados deben haber presentado sus pruebas saber 11 pro y estar admitido o en proceso de admisi\u00f3n en una Instituci\u00f3n de educaci\u00f3n superior reconocida por el Ministerio de Educaci\u00f3n Nacional para cursar un programa acad\u00e9mico de pregrado tal como lo establece el art\u00edculo tercero del reglamento de la convocatoria.<\/p>\n<p>&nbsp;<\/p>\n<table style=\"width: 704px;\">\n<tbody>\n<tr>\n<td style=\"width: 694px;\"><strong>PARA DESTACAR:<\/strong><\/p>\n<p>En esta oportunidad habr\u00e1 3 cortes diferentes de publicaci\u00f3n de resultados y legalizaci\u00f3n de manera digital de los documentos y subsanaci\u00f3n de los mismos hasta el 31 de marzo de 2022 para este cr\u00e9dito en la plataforma que ICETEX les informar\u00e1 por correo electr\u00f3nico.<\/td>\n<\/tr>\n<\/tbody>\n<\/table>\n<p>&nbsp;<\/p>\n<p>Conozca la convocatoria completa <strong><a href=\"https:\/\/web.icetex.gov.co\/es\/-\/atencion-a-poblacion-rrom\">aqu\u00ed<\/a><\/strong><\/p>\n<p><strong>\u00a0<\/strong><\/p>\n<p><strong>Informes: <\/strong>Oficina de Comunicaciones y Prensa Universidad de Caldas.<\/p>\n<p><strong>Redacci\u00f3n:<\/strong> Adriana Salazar Villegas *con informaci\u00f3n del Icetex<\/p>\n<p>&nbsp;<\/p>\n","protected":false},"excerpt":{"rendered":"<p>\u00a0HASTA EL 15 DE FEBRERO DE 2022 ABIERTAS LAS INSCRIPCIONES AL FONDO PARA POBLACI\u00d3N RROM &#8211; ICETEX Abierta convocatoria para acceso a educaci\u00f3n superior a pueblos gitanos\u00a0 16\/12\/2021 Hasta el 15 de febrero de 2022 estar\u00e1 abierta la convocatoria del ICETEX \u00a0para que los miembros de la poblaci\u00f3n RROM \u00a0accedan a cr\u00e9dito condonable, es decir, [&hellip;]<\/p>\n","protected":false},"author":2,"featured_media":67269,"comment_status":"closed","ping_status":"open","sticky":false,"template":"","format":"standard","meta":{"footnotes":""},"categories":[48,53],"tags":[141,351,406,7739],"class_list":["post-67268","post","type-post","status-publish","format-standard","has-post-thumbnail","hentry","category-actualidad","category-universidad-al-dia","tag-convocatoria","tag-icetex","tag-credito","tag-rrom"],"yoast_head":"<!-- This site is optimized with the Yoast SEO plugin v27.5 - https:\/\/yoast.com\/product\/yoast-seo-wordpress\/ -->\n<title>Abierta convocatoria para acceso a educaci\u00f3n superior a pueblos gitanos\u00a0 .<\/title>\n<meta name=\"robots\" content=\"index, follow, max-snippet:-1, max-image-preview:large, max-video-preview:-1\" \/>\n<link rel=\"canonical\" href=\"https:\/\/www.ucaldas.edu.co\/portal\/abierta-convocatoria-para-acceso-a-educacion-superior-a-pueblos-gitanos\/\" \/>\n<script type=\"application\/ld+json\" class=\"yoast-schema-graph\">{\"@context\":\"https:\\\/\\\/schema.org\",\"@graph\":[{\"@type\":\"Article\",\"@id\":\"https:\\\/\\\/www.ucaldas.edu.co\\\/portal\\\/abierta-convocatoria-para-acceso-a-educacion-superior-a-pueblos-gitanos\\\/#article\",\"isPartOf\":{\"@id\":\"https:\\\/\\\/www.ucaldas.edu.co\\\/portal\\\/abierta-convocatoria-para-acceso-a-educacion-superior-a-pueblos-gitanos\\\/\"},\"author\":{\"name\":\"ofiprensa\",\"@id\":\"https:\\\/\\\/www.ucaldas.edu.co\\\/portal\\\/#\\\/schema\\\/person\\\/a1b482e23449158b4bc319926c074fdf\"},\"headline\":\"Abierta convocatoria para acceso a educaci\u00f3n superior a pueblos gitanos\u00a0\",\"datePublished\":\"2021-12-17T17:04:11+00:00\",\"mainEntityOfPage\":{\"@id\":\"https:\\\/\\\/www.ucaldas.edu.co\\\/portal\\\/abierta-convocatoria-para-acceso-a-educacion-superior-a-pueblos-gitanos\\\/\"},\"wordCount\":318,\"publisher\":{\"@id\":\"https:\\\/\\\/www.ucaldas.edu.co\\\/portal\\\/#organization\"},\"image\":{\"@id\":\"https:\\\/\\\/www.ucaldas.edu.co\\\/portal\\\/abierta-convocatoria-para-acceso-a-educacion-superior-a-pueblos-gitanos\\\/#primaryimage\"},\"thumbnailUrl\":\"https:\\\/\\\/www.ucaldas.edu.co\\\/portal\\\/wp-content\\\/uploads\\\/2021\\\/12\\\/Diseno-sin-titulo-7.jpg\",\"keywords\":[\"Convocatoria\",\"Icetex\",\"cr\u00e9dito\",\"RROM\"],\"articleSection\":[\"Actualidad\",\"Universidad al D\u00eda\"],\"inLanguage\":\"es\"},{\"@type\":\"WebPage\",\"@id\":\"https:\\\/\\\/www.ucaldas.edu.co\\\/portal\\\/abierta-convocatoria-para-acceso-a-educacion-superior-a-pueblos-gitanos\\\/\",\"url\":\"https:\\\/\\\/www.ucaldas.edu.co\\\/portal\\\/abierta-convocatoria-para-acceso-a-educacion-superior-a-pueblos-gitanos\\\/\",\"name\":\"Abierta convocatoria para acceso a educaci\u00f3n superior a pueblos gitanos\u00a0 .\",\"isPartOf\":{\"@id\":\"https:\\\/\\\/www.ucaldas.edu.co\\\/portal\\\/#website\"},\"primaryImageOfPage\":{\"@id\":\"https:\\\/\\\/www.ucaldas.edu.co\\\/portal\\\/abierta-convocatoria-para-acceso-a-educacion-superior-a-pueblos-gitanos\\\/#primaryimage\"},\"image\":{\"@id\":\"https:\\\/\\\/www.ucaldas.edu.co\\\/portal\\\/abierta-convocatoria-para-acceso-a-educacion-superior-a-pueblos-gitanos\\\/#primaryimage\"},\"thumbnailUrl\":\"https:\\\/\\\/www.ucaldas.edu.co\\\/portal\\\/wp-content\\\/uploads\\\/2021\\\/12\\\/Diseno-sin-titulo-7.jpg\",\"datePublished\":\"2021-12-17T17:04:11+00:00\",\"breadcrumb\":{\"@id\":\"https:\\\/\\\/www.ucaldas.edu.co\\\/portal\\\/abierta-convocatoria-para-acceso-a-educacion-superior-a-pueblos-gitanos\\\/#breadcrumb\"},\"inLanguage\":\"es\",\"potentialAction\":[{\"@type\":\"ReadAction\",\"target\":[\"https:\\\/\\\/www.ucaldas.edu.co\\\/portal\\\/abierta-convocatoria-para-acceso-a-educacion-superior-a-pueblos-gitanos\\\/\"]}]},{\"@type\":\"ImageObject\",\"inLanguage\":\"es\",\"@id\":\"https:\\\/\\\/www.ucaldas.edu.co\\\/portal\\\/abierta-convocatoria-para-acceso-a-educacion-superior-a-pueblos-gitanos\\\/#primaryimage\",\"url\":\"https:\\\/\\\/www.ucaldas.edu.co\\\/portal\\\/wp-content\\\/uploads\\\/2021\\\/12\\\/Diseno-sin-titulo-7.jpg\",\"contentUrl\":\"https:\\\/\\\/www.ucaldas.edu.co\\\/portal\\\/wp-content\\\/uploads\\\/2021\\\/12\\\/Diseno-sin-titulo-7.jpg\",\"width\":700,\"height\":400},{\"@type\":\"BreadcrumbList\",\"@id\":\"https:\\\/\\\/www.ucaldas.edu.co\\\/portal\\\/abierta-convocatoria-para-acceso-a-educacion-superior-a-pueblos-gitanos\\\/#breadcrumb\",\"itemListElement\":[{\"@type\":\"ListItem\",\"position\":1,\"name\":\"Portada\",\"item\":\"https:\\\/\\\/www.ucaldas.edu.co\\\/portal\\\/\"},{\"@type\":\"ListItem\",\"position\":2,\"name\":\"Abierta convocatoria para acceso a educaci\u00f3n superior a pueblos gitanos\u00a0\"}]},{\"@type\":\"WebSite\",\"@id\":\"https:\\\/\\\/www.ucaldas.edu.co\\\/portal\\\/#website\",\"url\":\"https:\\\/\\\/www.ucaldas.edu.co\\\/portal\\\/\",\"name\":\"Universidad de Caldas\",\"description\":\"\",\"publisher\":{\"@id\":\"https:\\\/\\\/www.ucaldas.edu.co\\\/portal\\\/#organization\"},\"alternateName\":\"U. de Caldas\",\"potentialAction\":[{\"@type\":\"SearchAction\",\"target\":{\"@type\":\"EntryPoint\",\"urlTemplate\":\"https:\\\/\\\/www.ucaldas.edu.co\\\/portal\\\/?s={search_term_string}\"},\"query-input\":{\"@type\":\"PropertyValueSpecification\",\"valueRequired\":true,\"valueName\":\"search_term_string\"}}],\"inLanguage\":\"es\"},{\"@type\":\"Organization\",\"@id\":\"https:\\\/\\\/www.ucaldas.edu.co\\\/portal\\\/#organization\",\"name\":\"Universidad de Caldas\",\"alternateName\":\"U. de Caldas\",\"url\":\"https:\\\/\\\/www.ucaldas.edu.co\\\/portal\\\/\",\"logo\":{\"@type\":\"ImageObject\",\"inLanguage\":\"es\",\"@id\":\"https:\\\/\\\/www.ucaldas.edu.co\\\/portal\\\/#\\\/schema\\\/logo\\\/image\\\/\",\"url\":\"https:\\\/\\\/www.ucaldas.edu.co\\\/portal\\\/wp-content\\\/uploads\\\/2023\\\/11\\\/Logo_horizontal_oscuroU-2023.png\",\"contentUrl\":\"https:\\\/\\\/www.ucaldas.edu.co\\\/portal\\\/wp-content\\\/uploads\\\/2023\\\/11\\\/Logo_horizontal_oscuroU-2023.png\",\"width\":263,\"height\":101,\"caption\":\"Universidad de Caldas\"},\"image\":{\"@id\":\"https:\\\/\\\/www.ucaldas.edu.co\\\/portal\\\/#\\\/schema\\\/logo\\\/image\\\/\"},\"sameAs\":[\"https:\\\/\\\/www.facebook.com\\\/udecaldas\",\"https:\\\/\\\/x.com\\\/udecaldas\",\"https:\\\/\\\/www.youtube.com\\\/universidadcaldas\",\"https:\\\/\\\/www.instagram.com\\\/udecaldas\\\/\"]},{\"@type\":\"Person\",\"@id\":\"https:\\\/\\\/www.ucaldas.edu.co\\\/portal\\\/#\\\/schema\\\/person\\\/a1b482e23449158b4bc319926c074fdf\",\"name\":\"ofiprensa\",\"image\":{\"@type\":\"ImageObject\",\"inLanguage\":\"es\",\"@id\":\"https:\\\/\\\/www.ucaldas.edu.co\\\/portal\\\/wp-content\\\/litespeed\\\/avatar\\\/09ea5085e600095a7a811142c6944527.jpg?ver=1777497608\",\"url\":\"https:\\\/\\\/www.ucaldas.edu.co\\\/portal\\\/wp-content\\\/litespeed\\\/avatar\\\/09ea5085e600095a7a811142c6944527.jpg?ver=1777497608\",\"contentUrl\":\"https:\\\/\\\/www.ucaldas.edu.co\\\/portal\\\/wp-content\\\/litespeed\\\/avatar\\\/09ea5085e600095a7a811142c6944527.jpg?ver=1777497608\",\"caption\":\"ofiprensa\"},\"url\":\"https:\\\/\\\/www.ucaldas.edu.co\\\/portal\\\/author\\\/ofiprensa\\\/\"}]}<\/script>\n<!-- \/ Yoast SEO plugin. -->","yoast_head_json":{"title":"Abierta convocatoria para acceso a educaci\u00f3n superior a pueblos gitanos\u00a0 .","robots":{"index":"index","follow":"follow","max-snippet":"max-snippet:-1","max-image-preview":"max-image-preview:large","max-video-preview":"max-video-preview:-1"},"canonical":"https:\/\/www.ucaldas.edu.co\/portal\/abierta-convocatoria-para-acceso-a-educacion-superior-a-pueblos-gitanos\/","schema":{"@context":"https:\/\/schema.org","@graph":[{"@type":"Article","@id":"https:\/\/www.ucaldas.edu.co\/portal\/abierta-convocatoria-para-acceso-a-educacion-superior-a-pueblos-gitanos\/#article","isPartOf":{"@id":"https:\/\/www.ucaldas.edu.co\/portal\/abierta-convocatoria-para-acceso-a-educacion-superior-a-pueblos-gitanos\/"},"author":{"name":"ofiprensa","@id":"https:\/\/www.ucaldas.edu.co\/portal\/#\/schema\/person\/a1b482e23449158b4bc319926c074fdf"},"headline":"Abierta convocatoria para acceso a educaci\u00f3n superior a pueblos gitanos\u00a0","datePublished":"2021-12-17T17:04:11+00:00","mainEntityOfPage":{"@id":"https:\/\/www.ucaldas.edu.co\/portal\/abierta-convocatoria-para-acceso-a-educacion-superior-a-pueblos-gitanos\/"},"wordCount":318,"publisher":{"@id":"https:\/\/www.ucaldas.edu.co\/portal\/#organization"},"image":{"@id":"https:\/\/www.ucaldas.edu.co\/portal\/abierta-convocatoria-para-acceso-a-educacion-superior-a-pueblos-gitanos\/#primaryimage"},"thumbnailUrl":"https:\/\/www.ucaldas.edu.co\/portal\/wp-content\/uploads\/2021\/12\/Diseno-sin-titulo-7.jpg","keywords":["Convocatoria","Icetex","cr\u00e9dito","RROM"],"articleSection":["Actualidad","Universidad al D\u00eda"],"inLanguage":"es"},{"@type":"WebPage","@id":"https:\/\/www.ucaldas.edu.co\/portal\/abierta-convocatoria-para-acceso-a-educacion-superior-a-pueblos-gitanos\/","url":"https:\/\/www.ucaldas.edu.co\/portal\/abierta-convocatoria-para-acceso-a-educacion-superior-a-pueblos-gitanos\/","name":"Abierta convocatoria para acceso a educaci\u00f3n superior a pueblos gitanos\u00a0 .","isPartOf":{"@id":"https:\/\/www.ucaldas.edu.co\/portal\/#website"},"primaryImageOfPage":{"@id":"https:\/\/www.ucaldas.edu.co\/portal\/abierta-convocatoria-para-acceso-a-educacion-superior-a-pueblos-gitanos\/#primaryimage"},"image":{"@id":"https:\/\/www.ucaldas.edu.co\/portal\/abierta-convocatoria-para-acceso-a-educacion-superior-a-pueblos-gitanos\/#primaryimage"},"thumbnailUrl":"https:\/\/www.ucaldas.edu.co\/portal\/wp-content\/uploads\/2021\/12\/Diseno-sin-titulo-7.jpg","datePublished":"2021-12-17T17:04:11+00:00","breadcrumb":{"@id":"https:\/\/www.ucaldas.edu.co\/portal\/abierta-convocatoria-para-acceso-a-educacion-superior-a-pueblos-gitanos\/#breadcrumb"},"inLanguage":"es","potentialAction":[{"@type":"ReadAction","target":["https:\/\/www.ucaldas.edu.co\/portal\/abierta-convocatoria-para-acceso-a-educacion-superior-a-pueblos-gitanos\/"]}]},{"@type":"ImageObject","inLanguage":"es","@id":"https:\/\/www.ucaldas.edu.co\/portal\/abierta-convocatoria-para-acceso-a-educacion-superior-a-pueblos-gitanos\/#primaryimage","url":"https:\/\/www.ucaldas.edu.co\/portal\/wp-content\/uploads\/2021\/12\/Diseno-sin-titulo-7.jpg","contentUrl":"https:\/\/www.ucaldas.edu.co\/portal\/wp-content\/uploads\/2021\/12\/Diseno-sin-titulo-7.jpg","width":700,"height":400},{"@type":"BreadcrumbList","@id":"https:\/\/www.ucaldas.edu.co\/portal\/abierta-convocatoria-para-acceso-a-educacion-superior-a-pueblos-gitanos\/#breadcrumb","itemListElement":[{"@type":"ListItem","position":1,"name":"Portada","item":"https:\/\/www.ucaldas.edu.co\/portal\/"},{"@type":"ListItem","position":2,"name":"Abierta convocatoria para acceso a educaci\u00f3n superior a pueblos gitanos\u00a0"}]},{"@type":"WebSite","@id":"https:\/\/www.ucaldas.edu.co\/portal\/#website","url":"https:\/\/www.ucaldas.edu.co\/portal\/","name":"Universidad de Caldas","description":"","publisher":{"@id":"https:\/\/www.ucaldas.edu.co\/portal\/#organization"},"alternateName":"U. de Caldas","potentialAction":[{"@type":"SearchAction","target":{"@type":"EntryPoint","urlTemplate":"https:\/\/www.ucaldas.edu.co\/portal\/?s={search_term_string}"},"query-input":{"@type":"PropertyValueSpecification","valueRequired":true,"valueName":"search_term_string"}}],"inLanguage":"es"},{"@type":"Organization","@id":"https:\/\/www.ucaldas.edu.co\/portal\/#organization","name":"Universidad de Caldas","alternateName":"U. de Caldas","url":"https:\/\/www.ucaldas.edu.co\/portal\/","logo":{"@type":"ImageObject","inLanguage":"es","@id":"https:\/\/www.ucaldas.edu.co\/portal\/#\/schema\/logo\/image\/","url":"https:\/\/www.ucaldas.edu.co\/portal\/wp-content\/uploads\/2023\/11\/Logo_horizontal_oscuroU-2023.png","contentUrl":"https:\/\/www.ucaldas.edu.co\/portal\/wp-content\/uploads\/2023\/11\/Logo_horizontal_oscuroU-2023.png","width":263,"height":101,"caption":"Universidad de Caldas"},"image":{"@id":"https:\/\/www.ucaldas.edu.co\/portal\/#\/schema\/logo\/image\/"},"sameAs":["https:\/\/www.facebook.com\/udecaldas","https:\/\/x.com\/udecaldas","https:\/\/www.youtube.com\/universidadcaldas","https:\/\/www.instagram.com\/udecaldas\/"]},{"@type":"Person","@id":"https:\/\/www.ucaldas.edu.co\/portal\/#\/schema\/person\/a1b482e23449158b4bc319926c074fdf","name":"ofiprensa","image":{"@type":"ImageObject","inLanguage":"es","@id":"https:\/\/www.ucaldas.edu.co\/portal\/wp-content\/litespeed\/avatar\/09ea5085e600095a7a811142c6944527.jpg?ver=1777497608","url":"https:\/\/www.ucaldas.edu.co\/portal\/wp-content\/litespeed\/avatar\/09ea5085e600095a7a811142c6944527.jpg?ver=1777497608","contentUrl":"https:\/\/www.ucaldas.edu.co\/portal\/wp-content\/litespeed\/avatar\/09ea5085e600095a7a811142c6944527.jpg?ver=1777497608","caption":"ofiprensa"},"url":"https:\/\/www.ucaldas.edu.co\/portal\/author\/ofiprensa\/"}]}},"_links":{"self":[{"href":"https:\/\/www.ucaldas.edu.co\/portal\/wp-json\/wp\/v2\/posts\/67268","targetHints":{"allow":["GET"]}}],"collection":[{"href":"https:\/\/www.ucaldas.edu.co\/portal\/wp-json\/wp\/v2\/posts"}],"about":[{"href":"https:\/\/www.ucaldas.edu.co\/portal\/wp-json\/wp\/v2\/types\/post"}],"author":[{"embeddable":true,"href":"https:\/\/www.ucaldas.edu.co\/portal\/wp-json\/wp\/v2\/users\/2"}],"replies":[{"embeddable":true,"href":"https:\/\/www.ucaldas.edu.co\/portal\/wp-json\/wp\/v2\/comments?post=67268"}],"version-history":[{"count":0,"href":"https:\/\/www.ucaldas.edu.co\/portal\/wp-json\/wp\/v2\/posts\/67268\/revisions"}],"wp:featuredmedia":[{"embeddable":true,"href":"https:\/\/www.ucaldas.edu.co\/portal\/wp-json\/wp\/v2\/media\/67269"}],"wp:attachment":[{"href":"https:\/\/www.ucaldas.edu.co\/portal\/wp-json\/wp\/v2\/media?parent=67268"}],"wp:term":[{"taxonomy":"category","embeddable":true,"href":"https:\/\/www.ucaldas.edu.co\/portal\/wp-json\/wp\/v2\/categories?post=67268"},{"taxonomy":"post_tag","embeddable":true,"href":"https:\/\/www.ucaldas.edu.co\/portal\/wp-json\/wp\/v2\/tags?post=67268"}],"curies":[{"name":"wp","href":"https:\/\/api.w.org\/{rel}","templated":true}]}}