{"id":67093,"date":"2021-12-13T23:00:30","date_gmt":"2021-12-13T23:00:30","guid":{"rendered":"https:\/\/www.ucaldas.edu.co\/portal\/?p=67093"},"modified":"2021-12-13T23:00:30","modified_gmt":"2021-12-13T23:00:30","slug":"los-territorios-plurales-a-30-anos-de-la-constitucion-politica-de-colombia","status":"publish","type":"post","link":"https:\/\/www.ucaldas.edu.co\/portal\/los-territorios-plurales-a-30-anos-de-la-constitucion-politica-de-colombia\/","title":{"rendered":"Los territorios plurales a 30 a\u00f1os de la Constituci\u00f3n Pol\u00edtica de Colombia"},"content":{"rendered":"<p style=\"text-align: center;\">CICLO DE CONFERENCIAS MEMORIA, ESPACIO Y SOCIEDAD<br \/>\n<strong>Los territorios plurales a 30 a\u00f1os de la Constituci\u00f3n Pol\u00edtica de Colombia<\/strong><\/p>\n<p style=\"text-align: right;\">13\/12\/2021<\/p>\n<p><img loading=\"lazy\" decoding=\"async\" class=\"size-medium wp-image-67094 aligncenter\" src=\"https:\/\/www.ucaldas.edu.co\/portal\/wp-content\/uploads\/2021\/12\/memoria-espacio-y-sociedad-300x171.jpg\" alt=\"\" width=\"300\" height=\"171\" srcset=\"https:\/\/www.ucaldas.edu.co\/portal\/wp-content\/uploads\/2021\/12\/memoria-espacio-y-sociedad-300x171.jpg 300w, https:\/\/www.ucaldas.edu.co\/portal\/wp-content\/uploads\/2021\/12\/memoria-espacio-y-sociedad.jpg 700w\" sizes=\"auto, (max-width: 300px) 100vw, 300px\" \/><\/p>\n<p>Este jueves 16 de diciembre desde las 11:00 a.m. a trav\u00e9s de la plataforma Zoom, se realizar\u00e1 una nueva sesi\u00f3n del Ciclo de conferencias Memoria, Espacio y Sociedad, desarrollado por el doctorado en Estudios Territoriales y el Instituto de Investigaciones en Ciencias Sociales y Humanas ICSH.<\/p>\n<p><!--more--><\/p>\n<p>Para esta oportunidad la conferencia se denomina \u201cLos territorios plurales a 30 a\u00f1os de la Constituci\u00f3n Pol\u00edtica de Colombia\u201d, y estar\u00e1 a cargo del docente de la Universidad de C\u00e1diz en Espa\u00f1a, Carlos Vladimir Zambrano Rodr\u00edguez.<\/p>\n<p>Zambrano es coordinador de la Red Iberoamericana de Diversidad Cultural, Proyecto Atalaya Redic. Doctor en Antropolog\u00eda Social y Cultural y magister en Ciencias Pol\u00edticas. Actualmente es consultor de la Procuradur\u00eda General de la Naci\u00f3n, asesor del Ministerio de Cultura, y colaborador de la Corte Constitucional de Colombia en temas de diversidad cultural, \u00e9tnica y funcional.<\/p>\n<p>El Ciclo de conferencias es un espacio de celebraci\u00f3n por los 10 a\u00f1os del doctorado en Estudios Territoriales de la instituci\u00f3n, conmemorando adem\u00e1s los 30 a\u00f1os de la Constituci\u00f3n Pol\u00edtica de 1991 de Colombia.<\/p>\n<p><strong><a href=\"https:\/\/renata.zoom.us\/j\/%2082127558207\">Enlace de conexi\u00f3n.<\/a><\/strong><\/p>\n<p><strong>\u00a0<\/strong><\/p>\n<p><strong>Informes: <\/strong>Oficina de Comunicaciones y Prensa Universidad de Caldas.<\/p>\n<p><strong>Redacci\u00f3n:<\/strong> Mateo Buritic\u00e1 Giraldo<\/p>\n<p>&nbsp;<\/p>\n","protected":false},"excerpt":{"rendered":"<p>CICLO DE CONFERENCIAS MEMORIA, ESPACIO Y SOCIEDAD Los territorios plurales a 30 a\u00f1os de la Constituci\u00f3n Pol\u00edtica de Colombia 13\/12\/2021 Este jueves 16 de diciembre desde las 11:00 a.m. a trav\u00e9s de la plataforma Zoom, se realizar\u00e1 una nueva sesi\u00f3n del Ciclo de conferencias Memoria, Espacio y Sociedad, desarrollado por el doctorado en Estudios Territoriales [&hellip;]<\/p>\n","protected":false},"author":2,"featured_media":67094,"comment_status":"closed","ping_status":"open","sticky":false,"template":"","format":"standard","meta":{"footnotes":"","_members_access_role":[],"_members_access_error":""},"categories":[48,53,62],"tags":[217,2267,6178],"class_list":["post-67093","post","type-post","status-publish","format-standard","has-post-thumbnail","hentry","category-actualidad","category-universidad-al-dia","category-eventos","tag-ciclo-de-conferencias","tag-estudios-territoriales","tag-memoria-espacio-y-sociedad"],"yoast_head":"<!-- This site is optimized with the Yoast SEO plugin v28.3 - https:\/\/yoast.com\/product\/yoast-seo-wordpress\/ -->\n<title>Los territorios plurales a 30 a\u00f1os de la Constituci\u00f3n Pol\u00edtica de Colombia .<\/title>\n<meta name=\"robots\" content=\"index, follow, max-snippet:-1, max-image-preview:large, max-video-preview:-1\" \/>\n<link rel=\"canonical\" href=\"https:\/\/www.ucaldas.edu.co\/portal\/los-territorios-plurales-a-30-anos-de-la-constitucion-politica-de-colombia\/\" \/>\n<script type=\"application\/ld+json\" class=\"yoast-schema-graph\">{\"@context\":\"https:\\\/\\\/schema.org\",\"@graph\":[{\"@type\":\"Article\",\"@id\":\"https:\\\/\\\/www.ucaldas.edu.co\\\/portal\\\/los-territorios-plurales-a-30-anos-de-la-constitucion-politica-de-colombia\\\/#article\",\"isPartOf\":{\"@id\":\"https:\\\/\\\/www.ucaldas.edu.co\\\/portal\\\/los-territorios-plurales-a-30-anos-de-la-constitucion-politica-de-colombia\\\/\"},\"author\":{\"name\":\"ofiprensa\",\"@id\":\"https:\\\/\\\/www.ucaldas.edu.co\\\/portal\\\/#\\\/schema\\\/person\\\/a1b482e23449158b4bc319926c074fdf\"},\"headline\":\"Los territorios plurales a 30 a\u00f1os de la Constituci\u00f3n Pol\u00edtica de Colombia\",\"datePublished\":\"2021-12-13T23:00:30+00:00\",\"mainEntityOfPage\":{\"@id\":\"https:\\\/\\\/www.ucaldas.edu.co\\\/portal\\\/los-territorios-plurales-a-30-anos-de-la-constitucion-politica-de-colombia\\\/\"},\"wordCount\":239,\"publisher\":{\"@id\":\"https:\\\/\\\/www.ucaldas.edu.co\\\/portal\\\/#organization\"},\"image\":{\"@id\":\"https:\\\/\\\/www.ucaldas.edu.co\\\/portal\\\/los-territorios-plurales-a-30-anos-de-la-constitucion-politica-de-colombia\\\/#primaryimage\"},\"thumbnailUrl\":\"https:\\\/\\\/www.ucaldas.edu.co\\\/portal\\\/wp-content\\\/uploads\\\/2021\\\/12\\\/memoria-espacio-y-sociedad.jpg\",\"keywords\":[\"ciclo de conferencias\",\"estudios territoriales\",\"memoria espacio y sociedad\"],\"articleSection\":[\"Actualidad\",\"Universidad al D\u00eda\",\"Eventos\"],\"inLanguage\":\"es\"},{\"@type\":\"WebPage\",\"@id\":\"https:\\\/\\\/www.ucaldas.edu.co\\\/portal\\\/los-territorios-plurales-a-30-anos-de-la-constitucion-politica-de-colombia\\\/\",\"url\":\"https:\\\/\\\/www.ucaldas.edu.co\\\/portal\\\/los-territorios-plurales-a-30-anos-de-la-constitucion-politica-de-colombia\\\/\",\"name\":\"Los territorios plurales a 30 a\u00f1os de la Constituci\u00f3n Pol\u00edtica de Colombia .\",\"isPartOf\":{\"@id\":\"https:\\\/\\\/www.ucaldas.edu.co\\\/portal\\\/#website\"},\"primaryImageOfPage\":{\"@id\":\"https:\\\/\\\/www.ucaldas.edu.co\\\/portal\\\/los-territorios-plurales-a-30-anos-de-la-constitucion-politica-de-colombia\\\/#primaryimage\"},\"image\":{\"@id\":\"https:\\\/\\\/www.ucaldas.edu.co\\\/portal\\\/los-territorios-plurales-a-30-anos-de-la-constitucion-politica-de-colombia\\\/#primaryimage\"},\"thumbnailUrl\":\"https:\\\/\\\/www.ucaldas.edu.co\\\/portal\\\/wp-content\\\/uploads\\\/2021\\\/12\\\/memoria-espacio-y-sociedad.jpg\",\"datePublished\":\"2021-12-13T23:00:30+00:00\",\"breadcrumb\":{\"@id\":\"https:\\\/\\\/www.ucaldas.edu.co\\\/portal\\\/los-territorios-plurales-a-30-anos-de-la-constitucion-politica-de-colombia\\\/#breadcrumb\"},\"inLanguage\":\"es\",\"potentialAction\":[{\"@type\":\"ReadAction\",\"target\":[\"https:\\\/\\\/www.ucaldas.edu.co\\\/portal\\\/los-territorios-plurales-a-30-anos-de-la-constitucion-politica-de-colombia\\\/\"]}]},{\"@type\":\"ImageObject\",\"inLanguage\":\"es\",\"@id\":\"https:\\\/\\\/www.ucaldas.edu.co\\\/portal\\\/los-territorios-plurales-a-30-anos-de-la-constitucion-politica-de-colombia\\\/#primaryimage\",\"url\":\"https:\\\/\\\/www.ucaldas.edu.co\\\/portal\\\/wp-content\\\/uploads\\\/2021\\\/12\\\/memoria-espacio-y-sociedad.jpg\",\"contentUrl\":\"https:\\\/\\\/www.ucaldas.edu.co\\\/portal\\\/wp-content\\\/uploads\\\/2021\\\/12\\\/memoria-espacio-y-sociedad.jpg\",\"width\":700,\"height\":400},{\"@type\":\"BreadcrumbList\",\"@id\":\"https:\\\/\\\/www.ucaldas.edu.co\\\/portal\\\/los-territorios-plurales-a-30-anos-de-la-constitucion-politica-de-colombia\\\/#breadcrumb\",\"itemListElement\":[{\"@type\":\"ListItem\",\"position\":1,\"name\":\"Portada\",\"item\":\"https:\\\/\\\/www.ucaldas.edu.co\\\/portal\\\/\"},{\"@type\":\"ListItem\",\"position\":2,\"name\":\"Los territorios plurales a 30 a\u00f1os de la Constituci\u00f3n Pol\u00edtica de Colombia\"}]},{\"@type\":\"WebSite\",\"@id\":\"https:\\\/\\\/www.ucaldas.edu.co\\\/portal\\\/#website\",\"url\":\"https:\\\/\\\/www.ucaldas.edu.co\\\/portal\\\/\",\"name\":\"Universidad de Caldas\",\"description\":\"\",\"publisher\":{\"@id\":\"https:\\\/\\\/www.ucaldas.edu.co\\\/portal\\\/#organization\"},\"alternateName\":\"U. de Caldas\",\"potentialAction\":[{\"@type\":\"SearchAction\",\"target\":{\"@type\":\"EntryPoint\",\"urlTemplate\":\"https:\\\/\\\/www.ucaldas.edu.co\\\/portal\\\/?s={search_term_string}\"},\"query-input\":{\"@type\":\"PropertyValueSpecification\",\"valueRequired\":true,\"valueName\":\"search_term_string\"}}],\"inLanguage\":\"es\"},{\"@type\":\"Organization\",\"@id\":\"https:\\\/\\\/www.ucaldas.edu.co\\\/portal\\\/#organization\",\"name\":\"Universidad de Caldas\",\"alternateName\":\"U. de Caldas\",\"url\":\"https:\\\/\\\/www.ucaldas.edu.co\\\/portal\\\/\",\"logo\":{\"@type\":\"ImageObject\",\"inLanguage\":\"es\",\"@id\":\"https:\\\/\\\/www.ucaldas.edu.co\\\/portal\\\/#\\\/schema\\\/logo\\\/image\\\/\",\"url\":\"https:\\\/\\\/www.ucaldas.edu.co\\\/portal\\\/wp-content\\\/uploads\\\/2023\\\/11\\\/Logo_horizontal_oscuroU-2023.png\",\"contentUrl\":\"https:\\\/\\\/www.ucaldas.edu.co\\\/portal\\\/wp-content\\\/uploads\\\/2023\\\/11\\\/Logo_horizontal_oscuroU-2023.png\",\"width\":263,\"height\":101,\"caption\":\"Universidad de Caldas\"},\"image\":{\"@id\":\"https:\\\/\\\/www.ucaldas.edu.co\\\/portal\\\/#\\\/schema\\\/logo\\\/image\\\/\"},\"sameAs\":[\"https:\\\/\\\/www.facebook.com\\\/udecaldas\",\"https:\\\/\\\/x.com\\\/udecaldas\",\"https:\\\/\\\/www.youtube.com\\\/universidadcaldas\",\"https:\\\/\\\/www.instagram.com\\\/udecaldas\\\/\"]},{\"@type\":\"Person\",\"@id\":\"https:\\\/\\\/www.ucaldas.edu.co\\\/portal\\\/#\\\/schema\\\/person\\\/a1b482e23449158b4bc319926c074fdf\",\"name\":\"ofiprensa\",\"image\":{\"@type\":\"ImageObject\",\"inLanguage\":\"es\",\"@id\":\"https:\\\/\\\/www.ucaldas.edu.co\\\/portal\\\/wp-content\\\/litespeed\\\/avatar\\\/09ea5085e600095a7a811142c6944527.jpg?ver=1787779368\",\"url\":\"https:\\\/\\\/www.ucaldas.edu.co\\\/portal\\\/wp-content\\\/litespeed\\\/avatar\\\/09ea5085e600095a7a811142c6944527.jpg?ver=1787779368\",\"contentUrl\":\"https:\\\/\\\/www.ucaldas.edu.co\\\/portal\\\/wp-content\\\/litespeed\\\/avatar\\\/09ea5085e600095a7a811142c6944527.jpg?ver=1787779368\",\"caption\":\"ofiprensa\"},\"url\":\"https:\\\/\\\/www.ucaldas.edu.co\\\/portal\\\/author\\\/ofiprensa\\\/\"}]}<\/script>\n<!-- \/ Yoast SEO plugin. -->","yoast_head_json":{"title":"Los territorios plurales a 30 a\u00f1os de la Constituci\u00f3n Pol\u00edtica de Colombia .","robots":{"index":"index","follow":"follow","max-snippet":"max-snippet:-1","max-image-preview":"max-image-preview:large","max-video-preview":"max-video-preview:-1"},"canonical":"https:\/\/www.ucaldas.edu.co\/portal\/los-territorios-plurales-a-30-anos-de-la-constitucion-politica-de-colombia\/","schema":{"@context":"https:\/\/schema.org","@graph":[{"@type":"Article","@id":"https:\/\/www.ucaldas.edu.co\/portal\/los-territorios-plurales-a-30-anos-de-la-constitucion-politica-de-colombia\/#article","isPartOf":{"@id":"https:\/\/www.ucaldas.edu.co\/portal\/los-territorios-plurales-a-30-anos-de-la-constitucion-politica-de-colombia\/"},"author":{"name":"ofiprensa","@id":"https:\/\/www.ucaldas.edu.co\/portal\/#\/schema\/person\/a1b482e23449158b4bc319926c074fdf"},"headline":"Los territorios plurales a 30 a\u00f1os de la Constituci\u00f3n Pol\u00edtica de Colombia","datePublished":"2021-12-13T23:00:30+00:00","mainEntityOfPage":{"@id":"https:\/\/www.ucaldas.edu.co\/portal\/los-territorios-plurales-a-30-anos-de-la-constitucion-politica-de-colombia\/"},"wordCount":239,"publisher":{"@id":"https:\/\/www.ucaldas.edu.co\/portal\/#organization"},"image":{"@id":"https:\/\/www.ucaldas.edu.co\/portal\/los-territorios-plurales-a-30-anos-de-la-constitucion-politica-de-colombia\/#primaryimage"},"thumbnailUrl":"https:\/\/www.ucaldas.edu.co\/portal\/wp-content\/uploads\/2021\/12\/memoria-espacio-y-sociedad.jpg","keywords":["ciclo de conferencias","estudios territoriales","memoria espacio y sociedad"],"articleSection":["Actualidad","Universidad al D\u00eda","Eventos"],"inLanguage":"es"},{"@type":"WebPage","@id":"https:\/\/www.ucaldas.edu.co\/portal\/los-territorios-plurales-a-30-anos-de-la-constitucion-politica-de-colombia\/","url":"https:\/\/www.ucaldas.edu.co\/portal\/los-territorios-plurales-a-30-anos-de-la-constitucion-politica-de-colombia\/","name":"Los territorios plurales a 30 a\u00f1os de la Constituci\u00f3n Pol\u00edtica de Colombia .","isPartOf":{"@id":"https:\/\/www.ucaldas.edu.co\/portal\/#website"},"primaryImageOfPage":{"@id":"https:\/\/www.ucaldas.edu.co\/portal\/los-territorios-plurales-a-30-anos-de-la-constitucion-politica-de-colombia\/#primaryimage"},"image":{"@id":"https:\/\/www.ucaldas.edu.co\/portal\/los-territorios-plurales-a-30-anos-de-la-constitucion-politica-de-colombia\/#primaryimage"},"thumbnailUrl":"https:\/\/www.ucaldas.edu.co\/portal\/wp-content\/uploads\/2021\/12\/memoria-espacio-y-sociedad.jpg","datePublished":"2021-12-13T23:00:30+00:00","breadcrumb":{"@id":"https:\/\/www.ucaldas.edu.co\/portal\/los-territorios-plurales-a-30-anos-de-la-constitucion-politica-de-colombia\/#breadcrumb"},"inLanguage":"es","potentialAction":[{"@type":"ReadAction","target":["https:\/\/www.ucaldas.edu.co\/portal\/los-territorios-plurales-a-30-anos-de-la-constitucion-politica-de-colombia\/"]}]},{"@type":"ImageObject","inLanguage":"es","@id":"https:\/\/www.ucaldas.edu.co\/portal\/los-territorios-plurales-a-30-anos-de-la-constitucion-politica-de-colombia\/#primaryimage","url":"https:\/\/www.ucaldas.edu.co\/portal\/wp-content\/uploads\/2021\/12\/memoria-espacio-y-sociedad.jpg","contentUrl":"https:\/\/www.ucaldas.edu.co\/portal\/wp-content\/uploads\/2021\/12\/memoria-espacio-y-sociedad.jpg","width":700,"height":400},{"@type":"BreadcrumbList","@id":"https:\/\/www.ucaldas.edu.co\/portal\/los-territorios-plurales-a-30-anos-de-la-constitucion-politica-de-colombia\/#breadcrumb","itemListElement":[{"@type":"ListItem","position":1,"name":"Portada","item":"https:\/\/www.ucaldas.edu.co\/portal\/"},{"@type":"ListItem","position":2,"name":"Los territorios plurales a 30 a\u00f1os de la Constituci\u00f3n Pol\u00edtica de Colombia"}]},{"@type":"WebSite","@id":"https:\/\/www.ucaldas.edu.co\/portal\/#website","url":"https:\/\/www.ucaldas.edu.co\/portal\/","name":"Universidad de Caldas","description":"","publisher":{"@id":"https:\/\/www.ucaldas.edu.co\/portal\/#organization"},"alternateName":"U. de Caldas","potentialAction":[{"@type":"SearchAction","target":{"@type":"EntryPoint","urlTemplate":"https:\/\/www.ucaldas.edu.co\/portal\/?s={search_term_string}"},"query-input":{"@type":"PropertyValueSpecification","valueRequired":true,"valueName":"search_term_string"}}],"inLanguage":"es"},{"@type":"Organization","@id":"https:\/\/www.ucaldas.edu.co\/portal\/#organization","name":"Universidad de Caldas","alternateName":"U. de Caldas","url":"https:\/\/www.ucaldas.edu.co\/portal\/","logo":{"@type":"ImageObject","inLanguage":"es","@id":"https:\/\/www.ucaldas.edu.co\/portal\/#\/schema\/logo\/image\/","url":"https:\/\/www.ucaldas.edu.co\/portal\/wp-content\/uploads\/2023\/11\/Logo_horizontal_oscuroU-2023.png","contentUrl":"https:\/\/www.ucaldas.edu.co\/portal\/wp-content\/uploads\/2023\/11\/Logo_horizontal_oscuroU-2023.png","width":263,"height":101,"caption":"Universidad de Caldas"},"image":{"@id":"https:\/\/www.ucaldas.edu.co\/portal\/#\/schema\/logo\/image\/"},"sameAs":["https:\/\/www.facebook.com\/udecaldas","https:\/\/x.com\/udecaldas","https:\/\/www.youtube.com\/universidadcaldas","https:\/\/www.instagram.com\/udecaldas\/"]},{"@type":"Person","@id":"https:\/\/www.ucaldas.edu.co\/portal\/#\/schema\/person\/a1b482e23449158b4bc319926c074fdf","name":"ofiprensa","image":{"@type":"ImageObject","inLanguage":"es","@id":"https:\/\/www.ucaldas.edu.co\/portal\/wp-content\/litespeed\/avatar\/09ea5085e600095a7a811142c6944527.jpg?ver=1787779368","url":"https:\/\/www.ucaldas.edu.co\/portal\/wp-content\/litespeed\/avatar\/09ea5085e600095a7a811142c6944527.jpg?ver=1787779368","contentUrl":"https:\/\/www.ucaldas.edu.co\/portal\/wp-content\/litespeed\/avatar\/09ea5085e600095a7a811142c6944527.jpg?ver=1787779368","caption":"ofiprensa"},"url":"https:\/\/www.ucaldas.edu.co\/portal\/author\/ofiprensa\/"}]}},"_links":{"self":[{"href":"https:\/\/www.ucaldas.edu.co\/portal\/wp-json\/wp\/v2\/posts\/67093","targetHints":{"allow":["GET"]}}],"collection":[{"href":"https:\/\/www.ucaldas.edu.co\/portal\/wp-json\/wp\/v2\/posts"}],"about":[{"href":"https:\/\/www.ucaldas.edu.co\/portal\/wp-json\/wp\/v2\/types\/post"}],"author":[{"embeddable":true,"href":"https:\/\/www.ucaldas.edu.co\/portal\/wp-json\/wp\/v2\/users\/2"}],"replies":[{"embeddable":true,"href":"https:\/\/www.ucaldas.edu.co\/portal\/wp-json\/wp\/v2\/comments?post=67093"}],"version-history":[{"count":0,"href":"https:\/\/www.ucaldas.edu.co\/portal\/wp-json\/wp\/v2\/posts\/67093\/revisions"}],"wp:featuredmedia":[{"embeddable":true,"href":"https:\/\/www.ucaldas.edu.co\/portal\/wp-json\/wp\/v2\/media\/67094"}],"wp:attachment":[{"href":"https:\/\/www.ucaldas.edu.co\/portal\/wp-json\/wp\/v2\/media?parent=67093"}],"wp:term":[{"taxonomy":"category","embeddable":true,"href":"https:\/\/www.ucaldas.edu.co\/portal\/wp-json\/wp\/v2\/categories?post=67093"},{"taxonomy":"post_tag","embeddable":true,"href":"https:\/\/www.ucaldas.edu.co\/portal\/wp-json\/wp\/v2\/tags?post=67093"}],"curies":[{"name":"wp","href":"https:\/\/api.w.org\/{rel}","templated":true}]}}