{"id":66979,"date":"2021-12-03T21:36:36","date_gmt":"2021-12-03T21:36:36","guid":{"rendered":"https:\/\/www.ucaldas.edu.co\/portal\/?p=66979"},"modified":"2021-12-03T21:36:36","modified_gmt":"2021-12-03T21:36:36","slug":"egresado-u-de-caldas-entre-los-100-lideres-empresariales-mas-innovadores-del-pais","status":"publish","type":"post","link":"https:\/\/www.ucaldas.edu.co\/portal\/egresado-u-de-caldas-entre-los-100-lideres-empresariales-mas-innovadores-del-pais\/","title":{"rendered":"Egresado U. de Caldas entre los 100 l\u00edderes empresariales m\u00e1s innovadores del pa\u00eds\u00a0"},"content":{"rendered":"<p style=\"text-align: center;\">PUESTO 77 EN EL RANKING NACIONAL DE INNOVACI\u00d3N<br \/>\nEMPRESARIAL DE LA REVISTA DINERO<br \/>\n<strong>Egresado U. de Caldas entre los 100 l\u00edderes empresariales<br \/>\nm\u00e1s innovadores del pa\u00eds\u00a0<\/strong><\/p>\n<p style=\"text-align: right;\">03\/12\/2021<\/p>\n<p><img loading=\"lazy\" decoding=\"async\" class=\"size-medium wp-image-66980 aligncenter\" src=\"https:\/\/www.ucaldas.edu.co\/portal\/wp-content\/uploads\/2021\/12\/egresado-destacado-300x171.jpg\" alt=\"\" width=\"300\" height=\"171\" srcset=\"https:\/\/www.ucaldas.edu.co\/portal\/wp-content\/uploads\/2021\/12\/egresado-destacado-300x171.jpg 300w, https:\/\/www.ucaldas.edu.co\/portal\/wp-content\/uploads\/2021\/12\/egresado-destacado.jpg 700w\" sizes=\"auto, (max-width: 300px) 100vw, 300px\" \/><\/p>\n<p>El egresado de Tecnolog\u00eda en Finanzas de la Universidad de Caldas Alejandro Vargas Arenas y fundador de Zend Entertainment S.A.S., recibi\u00f3 el reconocimiento como uno de los 100 l\u00edderes empresariales m\u00e1s innovadores del pa\u00eds y el tercer empresario m\u00e1s importante del departamento de Caldas, de acuerdo con el\u00a0 Ranking Nacional de Innovaci\u00f3n Empresarial de la Revista Dinero.<\/p>\n<p><!--more--><\/p>\n<p>El Ranking Nacional de Innovaci\u00f3n Empresarial de la Asociaci\u00f3n Nacional de Empresarios de Colombia ANDI y la Revista Dinero, es un espacio que reconoce la labor de los empresarios colombianos y en el que se encuentran grandes corporaciones como Ecopetrol, Grupo Nutresa, Corona Industrial, Grupo Familia, entre otros.<\/p>\n<p>Vargas afirma que este reconocimiento es un orgullo que se debe al equipo de trabajo de Zend Entertainment S.A.S. y a todas las personas que han apoyado el proyecto desde sus inicios hace cuatro a\u00f1os. Agrega que gracias a esto saben que est\u00e1n haciendo bien su trabajo y que su empresa le est\u00e1 aportando significativamente a la innovaci\u00f3n y desarrollo de la regi\u00f3n.<\/p>\n<p>Zend Entertainment S.A.S. nace como una empresa de representaci\u00f3n de artistas y productora de conciertos. En el 2019, viendo la necesidad de expansi\u00f3n, construyeron una plataforma tipo aula virtual m\u00e1s grande y abierta al mundo, con la que se articularan todas las industrias creativas y culturales del mundo; as\u00ed nace Zend Master, la primera plataforma internacional en la que interact\u00faan gobiernos, universidades, empresas, artistas, sociedad y dem\u00e1s eslabones de la cadena de labor de las industrias creativas y culturales.<\/p>\n<p>Actualmente, Zend Entertainment S.A.S. tiene presencia en M\u00e9xico, Panam\u00e1, Chile, Argentina, Nicaragua, Costa Rica, Honduras, Francia y est\u00e1n abriendo mercado en Estados Unidos<\/p>\n<p>&nbsp;<\/p>\n<p><strong>Anexo:<br \/>\n<\/strong><strong><a href=\"https:\/\/www.ivoox.com\/alejandro-vargas-arenas-8211-fundador-zend-entertainment-s-a-s-audios-mp3_rf_79147637_1.html\">Audio Alejandro Vargas Arenas. \u2013 fundador Zend Entertainment S.A.S.<\/a><br \/>\n<iframe loading=\"lazy\" src=\"https:\/\/co.ivoox.com\/es\/player_ek_79147637_2_1.html?data=mJ6elpyad5ihhpywj5WVaZS1lZyah5yncZKhhpywj5WRaZi3jpWah5yncaLgxs_O0MnWs4zKwtfUw9iPhdPZz8bgkJCJdpeZk5illJaVaZS2jMvi0MnFqNDmjL_S0MmPic_oxtfhw86RaZi3jqjOzsnFt4y1xdKYt5KJe6ShlQ..&amp;\" width=\"238\" height=\"48\" frameborder=\"0\" scrolling=\"no\" allowfullscreen=\"allowfullscreen\"><\/iframe><\/strong><\/p>\n<p>&nbsp;<\/p>\n<p><strong>Informes: <\/strong>Oficina de Comunicaciones y Prensa Universidad de Caldas.<\/p>\n<p><strong>Redacci\u00f3n:<\/strong> Mateo Buritic\u00e1 Giraldo<\/p>\n<p>&nbsp;<\/p>\n","protected":false},"excerpt":{"rendered":"<p>PUESTO 77 EN EL RANKING NACIONAL DE INNOVACI\u00d3N EMPRESARIAL DE LA REVISTA DINERO Egresado U. de Caldas entre los 100 l\u00edderes empresariales m\u00e1s innovadores del pa\u00eds\u00a0 03\/12\/2021 El egresado de Tecnolog\u00eda en Finanzas de la Universidad de Caldas Alejandro Vargas Arenas y fundador de Zend Entertainment S.A.S., recibi\u00f3 el reconocimiento como uno de los 100 [&hellip;]<\/p>\n","protected":false},"author":2,"featured_media":66980,"comment_status":"closed","ping_status":"open","sticky":false,"template":"","format":"standard","meta":{"footnotes":""},"categories":[48,53],"tags":[7669,7667,7668],"class_list":["post-66979","post","type-post","status-publish","format-standard","has-post-thumbnail","hentry","category-actualidad","category-universidad-al-dia","tag-empresarios-colombia","tag-egresado-destacado","tag-zend-master"],"yoast_head":"<!-- This site is optimized with the Yoast SEO plugin v27.5 - https:\/\/yoast.com\/product\/yoast-seo-wordpress\/ -->\n<title>Egresado U. de Caldas entre los 100 l\u00edderes empresariales m\u00e1s innovadores del pa\u00eds\u00a0 .<\/title>\n<meta name=\"robots\" content=\"index, follow, max-snippet:-1, max-image-preview:large, max-video-preview:-1\" \/>\n<link rel=\"canonical\" href=\"https:\/\/www.ucaldas.edu.co\/portal\/egresado-u-de-caldas-entre-los-100-lideres-empresariales-mas-innovadores-del-pais\/\" \/>\n<script type=\"application\/ld+json\" class=\"yoast-schema-graph\">{\"@context\":\"https:\\\/\\\/schema.org\",\"@graph\":[{\"@type\":\"Article\",\"@id\":\"https:\\\/\\\/www.ucaldas.edu.co\\\/portal\\\/egresado-u-de-caldas-entre-los-100-lideres-empresariales-mas-innovadores-del-pais\\\/#article\",\"isPartOf\":{\"@id\":\"https:\\\/\\\/www.ucaldas.edu.co\\\/portal\\\/egresado-u-de-caldas-entre-los-100-lideres-empresariales-mas-innovadores-del-pais\\\/\"},\"author\":{\"name\":\"ofiprensa\",\"@id\":\"https:\\\/\\\/www.ucaldas.edu.co\\\/portal\\\/#\\\/schema\\\/person\\\/a1b482e23449158b4bc319926c074fdf\"},\"headline\":\"Egresado U. de Caldas entre los 100 l\u00edderes empresariales m\u00e1s innovadores del pa\u00eds\u00a0\",\"datePublished\":\"2021-12-03T21:36:36+00:00\",\"mainEntityOfPage\":{\"@id\":\"https:\\\/\\\/www.ucaldas.edu.co\\\/portal\\\/egresado-u-de-caldas-entre-los-100-lideres-empresariales-mas-innovadores-del-pais\\\/\"},\"wordCount\":366,\"publisher\":{\"@id\":\"https:\\\/\\\/www.ucaldas.edu.co\\\/portal\\\/#organization\"},\"image\":{\"@id\":\"https:\\\/\\\/www.ucaldas.edu.co\\\/portal\\\/egresado-u-de-caldas-entre-los-100-lideres-empresariales-mas-innovadores-del-pais\\\/#primaryimage\"},\"thumbnailUrl\":\"https:\\\/\\\/www.ucaldas.edu.co\\\/portal\\\/wp-content\\\/uploads\\\/2021\\\/12\\\/egresado-destacado.jpg\",\"keywords\":[\"empresarios colombia\",\"egresado destacado\",\"zend master\"],\"articleSection\":[\"Actualidad\",\"Universidad al D\u00eda\"],\"inLanguage\":\"es\"},{\"@type\":\"WebPage\",\"@id\":\"https:\\\/\\\/www.ucaldas.edu.co\\\/portal\\\/egresado-u-de-caldas-entre-los-100-lideres-empresariales-mas-innovadores-del-pais\\\/\",\"url\":\"https:\\\/\\\/www.ucaldas.edu.co\\\/portal\\\/egresado-u-de-caldas-entre-los-100-lideres-empresariales-mas-innovadores-del-pais\\\/\",\"name\":\"Egresado U. de Caldas entre los 100 l\u00edderes empresariales m\u00e1s innovadores del pa\u00eds\u00a0 .\",\"isPartOf\":{\"@id\":\"https:\\\/\\\/www.ucaldas.edu.co\\\/portal\\\/#website\"},\"primaryImageOfPage\":{\"@id\":\"https:\\\/\\\/www.ucaldas.edu.co\\\/portal\\\/egresado-u-de-caldas-entre-los-100-lideres-empresariales-mas-innovadores-del-pais\\\/#primaryimage\"},\"image\":{\"@id\":\"https:\\\/\\\/www.ucaldas.edu.co\\\/portal\\\/egresado-u-de-caldas-entre-los-100-lideres-empresariales-mas-innovadores-del-pais\\\/#primaryimage\"},\"thumbnailUrl\":\"https:\\\/\\\/www.ucaldas.edu.co\\\/portal\\\/wp-content\\\/uploads\\\/2021\\\/12\\\/egresado-destacado.jpg\",\"datePublished\":\"2021-12-03T21:36:36+00:00\",\"breadcrumb\":{\"@id\":\"https:\\\/\\\/www.ucaldas.edu.co\\\/portal\\\/egresado-u-de-caldas-entre-los-100-lideres-empresariales-mas-innovadores-del-pais\\\/#breadcrumb\"},\"inLanguage\":\"es\",\"potentialAction\":[{\"@type\":\"ReadAction\",\"target\":[\"https:\\\/\\\/www.ucaldas.edu.co\\\/portal\\\/egresado-u-de-caldas-entre-los-100-lideres-empresariales-mas-innovadores-del-pais\\\/\"]}]},{\"@type\":\"ImageObject\",\"inLanguage\":\"es\",\"@id\":\"https:\\\/\\\/www.ucaldas.edu.co\\\/portal\\\/egresado-u-de-caldas-entre-los-100-lideres-empresariales-mas-innovadores-del-pais\\\/#primaryimage\",\"url\":\"https:\\\/\\\/www.ucaldas.edu.co\\\/portal\\\/wp-content\\\/uploads\\\/2021\\\/12\\\/egresado-destacado.jpg\",\"contentUrl\":\"https:\\\/\\\/www.ucaldas.edu.co\\\/portal\\\/wp-content\\\/uploads\\\/2021\\\/12\\\/egresado-destacado.jpg\",\"width\":700,\"height\":400},{\"@type\":\"BreadcrumbList\",\"@id\":\"https:\\\/\\\/www.ucaldas.edu.co\\\/portal\\\/egresado-u-de-caldas-entre-los-100-lideres-empresariales-mas-innovadores-del-pais\\\/#breadcrumb\",\"itemListElement\":[{\"@type\":\"ListItem\",\"position\":1,\"name\":\"Portada\",\"item\":\"https:\\\/\\\/www.ucaldas.edu.co\\\/portal\\\/\"},{\"@type\":\"ListItem\",\"position\":2,\"name\":\"Egresado U. de Caldas entre los 100 l\u00edderes empresariales m\u00e1s innovadores del pa\u00eds\u00a0\"}]},{\"@type\":\"WebSite\",\"@id\":\"https:\\\/\\\/www.ucaldas.edu.co\\\/portal\\\/#website\",\"url\":\"https:\\\/\\\/www.ucaldas.edu.co\\\/portal\\\/\",\"name\":\"Universidad de Caldas\",\"description\":\"\",\"publisher\":{\"@id\":\"https:\\\/\\\/www.ucaldas.edu.co\\\/portal\\\/#organization\"},\"alternateName\":\"U. de Caldas\",\"potentialAction\":[{\"@type\":\"SearchAction\",\"target\":{\"@type\":\"EntryPoint\",\"urlTemplate\":\"https:\\\/\\\/www.ucaldas.edu.co\\\/portal\\\/?s={search_term_string}\"},\"query-input\":{\"@type\":\"PropertyValueSpecification\",\"valueRequired\":true,\"valueName\":\"search_term_string\"}}],\"inLanguage\":\"es\"},{\"@type\":\"Organization\",\"@id\":\"https:\\\/\\\/www.ucaldas.edu.co\\\/portal\\\/#organization\",\"name\":\"Universidad de Caldas\",\"alternateName\":\"U. de Caldas\",\"url\":\"https:\\\/\\\/www.ucaldas.edu.co\\\/portal\\\/\",\"logo\":{\"@type\":\"ImageObject\",\"inLanguage\":\"es\",\"@id\":\"https:\\\/\\\/www.ucaldas.edu.co\\\/portal\\\/#\\\/schema\\\/logo\\\/image\\\/\",\"url\":\"https:\\\/\\\/www.ucaldas.edu.co\\\/portal\\\/wp-content\\\/uploads\\\/2023\\\/11\\\/Logo_horizontal_oscuroU-2023.png\",\"contentUrl\":\"https:\\\/\\\/www.ucaldas.edu.co\\\/portal\\\/wp-content\\\/uploads\\\/2023\\\/11\\\/Logo_horizontal_oscuroU-2023.png\",\"width\":263,\"height\":101,\"caption\":\"Universidad de Caldas\"},\"image\":{\"@id\":\"https:\\\/\\\/www.ucaldas.edu.co\\\/portal\\\/#\\\/schema\\\/logo\\\/image\\\/\"},\"sameAs\":[\"https:\\\/\\\/www.facebook.com\\\/udecaldas\",\"https:\\\/\\\/x.com\\\/udecaldas\",\"https:\\\/\\\/www.youtube.com\\\/universidadcaldas\",\"https:\\\/\\\/www.instagram.com\\\/udecaldas\\\/\"]},{\"@type\":\"Person\",\"@id\":\"https:\\\/\\\/www.ucaldas.edu.co\\\/portal\\\/#\\\/schema\\\/person\\\/a1b482e23449158b4bc319926c074fdf\",\"name\":\"ofiprensa\",\"image\":{\"@type\":\"ImageObject\",\"inLanguage\":\"es\",\"@id\":\"https:\\\/\\\/www.ucaldas.edu.co\\\/portal\\\/wp-content\\\/litespeed\\\/avatar\\\/09ea5085e600095a7a811142c6944527.jpg?ver=1777497608\",\"url\":\"https:\\\/\\\/www.ucaldas.edu.co\\\/portal\\\/wp-content\\\/litespeed\\\/avatar\\\/09ea5085e600095a7a811142c6944527.jpg?ver=1777497608\",\"contentUrl\":\"https:\\\/\\\/www.ucaldas.edu.co\\\/portal\\\/wp-content\\\/litespeed\\\/avatar\\\/09ea5085e600095a7a811142c6944527.jpg?ver=1777497608\",\"caption\":\"ofiprensa\"},\"url\":\"https:\\\/\\\/www.ucaldas.edu.co\\\/portal\\\/author\\\/ofiprensa\\\/\"}]}<\/script>\n<!-- \/ Yoast SEO plugin. -->","yoast_head_json":{"title":"Egresado U. de Caldas entre los 100 l\u00edderes empresariales m\u00e1s innovadores del pa\u00eds\u00a0 .","robots":{"index":"index","follow":"follow","max-snippet":"max-snippet:-1","max-image-preview":"max-image-preview:large","max-video-preview":"max-video-preview:-1"},"canonical":"https:\/\/www.ucaldas.edu.co\/portal\/egresado-u-de-caldas-entre-los-100-lideres-empresariales-mas-innovadores-del-pais\/","schema":{"@context":"https:\/\/schema.org","@graph":[{"@type":"Article","@id":"https:\/\/www.ucaldas.edu.co\/portal\/egresado-u-de-caldas-entre-los-100-lideres-empresariales-mas-innovadores-del-pais\/#article","isPartOf":{"@id":"https:\/\/www.ucaldas.edu.co\/portal\/egresado-u-de-caldas-entre-los-100-lideres-empresariales-mas-innovadores-del-pais\/"},"author":{"name":"ofiprensa","@id":"https:\/\/www.ucaldas.edu.co\/portal\/#\/schema\/person\/a1b482e23449158b4bc319926c074fdf"},"headline":"Egresado U. de Caldas entre los 100 l\u00edderes empresariales m\u00e1s innovadores del pa\u00eds\u00a0","datePublished":"2021-12-03T21:36:36+00:00","mainEntityOfPage":{"@id":"https:\/\/www.ucaldas.edu.co\/portal\/egresado-u-de-caldas-entre-los-100-lideres-empresariales-mas-innovadores-del-pais\/"},"wordCount":366,"publisher":{"@id":"https:\/\/www.ucaldas.edu.co\/portal\/#organization"},"image":{"@id":"https:\/\/www.ucaldas.edu.co\/portal\/egresado-u-de-caldas-entre-los-100-lideres-empresariales-mas-innovadores-del-pais\/#primaryimage"},"thumbnailUrl":"https:\/\/www.ucaldas.edu.co\/portal\/wp-content\/uploads\/2021\/12\/egresado-destacado.jpg","keywords":["empresarios colombia","egresado destacado","zend master"],"articleSection":["Actualidad","Universidad al D\u00eda"],"inLanguage":"es"},{"@type":"WebPage","@id":"https:\/\/www.ucaldas.edu.co\/portal\/egresado-u-de-caldas-entre-los-100-lideres-empresariales-mas-innovadores-del-pais\/","url":"https:\/\/www.ucaldas.edu.co\/portal\/egresado-u-de-caldas-entre-los-100-lideres-empresariales-mas-innovadores-del-pais\/","name":"Egresado U. de Caldas entre los 100 l\u00edderes empresariales m\u00e1s innovadores del pa\u00eds\u00a0 .","isPartOf":{"@id":"https:\/\/www.ucaldas.edu.co\/portal\/#website"},"primaryImageOfPage":{"@id":"https:\/\/www.ucaldas.edu.co\/portal\/egresado-u-de-caldas-entre-los-100-lideres-empresariales-mas-innovadores-del-pais\/#primaryimage"},"image":{"@id":"https:\/\/www.ucaldas.edu.co\/portal\/egresado-u-de-caldas-entre-los-100-lideres-empresariales-mas-innovadores-del-pais\/#primaryimage"},"thumbnailUrl":"https:\/\/www.ucaldas.edu.co\/portal\/wp-content\/uploads\/2021\/12\/egresado-destacado.jpg","datePublished":"2021-12-03T21:36:36+00:00","breadcrumb":{"@id":"https:\/\/www.ucaldas.edu.co\/portal\/egresado-u-de-caldas-entre-los-100-lideres-empresariales-mas-innovadores-del-pais\/#breadcrumb"},"inLanguage":"es","potentialAction":[{"@type":"ReadAction","target":["https:\/\/www.ucaldas.edu.co\/portal\/egresado-u-de-caldas-entre-los-100-lideres-empresariales-mas-innovadores-del-pais\/"]}]},{"@type":"ImageObject","inLanguage":"es","@id":"https:\/\/www.ucaldas.edu.co\/portal\/egresado-u-de-caldas-entre-los-100-lideres-empresariales-mas-innovadores-del-pais\/#primaryimage","url":"https:\/\/www.ucaldas.edu.co\/portal\/wp-content\/uploads\/2021\/12\/egresado-destacado.jpg","contentUrl":"https:\/\/www.ucaldas.edu.co\/portal\/wp-content\/uploads\/2021\/12\/egresado-destacado.jpg","width":700,"height":400},{"@type":"BreadcrumbList","@id":"https:\/\/www.ucaldas.edu.co\/portal\/egresado-u-de-caldas-entre-los-100-lideres-empresariales-mas-innovadores-del-pais\/#breadcrumb","itemListElement":[{"@type":"ListItem","position":1,"name":"Portada","item":"https:\/\/www.ucaldas.edu.co\/portal\/"},{"@type":"ListItem","position":2,"name":"Egresado U. de Caldas entre los 100 l\u00edderes empresariales m\u00e1s innovadores del pa\u00eds\u00a0"}]},{"@type":"WebSite","@id":"https:\/\/www.ucaldas.edu.co\/portal\/#website","url":"https:\/\/www.ucaldas.edu.co\/portal\/","name":"Universidad de Caldas","description":"","publisher":{"@id":"https:\/\/www.ucaldas.edu.co\/portal\/#organization"},"alternateName":"U. de Caldas","potentialAction":[{"@type":"SearchAction","target":{"@type":"EntryPoint","urlTemplate":"https:\/\/www.ucaldas.edu.co\/portal\/?s={search_term_string}"},"query-input":{"@type":"PropertyValueSpecification","valueRequired":true,"valueName":"search_term_string"}}],"inLanguage":"es"},{"@type":"Organization","@id":"https:\/\/www.ucaldas.edu.co\/portal\/#organization","name":"Universidad de Caldas","alternateName":"U. de Caldas","url":"https:\/\/www.ucaldas.edu.co\/portal\/","logo":{"@type":"ImageObject","inLanguage":"es","@id":"https:\/\/www.ucaldas.edu.co\/portal\/#\/schema\/logo\/image\/","url":"https:\/\/www.ucaldas.edu.co\/portal\/wp-content\/uploads\/2023\/11\/Logo_horizontal_oscuroU-2023.png","contentUrl":"https:\/\/www.ucaldas.edu.co\/portal\/wp-content\/uploads\/2023\/11\/Logo_horizontal_oscuroU-2023.png","width":263,"height":101,"caption":"Universidad de Caldas"},"image":{"@id":"https:\/\/www.ucaldas.edu.co\/portal\/#\/schema\/logo\/image\/"},"sameAs":["https:\/\/www.facebook.com\/udecaldas","https:\/\/x.com\/udecaldas","https:\/\/www.youtube.com\/universidadcaldas","https:\/\/www.instagram.com\/udecaldas\/"]},{"@type":"Person","@id":"https:\/\/www.ucaldas.edu.co\/portal\/#\/schema\/person\/a1b482e23449158b4bc319926c074fdf","name":"ofiprensa","image":{"@type":"ImageObject","inLanguage":"es","@id":"https:\/\/www.ucaldas.edu.co\/portal\/wp-content\/litespeed\/avatar\/09ea5085e600095a7a811142c6944527.jpg?ver=1777497608","url":"https:\/\/www.ucaldas.edu.co\/portal\/wp-content\/litespeed\/avatar\/09ea5085e600095a7a811142c6944527.jpg?ver=1777497608","contentUrl":"https:\/\/www.ucaldas.edu.co\/portal\/wp-content\/litespeed\/avatar\/09ea5085e600095a7a811142c6944527.jpg?ver=1777497608","caption":"ofiprensa"},"url":"https:\/\/www.ucaldas.edu.co\/portal\/author\/ofiprensa\/"}]}},"_links":{"self":[{"href":"https:\/\/www.ucaldas.edu.co\/portal\/wp-json\/wp\/v2\/posts\/66979","targetHints":{"allow":["GET"]}}],"collection":[{"href":"https:\/\/www.ucaldas.edu.co\/portal\/wp-json\/wp\/v2\/posts"}],"about":[{"href":"https:\/\/www.ucaldas.edu.co\/portal\/wp-json\/wp\/v2\/types\/post"}],"author":[{"embeddable":true,"href":"https:\/\/www.ucaldas.edu.co\/portal\/wp-json\/wp\/v2\/users\/2"}],"replies":[{"embeddable":true,"href":"https:\/\/www.ucaldas.edu.co\/portal\/wp-json\/wp\/v2\/comments?post=66979"}],"version-history":[{"count":0,"href":"https:\/\/www.ucaldas.edu.co\/portal\/wp-json\/wp\/v2\/posts\/66979\/revisions"}],"wp:featuredmedia":[{"embeddable":true,"href":"https:\/\/www.ucaldas.edu.co\/portal\/wp-json\/wp\/v2\/media\/66980"}],"wp:attachment":[{"href":"https:\/\/www.ucaldas.edu.co\/portal\/wp-json\/wp\/v2\/media?parent=66979"}],"wp:term":[{"taxonomy":"category","embeddable":true,"href":"https:\/\/www.ucaldas.edu.co\/portal\/wp-json\/wp\/v2\/categories?post=66979"},{"taxonomy":"post_tag","embeddable":true,"href":"https:\/\/www.ucaldas.edu.co\/portal\/wp-json\/wp\/v2\/tags?post=66979"}],"curies":[{"name":"wp","href":"https:\/\/api.w.org\/{rel}","templated":true}]}}