{"id":66876,"date":"2021-11-29T23:57:44","date_gmt":"2021-11-29T23:57:44","guid":{"rendered":"https:\/\/www.ucaldas.edu.co\/portal\/?p=66876"},"modified":"2021-11-29T23:57:44","modified_gmt":"2021-11-29T23:57:44","slug":"universidad-de-caldas-fortalece-lazos-de-cooperacion-con-la-universidad-autonoma-de-queretaro-mexico","status":"publish","type":"post","link":"https:\/\/www.ucaldas.edu.co\/portal\/universidad-de-caldas-fortalece-lazos-de-cooperacion-con-la-universidad-autonoma-de-queretaro-mexico\/","title":{"rendered":"Universidad de Caldas fortalece lazos de cooperaci\u00f3n con la Universidad Aut\u00f3noma de Quer\u00e9taro (M\u00e9xico)"},"content":{"rendered":"<p style=\"text-align: center;\">SE PLANTEAN VARIAS OPCIONES DE MOVILIDAD<br \/>\nPARA LOS ESTUDIANTES DE AMBAS INSTITUCIONES<br \/>\n<strong>Universidad de Caldas fortalece lazos de cooperaci\u00f3n<br \/>\n<\/strong><strong>con la Universidad Aut\u00f3noma de Quer\u00e9taro (M\u00e9xico)<\/strong><\/p>\n<p style=\"text-align: right;\">29\/11\/2021<\/p>\n<p><img loading=\"lazy\" decoding=\"async\" class=\"size-medium wp-image-66877 aligncenter\" src=\"https:\/\/www.ucaldas.edu.co\/portal\/wp-content\/uploads\/2021\/11\/Diseno-sin-titulo-1-4-300x171.jpg\" alt=\"\" width=\"300\" height=\"171\" srcset=\"https:\/\/www.ucaldas.edu.co\/portal\/wp-content\/uploads\/2021\/11\/Diseno-sin-titulo-1-4-300x171.jpg 300w, https:\/\/www.ucaldas.edu.co\/portal\/wp-content\/uploads\/2021\/11\/Diseno-sin-titulo-1-4.jpg 700w\" sizes=\"auto, (max-width: 300px) 100vw, 300px\" \/><\/p>\n<p>El rector de la Universidad de Caldas Alejandro Ceballos M\u00e1rquez se reuni\u00f3 con\u00a0 la rectora \u00a0de la Universidad Aut\u00f3noma de Quer\u00e9taro (M\u00e9xico) \u00a0Margarita Teresa de Jes\u00fas Garc\u00eda Gasca, con el fin de tratar temas de movilidad acad\u00e9mica para estudiantes de ambas instituciones educativas en diferentes \u00e1reas del conocimiento.<\/p>\n<p><!--more--><\/p>\n<p>De acuerdo con Ceballos M\u00e1rquez, \u201cse explor\u00f3 la posibilidad de ofertar programas de doble titulaci\u00f3n entre la Universidad Aut\u00f3noma de Quer\u00e9taro y la Universidad\u00a0 de Caldas, particularmente programas de posgrado en maestr\u00edas y doctorados\u201d.<\/p>\n<p>El encuentro cont\u00f3 con la participaci\u00f3n del Director de la Facultad de Ciencias Naturales y con los coordinadores de las Licenciaturas y Posgrados . El rector Alejandro Ceballos aprovech\u00f3 su visita para orientar una conferencia dirigida a la comunidad universitaria de Quer\u00e9taro, sobre la oferta acad\u00e9mica y las posibilidades de formaci\u00f3n que ofrece la Universidad de Caldas.<\/p>\n<p>&nbsp;<\/p>\n<table style=\"width: 722px;\">\n<tbody>\n<tr>\n<td style=\"width: 712px;\"><strong>PARA DESTACAR:<\/strong><\/p>\n<p>La Universidad Aut\u00f3noma de Quer\u00e9taro es una instituci\u00f3n p\u00fablica de educaci\u00f3n superior del Estado de Quer\u00e9taro en M\u00e9xico. Es la m\u00e1s grande e importante tanto de la ciudad como del estado de Quer\u00e9taro.<\/td>\n<\/tr>\n<\/tbody>\n<\/table>\n<p>&nbsp;<\/p>\n<p><strong>Anexo:<br \/>\n<\/strong><strong><a href=\"https:\/\/www.ivoox.com\/universidad-caldas-fortalece-lazos-cooperacion-con-audios-mp3_rf_78932317_1.html\">Audio rector Universidad de Caldas, Alejandro Ceballos M\u00e1rquez<\/a><br \/>\n<iframe loading=\"lazy\" src=\"https:\/\/co.ivoox.com\/es\/player_ek_78932317_2_1.html?data=mJ2mlZeXdZihhpywj5WVaZS1kZiah5yncZKhhpywj5WRaZi3jpWah5yncbbiytvS1NjNqMLYjMnSjajFsMXV1JDT0dfYpc3ZxMqYzsbes9SfxcqYxdTTtMbmwsjWh6iXaaOnz5DQj4qbh46-pquyjampb7HGprPAo5KJe6ShlQ..&amp;\" width=\"238\" height=\"48\" frameborder=\"0\" scrolling=\"no\" allowfullscreen=\"allowfullscreen\"><\/iframe><\/p>\n<p><\/strong><\/p>\n<p>&nbsp;<\/p>\n<p><strong>Informes: <\/strong>Oficina de Comunicaciones y Prensa Universidad de Caldas.<\/p>\n<p><strong>Redacci\u00f3n:<\/strong> Adriana Salazar Villegas<\/p>\n<p>&nbsp;<\/p>\n","protected":false},"excerpt":{"rendered":"<p>SE PLANTEAN VARIAS OPCIONES DE MOVILIDAD PARA LOS ESTUDIANTES DE AMBAS INSTITUCIONES Universidad de Caldas fortalece lazos de cooperaci\u00f3n con la Universidad Aut\u00f3noma de Quer\u00e9taro (M\u00e9xico) 29\/11\/2021 El rector de la Universidad de Caldas Alejandro Ceballos M\u00e1rquez se reuni\u00f3 con\u00a0 la rectora \u00a0de la Universidad Aut\u00f3noma de Quer\u00e9taro (M\u00e9xico) \u00a0Margarita Teresa de Jes\u00fas Garc\u00eda Gasca, [&hellip;]<\/p>\n","protected":false},"author":2,"featured_media":66877,"comment_status":"closed","ping_status":"open","sticky":false,"template":"","format":"standard","meta":{"footnotes":""},"categories":[614,48,53],"tags":[447,4002,138,270],"class_list":["post-66876","post","type-post","status-publish","format-standard","has-post-thumbnail","hentry","category-ucaldas-internacional","category-actualidad","category-universidad-al-dia","tag-movilidad-academica","tag-universidad-autonoma-de-queretaro","tag-mexico","tag-internacionalizacion"],"yoast_head":"<!-- This site is optimized with the Yoast SEO plugin v27.5 - https:\/\/yoast.com\/product\/yoast-seo-wordpress\/ -->\n<title>Universidad de Caldas fortalece lazos de cooperaci\u00f3n con la Universidad Aut\u00f3noma de Quer\u00e9taro (M\u00e9xico) .<\/title>\n<meta name=\"robots\" content=\"index, follow, max-snippet:-1, max-image-preview:large, max-video-preview:-1\" \/>\n<link rel=\"canonical\" href=\"https:\/\/www.ucaldas.edu.co\/portal\/universidad-de-caldas-fortalece-lazos-de-cooperacion-con-la-universidad-autonoma-de-queretaro-mexico\/\" \/>\n<script type=\"application\/ld+json\" class=\"yoast-schema-graph\">{\"@context\":\"https:\\\/\\\/schema.org\",\"@graph\":[{\"@type\":\"Article\",\"@id\":\"https:\\\/\\\/www.ucaldas.edu.co\\\/portal\\\/universidad-de-caldas-fortalece-lazos-de-cooperacion-con-la-universidad-autonoma-de-queretaro-mexico\\\/#article\",\"isPartOf\":{\"@id\":\"https:\\\/\\\/www.ucaldas.edu.co\\\/portal\\\/universidad-de-caldas-fortalece-lazos-de-cooperacion-con-la-universidad-autonoma-de-queretaro-mexico\\\/\"},\"author\":{\"name\":\"ofiprensa\",\"@id\":\"https:\\\/\\\/www.ucaldas.edu.co\\\/portal\\\/#\\\/schema\\\/person\\\/a1b482e23449158b4bc319926c074fdf\"},\"headline\":\"Universidad de Caldas fortalece lazos de cooperaci\u00f3n con la Universidad Aut\u00f3noma de Quer\u00e9taro (M\u00e9xico)\",\"datePublished\":\"2021-11-29T23:57:44+00:00\",\"mainEntityOfPage\":{\"@id\":\"https:\\\/\\\/www.ucaldas.edu.co\\\/portal\\\/universidad-de-caldas-fortalece-lazos-de-cooperacion-con-la-universidad-autonoma-de-queretaro-mexico\\\/\"},\"wordCount\":274,\"publisher\":{\"@id\":\"https:\\\/\\\/www.ucaldas.edu.co\\\/portal\\\/#organization\"},\"image\":{\"@id\":\"https:\\\/\\\/www.ucaldas.edu.co\\\/portal\\\/universidad-de-caldas-fortalece-lazos-de-cooperacion-con-la-universidad-autonoma-de-queretaro-mexico\\\/#primaryimage\"},\"thumbnailUrl\":\"https:\\\/\\\/www.ucaldas.edu.co\\\/portal\\\/wp-content\\\/uploads\\\/2021\\\/11\\\/Diseno-sin-titulo-1-4.jpg\",\"keywords\":[\"movilidad acad\u00e9mica\",\"universidad aut\u00f3noma de quer\u00e9taro\",\"M\u00e9xico\",\"Internacionalizaci\u00f3n\"],\"articleSection\":[\"Ucaldas Internacional\",\"Actualidad\",\"Universidad al D\u00eda\"],\"inLanguage\":\"es\"},{\"@type\":\"WebPage\",\"@id\":\"https:\\\/\\\/www.ucaldas.edu.co\\\/portal\\\/universidad-de-caldas-fortalece-lazos-de-cooperacion-con-la-universidad-autonoma-de-queretaro-mexico\\\/\",\"url\":\"https:\\\/\\\/www.ucaldas.edu.co\\\/portal\\\/universidad-de-caldas-fortalece-lazos-de-cooperacion-con-la-universidad-autonoma-de-queretaro-mexico\\\/\",\"name\":\"Universidad de Caldas fortalece lazos de cooperaci\u00f3n con la Universidad Aut\u00f3noma de Quer\u00e9taro (M\u00e9xico) .\",\"isPartOf\":{\"@id\":\"https:\\\/\\\/www.ucaldas.edu.co\\\/portal\\\/#website\"},\"primaryImageOfPage\":{\"@id\":\"https:\\\/\\\/www.ucaldas.edu.co\\\/portal\\\/universidad-de-caldas-fortalece-lazos-de-cooperacion-con-la-universidad-autonoma-de-queretaro-mexico\\\/#primaryimage\"},\"image\":{\"@id\":\"https:\\\/\\\/www.ucaldas.edu.co\\\/portal\\\/universidad-de-caldas-fortalece-lazos-de-cooperacion-con-la-universidad-autonoma-de-queretaro-mexico\\\/#primaryimage\"},\"thumbnailUrl\":\"https:\\\/\\\/www.ucaldas.edu.co\\\/portal\\\/wp-content\\\/uploads\\\/2021\\\/11\\\/Diseno-sin-titulo-1-4.jpg\",\"datePublished\":\"2021-11-29T23:57:44+00:00\",\"breadcrumb\":{\"@id\":\"https:\\\/\\\/www.ucaldas.edu.co\\\/portal\\\/universidad-de-caldas-fortalece-lazos-de-cooperacion-con-la-universidad-autonoma-de-queretaro-mexico\\\/#breadcrumb\"},\"inLanguage\":\"es\",\"potentialAction\":[{\"@type\":\"ReadAction\",\"target\":[\"https:\\\/\\\/www.ucaldas.edu.co\\\/portal\\\/universidad-de-caldas-fortalece-lazos-de-cooperacion-con-la-universidad-autonoma-de-queretaro-mexico\\\/\"]}]},{\"@type\":\"ImageObject\",\"inLanguage\":\"es\",\"@id\":\"https:\\\/\\\/www.ucaldas.edu.co\\\/portal\\\/universidad-de-caldas-fortalece-lazos-de-cooperacion-con-la-universidad-autonoma-de-queretaro-mexico\\\/#primaryimage\",\"url\":\"https:\\\/\\\/www.ucaldas.edu.co\\\/portal\\\/wp-content\\\/uploads\\\/2021\\\/11\\\/Diseno-sin-titulo-1-4.jpg\",\"contentUrl\":\"https:\\\/\\\/www.ucaldas.edu.co\\\/portal\\\/wp-content\\\/uploads\\\/2021\\\/11\\\/Diseno-sin-titulo-1-4.jpg\",\"width\":700,\"height\":400},{\"@type\":\"BreadcrumbList\",\"@id\":\"https:\\\/\\\/www.ucaldas.edu.co\\\/portal\\\/universidad-de-caldas-fortalece-lazos-de-cooperacion-con-la-universidad-autonoma-de-queretaro-mexico\\\/#breadcrumb\",\"itemListElement\":[{\"@type\":\"ListItem\",\"position\":1,\"name\":\"Portada\",\"item\":\"https:\\\/\\\/www.ucaldas.edu.co\\\/portal\\\/\"},{\"@type\":\"ListItem\",\"position\":2,\"name\":\"Universidad de Caldas fortalece lazos de cooperaci\u00f3n con la Universidad Aut\u00f3noma de Quer\u00e9taro (M\u00e9xico)\"}]},{\"@type\":\"WebSite\",\"@id\":\"https:\\\/\\\/www.ucaldas.edu.co\\\/portal\\\/#website\",\"url\":\"https:\\\/\\\/www.ucaldas.edu.co\\\/portal\\\/\",\"name\":\"Universidad de Caldas\",\"description\":\"\",\"publisher\":{\"@id\":\"https:\\\/\\\/www.ucaldas.edu.co\\\/portal\\\/#organization\"},\"alternateName\":\"U. de Caldas\",\"potentialAction\":[{\"@type\":\"SearchAction\",\"target\":{\"@type\":\"EntryPoint\",\"urlTemplate\":\"https:\\\/\\\/www.ucaldas.edu.co\\\/portal\\\/?s={search_term_string}\"},\"query-input\":{\"@type\":\"PropertyValueSpecification\",\"valueRequired\":true,\"valueName\":\"search_term_string\"}}],\"inLanguage\":\"es\"},{\"@type\":\"Organization\",\"@id\":\"https:\\\/\\\/www.ucaldas.edu.co\\\/portal\\\/#organization\",\"name\":\"Universidad de Caldas\",\"alternateName\":\"U. de Caldas\",\"url\":\"https:\\\/\\\/www.ucaldas.edu.co\\\/portal\\\/\",\"logo\":{\"@type\":\"ImageObject\",\"inLanguage\":\"es\",\"@id\":\"https:\\\/\\\/www.ucaldas.edu.co\\\/portal\\\/#\\\/schema\\\/logo\\\/image\\\/\",\"url\":\"https:\\\/\\\/www.ucaldas.edu.co\\\/portal\\\/wp-content\\\/uploads\\\/2023\\\/11\\\/Logo_horizontal_oscuroU-2023.png\",\"contentUrl\":\"https:\\\/\\\/www.ucaldas.edu.co\\\/portal\\\/wp-content\\\/uploads\\\/2023\\\/11\\\/Logo_horizontal_oscuroU-2023.png\",\"width\":263,\"height\":101,\"caption\":\"Universidad de Caldas\"},\"image\":{\"@id\":\"https:\\\/\\\/www.ucaldas.edu.co\\\/portal\\\/#\\\/schema\\\/logo\\\/image\\\/\"},\"sameAs\":[\"https:\\\/\\\/www.facebook.com\\\/udecaldas\",\"https:\\\/\\\/x.com\\\/udecaldas\",\"https:\\\/\\\/www.youtube.com\\\/universidadcaldas\",\"https:\\\/\\\/www.instagram.com\\\/udecaldas\\\/\"]},{\"@type\":\"Person\",\"@id\":\"https:\\\/\\\/www.ucaldas.edu.co\\\/portal\\\/#\\\/schema\\\/person\\\/a1b482e23449158b4bc319926c074fdf\",\"name\":\"ofiprensa\",\"image\":{\"@type\":\"ImageObject\",\"inLanguage\":\"es\",\"@id\":\"https:\\\/\\\/www.ucaldas.edu.co\\\/portal\\\/wp-content\\\/litespeed\\\/avatar\\\/09ea5085e600095a7a811142c6944527.jpg?ver=1777497608\",\"url\":\"https:\\\/\\\/www.ucaldas.edu.co\\\/portal\\\/wp-content\\\/litespeed\\\/avatar\\\/09ea5085e600095a7a811142c6944527.jpg?ver=1777497608\",\"contentUrl\":\"https:\\\/\\\/www.ucaldas.edu.co\\\/portal\\\/wp-content\\\/litespeed\\\/avatar\\\/09ea5085e600095a7a811142c6944527.jpg?ver=1777497608\",\"caption\":\"ofiprensa\"},\"url\":\"https:\\\/\\\/www.ucaldas.edu.co\\\/portal\\\/author\\\/ofiprensa\\\/\"}]}<\/script>\n<!-- \/ Yoast SEO plugin. -->","yoast_head_json":{"title":"Universidad de Caldas fortalece lazos de cooperaci\u00f3n con la Universidad Aut\u00f3noma de Quer\u00e9taro (M\u00e9xico) .","robots":{"index":"index","follow":"follow","max-snippet":"max-snippet:-1","max-image-preview":"max-image-preview:large","max-video-preview":"max-video-preview:-1"},"canonical":"https:\/\/www.ucaldas.edu.co\/portal\/universidad-de-caldas-fortalece-lazos-de-cooperacion-con-la-universidad-autonoma-de-queretaro-mexico\/","schema":{"@context":"https:\/\/schema.org","@graph":[{"@type":"Article","@id":"https:\/\/www.ucaldas.edu.co\/portal\/universidad-de-caldas-fortalece-lazos-de-cooperacion-con-la-universidad-autonoma-de-queretaro-mexico\/#article","isPartOf":{"@id":"https:\/\/www.ucaldas.edu.co\/portal\/universidad-de-caldas-fortalece-lazos-de-cooperacion-con-la-universidad-autonoma-de-queretaro-mexico\/"},"author":{"name":"ofiprensa","@id":"https:\/\/www.ucaldas.edu.co\/portal\/#\/schema\/person\/a1b482e23449158b4bc319926c074fdf"},"headline":"Universidad de Caldas fortalece lazos de cooperaci\u00f3n con la Universidad Aut\u00f3noma de Quer\u00e9taro (M\u00e9xico)","datePublished":"2021-11-29T23:57:44+00:00","mainEntityOfPage":{"@id":"https:\/\/www.ucaldas.edu.co\/portal\/universidad-de-caldas-fortalece-lazos-de-cooperacion-con-la-universidad-autonoma-de-queretaro-mexico\/"},"wordCount":274,"publisher":{"@id":"https:\/\/www.ucaldas.edu.co\/portal\/#organization"},"image":{"@id":"https:\/\/www.ucaldas.edu.co\/portal\/universidad-de-caldas-fortalece-lazos-de-cooperacion-con-la-universidad-autonoma-de-queretaro-mexico\/#primaryimage"},"thumbnailUrl":"https:\/\/www.ucaldas.edu.co\/portal\/wp-content\/uploads\/2021\/11\/Diseno-sin-titulo-1-4.jpg","keywords":["movilidad acad\u00e9mica","universidad aut\u00f3noma de quer\u00e9taro","M\u00e9xico","Internacionalizaci\u00f3n"],"articleSection":["Ucaldas Internacional","Actualidad","Universidad al D\u00eda"],"inLanguage":"es"},{"@type":"WebPage","@id":"https:\/\/www.ucaldas.edu.co\/portal\/universidad-de-caldas-fortalece-lazos-de-cooperacion-con-la-universidad-autonoma-de-queretaro-mexico\/","url":"https:\/\/www.ucaldas.edu.co\/portal\/universidad-de-caldas-fortalece-lazos-de-cooperacion-con-la-universidad-autonoma-de-queretaro-mexico\/","name":"Universidad de Caldas fortalece lazos de cooperaci\u00f3n con la Universidad Aut\u00f3noma de Quer\u00e9taro (M\u00e9xico) .","isPartOf":{"@id":"https:\/\/www.ucaldas.edu.co\/portal\/#website"},"primaryImageOfPage":{"@id":"https:\/\/www.ucaldas.edu.co\/portal\/universidad-de-caldas-fortalece-lazos-de-cooperacion-con-la-universidad-autonoma-de-queretaro-mexico\/#primaryimage"},"image":{"@id":"https:\/\/www.ucaldas.edu.co\/portal\/universidad-de-caldas-fortalece-lazos-de-cooperacion-con-la-universidad-autonoma-de-queretaro-mexico\/#primaryimage"},"thumbnailUrl":"https:\/\/www.ucaldas.edu.co\/portal\/wp-content\/uploads\/2021\/11\/Diseno-sin-titulo-1-4.jpg","datePublished":"2021-11-29T23:57:44+00:00","breadcrumb":{"@id":"https:\/\/www.ucaldas.edu.co\/portal\/universidad-de-caldas-fortalece-lazos-de-cooperacion-con-la-universidad-autonoma-de-queretaro-mexico\/#breadcrumb"},"inLanguage":"es","potentialAction":[{"@type":"ReadAction","target":["https:\/\/www.ucaldas.edu.co\/portal\/universidad-de-caldas-fortalece-lazos-de-cooperacion-con-la-universidad-autonoma-de-queretaro-mexico\/"]}]},{"@type":"ImageObject","inLanguage":"es","@id":"https:\/\/www.ucaldas.edu.co\/portal\/universidad-de-caldas-fortalece-lazos-de-cooperacion-con-la-universidad-autonoma-de-queretaro-mexico\/#primaryimage","url":"https:\/\/www.ucaldas.edu.co\/portal\/wp-content\/uploads\/2021\/11\/Diseno-sin-titulo-1-4.jpg","contentUrl":"https:\/\/www.ucaldas.edu.co\/portal\/wp-content\/uploads\/2021\/11\/Diseno-sin-titulo-1-4.jpg","width":700,"height":400},{"@type":"BreadcrumbList","@id":"https:\/\/www.ucaldas.edu.co\/portal\/universidad-de-caldas-fortalece-lazos-de-cooperacion-con-la-universidad-autonoma-de-queretaro-mexico\/#breadcrumb","itemListElement":[{"@type":"ListItem","position":1,"name":"Portada","item":"https:\/\/www.ucaldas.edu.co\/portal\/"},{"@type":"ListItem","position":2,"name":"Universidad de Caldas fortalece lazos de cooperaci\u00f3n con la Universidad Aut\u00f3noma de Quer\u00e9taro (M\u00e9xico)"}]},{"@type":"WebSite","@id":"https:\/\/www.ucaldas.edu.co\/portal\/#website","url":"https:\/\/www.ucaldas.edu.co\/portal\/","name":"Universidad de Caldas","description":"","publisher":{"@id":"https:\/\/www.ucaldas.edu.co\/portal\/#organization"},"alternateName":"U. de Caldas","potentialAction":[{"@type":"SearchAction","target":{"@type":"EntryPoint","urlTemplate":"https:\/\/www.ucaldas.edu.co\/portal\/?s={search_term_string}"},"query-input":{"@type":"PropertyValueSpecification","valueRequired":true,"valueName":"search_term_string"}}],"inLanguage":"es"},{"@type":"Organization","@id":"https:\/\/www.ucaldas.edu.co\/portal\/#organization","name":"Universidad de Caldas","alternateName":"U. de Caldas","url":"https:\/\/www.ucaldas.edu.co\/portal\/","logo":{"@type":"ImageObject","inLanguage":"es","@id":"https:\/\/www.ucaldas.edu.co\/portal\/#\/schema\/logo\/image\/","url":"https:\/\/www.ucaldas.edu.co\/portal\/wp-content\/uploads\/2023\/11\/Logo_horizontal_oscuroU-2023.png","contentUrl":"https:\/\/www.ucaldas.edu.co\/portal\/wp-content\/uploads\/2023\/11\/Logo_horizontal_oscuroU-2023.png","width":263,"height":101,"caption":"Universidad de Caldas"},"image":{"@id":"https:\/\/www.ucaldas.edu.co\/portal\/#\/schema\/logo\/image\/"},"sameAs":["https:\/\/www.facebook.com\/udecaldas","https:\/\/x.com\/udecaldas","https:\/\/www.youtube.com\/universidadcaldas","https:\/\/www.instagram.com\/udecaldas\/"]},{"@type":"Person","@id":"https:\/\/www.ucaldas.edu.co\/portal\/#\/schema\/person\/a1b482e23449158b4bc319926c074fdf","name":"ofiprensa","image":{"@type":"ImageObject","inLanguage":"es","@id":"https:\/\/www.ucaldas.edu.co\/portal\/wp-content\/litespeed\/avatar\/09ea5085e600095a7a811142c6944527.jpg?ver=1777497608","url":"https:\/\/www.ucaldas.edu.co\/portal\/wp-content\/litespeed\/avatar\/09ea5085e600095a7a811142c6944527.jpg?ver=1777497608","contentUrl":"https:\/\/www.ucaldas.edu.co\/portal\/wp-content\/litespeed\/avatar\/09ea5085e600095a7a811142c6944527.jpg?ver=1777497608","caption":"ofiprensa"},"url":"https:\/\/www.ucaldas.edu.co\/portal\/author\/ofiprensa\/"}]}},"_links":{"self":[{"href":"https:\/\/www.ucaldas.edu.co\/portal\/wp-json\/wp\/v2\/posts\/66876","targetHints":{"allow":["GET"]}}],"collection":[{"href":"https:\/\/www.ucaldas.edu.co\/portal\/wp-json\/wp\/v2\/posts"}],"about":[{"href":"https:\/\/www.ucaldas.edu.co\/portal\/wp-json\/wp\/v2\/types\/post"}],"author":[{"embeddable":true,"href":"https:\/\/www.ucaldas.edu.co\/portal\/wp-json\/wp\/v2\/users\/2"}],"replies":[{"embeddable":true,"href":"https:\/\/www.ucaldas.edu.co\/portal\/wp-json\/wp\/v2\/comments?post=66876"}],"version-history":[{"count":0,"href":"https:\/\/www.ucaldas.edu.co\/portal\/wp-json\/wp\/v2\/posts\/66876\/revisions"}],"wp:featuredmedia":[{"embeddable":true,"href":"https:\/\/www.ucaldas.edu.co\/portal\/wp-json\/wp\/v2\/media\/66877"}],"wp:attachment":[{"href":"https:\/\/www.ucaldas.edu.co\/portal\/wp-json\/wp\/v2\/media?parent=66876"}],"wp:term":[{"taxonomy":"category","embeddable":true,"href":"https:\/\/www.ucaldas.edu.co\/portal\/wp-json\/wp\/v2\/categories?post=66876"},{"taxonomy":"post_tag","embeddable":true,"href":"https:\/\/www.ucaldas.edu.co\/portal\/wp-json\/wp\/v2\/tags?post=66876"}],"curies":[{"name":"wp","href":"https:\/\/api.w.org\/{rel}","templated":true}]}}