{"id":66870,"date":"2021-11-29T23:37:28","date_gmt":"2021-11-29T23:37:28","guid":{"rendered":"https:\/\/www.ucaldas.edu.co\/portal\/?p=66870"},"modified":"2021-11-29T23:37:28","modified_gmt":"2021-11-29T23:37:28","slug":"tres-candidatos-a-doctor-en-ciencias-son-estudiantes-de-la-universidad-de-caldas","status":"publish","type":"post","link":"https:\/\/www.ucaldas.edu.co\/portal\/tres-candidatos-a-doctor-en-ciencias-son-estudiantes-de-la-universidad-de-caldas\/","title":{"rendered":"Tres candidatos a Doctor en Ciencias son estudiantes de la Universidad de Caldas"},"content":{"rendered":"<p style=\"text-align: center;\">SE TRATA DE PAULA ANDREA OSSA L\u00d3PEZ, ANDR\u00c9S MAURICIO GRISALES<br \/>\nY SONIA ECHEVERRY HERN\u00c1NDEZ<br \/>\n<b>Tres candidatos a Doctor en Ciencias son estudiantes de la Universidad de Caldas<\/b><\/p>\n<p style=\"text-align: right;\">29\/11\/2021<\/p>\n<p><img loading=\"lazy\" decoding=\"async\" class=\"size-medium wp-image-66871 aligncenter\" src=\"https:\/\/www.ucaldas.edu.co\/portal\/wp-content\/uploads\/2021\/11\/doctorado-ciencias-300x171.jpg\" alt=\"\" width=\"300\" height=\"171\" srcset=\"https:\/\/www.ucaldas.edu.co\/portal\/wp-content\/uploads\/2021\/11\/doctorado-ciencias-300x171.jpg 300w, https:\/\/www.ucaldas.edu.co\/portal\/wp-content\/uploads\/2021\/11\/doctorado-ciencias.jpg 700w\" sizes=\"auto, (max-width: 300px) 100vw, 300px\" \/><\/p>\n<p>Tres estudiantes del Doctorado en Ciencias de la Universidad de Caldas aprobaron el examen de candidatura a doctores del programa, el cual se desarrolla en conjunto con la Universidad del Quind\u00edo y la Universidad Tecnol\u00f3gica de Pereira.<\/p>\n<p><!--more--><\/p>\n<p>En primer lugar est\u00e1 Paula Andrea Ossa L\u00f3pez, bi\u00f3loga y magister en Ciencias Bil\u00f3gicas de la Universidad de Caldas, actualmente es integrante del grupo de investigaci\u00f3n Gen\u00e9tica, Biodiversidad y Manejos de Ecosistemas Gebiome; ganadora de una de las Becas Bicentenario de excelencia doctoral en el a\u00f1o 2019.<\/p>\n<p>Ossa, quien desarrolla su doctorado bajo la l\u00ednea de investigaci\u00f3n en Biolog\u00eda, manifiesta que el programa le ha permitidito fortalecer su proceso acad\u00e9mico e investigativo gracias al conjunto de elementos que lo componen como el equipo coordinador y docentes especializados en las tem\u00e1ticas.<\/p>\n<p>Otro candidato a doctor es Andr\u00e9s Mauricio Grisales, matem\u00e1tico y magister en Ciencias en Matem\u00e1tica Aplicada. Su vida profesional se ha contextualizado en el \u00e1mbito acad\u00e9mico siendo docente de secundaria y universitario en instituciones como la Universidad Cat\u00f3lica Luis Amig\u00f3 y la Universidad Nacional sede Manizales.<\/p>\n<p>La l\u00ednea de investigaci\u00f3n que cursa Grisales es Matem\u00e1ticas, bajo la cual desarrolla su investigaci\u00f3n orientada al an\u00e1lisis multivariado de datos, sistemas din\u00e1micos, e inteligencia artificial en la l\u00ednea de procesamiento de lenguaje natural aplicado al an\u00e1lisis de informaci\u00f3n no estructurada.<\/p>\n<p>Finalmente, la tercera candidata a doctora es Sonia Echeverry Hern\u00e1ndez, licenciada en Biolog\u00eda y Qu\u00edmica, magister en Microbiolog\u00eda. Actualmente es docente adscrita al programa de Licenciatura en Ciencias Naturales y Educaci\u00f3n Ambiental de la facultad de Educaci\u00f3n de la Universidad Surcolombiana de Neiva.<\/p>\n<p>Echeverry resalta que el programa le ha permitido crecer tanto en el \u00e1mbito profesional como personal gracias a la calidad docente y a la interacci\u00f3n con sus compa\u00f1eros. Agrega que esto le ha ayudado a fortalecer su investigaci\u00f3n en ecosistemas de bosques ecotropicales en la ciudad de Neiva, con lo que espera contribuir al conocimiento en el sector de la biolog\u00eda en esta zona del pa\u00eds.<\/p>\n<p>El Doctorado en Ciencias tiene como misi\u00f3n formar investigadores de alto nivel de cualificaci\u00f3n en las disciplinas de Biolog\u00eda, Qu\u00edmica, F\u00edsica y Matem\u00e1ticas, generando divulgaci\u00f3n y apropiaci\u00f3n del conocimiento y las tecnolog\u00edas que permitan aportar a la soluci\u00f3n de problemas regionales y nacionales, y contribuir al desarrollo y crecimiento del eje cafetero.<\/p>\n<p>&nbsp;<\/p>\n<p><strong>Anexos:<\/strong><\/p>\n<p><strong><a href=\"https:\/\/www.ivoox.com\/paula-andrea-ossa-lopez-candidata-a-doctora-audios-mp3_rf_78924813_1.html\">Audio Paula Andrea Ossa L\u00f3pez &#8211; candidata a doctora.<\/a><br \/>\n<iframe loading=\"lazy\" src=\"https:\/\/co.ivoox.com\/es\/player_ek_78924813_2_1.html?data=mJ2mlJmcdZShhpywj5WVaZS1kp6ah5yncZKhhpywj5WRaZi3jpWah5yncbHV1tHOjabSqNPZwpC81djFb62ZpJiSpJjUqdufjpDQw9PIrcXV1caYw5DIs8To0NfOkJKJe6ShpMbZxsbXb6LYzpDCj4qbh46o&amp;\" width=\"238\" height=\"48\" frameborder=\"0\" scrolling=\"no\" allowfullscreen=\"allowfullscreen\"><\/iframe><br \/>\n<\/strong><\/p>\n<p><strong><a href=\"https:\/\/www.ivoox.com\/andres-mauricio-grisales-8211-candidato-a-doctor-audios-mp3_rf_78925150_1.html\">Audio Andr\u00e9s Mauricio Grisales \u2013 candidato a doctor.<\/a><br \/>\n<iframe loading=\"lazy\" src=\"https:\/\/co.ivoox.com\/es\/player_ek_78925150_2_1.html?data=mJ2mlJqVeZGhhpywj5WVaZS1k5uah5yncZKhhpywj5WRaZi3jpWah5yncaLixdeSpZiJhZrnjLLO19fNp8rjjKzfy9jFsMbnjIqfmIqWd5mmkpaSlaePp8Lixc7Rw9nTb8KfxdTQ1tTWco6ZmKiapcbQqMLnjKbRz5C5cYarpJKh&amp;\" width=\"238\" height=\"48\" frameborder=\"0\" scrolling=\"no\" allowfullscreen=\"allowfullscreen\"><\/iframe><\/strong><\/p>\n<p><strong><a href=\"https:\/\/www.ivoox.com\/sonia-echeverry-hernandez-8211-candidata-a-doctora-audios-mp3_rf_78924722_1.html\">Audio Sonia Echeverry Hern\u00e1ndez \u2013 candidata a doctora.<\/a><br \/>\n<iframe loading=\"lazy\" src=\"https:\/\/co.ivoox.com\/es\/player_ek_78924722_2_1.html?data=mJ2mlJmbdpOhhpywj5WVaZS1kZ6ah5yncZKhhpywj5WRaZi3jpWah5yncbTjz87OjarHrMbqxtff25CsqdPihqigh6aVssXZ25CSlJuJdpSsk5aeh5imb8TVz8nWxsbYpYzVjMncxdnTtsKijoqkpZKnpc3YwtiYo8nRb7ahhpywj5k.&amp;\" width=\"238\" height=\"48\" frameborder=\"0\" scrolling=\"no\" allowfullscreen=\"allowfullscreen\"><\/iframe><\/strong><\/p>\n<p>&nbsp;<\/p>\n<p><strong>Informes: <\/strong>Oficina de Comunicaciones y Prensa Universidad de Caldas.<\/p>\n<p><strong>Redacci\u00f3n:<\/strong> Mateo Buritic\u00e1 Giraldo<\/p>\n<p>&nbsp;<\/p>\n","protected":false},"excerpt":{"rendered":"<p>SE TRATA DE PAULA ANDREA OSSA L\u00d3PEZ, ANDR\u00c9S MAURICIO GRISALES Y SONIA ECHEVERRY HERN\u00c1NDEZ Tres candidatos a Doctor en Ciencias son estudiantes de la Universidad de Caldas 29\/11\/2021 Tres estudiantes del Doctorado en Ciencias de la Universidad de Caldas aprobaron el examen de candidatura a doctores del programa, el cual se desarrolla en conjunto con [&hellip;]<\/p>\n","protected":false},"author":2,"featured_media":66871,"comment_status":"closed","ping_status":"open","sticky":false,"template":"","format":"standard","meta":{"footnotes":""},"categories":[48,53,243],"tags":[93,7469,7635],"class_list":["post-66870","post","type-post","status-publish","format-standard","has-post-thumbnail","hentry","category-actualidad","category-universidad-al-dia","category-ucaldas-acreditada","tag-doctorado-en-ciencias","tag-programas-doctorales","tag-candidatos-a-doctor"],"yoast_head":"<!-- This site is optimized with the Yoast SEO plugin v27.5 - https:\/\/yoast.com\/product\/yoast-seo-wordpress\/ -->\n<title>Tres candidatos a Doctor en Ciencias son estudiantes de la Universidad de Caldas .<\/title>\n<meta name=\"robots\" content=\"index, follow, max-snippet:-1, max-image-preview:large, max-video-preview:-1\" \/>\n<link rel=\"canonical\" href=\"https:\/\/www.ucaldas.edu.co\/portal\/tres-candidatos-a-doctor-en-ciencias-son-estudiantes-de-la-universidad-de-caldas\/\" \/>\n<script type=\"application\/ld+json\" class=\"yoast-schema-graph\">{\"@context\":\"https:\\\/\\\/schema.org\",\"@graph\":[{\"@type\":\"Article\",\"@id\":\"https:\\\/\\\/www.ucaldas.edu.co\\\/portal\\\/tres-candidatos-a-doctor-en-ciencias-son-estudiantes-de-la-universidad-de-caldas\\\/#article\",\"isPartOf\":{\"@id\":\"https:\\\/\\\/www.ucaldas.edu.co\\\/portal\\\/tres-candidatos-a-doctor-en-ciencias-son-estudiantes-de-la-universidad-de-caldas\\\/\"},\"author\":{\"name\":\"ofiprensa\",\"@id\":\"https:\\\/\\\/www.ucaldas.edu.co\\\/portal\\\/#\\\/schema\\\/person\\\/a1b482e23449158b4bc319926c074fdf\"},\"headline\":\"Tres candidatos a Doctor en Ciencias son estudiantes de la Universidad de Caldas\",\"datePublished\":\"2021-11-29T23:37:28+00:00\",\"mainEntityOfPage\":{\"@id\":\"https:\\\/\\\/www.ucaldas.edu.co\\\/portal\\\/tres-candidatos-a-doctor-en-ciencias-son-estudiantes-de-la-universidad-de-caldas\\\/\"},\"wordCount\":509,\"publisher\":{\"@id\":\"https:\\\/\\\/www.ucaldas.edu.co\\\/portal\\\/#organization\"},\"image\":{\"@id\":\"https:\\\/\\\/www.ucaldas.edu.co\\\/portal\\\/tres-candidatos-a-doctor-en-ciencias-son-estudiantes-de-la-universidad-de-caldas\\\/#primaryimage\"},\"thumbnailUrl\":\"https:\\\/\\\/www.ucaldas.edu.co\\\/portal\\\/wp-content\\\/uploads\\\/2021\\\/11\\\/doctorado-ciencias.jpg\",\"keywords\":[\"Doctorado en Ciencias\",\"programas doctorales\",\"candidatos a doctor\"],\"articleSection\":[\"Actualidad\",\"Universidad al D\u00eda\",\"Ucaldas Acreditada\"],\"inLanguage\":\"es\"},{\"@type\":\"WebPage\",\"@id\":\"https:\\\/\\\/www.ucaldas.edu.co\\\/portal\\\/tres-candidatos-a-doctor-en-ciencias-son-estudiantes-de-la-universidad-de-caldas\\\/\",\"url\":\"https:\\\/\\\/www.ucaldas.edu.co\\\/portal\\\/tres-candidatos-a-doctor-en-ciencias-son-estudiantes-de-la-universidad-de-caldas\\\/\",\"name\":\"Tres candidatos a Doctor en Ciencias son estudiantes de la Universidad de Caldas .\",\"isPartOf\":{\"@id\":\"https:\\\/\\\/www.ucaldas.edu.co\\\/portal\\\/#website\"},\"primaryImageOfPage\":{\"@id\":\"https:\\\/\\\/www.ucaldas.edu.co\\\/portal\\\/tres-candidatos-a-doctor-en-ciencias-son-estudiantes-de-la-universidad-de-caldas\\\/#primaryimage\"},\"image\":{\"@id\":\"https:\\\/\\\/www.ucaldas.edu.co\\\/portal\\\/tres-candidatos-a-doctor-en-ciencias-son-estudiantes-de-la-universidad-de-caldas\\\/#primaryimage\"},\"thumbnailUrl\":\"https:\\\/\\\/www.ucaldas.edu.co\\\/portal\\\/wp-content\\\/uploads\\\/2021\\\/11\\\/doctorado-ciencias.jpg\",\"datePublished\":\"2021-11-29T23:37:28+00:00\",\"breadcrumb\":{\"@id\":\"https:\\\/\\\/www.ucaldas.edu.co\\\/portal\\\/tres-candidatos-a-doctor-en-ciencias-son-estudiantes-de-la-universidad-de-caldas\\\/#breadcrumb\"},\"inLanguage\":\"es\",\"potentialAction\":[{\"@type\":\"ReadAction\",\"target\":[\"https:\\\/\\\/www.ucaldas.edu.co\\\/portal\\\/tres-candidatos-a-doctor-en-ciencias-son-estudiantes-de-la-universidad-de-caldas\\\/\"]}]},{\"@type\":\"ImageObject\",\"inLanguage\":\"es\",\"@id\":\"https:\\\/\\\/www.ucaldas.edu.co\\\/portal\\\/tres-candidatos-a-doctor-en-ciencias-son-estudiantes-de-la-universidad-de-caldas\\\/#primaryimage\",\"url\":\"https:\\\/\\\/www.ucaldas.edu.co\\\/portal\\\/wp-content\\\/uploads\\\/2021\\\/11\\\/doctorado-ciencias.jpg\",\"contentUrl\":\"https:\\\/\\\/www.ucaldas.edu.co\\\/portal\\\/wp-content\\\/uploads\\\/2021\\\/11\\\/doctorado-ciencias.jpg\",\"width\":700,\"height\":400},{\"@type\":\"BreadcrumbList\",\"@id\":\"https:\\\/\\\/www.ucaldas.edu.co\\\/portal\\\/tres-candidatos-a-doctor-en-ciencias-son-estudiantes-de-la-universidad-de-caldas\\\/#breadcrumb\",\"itemListElement\":[{\"@type\":\"ListItem\",\"position\":1,\"name\":\"Portada\",\"item\":\"https:\\\/\\\/www.ucaldas.edu.co\\\/portal\\\/\"},{\"@type\":\"ListItem\",\"position\":2,\"name\":\"Tres candidatos a Doctor en Ciencias son estudiantes de la Universidad de Caldas\"}]},{\"@type\":\"WebSite\",\"@id\":\"https:\\\/\\\/www.ucaldas.edu.co\\\/portal\\\/#website\",\"url\":\"https:\\\/\\\/www.ucaldas.edu.co\\\/portal\\\/\",\"name\":\"Universidad de Caldas\",\"description\":\"\",\"publisher\":{\"@id\":\"https:\\\/\\\/www.ucaldas.edu.co\\\/portal\\\/#organization\"},\"alternateName\":\"U. de Caldas\",\"potentialAction\":[{\"@type\":\"SearchAction\",\"target\":{\"@type\":\"EntryPoint\",\"urlTemplate\":\"https:\\\/\\\/www.ucaldas.edu.co\\\/portal\\\/?s={search_term_string}\"},\"query-input\":{\"@type\":\"PropertyValueSpecification\",\"valueRequired\":true,\"valueName\":\"search_term_string\"}}],\"inLanguage\":\"es\"},{\"@type\":\"Organization\",\"@id\":\"https:\\\/\\\/www.ucaldas.edu.co\\\/portal\\\/#organization\",\"name\":\"Universidad de Caldas\",\"alternateName\":\"U. de Caldas\",\"url\":\"https:\\\/\\\/www.ucaldas.edu.co\\\/portal\\\/\",\"logo\":{\"@type\":\"ImageObject\",\"inLanguage\":\"es\",\"@id\":\"https:\\\/\\\/www.ucaldas.edu.co\\\/portal\\\/#\\\/schema\\\/logo\\\/image\\\/\",\"url\":\"https:\\\/\\\/www.ucaldas.edu.co\\\/portal\\\/wp-content\\\/uploads\\\/2023\\\/11\\\/Logo_horizontal_oscuroU-2023.png\",\"contentUrl\":\"https:\\\/\\\/www.ucaldas.edu.co\\\/portal\\\/wp-content\\\/uploads\\\/2023\\\/11\\\/Logo_horizontal_oscuroU-2023.png\",\"width\":263,\"height\":101,\"caption\":\"Universidad de Caldas\"},\"image\":{\"@id\":\"https:\\\/\\\/www.ucaldas.edu.co\\\/portal\\\/#\\\/schema\\\/logo\\\/image\\\/\"},\"sameAs\":[\"https:\\\/\\\/www.facebook.com\\\/udecaldas\",\"https:\\\/\\\/x.com\\\/udecaldas\",\"https:\\\/\\\/www.youtube.com\\\/universidadcaldas\",\"https:\\\/\\\/www.instagram.com\\\/udecaldas\\\/\"]},{\"@type\":\"Person\",\"@id\":\"https:\\\/\\\/www.ucaldas.edu.co\\\/portal\\\/#\\\/schema\\\/person\\\/a1b482e23449158b4bc319926c074fdf\",\"name\":\"ofiprensa\",\"image\":{\"@type\":\"ImageObject\",\"inLanguage\":\"es\",\"@id\":\"https:\\\/\\\/www.ucaldas.edu.co\\\/portal\\\/wp-content\\\/litespeed\\\/avatar\\\/09ea5085e600095a7a811142c6944527.jpg?ver=1777497608\",\"url\":\"https:\\\/\\\/www.ucaldas.edu.co\\\/portal\\\/wp-content\\\/litespeed\\\/avatar\\\/09ea5085e600095a7a811142c6944527.jpg?ver=1777497608\",\"contentUrl\":\"https:\\\/\\\/www.ucaldas.edu.co\\\/portal\\\/wp-content\\\/litespeed\\\/avatar\\\/09ea5085e600095a7a811142c6944527.jpg?ver=1777497608\",\"caption\":\"ofiprensa\"},\"url\":\"https:\\\/\\\/www.ucaldas.edu.co\\\/portal\\\/author\\\/ofiprensa\\\/\"}]}<\/script>\n<!-- \/ Yoast SEO plugin. -->","yoast_head_json":{"title":"Tres candidatos a Doctor en Ciencias son estudiantes de la Universidad de Caldas .","robots":{"index":"index","follow":"follow","max-snippet":"max-snippet:-1","max-image-preview":"max-image-preview:large","max-video-preview":"max-video-preview:-1"},"canonical":"https:\/\/www.ucaldas.edu.co\/portal\/tres-candidatos-a-doctor-en-ciencias-son-estudiantes-de-la-universidad-de-caldas\/","schema":{"@context":"https:\/\/schema.org","@graph":[{"@type":"Article","@id":"https:\/\/www.ucaldas.edu.co\/portal\/tres-candidatos-a-doctor-en-ciencias-son-estudiantes-de-la-universidad-de-caldas\/#article","isPartOf":{"@id":"https:\/\/www.ucaldas.edu.co\/portal\/tres-candidatos-a-doctor-en-ciencias-son-estudiantes-de-la-universidad-de-caldas\/"},"author":{"name":"ofiprensa","@id":"https:\/\/www.ucaldas.edu.co\/portal\/#\/schema\/person\/a1b482e23449158b4bc319926c074fdf"},"headline":"Tres candidatos a Doctor en Ciencias son estudiantes de la Universidad de Caldas","datePublished":"2021-11-29T23:37:28+00:00","mainEntityOfPage":{"@id":"https:\/\/www.ucaldas.edu.co\/portal\/tres-candidatos-a-doctor-en-ciencias-son-estudiantes-de-la-universidad-de-caldas\/"},"wordCount":509,"publisher":{"@id":"https:\/\/www.ucaldas.edu.co\/portal\/#organization"},"image":{"@id":"https:\/\/www.ucaldas.edu.co\/portal\/tres-candidatos-a-doctor-en-ciencias-son-estudiantes-de-la-universidad-de-caldas\/#primaryimage"},"thumbnailUrl":"https:\/\/www.ucaldas.edu.co\/portal\/wp-content\/uploads\/2021\/11\/doctorado-ciencias.jpg","keywords":["Doctorado en Ciencias","programas doctorales","candidatos a doctor"],"articleSection":["Actualidad","Universidad al D\u00eda","Ucaldas Acreditada"],"inLanguage":"es"},{"@type":"WebPage","@id":"https:\/\/www.ucaldas.edu.co\/portal\/tres-candidatos-a-doctor-en-ciencias-son-estudiantes-de-la-universidad-de-caldas\/","url":"https:\/\/www.ucaldas.edu.co\/portal\/tres-candidatos-a-doctor-en-ciencias-son-estudiantes-de-la-universidad-de-caldas\/","name":"Tres candidatos a Doctor en Ciencias son estudiantes de la Universidad de Caldas .","isPartOf":{"@id":"https:\/\/www.ucaldas.edu.co\/portal\/#website"},"primaryImageOfPage":{"@id":"https:\/\/www.ucaldas.edu.co\/portal\/tres-candidatos-a-doctor-en-ciencias-son-estudiantes-de-la-universidad-de-caldas\/#primaryimage"},"image":{"@id":"https:\/\/www.ucaldas.edu.co\/portal\/tres-candidatos-a-doctor-en-ciencias-son-estudiantes-de-la-universidad-de-caldas\/#primaryimage"},"thumbnailUrl":"https:\/\/www.ucaldas.edu.co\/portal\/wp-content\/uploads\/2021\/11\/doctorado-ciencias.jpg","datePublished":"2021-11-29T23:37:28+00:00","breadcrumb":{"@id":"https:\/\/www.ucaldas.edu.co\/portal\/tres-candidatos-a-doctor-en-ciencias-son-estudiantes-de-la-universidad-de-caldas\/#breadcrumb"},"inLanguage":"es","potentialAction":[{"@type":"ReadAction","target":["https:\/\/www.ucaldas.edu.co\/portal\/tres-candidatos-a-doctor-en-ciencias-son-estudiantes-de-la-universidad-de-caldas\/"]}]},{"@type":"ImageObject","inLanguage":"es","@id":"https:\/\/www.ucaldas.edu.co\/portal\/tres-candidatos-a-doctor-en-ciencias-son-estudiantes-de-la-universidad-de-caldas\/#primaryimage","url":"https:\/\/www.ucaldas.edu.co\/portal\/wp-content\/uploads\/2021\/11\/doctorado-ciencias.jpg","contentUrl":"https:\/\/www.ucaldas.edu.co\/portal\/wp-content\/uploads\/2021\/11\/doctorado-ciencias.jpg","width":700,"height":400},{"@type":"BreadcrumbList","@id":"https:\/\/www.ucaldas.edu.co\/portal\/tres-candidatos-a-doctor-en-ciencias-son-estudiantes-de-la-universidad-de-caldas\/#breadcrumb","itemListElement":[{"@type":"ListItem","position":1,"name":"Portada","item":"https:\/\/www.ucaldas.edu.co\/portal\/"},{"@type":"ListItem","position":2,"name":"Tres candidatos a Doctor en Ciencias son estudiantes de la Universidad de Caldas"}]},{"@type":"WebSite","@id":"https:\/\/www.ucaldas.edu.co\/portal\/#website","url":"https:\/\/www.ucaldas.edu.co\/portal\/","name":"Universidad de Caldas","description":"","publisher":{"@id":"https:\/\/www.ucaldas.edu.co\/portal\/#organization"},"alternateName":"U. de Caldas","potentialAction":[{"@type":"SearchAction","target":{"@type":"EntryPoint","urlTemplate":"https:\/\/www.ucaldas.edu.co\/portal\/?s={search_term_string}"},"query-input":{"@type":"PropertyValueSpecification","valueRequired":true,"valueName":"search_term_string"}}],"inLanguage":"es"},{"@type":"Organization","@id":"https:\/\/www.ucaldas.edu.co\/portal\/#organization","name":"Universidad de Caldas","alternateName":"U. de Caldas","url":"https:\/\/www.ucaldas.edu.co\/portal\/","logo":{"@type":"ImageObject","inLanguage":"es","@id":"https:\/\/www.ucaldas.edu.co\/portal\/#\/schema\/logo\/image\/","url":"https:\/\/www.ucaldas.edu.co\/portal\/wp-content\/uploads\/2023\/11\/Logo_horizontal_oscuroU-2023.png","contentUrl":"https:\/\/www.ucaldas.edu.co\/portal\/wp-content\/uploads\/2023\/11\/Logo_horizontal_oscuroU-2023.png","width":263,"height":101,"caption":"Universidad de Caldas"},"image":{"@id":"https:\/\/www.ucaldas.edu.co\/portal\/#\/schema\/logo\/image\/"},"sameAs":["https:\/\/www.facebook.com\/udecaldas","https:\/\/x.com\/udecaldas","https:\/\/www.youtube.com\/universidadcaldas","https:\/\/www.instagram.com\/udecaldas\/"]},{"@type":"Person","@id":"https:\/\/www.ucaldas.edu.co\/portal\/#\/schema\/person\/a1b482e23449158b4bc319926c074fdf","name":"ofiprensa","image":{"@type":"ImageObject","inLanguage":"es","@id":"https:\/\/www.ucaldas.edu.co\/portal\/wp-content\/litespeed\/avatar\/09ea5085e600095a7a811142c6944527.jpg?ver=1777497608","url":"https:\/\/www.ucaldas.edu.co\/portal\/wp-content\/litespeed\/avatar\/09ea5085e600095a7a811142c6944527.jpg?ver=1777497608","contentUrl":"https:\/\/www.ucaldas.edu.co\/portal\/wp-content\/litespeed\/avatar\/09ea5085e600095a7a811142c6944527.jpg?ver=1777497608","caption":"ofiprensa"},"url":"https:\/\/www.ucaldas.edu.co\/portal\/author\/ofiprensa\/"}]}},"_links":{"self":[{"href":"https:\/\/www.ucaldas.edu.co\/portal\/wp-json\/wp\/v2\/posts\/66870","targetHints":{"allow":["GET"]}}],"collection":[{"href":"https:\/\/www.ucaldas.edu.co\/portal\/wp-json\/wp\/v2\/posts"}],"about":[{"href":"https:\/\/www.ucaldas.edu.co\/portal\/wp-json\/wp\/v2\/types\/post"}],"author":[{"embeddable":true,"href":"https:\/\/www.ucaldas.edu.co\/portal\/wp-json\/wp\/v2\/users\/2"}],"replies":[{"embeddable":true,"href":"https:\/\/www.ucaldas.edu.co\/portal\/wp-json\/wp\/v2\/comments?post=66870"}],"version-history":[{"count":0,"href":"https:\/\/www.ucaldas.edu.co\/portal\/wp-json\/wp\/v2\/posts\/66870\/revisions"}],"wp:featuredmedia":[{"embeddable":true,"href":"https:\/\/www.ucaldas.edu.co\/portal\/wp-json\/wp\/v2\/media\/66871"}],"wp:attachment":[{"href":"https:\/\/www.ucaldas.edu.co\/portal\/wp-json\/wp\/v2\/media?parent=66870"}],"wp:term":[{"taxonomy":"category","embeddable":true,"href":"https:\/\/www.ucaldas.edu.co\/portal\/wp-json\/wp\/v2\/categories?post=66870"},{"taxonomy":"post_tag","embeddable":true,"href":"https:\/\/www.ucaldas.edu.co\/portal\/wp-json\/wp\/v2\/tags?post=66870"}],"curies":[{"name":"wp","href":"https:\/\/api.w.org\/{rel}","templated":true}]}}