{"id":66500,"date":"2021-11-11T00:09:20","date_gmt":"2021-11-11T00:09:20","guid":{"rendered":"https:\/\/www.ucaldas.edu.co\/portal\/?p=66500"},"modified":"2021-11-11T00:18:04","modified_gmt":"2021-11-11T00:18:04","slug":"comision-de-vicerrectores-administrativos-y-financieros-del-sue-presento-modelo-de-financiamiento-base-para-la-reforma-de-la-ley-30","status":"publish","type":"post","link":"https:\/\/www.ucaldas.edu.co\/portal\/comision-de-vicerrectores-administrativos-y-financieros-del-sue-presento-modelo-de-financiamiento-base-para-la-reforma-de-la-ley-30\/","title":{"rendered":"Comisi\u00f3n de vicerrectores administrativos y financieros del SUE present\u00f3 modelo de financiamiento base para la reforma de la Ley 30"},"content":{"rendered":"<p style=\"text-align: center;\">EL PROYECTO DE LEY BUSCA REFORMAR LOS ART\u00cdCULOS 86 Y 87<br \/>\n<strong>Comisi\u00f3n de vicerrectores administrativos y financieros del SUE present\u00f3 modelo<br \/>\nde financiamiento base para la reforma de la Ley 30<\/strong><\/p>\n<p style=\"text-align: right;\">10\/11\/2021<\/p>\n<p><img loading=\"lazy\" decoding=\"async\" class=\"size-full wp-image-66501 aligncenter\" src=\"https:\/\/www.ucaldas.edu.co\/portal\/wp-content\/uploads\/2021\/11\/sue.jpg\" alt=\"\" width=\"700\" height=\"400\" srcset=\"https:\/\/www.ucaldas.edu.co\/portal\/wp-content\/uploads\/2021\/11\/sue.jpg 700w, https:\/\/www.ucaldas.edu.co\/portal\/wp-content\/uploads\/2021\/11\/sue-300x171.jpg 300w\" sizes=\"auto, (max-width: 700px) 100vw, 700px\" \/><\/p>\n<p>La comisi\u00f3n de vicerrectores administrativos y financieros de las IES colombianas del Sistema Universitario Estatal SUE,\u00a0 de la cual hace parte la vicerrectora administrativa de la Universidad de Caldas Paula Andrea Chica Cort\u00e9s, presentaron al Ministerio de Educaci\u00f3n un modelo de financiamiento que pretende ser la base para un proyecto de ley que busca la reforma de los art\u00edculos 86 y 87 de la Ley 30.<\/p>\n<p><!--more--><\/p>\n<p>Durante el presente a\u00f1o, la comisi\u00f3n de vicerrectores del SUE ha socializado en diversos encuentros con el Ministerio de Educaci\u00f3n el modelo de financiamiento, el cual adem\u00e1s de tener una base te\u00f3rica, se presenta como un modelo matem\u00e1tico que ya fue simulado en t\u00e9rminos del impacto que este generar\u00eda a las universidades<\/p>\n<p>Seg\u00fan lo informa la vicerrectora administrativa U. de Caldas, Paula Andrea Chica Cort\u00e9s, el modelo ya se present\u00f3 y document\u00f3 en la \u00faltima edici\u00f3n del informe trianual que producen los vicerrectores administrativos y financieros de las instituciones que pertenecen al SUE, el cual contiene informaci\u00f3n sobre los avances de la sostenibilidad y financiamiento de la educaci\u00f3n superior.<\/p>\n<p>Chica agrega que el modelo que ser\u00e1 la base del proyecto de ley, no solo busca dar soluci\u00f3n de fondo al problema estructural de financiaci\u00f3n de las instituciones de educaci\u00f3n superior, tambi\u00e9n pretende ser un documento que permita el cumplimiento de los acuerdos hechos por el Gobierno nacional en cuanto al financiamiento de estas instituciones.<\/p>\n<p>El Ministerio de Educaci\u00f3n por su parte, pide que el modelo sea presentado de manera integral con la Red de Instituciones T\u00e9cnicas Profesionales, Tecnol\u00f3gicas y Universitarias P\u00fablicas RedTTU; por lo que actualmente se encuentran trabajando con estas instituciones para incluirlas en el proyecto de ley de reforma a la Ley 30.<\/p>\n<p>La vicerrectora Chica finalmente expres\u00f3 que se espera que el Ministerio de Educaci\u00f3n de luz verde al modelo para que este sea presentado ante el Congreso de la Republica como proyecto de ley con el fin de ser radicado en la siguiente legislatura.<\/p>\n<p>&nbsp;<\/p>\n<p><strong>Anexo:<br \/>\n<\/strong><strong><a href=\"https:\/\/www.ivoox.com\/paula-andrea-chica-cortes-8211-vicerrectora-administrativa-audios-mp3_rf_78078901_1.html\">Audio Paula Andrea Chica Cort\u00e9s. \u2013 vicerrectora administrativa.<\/a><\/strong><\/p>\n<p><strong><iframe loading=\"lazy\" src=\"https:\/\/co.ivoox.com\/es\/player_ek_78078901_2_1.html?data=mJ2dmZ2ddJKhhpywj5WVaZS1lp2ah5yncZKhhpywj5WRaZi3jpWah5yncbHV1tHOjabSqNPZwpCwys7HpYy30Nfhh6iXaaKt1JOYh5eaaZOnmZeek4qXhozqysjS1NfJp9Xj08aYw8nRrc_djoqkpZKnpc3YwtiYo8nRb7ahhpywj5k.&amp;\" width=\"238\" height=\"48\" frameborder=\"0\" scrolling=\"no\" allowfullscreen=\"allowfullscreen\"><\/iframe> \u00a0<\/strong><\/p>\n<p>&nbsp;<\/p>\n<p><strong>Informes: <\/strong>Oficina de Comunicaciones y Prensa Universidad de Caldas.<\/p>\n<p><strong>Redacci\u00f3n:<\/strong> Mateo Buritic\u00e1 Giraldo<\/p>\n<p>&nbsp;<\/p>\n","protected":false},"excerpt":{"rendered":"<p>EL PROYECTO DE LEY BUSCA REFORMAR LOS ART\u00cdCULOS 86 Y 87 Comisi\u00f3n de vicerrectores administrativos y financieros del SUE present\u00f3 modelo de financiamiento base para la reforma de la Ley 30 10\/11\/2021 La comisi\u00f3n de vicerrectores administrativos y financieros de las IES colombianas del Sistema Universitario Estatal SUE,\u00a0 de la cual hace parte la vicerrectora [&hellip;]<\/p>\n","protected":false},"author":2,"featured_media":66501,"comment_status":"closed","ping_status":"open","sticky":false,"template":"","format":"standard","meta":{"footnotes":""},"categories":[53,48],"tags":[7535,7536,2450],"class_list":["post-66500","post","type-post","status-publish","format-standard","has-post-thumbnail","hentry","category-universidad-al-dia","category-actualidad","tag-encuentro-sue","tag-financiamiento-educacion-superior","tag-universidades-publicas"],"yoast_head":"<!-- This site is optimized with the Yoast SEO plugin v27.5 - https:\/\/yoast.com\/product\/yoast-seo-wordpress\/ -->\n<title>Comisi\u00f3n de vicerrectores administrativos y financieros del SUE present\u00f3 modelo de financiamiento base para la reforma de la Ley 30 .<\/title>\n<meta name=\"robots\" content=\"index, follow, max-snippet:-1, max-image-preview:large, max-video-preview:-1\" \/>\n<link rel=\"canonical\" href=\"https:\/\/www.ucaldas.edu.co\/portal\/comision-de-vicerrectores-administrativos-y-financieros-del-sue-presento-modelo-de-financiamiento-base-para-la-reforma-de-la-ley-30\/\" \/>\n<script type=\"application\/ld+json\" class=\"yoast-schema-graph\">{\"@context\":\"https:\\\/\\\/schema.org\",\"@graph\":[{\"@type\":\"Article\",\"@id\":\"https:\\\/\\\/www.ucaldas.edu.co\\\/portal\\\/comision-de-vicerrectores-administrativos-y-financieros-del-sue-presento-modelo-de-financiamiento-base-para-la-reforma-de-la-ley-30\\\/#article\",\"isPartOf\":{\"@id\":\"https:\\\/\\\/www.ucaldas.edu.co\\\/portal\\\/comision-de-vicerrectores-administrativos-y-financieros-del-sue-presento-modelo-de-financiamiento-base-para-la-reforma-de-la-ley-30\\\/\"},\"author\":{\"name\":\"ofiprensa\",\"@id\":\"https:\\\/\\\/www.ucaldas.edu.co\\\/portal\\\/#\\\/schema\\\/person\\\/a1b482e23449158b4bc319926c074fdf\"},\"headline\":\"Comisi\u00f3n de vicerrectores administrativos y financieros del SUE present\u00f3 modelo de financiamiento base para la reforma de la Ley 30\",\"datePublished\":\"2021-11-11T00:09:20+00:00\",\"dateModified\":\"2021-11-11T00:18:04+00:00\",\"mainEntityOfPage\":{\"@id\":\"https:\\\/\\\/www.ucaldas.edu.co\\\/portal\\\/comision-de-vicerrectores-administrativos-y-financieros-del-sue-presento-modelo-de-financiamiento-base-para-la-reforma-de-la-ley-30\\\/\"},\"wordCount\":422,\"publisher\":{\"@id\":\"https:\\\/\\\/www.ucaldas.edu.co\\\/portal\\\/#organization\"},\"image\":{\"@id\":\"https:\\\/\\\/www.ucaldas.edu.co\\\/portal\\\/comision-de-vicerrectores-administrativos-y-financieros-del-sue-presento-modelo-de-financiamiento-base-para-la-reforma-de-la-ley-30\\\/#primaryimage\"},\"thumbnailUrl\":\"https:\\\/\\\/www.ucaldas.edu.co\\\/portal\\\/wp-content\\\/uploads\\\/2021\\\/11\\\/sue.jpg\",\"keywords\":[\"encuentro sue\",\"financiamiento educaci\u00f3n superior\",\"universidades p\u00fablicas\"],\"articleSection\":[\"Universidad al D\u00eda\",\"Actualidad\"],\"inLanguage\":\"es\"},{\"@type\":\"WebPage\",\"@id\":\"https:\\\/\\\/www.ucaldas.edu.co\\\/portal\\\/comision-de-vicerrectores-administrativos-y-financieros-del-sue-presento-modelo-de-financiamiento-base-para-la-reforma-de-la-ley-30\\\/\",\"url\":\"https:\\\/\\\/www.ucaldas.edu.co\\\/portal\\\/comision-de-vicerrectores-administrativos-y-financieros-del-sue-presento-modelo-de-financiamiento-base-para-la-reforma-de-la-ley-30\\\/\",\"name\":\"Comisi\u00f3n de vicerrectores administrativos y financieros del SUE present\u00f3 modelo de financiamiento base para la reforma de la Ley 30 .\",\"isPartOf\":{\"@id\":\"https:\\\/\\\/www.ucaldas.edu.co\\\/portal\\\/#website\"},\"primaryImageOfPage\":{\"@id\":\"https:\\\/\\\/www.ucaldas.edu.co\\\/portal\\\/comision-de-vicerrectores-administrativos-y-financieros-del-sue-presento-modelo-de-financiamiento-base-para-la-reforma-de-la-ley-30\\\/#primaryimage\"},\"image\":{\"@id\":\"https:\\\/\\\/www.ucaldas.edu.co\\\/portal\\\/comision-de-vicerrectores-administrativos-y-financieros-del-sue-presento-modelo-de-financiamiento-base-para-la-reforma-de-la-ley-30\\\/#primaryimage\"},\"thumbnailUrl\":\"https:\\\/\\\/www.ucaldas.edu.co\\\/portal\\\/wp-content\\\/uploads\\\/2021\\\/11\\\/sue.jpg\",\"datePublished\":\"2021-11-11T00:09:20+00:00\",\"dateModified\":\"2021-11-11T00:18:04+00:00\",\"breadcrumb\":{\"@id\":\"https:\\\/\\\/www.ucaldas.edu.co\\\/portal\\\/comision-de-vicerrectores-administrativos-y-financieros-del-sue-presento-modelo-de-financiamiento-base-para-la-reforma-de-la-ley-30\\\/#breadcrumb\"},\"inLanguage\":\"es\",\"potentialAction\":[{\"@type\":\"ReadAction\",\"target\":[\"https:\\\/\\\/www.ucaldas.edu.co\\\/portal\\\/comision-de-vicerrectores-administrativos-y-financieros-del-sue-presento-modelo-de-financiamiento-base-para-la-reforma-de-la-ley-30\\\/\"]}]},{\"@type\":\"ImageObject\",\"inLanguage\":\"es\",\"@id\":\"https:\\\/\\\/www.ucaldas.edu.co\\\/portal\\\/comision-de-vicerrectores-administrativos-y-financieros-del-sue-presento-modelo-de-financiamiento-base-para-la-reforma-de-la-ley-30\\\/#primaryimage\",\"url\":\"https:\\\/\\\/www.ucaldas.edu.co\\\/portal\\\/wp-content\\\/uploads\\\/2021\\\/11\\\/sue.jpg\",\"contentUrl\":\"https:\\\/\\\/www.ucaldas.edu.co\\\/portal\\\/wp-content\\\/uploads\\\/2021\\\/11\\\/sue.jpg\",\"width\":700,\"height\":400},{\"@type\":\"BreadcrumbList\",\"@id\":\"https:\\\/\\\/www.ucaldas.edu.co\\\/portal\\\/comision-de-vicerrectores-administrativos-y-financieros-del-sue-presento-modelo-de-financiamiento-base-para-la-reforma-de-la-ley-30\\\/#breadcrumb\",\"itemListElement\":[{\"@type\":\"ListItem\",\"position\":1,\"name\":\"Portada\",\"item\":\"https:\\\/\\\/www.ucaldas.edu.co\\\/portal\\\/\"},{\"@type\":\"ListItem\",\"position\":2,\"name\":\"Comisi\u00f3n de vicerrectores administrativos y financieros del SUE present\u00f3 modelo de financiamiento base para la reforma de la Ley 30\"}]},{\"@type\":\"WebSite\",\"@id\":\"https:\\\/\\\/www.ucaldas.edu.co\\\/portal\\\/#website\",\"url\":\"https:\\\/\\\/www.ucaldas.edu.co\\\/portal\\\/\",\"name\":\"Universidad de Caldas\",\"description\":\"\",\"publisher\":{\"@id\":\"https:\\\/\\\/www.ucaldas.edu.co\\\/portal\\\/#organization\"},\"alternateName\":\"U. de Caldas\",\"potentialAction\":[{\"@type\":\"SearchAction\",\"target\":{\"@type\":\"EntryPoint\",\"urlTemplate\":\"https:\\\/\\\/www.ucaldas.edu.co\\\/portal\\\/?s={search_term_string}\"},\"query-input\":{\"@type\":\"PropertyValueSpecification\",\"valueRequired\":true,\"valueName\":\"search_term_string\"}}],\"inLanguage\":\"es\"},{\"@type\":\"Organization\",\"@id\":\"https:\\\/\\\/www.ucaldas.edu.co\\\/portal\\\/#organization\",\"name\":\"Universidad de Caldas\",\"alternateName\":\"U. de Caldas\",\"url\":\"https:\\\/\\\/www.ucaldas.edu.co\\\/portal\\\/\",\"logo\":{\"@type\":\"ImageObject\",\"inLanguage\":\"es\",\"@id\":\"https:\\\/\\\/www.ucaldas.edu.co\\\/portal\\\/#\\\/schema\\\/logo\\\/image\\\/\",\"url\":\"https:\\\/\\\/www.ucaldas.edu.co\\\/portal\\\/wp-content\\\/uploads\\\/2023\\\/11\\\/Logo_horizontal_oscuroU-2023.png\",\"contentUrl\":\"https:\\\/\\\/www.ucaldas.edu.co\\\/portal\\\/wp-content\\\/uploads\\\/2023\\\/11\\\/Logo_horizontal_oscuroU-2023.png\",\"width\":263,\"height\":101,\"caption\":\"Universidad de Caldas\"},\"image\":{\"@id\":\"https:\\\/\\\/www.ucaldas.edu.co\\\/portal\\\/#\\\/schema\\\/logo\\\/image\\\/\"},\"sameAs\":[\"https:\\\/\\\/www.facebook.com\\\/udecaldas\",\"https:\\\/\\\/x.com\\\/udecaldas\",\"https:\\\/\\\/www.youtube.com\\\/universidadcaldas\",\"https:\\\/\\\/www.instagram.com\\\/udecaldas\\\/\"]},{\"@type\":\"Person\",\"@id\":\"https:\\\/\\\/www.ucaldas.edu.co\\\/portal\\\/#\\\/schema\\\/person\\\/a1b482e23449158b4bc319926c074fdf\",\"name\":\"ofiprensa\",\"image\":{\"@type\":\"ImageObject\",\"inLanguage\":\"es\",\"@id\":\"https:\\\/\\\/www.ucaldas.edu.co\\\/portal\\\/wp-content\\\/litespeed\\\/avatar\\\/09ea5085e600095a7a811142c6944527.jpg?ver=1777497608\",\"url\":\"https:\\\/\\\/www.ucaldas.edu.co\\\/portal\\\/wp-content\\\/litespeed\\\/avatar\\\/09ea5085e600095a7a811142c6944527.jpg?ver=1777497608\",\"contentUrl\":\"https:\\\/\\\/www.ucaldas.edu.co\\\/portal\\\/wp-content\\\/litespeed\\\/avatar\\\/09ea5085e600095a7a811142c6944527.jpg?ver=1777497608\",\"caption\":\"ofiprensa\"},\"url\":\"https:\\\/\\\/www.ucaldas.edu.co\\\/portal\\\/author\\\/ofiprensa\\\/\"}]}<\/script>\n<!-- \/ Yoast SEO plugin. -->","yoast_head_json":{"title":"Comisi\u00f3n de vicerrectores administrativos y financieros del SUE present\u00f3 modelo de financiamiento base para la reforma de la Ley 30 .","robots":{"index":"index","follow":"follow","max-snippet":"max-snippet:-1","max-image-preview":"max-image-preview:large","max-video-preview":"max-video-preview:-1"},"canonical":"https:\/\/www.ucaldas.edu.co\/portal\/comision-de-vicerrectores-administrativos-y-financieros-del-sue-presento-modelo-de-financiamiento-base-para-la-reforma-de-la-ley-30\/","schema":{"@context":"https:\/\/schema.org","@graph":[{"@type":"Article","@id":"https:\/\/www.ucaldas.edu.co\/portal\/comision-de-vicerrectores-administrativos-y-financieros-del-sue-presento-modelo-de-financiamiento-base-para-la-reforma-de-la-ley-30\/#article","isPartOf":{"@id":"https:\/\/www.ucaldas.edu.co\/portal\/comision-de-vicerrectores-administrativos-y-financieros-del-sue-presento-modelo-de-financiamiento-base-para-la-reforma-de-la-ley-30\/"},"author":{"name":"ofiprensa","@id":"https:\/\/www.ucaldas.edu.co\/portal\/#\/schema\/person\/a1b482e23449158b4bc319926c074fdf"},"headline":"Comisi\u00f3n de vicerrectores administrativos y financieros del SUE present\u00f3 modelo de financiamiento base para la reforma de la Ley 30","datePublished":"2021-11-11T00:09:20+00:00","dateModified":"2021-11-11T00:18:04+00:00","mainEntityOfPage":{"@id":"https:\/\/www.ucaldas.edu.co\/portal\/comision-de-vicerrectores-administrativos-y-financieros-del-sue-presento-modelo-de-financiamiento-base-para-la-reforma-de-la-ley-30\/"},"wordCount":422,"publisher":{"@id":"https:\/\/www.ucaldas.edu.co\/portal\/#organization"},"image":{"@id":"https:\/\/www.ucaldas.edu.co\/portal\/comision-de-vicerrectores-administrativos-y-financieros-del-sue-presento-modelo-de-financiamiento-base-para-la-reforma-de-la-ley-30\/#primaryimage"},"thumbnailUrl":"https:\/\/www.ucaldas.edu.co\/portal\/wp-content\/uploads\/2021\/11\/sue.jpg","keywords":["encuentro sue","financiamiento educaci\u00f3n superior","universidades p\u00fablicas"],"articleSection":["Universidad al D\u00eda","Actualidad"],"inLanguage":"es"},{"@type":"WebPage","@id":"https:\/\/www.ucaldas.edu.co\/portal\/comision-de-vicerrectores-administrativos-y-financieros-del-sue-presento-modelo-de-financiamiento-base-para-la-reforma-de-la-ley-30\/","url":"https:\/\/www.ucaldas.edu.co\/portal\/comision-de-vicerrectores-administrativos-y-financieros-del-sue-presento-modelo-de-financiamiento-base-para-la-reforma-de-la-ley-30\/","name":"Comisi\u00f3n de vicerrectores administrativos y financieros del SUE present\u00f3 modelo de financiamiento base para la reforma de la Ley 30 .","isPartOf":{"@id":"https:\/\/www.ucaldas.edu.co\/portal\/#website"},"primaryImageOfPage":{"@id":"https:\/\/www.ucaldas.edu.co\/portal\/comision-de-vicerrectores-administrativos-y-financieros-del-sue-presento-modelo-de-financiamiento-base-para-la-reforma-de-la-ley-30\/#primaryimage"},"image":{"@id":"https:\/\/www.ucaldas.edu.co\/portal\/comision-de-vicerrectores-administrativos-y-financieros-del-sue-presento-modelo-de-financiamiento-base-para-la-reforma-de-la-ley-30\/#primaryimage"},"thumbnailUrl":"https:\/\/www.ucaldas.edu.co\/portal\/wp-content\/uploads\/2021\/11\/sue.jpg","datePublished":"2021-11-11T00:09:20+00:00","dateModified":"2021-11-11T00:18:04+00:00","breadcrumb":{"@id":"https:\/\/www.ucaldas.edu.co\/portal\/comision-de-vicerrectores-administrativos-y-financieros-del-sue-presento-modelo-de-financiamiento-base-para-la-reforma-de-la-ley-30\/#breadcrumb"},"inLanguage":"es","potentialAction":[{"@type":"ReadAction","target":["https:\/\/www.ucaldas.edu.co\/portal\/comision-de-vicerrectores-administrativos-y-financieros-del-sue-presento-modelo-de-financiamiento-base-para-la-reforma-de-la-ley-30\/"]}]},{"@type":"ImageObject","inLanguage":"es","@id":"https:\/\/www.ucaldas.edu.co\/portal\/comision-de-vicerrectores-administrativos-y-financieros-del-sue-presento-modelo-de-financiamiento-base-para-la-reforma-de-la-ley-30\/#primaryimage","url":"https:\/\/www.ucaldas.edu.co\/portal\/wp-content\/uploads\/2021\/11\/sue.jpg","contentUrl":"https:\/\/www.ucaldas.edu.co\/portal\/wp-content\/uploads\/2021\/11\/sue.jpg","width":700,"height":400},{"@type":"BreadcrumbList","@id":"https:\/\/www.ucaldas.edu.co\/portal\/comision-de-vicerrectores-administrativos-y-financieros-del-sue-presento-modelo-de-financiamiento-base-para-la-reforma-de-la-ley-30\/#breadcrumb","itemListElement":[{"@type":"ListItem","position":1,"name":"Portada","item":"https:\/\/www.ucaldas.edu.co\/portal\/"},{"@type":"ListItem","position":2,"name":"Comisi\u00f3n de vicerrectores administrativos y financieros del SUE present\u00f3 modelo de financiamiento base para la reforma de la Ley 30"}]},{"@type":"WebSite","@id":"https:\/\/www.ucaldas.edu.co\/portal\/#website","url":"https:\/\/www.ucaldas.edu.co\/portal\/","name":"Universidad de Caldas","description":"","publisher":{"@id":"https:\/\/www.ucaldas.edu.co\/portal\/#organization"},"alternateName":"U. de Caldas","potentialAction":[{"@type":"SearchAction","target":{"@type":"EntryPoint","urlTemplate":"https:\/\/www.ucaldas.edu.co\/portal\/?s={search_term_string}"},"query-input":{"@type":"PropertyValueSpecification","valueRequired":true,"valueName":"search_term_string"}}],"inLanguage":"es"},{"@type":"Organization","@id":"https:\/\/www.ucaldas.edu.co\/portal\/#organization","name":"Universidad de Caldas","alternateName":"U. de Caldas","url":"https:\/\/www.ucaldas.edu.co\/portal\/","logo":{"@type":"ImageObject","inLanguage":"es","@id":"https:\/\/www.ucaldas.edu.co\/portal\/#\/schema\/logo\/image\/","url":"https:\/\/www.ucaldas.edu.co\/portal\/wp-content\/uploads\/2023\/11\/Logo_horizontal_oscuroU-2023.png","contentUrl":"https:\/\/www.ucaldas.edu.co\/portal\/wp-content\/uploads\/2023\/11\/Logo_horizontal_oscuroU-2023.png","width":263,"height":101,"caption":"Universidad de Caldas"},"image":{"@id":"https:\/\/www.ucaldas.edu.co\/portal\/#\/schema\/logo\/image\/"},"sameAs":["https:\/\/www.facebook.com\/udecaldas","https:\/\/x.com\/udecaldas","https:\/\/www.youtube.com\/universidadcaldas","https:\/\/www.instagram.com\/udecaldas\/"]},{"@type":"Person","@id":"https:\/\/www.ucaldas.edu.co\/portal\/#\/schema\/person\/a1b482e23449158b4bc319926c074fdf","name":"ofiprensa","image":{"@type":"ImageObject","inLanguage":"es","@id":"https:\/\/www.ucaldas.edu.co\/portal\/wp-content\/litespeed\/avatar\/09ea5085e600095a7a811142c6944527.jpg?ver=1777497608","url":"https:\/\/www.ucaldas.edu.co\/portal\/wp-content\/litespeed\/avatar\/09ea5085e600095a7a811142c6944527.jpg?ver=1777497608","contentUrl":"https:\/\/www.ucaldas.edu.co\/portal\/wp-content\/litespeed\/avatar\/09ea5085e600095a7a811142c6944527.jpg?ver=1777497608","caption":"ofiprensa"},"url":"https:\/\/www.ucaldas.edu.co\/portal\/author\/ofiprensa\/"}]}},"_links":{"self":[{"href":"https:\/\/www.ucaldas.edu.co\/portal\/wp-json\/wp\/v2\/posts\/66500","targetHints":{"allow":["GET"]}}],"collection":[{"href":"https:\/\/www.ucaldas.edu.co\/portal\/wp-json\/wp\/v2\/posts"}],"about":[{"href":"https:\/\/www.ucaldas.edu.co\/portal\/wp-json\/wp\/v2\/types\/post"}],"author":[{"embeddable":true,"href":"https:\/\/www.ucaldas.edu.co\/portal\/wp-json\/wp\/v2\/users\/2"}],"replies":[{"embeddable":true,"href":"https:\/\/www.ucaldas.edu.co\/portal\/wp-json\/wp\/v2\/comments?post=66500"}],"version-history":[{"count":0,"href":"https:\/\/www.ucaldas.edu.co\/portal\/wp-json\/wp\/v2\/posts\/66500\/revisions"}],"wp:featuredmedia":[{"embeddable":true,"href":"https:\/\/www.ucaldas.edu.co\/portal\/wp-json\/wp\/v2\/media\/66501"}],"wp:attachment":[{"href":"https:\/\/www.ucaldas.edu.co\/portal\/wp-json\/wp\/v2\/media?parent=66500"}],"wp:term":[{"taxonomy":"category","embeddable":true,"href":"https:\/\/www.ucaldas.edu.co\/portal\/wp-json\/wp\/v2\/categories?post=66500"},{"taxonomy":"post_tag","embeddable":true,"href":"https:\/\/www.ucaldas.edu.co\/portal\/wp-json\/wp\/v2\/tags?post=66500"}],"curies":[{"name":"wp","href":"https:\/\/api.w.org\/{rel}","templated":true}]}}