{"id":66497,"date":"2021-11-11T00:05:40","date_gmt":"2021-11-11T00:05:40","guid":{"rendered":"https:\/\/www.ucaldas.edu.co\/portal\/?p=66497"},"modified":"2021-11-11T00:05:40","modified_gmt":"2021-11-11T00:05:40","slug":"universidad-de-caldas-socializa-estrategias-y-lineamientos-para-fortalecer-la-educacion-rural-en-colombia","status":"publish","type":"post","link":"https:\/\/www.ucaldas.edu.co\/portal\/universidad-de-caldas-socializa-estrategias-y-lineamientos-para-fortalecer-la-educacion-rural-en-colombia\/","title":{"rendered":"Universidad de Caldas socializa estrategias y lineamientos para fortalecer la educaci\u00f3n rural en Colombia."},"content":{"rendered":"<p style=\"text-align: center;\">EN FASE DE VALIDACI\u00d3N CON USUARIOS EN HATO COROZAL CASANARE Y EN MIT\u00da VAUP\u00c9S.<br \/>\n<strong>Universidad de Caldas socializa estrategias y lineamientos<br \/>\npara fortalecer la educaci\u00f3n rural en Colombia.<\/strong><\/p>\n<p style=\"text-align: right;\">10\/11\/2021<\/p>\n<p><img loading=\"lazy\" decoding=\"async\" class=\"size-full wp-image-66498 aligncenter\" src=\"https:\/\/www.ucaldas.edu.co\/portal\/wp-content\/uploads\/2021\/11\/Diseno-sin-titulo-4.jpg\" alt=\"\" width=\"700\" height=\"400\" srcset=\"https:\/\/www.ucaldas.edu.co\/portal\/wp-content\/uploads\/2021\/11\/Diseno-sin-titulo-4.jpg 700w, https:\/\/www.ucaldas.edu.co\/portal\/wp-content\/uploads\/2021\/11\/Diseno-sin-titulo-4-300x171.jpg 300w\" sizes=\"auto, (max-width: 700px) 100vw, 700px\" \/><\/p>\n<p>El Ministerio de Educaci\u00f3n Nacional en alianza con la Universidad de Caldas,\u00a0 implementan un nuevo enfoque para el desarrollo de la educaci\u00f3n rural, denominado Lineamientos y Estrategias Educativas para las Ruralidades.<\/p>\n<p><!--more--><\/p>\n<p>L.E.E.R en Colombia continente 4 lineamientos y 76 recursos pedag\u00f3gicos que reconocen la diversidad ecol\u00f3gica y cultural de los territorios rurales, articulando procesos que permiten a los ni\u00f1os y ni\u00f1as alcanzar una trayectoria educativa completa.<\/p>\n<p>Uno de los fines de esta iniciativa a mediano y largo plazo es la disminuci\u00f3n de las brechas sociales desde la educaci\u00f3n en las zonas rurales, reconociendo la diversidad de los territorios y el contexto en los cuales \u00e9sta se desarrolla, para lograr que los ni\u00f1os, ni\u00f1as y adolescentes puedan terminar sus estudios.<\/p>\n<p>Una de las dificultades para lograr trayectorias educativas completas es la deserci\u00f3n o el ausentismo escolar debido a diversos factores. La Universidad de Caldas y el Ministerio de Educaci\u00f3n en busca de una soluci\u00f3n integral, elaboraron las siguientes estrategias y lineamientos en pro de mejorar la calidad de la educaci\u00f3n rural:<\/p>\n<ul>\n<li>Lineamientos estrat\u00e9gicos de una pol\u00edtica p\u00fablica de orden nacional que oriente los procesos de educaci\u00f3n rural.<\/li>\n<li>Lineamientos y Orientaciones en la gesti\u00f3n institucional<\/li>\n<li>Orientaciones y lineamientos para acogida, bienestar y permanencia:<\/li>\n<li>Orientaci\u00f3n para la gesti\u00f3n curricular<\/li>\n<\/ul>\n<p>Este proyecto inici\u00f3 en el a\u00f1o 2019 y actualmente se encuentra finalizando su etapa de validaci\u00f3n y ajustes donde participan expertos internacionales, docentes universitarios e investigadores y comunidades educativas rurales.<\/p>\n<p>En los pr\u00f3ximos d\u00edas L.E.E.R en Colombia en cabeza de la Universidad de Caldas, socializar\u00e1 de forma presencial y virtual los lineamientos y estrategias en 96 Secretar\u00edas de Educaci\u00f3n departamentales y municipales certificadas, ubicadas a lo largo del territorio Nacional, quienes replicar\u00e1n la informaci\u00f3n a sus comunidades educativas rurales.<\/p>\n<p>A la par de esta actividad, la universidad desarrollar\u00e1 cinco encuentros de divulgaci\u00f3n y apropiaci\u00f3n virtuales con la participaci\u00f3n de actores de instituciones p\u00fablicas y privadas del orden nacional, que permitir\u00e1n dar validez y legitimidad al proyecto.<\/p>\n<p><strong>\u00a0<\/strong><\/p>\n<p><strong>Informes: <\/strong>Oficina de Comunicaciones y Prensa Universidad de Caldas.<\/p>\n<p><strong>Redacci\u00f3n:<\/strong> Luisa Fernanda Betancur<\/p>\n<p>&nbsp;<\/p>\n","protected":false},"excerpt":{"rendered":"<p>EN FASE DE VALIDACI\u00d3N CON USUARIOS EN HATO COROZAL CASANARE Y EN MIT\u00da VAUP\u00c9S. Universidad de Caldas socializa estrategias y lineamientos para fortalecer la educaci\u00f3n rural en Colombia. 10\/11\/2021 El Ministerio de Educaci\u00f3n Nacional en alianza con la Universidad de Caldas,\u00a0 implementan un nuevo enfoque para el desarrollo de la educaci\u00f3n rural, denominado Lineamientos y [&hellip;]<\/p>\n","protected":false},"author":2,"featured_media":66498,"comment_status":"closed","ping_status":"open","sticky":false,"template":"","format":"standard","meta":{"footnotes":""},"categories":[617,48,53],"tags":[706,7534,94,302],"class_list":["post-66497","post","type-post","status-publish","format-standard","has-post-thumbnail","hentry","category-ucaldas-colaborativa","category-actualidad","category-universidad-al-dia","tag-educacion-rural","tag-proyecto-leer","tag-ministerio-de-educacion","tag-socializacion"],"yoast_head":"<!-- This site is optimized with the Yoast SEO plugin v27.5 - https:\/\/yoast.com\/product\/yoast-seo-wordpress\/ -->\n<title>Universidad de Caldas socializa estrategias y lineamientos para fortalecer la educaci\u00f3n rural en Colombia. .<\/title>\n<meta name=\"robots\" content=\"index, follow, max-snippet:-1, max-image-preview:large, max-video-preview:-1\" \/>\n<link rel=\"canonical\" href=\"https:\/\/www.ucaldas.edu.co\/portal\/universidad-de-caldas-socializa-estrategias-y-lineamientos-para-fortalecer-la-educacion-rural-en-colombia\/\" \/>\n<script type=\"application\/ld+json\" class=\"yoast-schema-graph\">{\"@context\":\"https:\\\/\\\/schema.org\",\"@graph\":[{\"@type\":\"Article\",\"@id\":\"https:\\\/\\\/www.ucaldas.edu.co\\\/portal\\\/universidad-de-caldas-socializa-estrategias-y-lineamientos-para-fortalecer-la-educacion-rural-en-colombia\\\/#article\",\"isPartOf\":{\"@id\":\"https:\\\/\\\/www.ucaldas.edu.co\\\/portal\\\/universidad-de-caldas-socializa-estrategias-y-lineamientos-para-fortalecer-la-educacion-rural-en-colombia\\\/\"},\"author\":{\"name\":\"ofiprensa\",\"@id\":\"https:\\\/\\\/www.ucaldas.edu.co\\\/portal\\\/#\\\/schema\\\/person\\\/a1b482e23449158b4bc319926c074fdf\"},\"headline\":\"Universidad de Caldas socializa estrategias y lineamientos para fortalecer la educaci\u00f3n rural en Colombia.\",\"datePublished\":\"2021-11-11T00:05:40+00:00\",\"mainEntityOfPage\":{\"@id\":\"https:\\\/\\\/www.ucaldas.edu.co\\\/portal\\\/universidad-de-caldas-socializa-estrategias-y-lineamientos-para-fortalecer-la-educacion-rural-en-colombia\\\/\"},\"wordCount\":419,\"publisher\":{\"@id\":\"https:\\\/\\\/www.ucaldas.edu.co\\\/portal\\\/#organization\"},\"image\":{\"@id\":\"https:\\\/\\\/www.ucaldas.edu.co\\\/portal\\\/universidad-de-caldas-socializa-estrategias-y-lineamientos-para-fortalecer-la-educacion-rural-en-colombia\\\/#primaryimage\"},\"thumbnailUrl\":\"https:\\\/\\\/www.ucaldas.edu.co\\\/portal\\\/wp-content\\\/uploads\\\/2021\\\/11\\\/Diseno-sin-titulo-4.jpg\",\"keywords\":[\"educaci\u00f3n rural\",\"proyecto LEER\",\"Ministerio de Educaci\u00f3n\",\"socializaci\u00f3n\"],\"articleSection\":[\"UCaldas Colaborativa\",\"Actualidad\",\"Universidad al D\u00eda\"],\"inLanguage\":\"es\"},{\"@type\":\"WebPage\",\"@id\":\"https:\\\/\\\/www.ucaldas.edu.co\\\/portal\\\/universidad-de-caldas-socializa-estrategias-y-lineamientos-para-fortalecer-la-educacion-rural-en-colombia\\\/\",\"url\":\"https:\\\/\\\/www.ucaldas.edu.co\\\/portal\\\/universidad-de-caldas-socializa-estrategias-y-lineamientos-para-fortalecer-la-educacion-rural-en-colombia\\\/\",\"name\":\"Universidad de Caldas socializa estrategias y lineamientos para fortalecer la educaci\u00f3n rural en Colombia. .\",\"isPartOf\":{\"@id\":\"https:\\\/\\\/www.ucaldas.edu.co\\\/portal\\\/#website\"},\"primaryImageOfPage\":{\"@id\":\"https:\\\/\\\/www.ucaldas.edu.co\\\/portal\\\/universidad-de-caldas-socializa-estrategias-y-lineamientos-para-fortalecer-la-educacion-rural-en-colombia\\\/#primaryimage\"},\"image\":{\"@id\":\"https:\\\/\\\/www.ucaldas.edu.co\\\/portal\\\/universidad-de-caldas-socializa-estrategias-y-lineamientos-para-fortalecer-la-educacion-rural-en-colombia\\\/#primaryimage\"},\"thumbnailUrl\":\"https:\\\/\\\/www.ucaldas.edu.co\\\/portal\\\/wp-content\\\/uploads\\\/2021\\\/11\\\/Diseno-sin-titulo-4.jpg\",\"datePublished\":\"2021-11-11T00:05:40+00:00\",\"breadcrumb\":{\"@id\":\"https:\\\/\\\/www.ucaldas.edu.co\\\/portal\\\/universidad-de-caldas-socializa-estrategias-y-lineamientos-para-fortalecer-la-educacion-rural-en-colombia\\\/#breadcrumb\"},\"inLanguage\":\"es\",\"potentialAction\":[{\"@type\":\"ReadAction\",\"target\":[\"https:\\\/\\\/www.ucaldas.edu.co\\\/portal\\\/universidad-de-caldas-socializa-estrategias-y-lineamientos-para-fortalecer-la-educacion-rural-en-colombia\\\/\"]}]},{\"@type\":\"ImageObject\",\"inLanguage\":\"es\",\"@id\":\"https:\\\/\\\/www.ucaldas.edu.co\\\/portal\\\/universidad-de-caldas-socializa-estrategias-y-lineamientos-para-fortalecer-la-educacion-rural-en-colombia\\\/#primaryimage\",\"url\":\"https:\\\/\\\/www.ucaldas.edu.co\\\/portal\\\/wp-content\\\/uploads\\\/2021\\\/11\\\/Diseno-sin-titulo-4.jpg\",\"contentUrl\":\"https:\\\/\\\/www.ucaldas.edu.co\\\/portal\\\/wp-content\\\/uploads\\\/2021\\\/11\\\/Diseno-sin-titulo-4.jpg\",\"width\":700,\"height\":400},{\"@type\":\"BreadcrumbList\",\"@id\":\"https:\\\/\\\/www.ucaldas.edu.co\\\/portal\\\/universidad-de-caldas-socializa-estrategias-y-lineamientos-para-fortalecer-la-educacion-rural-en-colombia\\\/#breadcrumb\",\"itemListElement\":[{\"@type\":\"ListItem\",\"position\":1,\"name\":\"Portada\",\"item\":\"https:\\\/\\\/www.ucaldas.edu.co\\\/portal\\\/\"},{\"@type\":\"ListItem\",\"position\":2,\"name\":\"Universidad de Caldas socializa estrategias y lineamientos para fortalecer la educaci\u00f3n rural en Colombia.\"}]},{\"@type\":\"WebSite\",\"@id\":\"https:\\\/\\\/www.ucaldas.edu.co\\\/portal\\\/#website\",\"url\":\"https:\\\/\\\/www.ucaldas.edu.co\\\/portal\\\/\",\"name\":\"Universidad de Caldas\",\"description\":\"\",\"publisher\":{\"@id\":\"https:\\\/\\\/www.ucaldas.edu.co\\\/portal\\\/#organization\"},\"alternateName\":\"U. de Caldas\",\"potentialAction\":[{\"@type\":\"SearchAction\",\"target\":{\"@type\":\"EntryPoint\",\"urlTemplate\":\"https:\\\/\\\/www.ucaldas.edu.co\\\/portal\\\/?s={search_term_string}\"},\"query-input\":{\"@type\":\"PropertyValueSpecification\",\"valueRequired\":true,\"valueName\":\"search_term_string\"}}],\"inLanguage\":\"es\"},{\"@type\":\"Organization\",\"@id\":\"https:\\\/\\\/www.ucaldas.edu.co\\\/portal\\\/#organization\",\"name\":\"Universidad de Caldas\",\"alternateName\":\"U. de Caldas\",\"url\":\"https:\\\/\\\/www.ucaldas.edu.co\\\/portal\\\/\",\"logo\":{\"@type\":\"ImageObject\",\"inLanguage\":\"es\",\"@id\":\"https:\\\/\\\/www.ucaldas.edu.co\\\/portal\\\/#\\\/schema\\\/logo\\\/image\\\/\",\"url\":\"https:\\\/\\\/www.ucaldas.edu.co\\\/portal\\\/wp-content\\\/uploads\\\/2023\\\/11\\\/Logo_horizontal_oscuroU-2023.png\",\"contentUrl\":\"https:\\\/\\\/www.ucaldas.edu.co\\\/portal\\\/wp-content\\\/uploads\\\/2023\\\/11\\\/Logo_horizontal_oscuroU-2023.png\",\"width\":263,\"height\":101,\"caption\":\"Universidad de Caldas\"},\"image\":{\"@id\":\"https:\\\/\\\/www.ucaldas.edu.co\\\/portal\\\/#\\\/schema\\\/logo\\\/image\\\/\"},\"sameAs\":[\"https:\\\/\\\/www.facebook.com\\\/udecaldas\",\"https:\\\/\\\/x.com\\\/udecaldas\",\"https:\\\/\\\/www.youtube.com\\\/universidadcaldas\",\"https:\\\/\\\/www.instagram.com\\\/udecaldas\\\/\"]},{\"@type\":\"Person\",\"@id\":\"https:\\\/\\\/www.ucaldas.edu.co\\\/portal\\\/#\\\/schema\\\/person\\\/a1b482e23449158b4bc319926c074fdf\",\"name\":\"ofiprensa\",\"image\":{\"@type\":\"ImageObject\",\"inLanguage\":\"es\",\"@id\":\"https:\\\/\\\/www.ucaldas.edu.co\\\/portal\\\/wp-content\\\/litespeed\\\/avatar\\\/09ea5085e600095a7a811142c6944527.jpg?ver=1777497608\",\"url\":\"https:\\\/\\\/www.ucaldas.edu.co\\\/portal\\\/wp-content\\\/litespeed\\\/avatar\\\/09ea5085e600095a7a811142c6944527.jpg?ver=1777497608\",\"contentUrl\":\"https:\\\/\\\/www.ucaldas.edu.co\\\/portal\\\/wp-content\\\/litespeed\\\/avatar\\\/09ea5085e600095a7a811142c6944527.jpg?ver=1777497608\",\"caption\":\"ofiprensa\"},\"url\":\"https:\\\/\\\/www.ucaldas.edu.co\\\/portal\\\/author\\\/ofiprensa\\\/\"}]}<\/script>\n<!-- \/ Yoast SEO plugin. -->","yoast_head_json":{"title":"Universidad de Caldas socializa estrategias y lineamientos para fortalecer la educaci\u00f3n rural en Colombia. .","robots":{"index":"index","follow":"follow","max-snippet":"max-snippet:-1","max-image-preview":"max-image-preview:large","max-video-preview":"max-video-preview:-1"},"canonical":"https:\/\/www.ucaldas.edu.co\/portal\/universidad-de-caldas-socializa-estrategias-y-lineamientos-para-fortalecer-la-educacion-rural-en-colombia\/","schema":{"@context":"https:\/\/schema.org","@graph":[{"@type":"Article","@id":"https:\/\/www.ucaldas.edu.co\/portal\/universidad-de-caldas-socializa-estrategias-y-lineamientos-para-fortalecer-la-educacion-rural-en-colombia\/#article","isPartOf":{"@id":"https:\/\/www.ucaldas.edu.co\/portal\/universidad-de-caldas-socializa-estrategias-y-lineamientos-para-fortalecer-la-educacion-rural-en-colombia\/"},"author":{"name":"ofiprensa","@id":"https:\/\/www.ucaldas.edu.co\/portal\/#\/schema\/person\/a1b482e23449158b4bc319926c074fdf"},"headline":"Universidad de Caldas socializa estrategias y lineamientos para fortalecer la educaci\u00f3n rural en Colombia.","datePublished":"2021-11-11T00:05:40+00:00","mainEntityOfPage":{"@id":"https:\/\/www.ucaldas.edu.co\/portal\/universidad-de-caldas-socializa-estrategias-y-lineamientos-para-fortalecer-la-educacion-rural-en-colombia\/"},"wordCount":419,"publisher":{"@id":"https:\/\/www.ucaldas.edu.co\/portal\/#organization"},"image":{"@id":"https:\/\/www.ucaldas.edu.co\/portal\/universidad-de-caldas-socializa-estrategias-y-lineamientos-para-fortalecer-la-educacion-rural-en-colombia\/#primaryimage"},"thumbnailUrl":"https:\/\/www.ucaldas.edu.co\/portal\/wp-content\/uploads\/2021\/11\/Diseno-sin-titulo-4.jpg","keywords":["educaci\u00f3n rural","proyecto LEER","Ministerio de Educaci\u00f3n","socializaci\u00f3n"],"articleSection":["UCaldas Colaborativa","Actualidad","Universidad al D\u00eda"],"inLanguage":"es"},{"@type":"WebPage","@id":"https:\/\/www.ucaldas.edu.co\/portal\/universidad-de-caldas-socializa-estrategias-y-lineamientos-para-fortalecer-la-educacion-rural-en-colombia\/","url":"https:\/\/www.ucaldas.edu.co\/portal\/universidad-de-caldas-socializa-estrategias-y-lineamientos-para-fortalecer-la-educacion-rural-en-colombia\/","name":"Universidad de Caldas socializa estrategias y lineamientos para fortalecer la educaci\u00f3n rural en Colombia. .","isPartOf":{"@id":"https:\/\/www.ucaldas.edu.co\/portal\/#website"},"primaryImageOfPage":{"@id":"https:\/\/www.ucaldas.edu.co\/portal\/universidad-de-caldas-socializa-estrategias-y-lineamientos-para-fortalecer-la-educacion-rural-en-colombia\/#primaryimage"},"image":{"@id":"https:\/\/www.ucaldas.edu.co\/portal\/universidad-de-caldas-socializa-estrategias-y-lineamientos-para-fortalecer-la-educacion-rural-en-colombia\/#primaryimage"},"thumbnailUrl":"https:\/\/www.ucaldas.edu.co\/portal\/wp-content\/uploads\/2021\/11\/Diseno-sin-titulo-4.jpg","datePublished":"2021-11-11T00:05:40+00:00","breadcrumb":{"@id":"https:\/\/www.ucaldas.edu.co\/portal\/universidad-de-caldas-socializa-estrategias-y-lineamientos-para-fortalecer-la-educacion-rural-en-colombia\/#breadcrumb"},"inLanguage":"es","potentialAction":[{"@type":"ReadAction","target":["https:\/\/www.ucaldas.edu.co\/portal\/universidad-de-caldas-socializa-estrategias-y-lineamientos-para-fortalecer-la-educacion-rural-en-colombia\/"]}]},{"@type":"ImageObject","inLanguage":"es","@id":"https:\/\/www.ucaldas.edu.co\/portal\/universidad-de-caldas-socializa-estrategias-y-lineamientos-para-fortalecer-la-educacion-rural-en-colombia\/#primaryimage","url":"https:\/\/www.ucaldas.edu.co\/portal\/wp-content\/uploads\/2021\/11\/Diseno-sin-titulo-4.jpg","contentUrl":"https:\/\/www.ucaldas.edu.co\/portal\/wp-content\/uploads\/2021\/11\/Diseno-sin-titulo-4.jpg","width":700,"height":400},{"@type":"BreadcrumbList","@id":"https:\/\/www.ucaldas.edu.co\/portal\/universidad-de-caldas-socializa-estrategias-y-lineamientos-para-fortalecer-la-educacion-rural-en-colombia\/#breadcrumb","itemListElement":[{"@type":"ListItem","position":1,"name":"Portada","item":"https:\/\/www.ucaldas.edu.co\/portal\/"},{"@type":"ListItem","position":2,"name":"Universidad de Caldas socializa estrategias y lineamientos para fortalecer la educaci\u00f3n rural en Colombia."}]},{"@type":"WebSite","@id":"https:\/\/www.ucaldas.edu.co\/portal\/#website","url":"https:\/\/www.ucaldas.edu.co\/portal\/","name":"Universidad de Caldas","description":"","publisher":{"@id":"https:\/\/www.ucaldas.edu.co\/portal\/#organization"},"alternateName":"U. de Caldas","potentialAction":[{"@type":"SearchAction","target":{"@type":"EntryPoint","urlTemplate":"https:\/\/www.ucaldas.edu.co\/portal\/?s={search_term_string}"},"query-input":{"@type":"PropertyValueSpecification","valueRequired":true,"valueName":"search_term_string"}}],"inLanguage":"es"},{"@type":"Organization","@id":"https:\/\/www.ucaldas.edu.co\/portal\/#organization","name":"Universidad de Caldas","alternateName":"U. de Caldas","url":"https:\/\/www.ucaldas.edu.co\/portal\/","logo":{"@type":"ImageObject","inLanguage":"es","@id":"https:\/\/www.ucaldas.edu.co\/portal\/#\/schema\/logo\/image\/","url":"https:\/\/www.ucaldas.edu.co\/portal\/wp-content\/uploads\/2023\/11\/Logo_horizontal_oscuroU-2023.png","contentUrl":"https:\/\/www.ucaldas.edu.co\/portal\/wp-content\/uploads\/2023\/11\/Logo_horizontal_oscuroU-2023.png","width":263,"height":101,"caption":"Universidad de Caldas"},"image":{"@id":"https:\/\/www.ucaldas.edu.co\/portal\/#\/schema\/logo\/image\/"},"sameAs":["https:\/\/www.facebook.com\/udecaldas","https:\/\/x.com\/udecaldas","https:\/\/www.youtube.com\/universidadcaldas","https:\/\/www.instagram.com\/udecaldas\/"]},{"@type":"Person","@id":"https:\/\/www.ucaldas.edu.co\/portal\/#\/schema\/person\/a1b482e23449158b4bc319926c074fdf","name":"ofiprensa","image":{"@type":"ImageObject","inLanguage":"es","@id":"https:\/\/www.ucaldas.edu.co\/portal\/wp-content\/litespeed\/avatar\/09ea5085e600095a7a811142c6944527.jpg?ver=1777497608","url":"https:\/\/www.ucaldas.edu.co\/portal\/wp-content\/litespeed\/avatar\/09ea5085e600095a7a811142c6944527.jpg?ver=1777497608","contentUrl":"https:\/\/www.ucaldas.edu.co\/portal\/wp-content\/litespeed\/avatar\/09ea5085e600095a7a811142c6944527.jpg?ver=1777497608","caption":"ofiprensa"},"url":"https:\/\/www.ucaldas.edu.co\/portal\/author\/ofiprensa\/"}]}},"_links":{"self":[{"href":"https:\/\/www.ucaldas.edu.co\/portal\/wp-json\/wp\/v2\/posts\/66497","targetHints":{"allow":["GET"]}}],"collection":[{"href":"https:\/\/www.ucaldas.edu.co\/portal\/wp-json\/wp\/v2\/posts"}],"about":[{"href":"https:\/\/www.ucaldas.edu.co\/portal\/wp-json\/wp\/v2\/types\/post"}],"author":[{"embeddable":true,"href":"https:\/\/www.ucaldas.edu.co\/portal\/wp-json\/wp\/v2\/users\/2"}],"replies":[{"embeddable":true,"href":"https:\/\/www.ucaldas.edu.co\/portal\/wp-json\/wp\/v2\/comments?post=66497"}],"version-history":[{"count":0,"href":"https:\/\/www.ucaldas.edu.co\/portal\/wp-json\/wp\/v2\/posts\/66497\/revisions"}],"wp:featuredmedia":[{"embeddable":true,"href":"https:\/\/www.ucaldas.edu.co\/portal\/wp-json\/wp\/v2\/media\/66498"}],"wp:attachment":[{"href":"https:\/\/www.ucaldas.edu.co\/portal\/wp-json\/wp\/v2\/media?parent=66497"}],"wp:term":[{"taxonomy":"category","embeddable":true,"href":"https:\/\/www.ucaldas.edu.co\/portal\/wp-json\/wp\/v2\/categories?post=66497"},{"taxonomy":"post_tag","embeddable":true,"href":"https:\/\/www.ucaldas.edu.co\/portal\/wp-json\/wp\/v2\/tags?post=66497"}],"curies":[{"name":"wp","href":"https:\/\/api.w.org\/{rel}","templated":true}]}}