{"id":66229,"date":"2021-10-29T01:34:00","date_gmt":"2021-10-29T01:34:00","guid":{"rendered":"https:\/\/www.ucaldas.edu.co\/portal\/?p=66229"},"modified":"2021-10-29T02:12:24","modified_gmt":"2021-10-29T02:12:24","slug":"planta-de-bioprocesos-y-agroindustria-de-la-universidad-de-caldas-reconocida-por-minciencias-como-centro-de-desarrollo-tecnologico","status":"publish","type":"post","link":"https:\/\/www.ucaldas.edu.co\/portal\/planta-de-bioprocesos-y-agroindustria-de-la-universidad-de-caldas-reconocida-por-minciencias-como-centro-de-desarrollo-tecnologico\/","title":{"rendered":"Planta de Bioprocesos y Agroindustria de la Universidad de Caldas reconocida por Minciencias como Centro de Desarrollo Tecnol\u00f3gico"},"content":{"rendered":"<p style=\"text-align: center;\">\u00daNICO EN LA REGI\u00d3N DEL EJE CAFETERO<br \/>\n<strong>Planta de Bioprocesos y Agroindustria de la Universidad de Caldas reconocida por Minciencias como Centro de Desarrollo Tecnol\u00f3gico<\/strong><\/p>\n<p style=\"text-align: right;\">28\/10\/2021<\/p>\n<p><img loading=\"lazy\" decoding=\"async\" class=\"size-full wp-image-66230 aligncenter\" src=\"https:\/\/www.ucaldas.edu.co\/portal\/wp-content\/uploads\/2021\/10\/WhatsApp-Image-2021-10-28-at-6.44.32-PM-1.jpeg\" alt=\"\" width=\"700\" height=\"400\" srcset=\"https:\/\/www.ucaldas.edu.co\/portal\/wp-content\/uploads\/2021\/10\/WhatsApp-Image-2021-10-28-at-6.44.32-PM-1.jpeg 700w, https:\/\/www.ucaldas.edu.co\/portal\/wp-content\/uploads\/2021\/10\/WhatsApp-Image-2021-10-28-at-6.44.32-PM-1-300x171.jpeg 300w\" sizes=\"auto, (max-width: 700px) 100vw, 700px\" \/><\/p>\n<p>Mediante resoluci\u00f3n 2284 del 27 de octubre de 2021 el Ministerio de Ciencia, Tecnolog\u00eda e Innovaci\u00f3n reconoci\u00f3 como Centro de Desarrollo Tecnol\u00f3gico a la planta de Bioprocesos y Agroindustria de la Universidad de Caldas.<\/p>\n<p><!--more--><\/p>\n<p>Esta planta que se encuentra en operaci\u00f3n desde 2012 y es una instalaci\u00f3n pionera en Colombia que busca contribuir al desarrollo sostenible mediante procesos biotecnol\u00f3gicos desarrollados por investigadores de la Universidad de Caldas y tiene como caracter\u00edstica principal el aprovechamiento de los residuos s\u00f3lidos y l\u00edquidos como materias primas en los procesos que se desarrollan.<\/p>\n<p>De acuerdo con la docente de la Facultad de Ingenier\u00edas Sandra Montoya Barreto: \u201ces un logro muy importante para la Universidad porque es el primer centro desarrollo tecnol\u00f3gico reconocido por Minciencias en la regi\u00f3n y se resalta la labor de la investigaci\u00f3n aplicada, los desarrollos tecnol\u00f3gicos y de prototipos para el sector productivo y agroindustrial en t\u00e9rminos de aprovechamiento de residuos\u201d.<\/p>\n<p>La planta de Bioprocesos y Agroindustria es pionera en Colombia, en procesos de cultivo de hongos, compostaje y lombricultivo, para la producci\u00f3n de sustancias bioactivas para la industria, potenciadores del sistema inmunol\u00f3gico, antitumorales, enzimas, micoprote\u00ednas, abonos org\u00e1nicos suplementados y biosuelos para la siembra de semillas vegetales, entre otros.<\/p>\n<table style=\"width: 728px;\">\n<tbody>\n<tr>\n<td style=\"width: 718px;\"><strong>PARA DESTACAR:<\/strong><\/p>\n<p>Seg\u00fan Minciencias un Centro de Desarrollo Tecnol\u00f3gico es una organizaci\u00f3n p\u00fablica o privada, dedicada al desarrollo de proyectos de investigaci\u00f3n aplicada, el desarrollo de tecnolog\u00eda propia y actividades de transferencia que responden a necesidades y\/o oportunidades de desarrollo social y econ\u00f3mico del pa\u00eds, sus regiones y\/o ciudades.<\/td>\n<\/tr>\n<\/tbody>\n<\/table>\n<p><strong>\u00a0<\/strong><\/p>\n<p><strong>Anexos:<br \/>\n<\/strong><strong><a href=\"https:\/\/www.ivoox.com\/sandra-montoya-barreto-audios-mp3_rf_77483096_1.html\">Audio docente de la Facultad de Ingenier\u00edas Sandra Montoya Barreto<\/a><br \/>\n<iframe loading=\"lazy\" src=\"https:\/\/co.ivoox.com\/es\/player_ek_77483096_2_1.html?data=mJyhmpiUfZehhpywj5WXaZS1lZWah5yncZKhhpywj5WRaZi3jpWah5yncbTVz8nfw5Cxs8_o0N7OjafFttPZ1dSah5ynca61taq8jae5lqrIqqiujaytlqLApbSah5yncZU.&amp;\" width=\"238\" height=\"48\" frameborder=\"0\" scrolling=\"no\" allowfullscreen=\"allowfullscreen\"><\/iframe><\/strong><strong><a href=\"https:\/\/www.ucaldas.edu.co\/portal\/wp-content\/uploads\/2021\/10\/Resolucion-Reconocimiento-CDT-2284-2021.pdf\">Resoluci\u00f3n de reconocimiento Minciencias<\/a><\/strong><\/p>\n<p><strong>\u00a0<\/strong><\/p>\n<p><strong>Informes: <\/strong>Oficina de Comunicaciones y Prensa Universidad de Caldas.<\/p>\n<p><strong>Redacci\u00f3n:<\/strong> Adriana Salazar Villegas<\/p>\n<p>&nbsp;<\/p>\n","protected":false},"excerpt":{"rendered":"<p>\u00daNICO EN LA REGI\u00d3N DEL EJE CAFETERO Planta de Bioprocesos y Agroindustria de la Universidad de Caldas reconocida por Minciencias como Centro de Desarrollo Tecnol\u00f3gico 28\/10\/2021 Mediante resoluci\u00f3n 2284 del 27 de octubre de 2021 el Ministerio de Ciencia, Tecnolog\u00eda e Innovaci\u00f3n reconoci\u00f3 como Centro de Desarrollo Tecnol\u00f3gico a la planta de Bioprocesos y Agroindustria [&hellip;]<\/p>\n","protected":false},"author":2,"featured_media":66230,"comment_status":"closed","ping_status":"open","sticky":false,"template":"","format":"standard","meta":{"footnotes":""},"categories":[48,53],"tags":[129,3634,4543],"class_list":["post-66229","post","type-post","status-publish","format-standard","has-post-thumbnail","hentry","category-actualidad","category-universidad-al-dia","tag-reconocimiento","tag-planta-de-bioprocesos-y-agroindustria","tag-minciencias"],"yoast_head":"<!-- This site is optimized with the Yoast SEO plugin v27.5 - https:\/\/yoast.com\/product\/yoast-seo-wordpress\/ -->\n<title>Planta de Bioprocesos y Agroindustria de la Universidad de Caldas reconocida por Minciencias como Centro de Desarrollo Tecnol\u00f3gico .<\/title>\n<meta name=\"robots\" content=\"index, follow, max-snippet:-1, max-image-preview:large, max-video-preview:-1\" \/>\n<link rel=\"canonical\" href=\"https:\/\/www.ucaldas.edu.co\/portal\/planta-de-bioprocesos-y-agroindustria-de-la-universidad-de-caldas-reconocida-por-minciencias-como-centro-de-desarrollo-tecnologico\/\" \/>\n<script type=\"application\/ld+json\" class=\"yoast-schema-graph\">{\"@context\":\"https:\\\/\\\/schema.org\",\"@graph\":[{\"@type\":\"Article\",\"@id\":\"https:\\\/\\\/www.ucaldas.edu.co\\\/portal\\\/planta-de-bioprocesos-y-agroindustria-de-la-universidad-de-caldas-reconocida-por-minciencias-como-centro-de-desarrollo-tecnologico\\\/#article\",\"isPartOf\":{\"@id\":\"https:\\\/\\\/www.ucaldas.edu.co\\\/portal\\\/planta-de-bioprocesos-y-agroindustria-de-la-universidad-de-caldas-reconocida-por-minciencias-como-centro-de-desarrollo-tecnologico\\\/\"},\"author\":{\"name\":\"ofiprensa\",\"@id\":\"https:\\\/\\\/www.ucaldas.edu.co\\\/portal\\\/#\\\/schema\\\/person\\\/a1b482e23449158b4bc319926c074fdf\"},\"headline\":\"Planta de Bioprocesos y Agroindustria de la Universidad de Caldas reconocida por Minciencias como Centro de Desarrollo Tecnol\u00f3gico\",\"datePublished\":\"2021-10-29T01:34:00+00:00\",\"dateModified\":\"2021-10-29T02:12:24+00:00\",\"mainEntityOfPage\":{\"@id\":\"https:\\\/\\\/www.ucaldas.edu.co\\\/portal\\\/planta-de-bioprocesos-y-agroindustria-de-la-universidad-de-caldas-reconocida-por-minciencias-como-centro-de-desarrollo-tecnologico\\\/\"},\"wordCount\":351,\"publisher\":{\"@id\":\"https:\\\/\\\/www.ucaldas.edu.co\\\/portal\\\/#organization\"},\"image\":{\"@id\":\"https:\\\/\\\/www.ucaldas.edu.co\\\/portal\\\/planta-de-bioprocesos-y-agroindustria-de-la-universidad-de-caldas-reconocida-por-minciencias-como-centro-de-desarrollo-tecnologico\\\/#primaryimage\"},\"thumbnailUrl\":\"https:\\\/\\\/www.ucaldas.edu.co\\\/portal\\\/wp-content\\\/uploads\\\/2021\\\/10\\\/WhatsApp-Image-2021-10-28-at-6.44.32-PM-1.jpeg\",\"keywords\":[\"Reconocimiento\",\"Planta de Bioprocesos y Agroindustria\",\"Minciencias\"],\"articleSection\":[\"Actualidad\",\"Universidad al D\u00eda\"],\"inLanguage\":\"es\"},{\"@type\":\"WebPage\",\"@id\":\"https:\\\/\\\/www.ucaldas.edu.co\\\/portal\\\/planta-de-bioprocesos-y-agroindustria-de-la-universidad-de-caldas-reconocida-por-minciencias-como-centro-de-desarrollo-tecnologico\\\/\",\"url\":\"https:\\\/\\\/www.ucaldas.edu.co\\\/portal\\\/planta-de-bioprocesos-y-agroindustria-de-la-universidad-de-caldas-reconocida-por-minciencias-como-centro-de-desarrollo-tecnologico\\\/\",\"name\":\"Planta de Bioprocesos y Agroindustria de la Universidad de Caldas reconocida por Minciencias como Centro de Desarrollo Tecnol\u00f3gico .\",\"isPartOf\":{\"@id\":\"https:\\\/\\\/www.ucaldas.edu.co\\\/portal\\\/#website\"},\"primaryImageOfPage\":{\"@id\":\"https:\\\/\\\/www.ucaldas.edu.co\\\/portal\\\/planta-de-bioprocesos-y-agroindustria-de-la-universidad-de-caldas-reconocida-por-minciencias-como-centro-de-desarrollo-tecnologico\\\/#primaryimage\"},\"image\":{\"@id\":\"https:\\\/\\\/www.ucaldas.edu.co\\\/portal\\\/planta-de-bioprocesos-y-agroindustria-de-la-universidad-de-caldas-reconocida-por-minciencias-como-centro-de-desarrollo-tecnologico\\\/#primaryimage\"},\"thumbnailUrl\":\"https:\\\/\\\/www.ucaldas.edu.co\\\/portal\\\/wp-content\\\/uploads\\\/2021\\\/10\\\/WhatsApp-Image-2021-10-28-at-6.44.32-PM-1.jpeg\",\"datePublished\":\"2021-10-29T01:34:00+00:00\",\"dateModified\":\"2021-10-29T02:12:24+00:00\",\"breadcrumb\":{\"@id\":\"https:\\\/\\\/www.ucaldas.edu.co\\\/portal\\\/planta-de-bioprocesos-y-agroindustria-de-la-universidad-de-caldas-reconocida-por-minciencias-como-centro-de-desarrollo-tecnologico\\\/#breadcrumb\"},\"inLanguage\":\"es\",\"potentialAction\":[{\"@type\":\"ReadAction\",\"target\":[\"https:\\\/\\\/www.ucaldas.edu.co\\\/portal\\\/planta-de-bioprocesos-y-agroindustria-de-la-universidad-de-caldas-reconocida-por-minciencias-como-centro-de-desarrollo-tecnologico\\\/\"]}]},{\"@type\":\"ImageObject\",\"inLanguage\":\"es\",\"@id\":\"https:\\\/\\\/www.ucaldas.edu.co\\\/portal\\\/planta-de-bioprocesos-y-agroindustria-de-la-universidad-de-caldas-reconocida-por-minciencias-como-centro-de-desarrollo-tecnologico\\\/#primaryimage\",\"url\":\"https:\\\/\\\/www.ucaldas.edu.co\\\/portal\\\/wp-content\\\/uploads\\\/2021\\\/10\\\/WhatsApp-Image-2021-10-28-at-6.44.32-PM-1.jpeg\",\"contentUrl\":\"https:\\\/\\\/www.ucaldas.edu.co\\\/portal\\\/wp-content\\\/uploads\\\/2021\\\/10\\\/WhatsApp-Image-2021-10-28-at-6.44.32-PM-1.jpeg\",\"width\":700,\"height\":400},{\"@type\":\"BreadcrumbList\",\"@id\":\"https:\\\/\\\/www.ucaldas.edu.co\\\/portal\\\/planta-de-bioprocesos-y-agroindustria-de-la-universidad-de-caldas-reconocida-por-minciencias-como-centro-de-desarrollo-tecnologico\\\/#breadcrumb\",\"itemListElement\":[{\"@type\":\"ListItem\",\"position\":1,\"name\":\"Portada\",\"item\":\"https:\\\/\\\/www.ucaldas.edu.co\\\/portal\\\/\"},{\"@type\":\"ListItem\",\"position\":2,\"name\":\"Planta de Bioprocesos y Agroindustria de la Universidad de Caldas reconocida por Minciencias como Centro de Desarrollo Tecnol\u00f3gico\"}]},{\"@type\":\"WebSite\",\"@id\":\"https:\\\/\\\/www.ucaldas.edu.co\\\/portal\\\/#website\",\"url\":\"https:\\\/\\\/www.ucaldas.edu.co\\\/portal\\\/\",\"name\":\"Universidad de Caldas\",\"description\":\"\",\"publisher\":{\"@id\":\"https:\\\/\\\/www.ucaldas.edu.co\\\/portal\\\/#organization\"},\"alternateName\":\"U. de Caldas\",\"potentialAction\":[{\"@type\":\"SearchAction\",\"target\":{\"@type\":\"EntryPoint\",\"urlTemplate\":\"https:\\\/\\\/www.ucaldas.edu.co\\\/portal\\\/?s={search_term_string}\"},\"query-input\":{\"@type\":\"PropertyValueSpecification\",\"valueRequired\":true,\"valueName\":\"search_term_string\"}}],\"inLanguage\":\"es\"},{\"@type\":\"Organization\",\"@id\":\"https:\\\/\\\/www.ucaldas.edu.co\\\/portal\\\/#organization\",\"name\":\"Universidad de Caldas\",\"alternateName\":\"U. de Caldas\",\"url\":\"https:\\\/\\\/www.ucaldas.edu.co\\\/portal\\\/\",\"logo\":{\"@type\":\"ImageObject\",\"inLanguage\":\"es\",\"@id\":\"https:\\\/\\\/www.ucaldas.edu.co\\\/portal\\\/#\\\/schema\\\/logo\\\/image\\\/\",\"url\":\"https:\\\/\\\/www.ucaldas.edu.co\\\/portal\\\/wp-content\\\/uploads\\\/2023\\\/11\\\/Logo_horizontal_oscuroU-2023.png\",\"contentUrl\":\"https:\\\/\\\/www.ucaldas.edu.co\\\/portal\\\/wp-content\\\/uploads\\\/2023\\\/11\\\/Logo_horizontal_oscuroU-2023.png\",\"width\":263,\"height\":101,\"caption\":\"Universidad de Caldas\"},\"image\":{\"@id\":\"https:\\\/\\\/www.ucaldas.edu.co\\\/portal\\\/#\\\/schema\\\/logo\\\/image\\\/\"},\"sameAs\":[\"https:\\\/\\\/www.facebook.com\\\/udecaldas\",\"https:\\\/\\\/x.com\\\/udecaldas\",\"https:\\\/\\\/www.youtube.com\\\/universidadcaldas\",\"https:\\\/\\\/www.instagram.com\\\/udecaldas\\\/\"]},{\"@type\":\"Person\",\"@id\":\"https:\\\/\\\/www.ucaldas.edu.co\\\/portal\\\/#\\\/schema\\\/person\\\/a1b482e23449158b4bc319926c074fdf\",\"name\":\"ofiprensa\",\"image\":{\"@type\":\"ImageObject\",\"inLanguage\":\"es\",\"@id\":\"https:\\\/\\\/www.ucaldas.edu.co\\\/portal\\\/wp-content\\\/litespeed\\\/avatar\\\/09ea5085e600095a7a811142c6944527.jpg?ver=1777497608\",\"url\":\"https:\\\/\\\/www.ucaldas.edu.co\\\/portal\\\/wp-content\\\/litespeed\\\/avatar\\\/09ea5085e600095a7a811142c6944527.jpg?ver=1777497608\",\"contentUrl\":\"https:\\\/\\\/www.ucaldas.edu.co\\\/portal\\\/wp-content\\\/litespeed\\\/avatar\\\/09ea5085e600095a7a811142c6944527.jpg?ver=1777497608\",\"caption\":\"ofiprensa\"},\"url\":\"https:\\\/\\\/www.ucaldas.edu.co\\\/portal\\\/author\\\/ofiprensa\\\/\"}]}<\/script>\n<!-- \/ Yoast SEO plugin. -->","yoast_head_json":{"title":"Planta de Bioprocesos y Agroindustria de la Universidad de Caldas reconocida por Minciencias como Centro de Desarrollo Tecnol\u00f3gico .","robots":{"index":"index","follow":"follow","max-snippet":"max-snippet:-1","max-image-preview":"max-image-preview:large","max-video-preview":"max-video-preview:-1"},"canonical":"https:\/\/www.ucaldas.edu.co\/portal\/planta-de-bioprocesos-y-agroindustria-de-la-universidad-de-caldas-reconocida-por-minciencias-como-centro-de-desarrollo-tecnologico\/","schema":{"@context":"https:\/\/schema.org","@graph":[{"@type":"Article","@id":"https:\/\/www.ucaldas.edu.co\/portal\/planta-de-bioprocesos-y-agroindustria-de-la-universidad-de-caldas-reconocida-por-minciencias-como-centro-de-desarrollo-tecnologico\/#article","isPartOf":{"@id":"https:\/\/www.ucaldas.edu.co\/portal\/planta-de-bioprocesos-y-agroindustria-de-la-universidad-de-caldas-reconocida-por-minciencias-como-centro-de-desarrollo-tecnologico\/"},"author":{"name":"ofiprensa","@id":"https:\/\/www.ucaldas.edu.co\/portal\/#\/schema\/person\/a1b482e23449158b4bc319926c074fdf"},"headline":"Planta de Bioprocesos y Agroindustria de la Universidad de Caldas reconocida por Minciencias como Centro de Desarrollo Tecnol\u00f3gico","datePublished":"2021-10-29T01:34:00+00:00","dateModified":"2021-10-29T02:12:24+00:00","mainEntityOfPage":{"@id":"https:\/\/www.ucaldas.edu.co\/portal\/planta-de-bioprocesos-y-agroindustria-de-la-universidad-de-caldas-reconocida-por-minciencias-como-centro-de-desarrollo-tecnologico\/"},"wordCount":351,"publisher":{"@id":"https:\/\/www.ucaldas.edu.co\/portal\/#organization"},"image":{"@id":"https:\/\/www.ucaldas.edu.co\/portal\/planta-de-bioprocesos-y-agroindustria-de-la-universidad-de-caldas-reconocida-por-minciencias-como-centro-de-desarrollo-tecnologico\/#primaryimage"},"thumbnailUrl":"https:\/\/www.ucaldas.edu.co\/portal\/wp-content\/uploads\/2021\/10\/WhatsApp-Image-2021-10-28-at-6.44.32-PM-1.jpeg","keywords":["Reconocimiento","Planta de Bioprocesos y Agroindustria","Minciencias"],"articleSection":["Actualidad","Universidad al D\u00eda"],"inLanguage":"es"},{"@type":"WebPage","@id":"https:\/\/www.ucaldas.edu.co\/portal\/planta-de-bioprocesos-y-agroindustria-de-la-universidad-de-caldas-reconocida-por-minciencias-como-centro-de-desarrollo-tecnologico\/","url":"https:\/\/www.ucaldas.edu.co\/portal\/planta-de-bioprocesos-y-agroindustria-de-la-universidad-de-caldas-reconocida-por-minciencias-como-centro-de-desarrollo-tecnologico\/","name":"Planta de Bioprocesos y Agroindustria de la Universidad de Caldas reconocida por Minciencias como Centro de Desarrollo Tecnol\u00f3gico .","isPartOf":{"@id":"https:\/\/www.ucaldas.edu.co\/portal\/#website"},"primaryImageOfPage":{"@id":"https:\/\/www.ucaldas.edu.co\/portal\/planta-de-bioprocesos-y-agroindustria-de-la-universidad-de-caldas-reconocida-por-minciencias-como-centro-de-desarrollo-tecnologico\/#primaryimage"},"image":{"@id":"https:\/\/www.ucaldas.edu.co\/portal\/planta-de-bioprocesos-y-agroindustria-de-la-universidad-de-caldas-reconocida-por-minciencias-como-centro-de-desarrollo-tecnologico\/#primaryimage"},"thumbnailUrl":"https:\/\/www.ucaldas.edu.co\/portal\/wp-content\/uploads\/2021\/10\/WhatsApp-Image-2021-10-28-at-6.44.32-PM-1.jpeg","datePublished":"2021-10-29T01:34:00+00:00","dateModified":"2021-10-29T02:12:24+00:00","breadcrumb":{"@id":"https:\/\/www.ucaldas.edu.co\/portal\/planta-de-bioprocesos-y-agroindustria-de-la-universidad-de-caldas-reconocida-por-minciencias-como-centro-de-desarrollo-tecnologico\/#breadcrumb"},"inLanguage":"es","potentialAction":[{"@type":"ReadAction","target":["https:\/\/www.ucaldas.edu.co\/portal\/planta-de-bioprocesos-y-agroindustria-de-la-universidad-de-caldas-reconocida-por-minciencias-como-centro-de-desarrollo-tecnologico\/"]}]},{"@type":"ImageObject","inLanguage":"es","@id":"https:\/\/www.ucaldas.edu.co\/portal\/planta-de-bioprocesos-y-agroindustria-de-la-universidad-de-caldas-reconocida-por-minciencias-como-centro-de-desarrollo-tecnologico\/#primaryimage","url":"https:\/\/www.ucaldas.edu.co\/portal\/wp-content\/uploads\/2021\/10\/WhatsApp-Image-2021-10-28-at-6.44.32-PM-1.jpeg","contentUrl":"https:\/\/www.ucaldas.edu.co\/portal\/wp-content\/uploads\/2021\/10\/WhatsApp-Image-2021-10-28-at-6.44.32-PM-1.jpeg","width":700,"height":400},{"@type":"BreadcrumbList","@id":"https:\/\/www.ucaldas.edu.co\/portal\/planta-de-bioprocesos-y-agroindustria-de-la-universidad-de-caldas-reconocida-por-minciencias-como-centro-de-desarrollo-tecnologico\/#breadcrumb","itemListElement":[{"@type":"ListItem","position":1,"name":"Portada","item":"https:\/\/www.ucaldas.edu.co\/portal\/"},{"@type":"ListItem","position":2,"name":"Planta de Bioprocesos y Agroindustria de la Universidad de Caldas reconocida por Minciencias como Centro de Desarrollo Tecnol\u00f3gico"}]},{"@type":"WebSite","@id":"https:\/\/www.ucaldas.edu.co\/portal\/#website","url":"https:\/\/www.ucaldas.edu.co\/portal\/","name":"Universidad de Caldas","description":"","publisher":{"@id":"https:\/\/www.ucaldas.edu.co\/portal\/#organization"},"alternateName":"U. de Caldas","potentialAction":[{"@type":"SearchAction","target":{"@type":"EntryPoint","urlTemplate":"https:\/\/www.ucaldas.edu.co\/portal\/?s={search_term_string}"},"query-input":{"@type":"PropertyValueSpecification","valueRequired":true,"valueName":"search_term_string"}}],"inLanguage":"es"},{"@type":"Organization","@id":"https:\/\/www.ucaldas.edu.co\/portal\/#organization","name":"Universidad de Caldas","alternateName":"U. de Caldas","url":"https:\/\/www.ucaldas.edu.co\/portal\/","logo":{"@type":"ImageObject","inLanguage":"es","@id":"https:\/\/www.ucaldas.edu.co\/portal\/#\/schema\/logo\/image\/","url":"https:\/\/www.ucaldas.edu.co\/portal\/wp-content\/uploads\/2023\/11\/Logo_horizontal_oscuroU-2023.png","contentUrl":"https:\/\/www.ucaldas.edu.co\/portal\/wp-content\/uploads\/2023\/11\/Logo_horizontal_oscuroU-2023.png","width":263,"height":101,"caption":"Universidad de Caldas"},"image":{"@id":"https:\/\/www.ucaldas.edu.co\/portal\/#\/schema\/logo\/image\/"},"sameAs":["https:\/\/www.facebook.com\/udecaldas","https:\/\/x.com\/udecaldas","https:\/\/www.youtube.com\/universidadcaldas","https:\/\/www.instagram.com\/udecaldas\/"]},{"@type":"Person","@id":"https:\/\/www.ucaldas.edu.co\/portal\/#\/schema\/person\/a1b482e23449158b4bc319926c074fdf","name":"ofiprensa","image":{"@type":"ImageObject","inLanguage":"es","@id":"https:\/\/www.ucaldas.edu.co\/portal\/wp-content\/litespeed\/avatar\/09ea5085e600095a7a811142c6944527.jpg?ver=1777497608","url":"https:\/\/www.ucaldas.edu.co\/portal\/wp-content\/litespeed\/avatar\/09ea5085e600095a7a811142c6944527.jpg?ver=1777497608","contentUrl":"https:\/\/www.ucaldas.edu.co\/portal\/wp-content\/litespeed\/avatar\/09ea5085e600095a7a811142c6944527.jpg?ver=1777497608","caption":"ofiprensa"},"url":"https:\/\/www.ucaldas.edu.co\/portal\/author\/ofiprensa\/"}]}},"_links":{"self":[{"href":"https:\/\/www.ucaldas.edu.co\/portal\/wp-json\/wp\/v2\/posts\/66229","targetHints":{"allow":["GET"]}}],"collection":[{"href":"https:\/\/www.ucaldas.edu.co\/portal\/wp-json\/wp\/v2\/posts"}],"about":[{"href":"https:\/\/www.ucaldas.edu.co\/portal\/wp-json\/wp\/v2\/types\/post"}],"author":[{"embeddable":true,"href":"https:\/\/www.ucaldas.edu.co\/portal\/wp-json\/wp\/v2\/users\/2"}],"replies":[{"embeddable":true,"href":"https:\/\/www.ucaldas.edu.co\/portal\/wp-json\/wp\/v2\/comments?post=66229"}],"version-history":[{"count":0,"href":"https:\/\/www.ucaldas.edu.co\/portal\/wp-json\/wp\/v2\/posts\/66229\/revisions"}],"wp:featuredmedia":[{"embeddable":true,"href":"https:\/\/www.ucaldas.edu.co\/portal\/wp-json\/wp\/v2\/media\/66230"}],"wp:attachment":[{"href":"https:\/\/www.ucaldas.edu.co\/portal\/wp-json\/wp\/v2\/media?parent=66229"}],"wp:term":[{"taxonomy":"category","embeddable":true,"href":"https:\/\/www.ucaldas.edu.co\/portal\/wp-json\/wp\/v2\/categories?post=66229"},{"taxonomy":"post_tag","embeddable":true,"href":"https:\/\/www.ucaldas.edu.co\/portal\/wp-json\/wp\/v2\/tags?post=66229"}],"curies":[{"name":"wp","href":"https:\/\/api.w.org\/{rel}","templated":true}]}}