{"id":66146,"date":"2021-10-27T00:16:13","date_gmt":"2021-10-27T00:16:13","guid":{"rendered":"https:\/\/www.ucaldas.edu.co\/portal\/?p=66146"},"modified":"2021-10-27T00:16:13","modified_gmt":"2021-10-27T00:16:13","slug":"vicerrectora-de-proyeccion-universitaria-participa-en-transforma-2021","status":"publish","type":"post","link":"https:\/\/www.ucaldas.edu.co\/portal\/vicerrectora-de-proyeccion-universitaria-participa-en-transforma-2021\/","title":{"rendered":"Vicerrectora de Proyecci\u00f3n Universitaria participa en Transforma 2021"},"content":{"rendered":"<p style=\"text-align: center;\">EVENTO ORGANIZADO POR LA UNIVERSIDAD NACIONAL DE COLOMBIA SEDE MANIZALES<br \/>\n<strong>Vicerrectora de Proyecci\u00f3n Universitaria participa en Transforma 2021<\/strong><\/p>\n<p style=\"text-align: right;\">26\/10\/2021<\/p>\n<p><img loading=\"lazy\" decoding=\"async\" class=\"size-full wp-image-66147 aligncenter\" src=\"https:\/\/www.ucaldas.edu.co\/portal\/wp-content\/uploads\/2021\/10\/evento-patricia.jpg\" alt=\"\" width=\"700\" height=\"400\" srcset=\"https:\/\/www.ucaldas.edu.co\/portal\/wp-content\/uploads\/2021\/10\/evento-patricia.jpg 700w, https:\/\/www.ucaldas.edu.co\/portal\/wp-content\/uploads\/2021\/10\/evento-patricia-300x171.jpg 300w\" sizes=\"auto, (max-width: 700px) 100vw, 700px\" \/><\/p>\n<p>La vicerrectora de proyecci\u00f3n universitaria, Patricia Salazar Villegas, participar\u00e1 en Transforma 2021, el primer encuentro para la gesti\u00f3n de la transformaci\u00f3n organizacional de las instituciones de la educaci\u00f3n superior, que se desarrollar\u00e1 del 27 al 29 de octubre.<\/p>\n<p><!--more--><\/p>\n<p>El evento se desarrolla bajo la premisa de que las innovaciones y cambios a nivel global en t\u00e9rminos tecnol\u00f3gicos, sociales y medioambientales han abierto un panorama completamente nuevo para las organizaciones en cuanto a sus formas de funcionamiento y maneras de relacionarse con su entorno y grupos de inter\u00e9s, por lo que las instituciones han visto la necesidad de desarrollar diversas estrategias para dar respuesta a los retos.<\/p>\n<p>Este espacio contar\u00e1 con conferencias, experiencias y paneles de expertos, quienes hablar\u00e1n temas relacionados con las transformaciones e innovaciones que las instituciones de educaci\u00f3n superior colombianas han afrontado en los \u00faltimos a\u00f1os.<\/p>\n<p>La vicerrectora Salazar participar\u00e1 en panel 3 denominado \u201cInternacionalizaci\u00f3n de curr\u00edculo\u201d, junto a Diana Mar\u00eda Farias Camero, docente y exrectora de programas curriculares de la Universidad Nacional sede Manizales; con la moderaci\u00f3n de Francisco Vallejo Garc\u00eda, rector del Colegio Normal Superior de Caldas y exsecretario de Educaci\u00f3n de Manizales.<\/p>\n<p>&nbsp;<\/p>\n<p><strong><a href=\"https:\/\/www.ucaldas.edu.co\/portal\/wp-content\/uploads\/2021\/10\/Cuadernillo-promocional-Transforma-2021.pdf\">Agenda del evento.<\/a><\/strong><\/p>\n<p><strong><a href=\"https:\/\/www.facebook.com\/unmanizales\">Transmisi\u00f3n del evento.<\/a><\/strong><\/p>\n<p>&nbsp;<\/p>\n<p><strong>Informes: <\/strong>Oficina de Comunicaciones y Prensa Universidad de Caldas.<\/p>\n<p><strong>Redacci\u00f3n:<\/strong> Mateo Buritic\u00e1 Giraldo<\/p>\n<p>&nbsp;<\/p>\n","protected":false},"excerpt":{"rendered":"<p>EVENTO ORGANIZADO POR LA UNIVERSIDAD NACIONAL DE COLOMBIA SEDE MANIZALES Vicerrectora de Proyecci\u00f3n Universitaria participa en Transforma 2021 26\/10\/2021 La vicerrectora de proyecci\u00f3n universitaria, Patricia Salazar Villegas, participar\u00e1 en Transforma 2021, el primer encuentro para la gesti\u00f3n de la transformaci\u00f3n organizacional de las instituciones de la educaci\u00f3n superior, que se desarrollar\u00e1 del 27 al 29 [&hellip;]<\/p>\n","protected":false},"author":2,"featured_media":66147,"comment_status":"closed","ping_status":"open","sticky":false,"template":"","format":"standard","meta":{"footnotes":""},"categories":[48,53,62],"tags":[7441,7442,7443],"class_list":["post-66146","post","type-post","status-publish","format-standard","has-post-thumbnail","hentry","category-actualidad","category-universidad-al-dia","category-eventos","tag-transforma-2021","tag-transformacion-organizacional","tag-educacion-superior-en-colombia"],"yoast_head":"<!-- This site is optimized with the Yoast SEO plugin v27.5 - https:\/\/yoast.com\/product\/yoast-seo-wordpress\/ -->\n<title>Vicerrectora de Proyecci\u00f3n Universitaria participa en Transforma 2021 .<\/title>\n<meta name=\"robots\" content=\"index, follow, max-snippet:-1, max-image-preview:large, max-video-preview:-1\" \/>\n<link rel=\"canonical\" href=\"https:\/\/www.ucaldas.edu.co\/portal\/vicerrectora-de-proyeccion-universitaria-participa-en-transforma-2021\/\" \/>\n<script type=\"application\/ld+json\" class=\"yoast-schema-graph\">{\"@context\":\"https:\\\/\\\/schema.org\",\"@graph\":[{\"@type\":\"Article\",\"@id\":\"https:\\\/\\\/www.ucaldas.edu.co\\\/portal\\\/vicerrectora-de-proyeccion-universitaria-participa-en-transforma-2021\\\/#article\",\"isPartOf\":{\"@id\":\"https:\\\/\\\/www.ucaldas.edu.co\\\/portal\\\/vicerrectora-de-proyeccion-universitaria-participa-en-transforma-2021\\\/\"},\"author\":{\"name\":\"ofiprensa\",\"@id\":\"https:\\\/\\\/www.ucaldas.edu.co\\\/portal\\\/#\\\/schema\\\/person\\\/a1b482e23449158b4bc319926c074fdf\"},\"headline\":\"Vicerrectora de Proyecci\u00f3n Universitaria participa en Transforma 2021\",\"datePublished\":\"2021-10-27T00:16:13+00:00\",\"mainEntityOfPage\":{\"@id\":\"https:\\\/\\\/www.ucaldas.edu.co\\\/portal\\\/vicerrectora-de-proyeccion-universitaria-participa-en-transforma-2021\\\/\"},\"wordCount\":249,\"publisher\":{\"@id\":\"https:\\\/\\\/www.ucaldas.edu.co\\\/portal\\\/#organization\"},\"image\":{\"@id\":\"https:\\\/\\\/www.ucaldas.edu.co\\\/portal\\\/vicerrectora-de-proyeccion-universitaria-participa-en-transforma-2021\\\/#primaryimage\"},\"thumbnailUrl\":\"https:\\\/\\\/www.ucaldas.edu.co\\\/portal\\\/wp-content\\\/uploads\\\/2021\\\/10\\\/evento-patricia.jpg\",\"keywords\":[\"transforma 2021\",\"transformaci\u00f3n organizacional\",\"educaci\u00f3n superior en colombia\"],\"articleSection\":[\"Actualidad\",\"Universidad al D\u00eda\",\"Eventos\"],\"inLanguage\":\"es\"},{\"@type\":\"WebPage\",\"@id\":\"https:\\\/\\\/www.ucaldas.edu.co\\\/portal\\\/vicerrectora-de-proyeccion-universitaria-participa-en-transforma-2021\\\/\",\"url\":\"https:\\\/\\\/www.ucaldas.edu.co\\\/portal\\\/vicerrectora-de-proyeccion-universitaria-participa-en-transforma-2021\\\/\",\"name\":\"Vicerrectora de Proyecci\u00f3n Universitaria participa en Transforma 2021 .\",\"isPartOf\":{\"@id\":\"https:\\\/\\\/www.ucaldas.edu.co\\\/portal\\\/#website\"},\"primaryImageOfPage\":{\"@id\":\"https:\\\/\\\/www.ucaldas.edu.co\\\/portal\\\/vicerrectora-de-proyeccion-universitaria-participa-en-transforma-2021\\\/#primaryimage\"},\"image\":{\"@id\":\"https:\\\/\\\/www.ucaldas.edu.co\\\/portal\\\/vicerrectora-de-proyeccion-universitaria-participa-en-transforma-2021\\\/#primaryimage\"},\"thumbnailUrl\":\"https:\\\/\\\/www.ucaldas.edu.co\\\/portal\\\/wp-content\\\/uploads\\\/2021\\\/10\\\/evento-patricia.jpg\",\"datePublished\":\"2021-10-27T00:16:13+00:00\",\"breadcrumb\":{\"@id\":\"https:\\\/\\\/www.ucaldas.edu.co\\\/portal\\\/vicerrectora-de-proyeccion-universitaria-participa-en-transforma-2021\\\/#breadcrumb\"},\"inLanguage\":\"es\",\"potentialAction\":[{\"@type\":\"ReadAction\",\"target\":[\"https:\\\/\\\/www.ucaldas.edu.co\\\/portal\\\/vicerrectora-de-proyeccion-universitaria-participa-en-transforma-2021\\\/\"]}]},{\"@type\":\"ImageObject\",\"inLanguage\":\"es\",\"@id\":\"https:\\\/\\\/www.ucaldas.edu.co\\\/portal\\\/vicerrectora-de-proyeccion-universitaria-participa-en-transforma-2021\\\/#primaryimage\",\"url\":\"https:\\\/\\\/www.ucaldas.edu.co\\\/portal\\\/wp-content\\\/uploads\\\/2021\\\/10\\\/evento-patricia.jpg\",\"contentUrl\":\"https:\\\/\\\/www.ucaldas.edu.co\\\/portal\\\/wp-content\\\/uploads\\\/2021\\\/10\\\/evento-patricia.jpg\",\"width\":700,\"height\":400},{\"@type\":\"BreadcrumbList\",\"@id\":\"https:\\\/\\\/www.ucaldas.edu.co\\\/portal\\\/vicerrectora-de-proyeccion-universitaria-participa-en-transforma-2021\\\/#breadcrumb\",\"itemListElement\":[{\"@type\":\"ListItem\",\"position\":1,\"name\":\"Portada\",\"item\":\"https:\\\/\\\/www.ucaldas.edu.co\\\/portal\\\/\"},{\"@type\":\"ListItem\",\"position\":2,\"name\":\"Vicerrectora de Proyecci\u00f3n Universitaria participa en Transforma 2021\"}]},{\"@type\":\"WebSite\",\"@id\":\"https:\\\/\\\/www.ucaldas.edu.co\\\/portal\\\/#website\",\"url\":\"https:\\\/\\\/www.ucaldas.edu.co\\\/portal\\\/\",\"name\":\"Universidad de Caldas\",\"description\":\"\",\"publisher\":{\"@id\":\"https:\\\/\\\/www.ucaldas.edu.co\\\/portal\\\/#organization\"},\"alternateName\":\"U. de Caldas\",\"potentialAction\":[{\"@type\":\"SearchAction\",\"target\":{\"@type\":\"EntryPoint\",\"urlTemplate\":\"https:\\\/\\\/www.ucaldas.edu.co\\\/portal\\\/?s={search_term_string}\"},\"query-input\":{\"@type\":\"PropertyValueSpecification\",\"valueRequired\":true,\"valueName\":\"search_term_string\"}}],\"inLanguage\":\"es\"},{\"@type\":\"Organization\",\"@id\":\"https:\\\/\\\/www.ucaldas.edu.co\\\/portal\\\/#organization\",\"name\":\"Universidad de Caldas\",\"alternateName\":\"U. de Caldas\",\"url\":\"https:\\\/\\\/www.ucaldas.edu.co\\\/portal\\\/\",\"logo\":{\"@type\":\"ImageObject\",\"inLanguage\":\"es\",\"@id\":\"https:\\\/\\\/www.ucaldas.edu.co\\\/portal\\\/#\\\/schema\\\/logo\\\/image\\\/\",\"url\":\"https:\\\/\\\/www.ucaldas.edu.co\\\/portal\\\/wp-content\\\/uploads\\\/2023\\\/11\\\/Logo_horizontal_oscuroU-2023.png\",\"contentUrl\":\"https:\\\/\\\/www.ucaldas.edu.co\\\/portal\\\/wp-content\\\/uploads\\\/2023\\\/11\\\/Logo_horizontal_oscuroU-2023.png\",\"width\":263,\"height\":101,\"caption\":\"Universidad de Caldas\"},\"image\":{\"@id\":\"https:\\\/\\\/www.ucaldas.edu.co\\\/portal\\\/#\\\/schema\\\/logo\\\/image\\\/\"},\"sameAs\":[\"https:\\\/\\\/www.facebook.com\\\/udecaldas\",\"https:\\\/\\\/x.com\\\/udecaldas\",\"https:\\\/\\\/www.youtube.com\\\/universidadcaldas\",\"https:\\\/\\\/www.instagram.com\\\/udecaldas\\\/\"]},{\"@type\":\"Person\",\"@id\":\"https:\\\/\\\/www.ucaldas.edu.co\\\/portal\\\/#\\\/schema\\\/person\\\/a1b482e23449158b4bc319926c074fdf\",\"name\":\"ofiprensa\",\"image\":{\"@type\":\"ImageObject\",\"inLanguage\":\"es\",\"@id\":\"https:\\\/\\\/www.ucaldas.edu.co\\\/portal\\\/wp-content\\\/litespeed\\\/avatar\\\/09ea5085e600095a7a811142c6944527.jpg?ver=1777497608\",\"url\":\"https:\\\/\\\/www.ucaldas.edu.co\\\/portal\\\/wp-content\\\/litespeed\\\/avatar\\\/09ea5085e600095a7a811142c6944527.jpg?ver=1777497608\",\"contentUrl\":\"https:\\\/\\\/www.ucaldas.edu.co\\\/portal\\\/wp-content\\\/litespeed\\\/avatar\\\/09ea5085e600095a7a811142c6944527.jpg?ver=1777497608\",\"caption\":\"ofiprensa\"},\"url\":\"https:\\\/\\\/www.ucaldas.edu.co\\\/portal\\\/author\\\/ofiprensa\\\/\"}]}<\/script>\n<!-- \/ Yoast SEO plugin. -->","yoast_head_json":{"title":"Vicerrectora de Proyecci\u00f3n Universitaria participa en Transforma 2021 .","robots":{"index":"index","follow":"follow","max-snippet":"max-snippet:-1","max-image-preview":"max-image-preview:large","max-video-preview":"max-video-preview:-1"},"canonical":"https:\/\/www.ucaldas.edu.co\/portal\/vicerrectora-de-proyeccion-universitaria-participa-en-transforma-2021\/","schema":{"@context":"https:\/\/schema.org","@graph":[{"@type":"Article","@id":"https:\/\/www.ucaldas.edu.co\/portal\/vicerrectora-de-proyeccion-universitaria-participa-en-transforma-2021\/#article","isPartOf":{"@id":"https:\/\/www.ucaldas.edu.co\/portal\/vicerrectora-de-proyeccion-universitaria-participa-en-transforma-2021\/"},"author":{"name":"ofiprensa","@id":"https:\/\/www.ucaldas.edu.co\/portal\/#\/schema\/person\/a1b482e23449158b4bc319926c074fdf"},"headline":"Vicerrectora de Proyecci\u00f3n Universitaria participa en Transforma 2021","datePublished":"2021-10-27T00:16:13+00:00","mainEntityOfPage":{"@id":"https:\/\/www.ucaldas.edu.co\/portal\/vicerrectora-de-proyeccion-universitaria-participa-en-transforma-2021\/"},"wordCount":249,"publisher":{"@id":"https:\/\/www.ucaldas.edu.co\/portal\/#organization"},"image":{"@id":"https:\/\/www.ucaldas.edu.co\/portal\/vicerrectora-de-proyeccion-universitaria-participa-en-transforma-2021\/#primaryimage"},"thumbnailUrl":"https:\/\/www.ucaldas.edu.co\/portal\/wp-content\/uploads\/2021\/10\/evento-patricia.jpg","keywords":["transforma 2021","transformaci\u00f3n organizacional","educaci\u00f3n superior en colombia"],"articleSection":["Actualidad","Universidad al D\u00eda","Eventos"],"inLanguage":"es"},{"@type":"WebPage","@id":"https:\/\/www.ucaldas.edu.co\/portal\/vicerrectora-de-proyeccion-universitaria-participa-en-transforma-2021\/","url":"https:\/\/www.ucaldas.edu.co\/portal\/vicerrectora-de-proyeccion-universitaria-participa-en-transforma-2021\/","name":"Vicerrectora de Proyecci\u00f3n Universitaria participa en Transforma 2021 .","isPartOf":{"@id":"https:\/\/www.ucaldas.edu.co\/portal\/#website"},"primaryImageOfPage":{"@id":"https:\/\/www.ucaldas.edu.co\/portal\/vicerrectora-de-proyeccion-universitaria-participa-en-transforma-2021\/#primaryimage"},"image":{"@id":"https:\/\/www.ucaldas.edu.co\/portal\/vicerrectora-de-proyeccion-universitaria-participa-en-transforma-2021\/#primaryimage"},"thumbnailUrl":"https:\/\/www.ucaldas.edu.co\/portal\/wp-content\/uploads\/2021\/10\/evento-patricia.jpg","datePublished":"2021-10-27T00:16:13+00:00","breadcrumb":{"@id":"https:\/\/www.ucaldas.edu.co\/portal\/vicerrectora-de-proyeccion-universitaria-participa-en-transforma-2021\/#breadcrumb"},"inLanguage":"es","potentialAction":[{"@type":"ReadAction","target":["https:\/\/www.ucaldas.edu.co\/portal\/vicerrectora-de-proyeccion-universitaria-participa-en-transforma-2021\/"]}]},{"@type":"ImageObject","inLanguage":"es","@id":"https:\/\/www.ucaldas.edu.co\/portal\/vicerrectora-de-proyeccion-universitaria-participa-en-transforma-2021\/#primaryimage","url":"https:\/\/www.ucaldas.edu.co\/portal\/wp-content\/uploads\/2021\/10\/evento-patricia.jpg","contentUrl":"https:\/\/www.ucaldas.edu.co\/portal\/wp-content\/uploads\/2021\/10\/evento-patricia.jpg","width":700,"height":400},{"@type":"BreadcrumbList","@id":"https:\/\/www.ucaldas.edu.co\/portal\/vicerrectora-de-proyeccion-universitaria-participa-en-transforma-2021\/#breadcrumb","itemListElement":[{"@type":"ListItem","position":1,"name":"Portada","item":"https:\/\/www.ucaldas.edu.co\/portal\/"},{"@type":"ListItem","position":2,"name":"Vicerrectora de Proyecci\u00f3n Universitaria participa en Transforma 2021"}]},{"@type":"WebSite","@id":"https:\/\/www.ucaldas.edu.co\/portal\/#website","url":"https:\/\/www.ucaldas.edu.co\/portal\/","name":"Universidad de Caldas","description":"","publisher":{"@id":"https:\/\/www.ucaldas.edu.co\/portal\/#organization"},"alternateName":"U. de Caldas","potentialAction":[{"@type":"SearchAction","target":{"@type":"EntryPoint","urlTemplate":"https:\/\/www.ucaldas.edu.co\/portal\/?s={search_term_string}"},"query-input":{"@type":"PropertyValueSpecification","valueRequired":true,"valueName":"search_term_string"}}],"inLanguage":"es"},{"@type":"Organization","@id":"https:\/\/www.ucaldas.edu.co\/portal\/#organization","name":"Universidad de Caldas","alternateName":"U. de Caldas","url":"https:\/\/www.ucaldas.edu.co\/portal\/","logo":{"@type":"ImageObject","inLanguage":"es","@id":"https:\/\/www.ucaldas.edu.co\/portal\/#\/schema\/logo\/image\/","url":"https:\/\/www.ucaldas.edu.co\/portal\/wp-content\/uploads\/2023\/11\/Logo_horizontal_oscuroU-2023.png","contentUrl":"https:\/\/www.ucaldas.edu.co\/portal\/wp-content\/uploads\/2023\/11\/Logo_horizontal_oscuroU-2023.png","width":263,"height":101,"caption":"Universidad de Caldas"},"image":{"@id":"https:\/\/www.ucaldas.edu.co\/portal\/#\/schema\/logo\/image\/"},"sameAs":["https:\/\/www.facebook.com\/udecaldas","https:\/\/x.com\/udecaldas","https:\/\/www.youtube.com\/universidadcaldas","https:\/\/www.instagram.com\/udecaldas\/"]},{"@type":"Person","@id":"https:\/\/www.ucaldas.edu.co\/portal\/#\/schema\/person\/a1b482e23449158b4bc319926c074fdf","name":"ofiprensa","image":{"@type":"ImageObject","inLanguage":"es","@id":"https:\/\/www.ucaldas.edu.co\/portal\/wp-content\/litespeed\/avatar\/09ea5085e600095a7a811142c6944527.jpg?ver=1777497608","url":"https:\/\/www.ucaldas.edu.co\/portal\/wp-content\/litespeed\/avatar\/09ea5085e600095a7a811142c6944527.jpg?ver=1777497608","contentUrl":"https:\/\/www.ucaldas.edu.co\/portal\/wp-content\/litespeed\/avatar\/09ea5085e600095a7a811142c6944527.jpg?ver=1777497608","caption":"ofiprensa"},"url":"https:\/\/www.ucaldas.edu.co\/portal\/author\/ofiprensa\/"}]}},"_links":{"self":[{"href":"https:\/\/www.ucaldas.edu.co\/portal\/wp-json\/wp\/v2\/posts\/66146","targetHints":{"allow":["GET"]}}],"collection":[{"href":"https:\/\/www.ucaldas.edu.co\/portal\/wp-json\/wp\/v2\/posts"}],"about":[{"href":"https:\/\/www.ucaldas.edu.co\/portal\/wp-json\/wp\/v2\/types\/post"}],"author":[{"embeddable":true,"href":"https:\/\/www.ucaldas.edu.co\/portal\/wp-json\/wp\/v2\/users\/2"}],"replies":[{"embeddable":true,"href":"https:\/\/www.ucaldas.edu.co\/portal\/wp-json\/wp\/v2\/comments?post=66146"}],"version-history":[{"count":0,"href":"https:\/\/www.ucaldas.edu.co\/portal\/wp-json\/wp\/v2\/posts\/66146\/revisions"}],"wp:featuredmedia":[{"embeddable":true,"href":"https:\/\/www.ucaldas.edu.co\/portal\/wp-json\/wp\/v2\/media\/66147"}],"wp:attachment":[{"href":"https:\/\/www.ucaldas.edu.co\/portal\/wp-json\/wp\/v2\/media?parent=66146"}],"wp:term":[{"taxonomy":"category","embeddable":true,"href":"https:\/\/www.ucaldas.edu.co\/portal\/wp-json\/wp\/v2\/categories?post=66146"},{"taxonomy":"post_tag","embeddable":true,"href":"https:\/\/www.ucaldas.edu.co\/portal\/wp-json\/wp\/v2\/tags?post=66146"}],"curies":[{"name":"wp","href":"https:\/\/api.w.org\/{rel}","templated":true}]}}