{"id":66044,"date":"2021-10-22T22:49:58","date_gmt":"2021-10-22T22:49:58","guid":{"rendered":"https:\/\/www.ucaldas.edu.co\/portal\/?p=66044"},"modified":"2021-10-22T22:49:58","modified_gmt":"2021-10-22T22:49:58","slug":"nuevo-correo-electronico-para-quejas-y-reclamaciones-durante-la-jornada-de-elecciones-u-de-caldas","status":"publish","type":"post","link":"https:\/\/www.ucaldas.edu.co\/portal\/nuevo-correo-electronico-para-quejas-y-reclamaciones-durante-la-jornada-de-elecciones-u-de-caldas\/","title":{"rendered":"Nuevo correo electr\u00f3nico para quejas y reclamaciones durante la jornada de elecciones U. de Caldas"},"content":{"rendered":"<p style=\"text-align: center;\">COMIT\u00c9 CENTRAL DE ELECCIONES<br \/>\n<strong>Nuevo correo electr\u00f3nico para quejas y reclamaciones<br \/>\ndurante la jornada de elecciones U. de Caldas<\/strong><\/p>\n<p style=\"text-align: right;\">22\/10\/2021<\/p>\n<p><img loading=\"lazy\" decoding=\"async\" class=\"size-full wp-image-66045 aligncenter\" src=\"https:\/\/www.ucaldas.edu.co\/portal\/wp-content\/uploads\/2021\/10\/elecciones.jpg\" alt=\"\" width=\"700\" height=\"400\" srcset=\"https:\/\/www.ucaldas.edu.co\/portal\/wp-content\/uploads\/2021\/10\/elecciones.jpg 700w, https:\/\/www.ucaldas.edu.co\/portal\/wp-content\/uploads\/2021\/10\/elecciones-300x171.jpg 300w\" sizes=\"auto, (max-width: 700px) 100vw, 700px\" \/><\/p>\n<p>El Comit\u00e9 Central de Elecciones de la Universidad de Caldas, con el fin de resolver posibles inconvenientes durante la jornada electoral del 27 de octubre, habilit\u00f3 un nuevo correo electr\u00f3nico para que la comunidad universitaria exponga all\u00ed su situaci\u00f3n.<\/p>\n<p><!--more--><\/p>\n<p>Este correo se crea con el prop\u00f3sito de generar un espacio puntual para todas las personas que participen en las elecciones manifiesten quejas concretas como no poder votar, estar inhabilitado, tener calidad de estudiante y docente a la vez, entre otras inquietudes que surgen el d\u00eda de elecciones.<\/p>\n<p>Recordamos que la votaci\u00f3n se har\u00e1 para los siguientes estamentos:<\/p>\n<ul>\n<li>Elecciones Consejo Acad\u00e9mico y Consejos de Facultad (Resoluci\u00f3n N\u00b0 015 del 16 de julio de 2021).<\/li>\n<li>Elecci\u00f3n de Decano de la Facultad de Ciencias Jur\u00eddicas y Sociales (Resoluci\u00f3n N\u00b0 017 del 16 de julio de 2021).<\/li>\n<li>Representantes en comit\u00e9s, mesas y dem\u00e1s cuerpos colegiados de la instituci\u00f3n. Comit\u00e9 Interno de Asignaci\u00f3n y Reconocimiento de Puntaje (CIARP). (Resoluci\u00f3n N\u00b0 019 del 09 de agosto de 2021).<\/li>\n<\/ul>\n<p>Quienes presenten inconvenientes durante el d\u00eda de elecciones, podr\u00e1n escribir al correo <a href=\"mailto:elecciones.reclamaciones@ucaldas.edu.co\">elecciones.reclamaciones@ucaldas.edu.co<\/a><\/p>\n<p>&nbsp;<\/p>\n<p><strong>Anexo:<br \/>\n<\/strong><strong><a href=\"https:\/\/www.ivoox.com\/carolina-lopez-sanchez-8211-secretaria-general-audios-mp3_rf_77204875_1.html\">Audio Carolina L\u00f3pez S\u00e1nchez. \u2013 Secretaria General.<\/a><br \/>\n<iframe loading=\"lazy\" src=\"https:\/\/co.ivoox.com\/es\/player_ek_77204875_2_1.html?data=mJyfkpmce5ahhpywj5WVaZS1kZeah5yncZKhhpywj5WRaZi3jpWah5yncaTV09TZy9PFb62ZpJiSpJjUqduftIqwlYqldc_XycrnkJCJdpeZk5illJaVaZS2jLjSxdfJuMLmysaYqcrSqdPVzZOah5yncaTVzcnO1ZClqM6ftpKSmaiReA..&amp;\" width=\"238\" height=\"48\" frameborder=\"0\" scrolling=\"no\" allowfullscreen=\"allowfullscreen\"><\/iframe><\/strong><\/p>\n<p>&nbsp;<\/p>\n<p><strong>Informes: <\/strong>Oficina de Comunicaciones y Prensa Universidad de Caldas.<\/p>\n<p><strong>Redacci\u00f3n:<\/strong> Mateo Buritic\u00e1 Giraldo<\/p>\n<p>&nbsp;<\/p>\n","protected":false},"excerpt":{"rendered":"<p>COMIT\u00c9 CENTRAL DE ELECCIONES Nuevo correo electr\u00f3nico para quejas y reclamaciones durante la jornada de elecciones U. de Caldas 22\/10\/2021 El Comit\u00e9 Central de Elecciones de la Universidad de Caldas, con el fin de resolver posibles inconvenientes durante la jornada electoral del 27 de octubre, habilit\u00f3 un nuevo correo electr\u00f3nico para que la comunidad universitaria [&hellip;]<\/p>\n","protected":false},"author":2,"featured_media":66045,"comment_status":"closed","ping_status":"open","sticky":false,"template":"","format":"standard","meta":{"footnotes":""},"categories":[48,53,620],"tags":[6266,7412,7413,7414],"class_list":["post-66044","post","type-post","status-publish","format-standard","has-post-thumbnail","hentry","category-actualidad","category-universidad-al-dia","category-ucaldas-transparente","tag-elecciones-universidad-de-caldas","tag-solucion-de-quejas","tag-reclamaciones-elecciones","tag-comite-elecciones"],"yoast_head":"<!-- This site is optimized with the Yoast SEO plugin v27.5 - https:\/\/yoast.com\/product\/yoast-seo-wordpress\/ -->\n<title>Nuevo correo electr\u00f3nico para quejas y reclamaciones durante la jornada de elecciones U. de Caldas .<\/title>\n<meta name=\"robots\" content=\"index, follow, max-snippet:-1, max-image-preview:large, max-video-preview:-1\" \/>\n<link rel=\"canonical\" href=\"https:\/\/www.ucaldas.edu.co\/portal\/nuevo-correo-electronico-para-quejas-y-reclamaciones-durante-la-jornada-de-elecciones-u-de-caldas\/\" \/>\n<script type=\"application\/ld+json\" class=\"yoast-schema-graph\">{\"@context\":\"https:\\\/\\\/schema.org\",\"@graph\":[{\"@type\":\"Article\",\"@id\":\"https:\\\/\\\/www.ucaldas.edu.co\\\/portal\\\/nuevo-correo-electronico-para-quejas-y-reclamaciones-durante-la-jornada-de-elecciones-u-de-caldas\\\/#article\",\"isPartOf\":{\"@id\":\"https:\\\/\\\/www.ucaldas.edu.co\\\/portal\\\/nuevo-correo-electronico-para-quejas-y-reclamaciones-durante-la-jornada-de-elecciones-u-de-caldas\\\/\"},\"author\":{\"name\":\"ofiprensa\",\"@id\":\"https:\\\/\\\/www.ucaldas.edu.co\\\/portal\\\/#\\\/schema\\\/person\\\/a1b482e23449158b4bc319926c074fdf\"},\"headline\":\"Nuevo correo electr\u00f3nico para quejas y reclamaciones durante la jornada de elecciones U. de Caldas\",\"datePublished\":\"2021-10-22T22:49:58+00:00\",\"mainEntityOfPage\":{\"@id\":\"https:\\\/\\\/www.ucaldas.edu.co\\\/portal\\\/nuevo-correo-electronico-para-quejas-y-reclamaciones-durante-la-jornada-de-elecciones-u-de-caldas\\\/\"},\"wordCount\":248,\"publisher\":{\"@id\":\"https:\\\/\\\/www.ucaldas.edu.co\\\/portal\\\/#organization\"},\"image\":{\"@id\":\"https:\\\/\\\/www.ucaldas.edu.co\\\/portal\\\/nuevo-correo-electronico-para-quejas-y-reclamaciones-durante-la-jornada-de-elecciones-u-de-caldas\\\/#primaryimage\"},\"thumbnailUrl\":\"https:\\\/\\\/www.ucaldas.edu.co\\\/portal\\\/wp-content\\\/uploads\\\/2021\\\/10\\\/elecciones.jpg\",\"keywords\":[\"elecciones universidad de caldas\",\"soluci\u00f3n de quejas\",\"reclamaciones elecciones\",\"comit\u00e9 elecciones\"],\"articleSection\":[\"Actualidad\",\"Universidad al D\u00eda\",\"UCaldas Transparente\"],\"inLanguage\":\"es\"},{\"@type\":\"WebPage\",\"@id\":\"https:\\\/\\\/www.ucaldas.edu.co\\\/portal\\\/nuevo-correo-electronico-para-quejas-y-reclamaciones-durante-la-jornada-de-elecciones-u-de-caldas\\\/\",\"url\":\"https:\\\/\\\/www.ucaldas.edu.co\\\/portal\\\/nuevo-correo-electronico-para-quejas-y-reclamaciones-durante-la-jornada-de-elecciones-u-de-caldas\\\/\",\"name\":\"Nuevo correo electr\u00f3nico para quejas y reclamaciones durante la jornada de elecciones U. de Caldas .\",\"isPartOf\":{\"@id\":\"https:\\\/\\\/www.ucaldas.edu.co\\\/portal\\\/#website\"},\"primaryImageOfPage\":{\"@id\":\"https:\\\/\\\/www.ucaldas.edu.co\\\/portal\\\/nuevo-correo-electronico-para-quejas-y-reclamaciones-durante-la-jornada-de-elecciones-u-de-caldas\\\/#primaryimage\"},\"image\":{\"@id\":\"https:\\\/\\\/www.ucaldas.edu.co\\\/portal\\\/nuevo-correo-electronico-para-quejas-y-reclamaciones-durante-la-jornada-de-elecciones-u-de-caldas\\\/#primaryimage\"},\"thumbnailUrl\":\"https:\\\/\\\/www.ucaldas.edu.co\\\/portal\\\/wp-content\\\/uploads\\\/2021\\\/10\\\/elecciones.jpg\",\"datePublished\":\"2021-10-22T22:49:58+00:00\",\"breadcrumb\":{\"@id\":\"https:\\\/\\\/www.ucaldas.edu.co\\\/portal\\\/nuevo-correo-electronico-para-quejas-y-reclamaciones-durante-la-jornada-de-elecciones-u-de-caldas\\\/#breadcrumb\"},\"inLanguage\":\"es\",\"potentialAction\":[{\"@type\":\"ReadAction\",\"target\":[\"https:\\\/\\\/www.ucaldas.edu.co\\\/portal\\\/nuevo-correo-electronico-para-quejas-y-reclamaciones-durante-la-jornada-de-elecciones-u-de-caldas\\\/\"]}]},{\"@type\":\"ImageObject\",\"inLanguage\":\"es\",\"@id\":\"https:\\\/\\\/www.ucaldas.edu.co\\\/portal\\\/nuevo-correo-electronico-para-quejas-y-reclamaciones-durante-la-jornada-de-elecciones-u-de-caldas\\\/#primaryimage\",\"url\":\"https:\\\/\\\/www.ucaldas.edu.co\\\/portal\\\/wp-content\\\/uploads\\\/2021\\\/10\\\/elecciones.jpg\",\"contentUrl\":\"https:\\\/\\\/www.ucaldas.edu.co\\\/portal\\\/wp-content\\\/uploads\\\/2021\\\/10\\\/elecciones.jpg\",\"width\":700,\"height\":400},{\"@type\":\"BreadcrumbList\",\"@id\":\"https:\\\/\\\/www.ucaldas.edu.co\\\/portal\\\/nuevo-correo-electronico-para-quejas-y-reclamaciones-durante-la-jornada-de-elecciones-u-de-caldas\\\/#breadcrumb\",\"itemListElement\":[{\"@type\":\"ListItem\",\"position\":1,\"name\":\"Portada\",\"item\":\"https:\\\/\\\/www.ucaldas.edu.co\\\/portal\\\/\"},{\"@type\":\"ListItem\",\"position\":2,\"name\":\"Nuevo correo electr\u00f3nico para quejas y reclamaciones durante la jornada de elecciones U. de Caldas\"}]},{\"@type\":\"WebSite\",\"@id\":\"https:\\\/\\\/www.ucaldas.edu.co\\\/portal\\\/#website\",\"url\":\"https:\\\/\\\/www.ucaldas.edu.co\\\/portal\\\/\",\"name\":\"Universidad de Caldas\",\"description\":\"\",\"publisher\":{\"@id\":\"https:\\\/\\\/www.ucaldas.edu.co\\\/portal\\\/#organization\"},\"alternateName\":\"U. de Caldas\",\"potentialAction\":[{\"@type\":\"SearchAction\",\"target\":{\"@type\":\"EntryPoint\",\"urlTemplate\":\"https:\\\/\\\/www.ucaldas.edu.co\\\/portal\\\/?s={search_term_string}\"},\"query-input\":{\"@type\":\"PropertyValueSpecification\",\"valueRequired\":true,\"valueName\":\"search_term_string\"}}],\"inLanguage\":\"es\"},{\"@type\":\"Organization\",\"@id\":\"https:\\\/\\\/www.ucaldas.edu.co\\\/portal\\\/#organization\",\"name\":\"Universidad de Caldas\",\"alternateName\":\"U. de Caldas\",\"url\":\"https:\\\/\\\/www.ucaldas.edu.co\\\/portal\\\/\",\"logo\":{\"@type\":\"ImageObject\",\"inLanguage\":\"es\",\"@id\":\"https:\\\/\\\/www.ucaldas.edu.co\\\/portal\\\/#\\\/schema\\\/logo\\\/image\\\/\",\"url\":\"https:\\\/\\\/www.ucaldas.edu.co\\\/portal\\\/wp-content\\\/uploads\\\/2023\\\/11\\\/Logo_horizontal_oscuroU-2023.png\",\"contentUrl\":\"https:\\\/\\\/www.ucaldas.edu.co\\\/portal\\\/wp-content\\\/uploads\\\/2023\\\/11\\\/Logo_horizontal_oscuroU-2023.png\",\"width\":263,\"height\":101,\"caption\":\"Universidad de Caldas\"},\"image\":{\"@id\":\"https:\\\/\\\/www.ucaldas.edu.co\\\/portal\\\/#\\\/schema\\\/logo\\\/image\\\/\"},\"sameAs\":[\"https:\\\/\\\/www.facebook.com\\\/udecaldas\",\"https:\\\/\\\/x.com\\\/udecaldas\",\"https:\\\/\\\/www.youtube.com\\\/universidadcaldas\",\"https:\\\/\\\/www.instagram.com\\\/udecaldas\\\/\"]},{\"@type\":\"Person\",\"@id\":\"https:\\\/\\\/www.ucaldas.edu.co\\\/portal\\\/#\\\/schema\\\/person\\\/a1b482e23449158b4bc319926c074fdf\",\"name\":\"ofiprensa\",\"image\":{\"@type\":\"ImageObject\",\"inLanguage\":\"es\",\"@id\":\"https:\\\/\\\/www.ucaldas.edu.co\\\/portal\\\/wp-content\\\/litespeed\\\/avatar\\\/09ea5085e600095a7a811142c6944527.jpg?ver=1777497608\",\"url\":\"https:\\\/\\\/www.ucaldas.edu.co\\\/portal\\\/wp-content\\\/litespeed\\\/avatar\\\/09ea5085e600095a7a811142c6944527.jpg?ver=1777497608\",\"contentUrl\":\"https:\\\/\\\/www.ucaldas.edu.co\\\/portal\\\/wp-content\\\/litespeed\\\/avatar\\\/09ea5085e600095a7a811142c6944527.jpg?ver=1777497608\",\"caption\":\"ofiprensa\"},\"url\":\"https:\\\/\\\/www.ucaldas.edu.co\\\/portal\\\/author\\\/ofiprensa\\\/\"}]}<\/script>\n<!-- \/ Yoast SEO plugin. -->","yoast_head_json":{"title":"Nuevo correo electr\u00f3nico para quejas y reclamaciones durante la jornada de elecciones U. de Caldas .","robots":{"index":"index","follow":"follow","max-snippet":"max-snippet:-1","max-image-preview":"max-image-preview:large","max-video-preview":"max-video-preview:-1"},"canonical":"https:\/\/www.ucaldas.edu.co\/portal\/nuevo-correo-electronico-para-quejas-y-reclamaciones-durante-la-jornada-de-elecciones-u-de-caldas\/","schema":{"@context":"https:\/\/schema.org","@graph":[{"@type":"Article","@id":"https:\/\/www.ucaldas.edu.co\/portal\/nuevo-correo-electronico-para-quejas-y-reclamaciones-durante-la-jornada-de-elecciones-u-de-caldas\/#article","isPartOf":{"@id":"https:\/\/www.ucaldas.edu.co\/portal\/nuevo-correo-electronico-para-quejas-y-reclamaciones-durante-la-jornada-de-elecciones-u-de-caldas\/"},"author":{"name":"ofiprensa","@id":"https:\/\/www.ucaldas.edu.co\/portal\/#\/schema\/person\/a1b482e23449158b4bc319926c074fdf"},"headline":"Nuevo correo electr\u00f3nico para quejas y reclamaciones durante la jornada de elecciones U. de Caldas","datePublished":"2021-10-22T22:49:58+00:00","mainEntityOfPage":{"@id":"https:\/\/www.ucaldas.edu.co\/portal\/nuevo-correo-electronico-para-quejas-y-reclamaciones-durante-la-jornada-de-elecciones-u-de-caldas\/"},"wordCount":248,"publisher":{"@id":"https:\/\/www.ucaldas.edu.co\/portal\/#organization"},"image":{"@id":"https:\/\/www.ucaldas.edu.co\/portal\/nuevo-correo-electronico-para-quejas-y-reclamaciones-durante-la-jornada-de-elecciones-u-de-caldas\/#primaryimage"},"thumbnailUrl":"https:\/\/www.ucaldas.edu.co\/portal\/wp-content\/uploads\/2021\/10\/elecciones.jpg","keywords":["elecciones universidad de caldas","soluci\u00f3n de quejas","reclamaciones elecciones","comit\u00e9 elecciones"],"articleSection":["Actualidad","Universidad al D\u00eda","UCaldas Transparente"],"inLanguage":"es"},{"@type":"WebPage","@id":"https:\/\/www.ucaldas.edu.co\/portal\/nuevo-correo-electronico-para-quejas-y-reclamaciones-durante-la-jornada-de-elecciones-u-de-caldas\/","url":"https:\/\/www.ucaldas.edu.co\/portal\/nuevo-correo-electronico-para-quejas-y-reclamaciones-durante-la-jornada-de-elecciones-u-de-caldas\/","name":"Nuevo correo electr\u00f3nico para quejas y reclamaciones durante la jornada de elecciones U. de Caldas .","isPartOf":{"@id":"https:\/\/www.ucaldas.edu.co\/portal\/#website"},"primaryImageOfPage":{"@id":"https:\/\/www.ucaldas.edu.co\/portal\/nuevo-correo-electronico-para-quejas-y-reclamaciones-durante-la-jornada-de-elecciones-u-de-caldas\/#primaryimage"},"image":{"@id":"https:\/\/www.ucaldas.edu.co\/portal\/nuevo-correo-electronico-para-quejas-y-reclamaciones-durante-la-jornada-de-elecciones-u-de-caldas\/#primaryimage"},"thumbnailUrl":"https:\/\/www.ucaldas.edu.co\/portal\/wp-content\/uploads\/2021\/10\/elecciones.jpg","datePublished":"2021-10-22T22:49:58+00:00","breadcrumb":{"@id":"https:\/\/www.ucaldas.edu.co\/portal\/nuevo-correo-electronico-para-quejas-y-reclamaciones-durante-la-jornada-de-elecciones-u-de-caldas\/#breadcrumb"},"inLanguage":"es","potentialAction":[{"@type":"ReadAction","target":["https:\/\/www.ucaldas.edu.co\/portal\/nuevo-correo-electronico-para-quejas-y-reclamaciones-durante-la-jornada-de-elecciones-u-de-caldas\/"]}]},{"@type":"ImageObject","inLanguage":"es","@id":"https:\/\/www.ucaldas.edu.co\/portal\/nuevo-correo-electronico-para-quejas-y-reclamaciones-durante-la-jornada-de-elecciones-u-de-caldas\/#primaryimage","url":"https:\/\/www.ucaldas.edu.co\/portal\/wp-content\/uploads\/2021\/10\/elecciones.jpg","contentUrl":"https:\/\/www.ucaldas.edu.co\/portal\/wp-content\/uploads\/2021\/10\/elecciones.jpg","width":700,"height":400},{"@type":"BreadcrumbList","@id":"https:\/\/www.ucaldas.edu.co\/portal\/nuevo-correo-electronico-para-quejas-y-reclamaciones-durante-la-jornada-de-elecciones-u-de-caldas\/#breadcrumb","itemListElement":[{"@type":"ListItem","position":1,"name":"Portada","item":"https:\/\/www.ucaldas.edu.co\/portal\/"},{"@type":"ListItem","position":2,"name":"Nuevo correo electr\u00f3nico para quejas y reclamaciones durante la jornada de elecciones U. de Caldas"}]},{"@type":"WebSite","@id":"https:\/\/www.ucaldas.edu.co\/portal\/#website","url":"https:\/\/www.ucaldas.edu.co\/portal\/","name":"Universidad de Caldas","description":"","publisher":{"@id":"https:\/\/www.ucaldas.edu.co\/portal\/#organization"},"alternateName":"U. de Caldas","potentialAction":[{"@type":"SearchAction","target":{"@type":"EntryPoint","urlTemplate":"https:\/\/www.ucaldas.edu.co\/portal\/?s={search_term_string}"},"query-input":{"@type":"PropertyValueSpecification","valueRequired":true,"valueName":"search_term_string"}}],"inLanguage":"es"},{"@type":"Organization","@id":"https:\/\/www.ucaldas.edu.co\/portal\/#organization","name":"Universidad de Caldas","alternateName":"U. de Caldas","url":"https:\/\/www.ucaldas.edu.co\/portal\/","logo":{"@type":"ImageObject","inLanguage":"es","@id":"https:\/\/www.ucaldas.edu.co\/portal\/#\/schema\/logo\/image\/","url":"https:\/\/www.ucaldas.edu.co\/portal\/wp-content\/uploads\/2023\/11\/Logo_horizontal_oscuroU-2023.png","contentUrl":"https:\/\/www.ucaldas.edu.co\/portal\/wp-content\/uploads\/2023\/11\/Logo_horizontal_oscuroU-2023.png","width":263,"height":101,"caption":"Universidad de Caldas"},"image":{"@id":"https:\/\/www.ucaldas.edu.co\/portal\/#\/schema\/logo\/image\/"},"sameAs":["https:\/\/www.facebook.com\/udecaldas","https:\/\/x.com\/udecaldas","https:\/\/www.youtube.com\/universidadcaldas","https:\/\/www.instagram.com\/udecaldas\/"]},{"@type":"Person","@id":"https:\/\/www.ucaldas.edu.co\/portal\/#\/schema\/person\/a1b482e23449158b4bc319926c074fdf","name":"ofiprensa","image":{"@type":"ImageObject","inLanguage":"es","@id":"https:\/\/www.ucaldas.edu.co\/portal\/wp-content\/litespeed\/avatar\/09ea5085e600095a7a811142c6944527.jpg?ver=1777497608","url":"https:\/\/www.ucaldas.edu.co\/portal\/wp-content\/litespeed\/avatar\/09ea5085e600095a7a811142c6944527.jpg?ver=1777497608","contentUrl":"https:\/\/www.ucaldas.edu.co\/portal\/wp-content\/litespeed\/avatar\/09ea5085e600095a7a811142c6944527.jpg?ver=1777497608","caption":"ofiprensa"},"url":"https:\/\/www.ucaldas.edu.co\/portal\/author\/ofiprensa\/"}]}},"_links":{"self":[{"href":"https:\/\/www.ucaldas.edu.co\/portal\/wp-json\/wp\/v2\/posts\/66044","targetHints":{"allow":["GET"]}}],"collection":[{"href":"https:\/\/www.ucaldas.edu.co\/portal\/wp-json\/wp\/v2\/posts"}],"about":[{"href":"https:\/\/www.ucaldas.edu.co\/portal\/wp-json\/wp\/v2\/types\/post"}],"author":[{"embeddable":true,"href":"https:\/\/www.ucaldas.edu.co\/portal\/wp-json\/wp\/v2\/users\/2"}],"replies":[{"embeddable":true,"href":"https:\/\/www.ucaldas.edu.co\/portal\/wp-json\/wp\/v2\/comments?post=66044"}],"version-history":[{"count":0,"href":"https:\/\/www.ucaldas.edu.co\/portal\/wp-json\/wp\/v2\/posts\/66044\/revisions"}],"wp:featuredmedia":[{"embeddable":true,"href":"https:\/\/www.ucaldas.edu.co\/portal\/wp-json\/wp\/v2\/media\/66045"}],"wp:attachment":[{"href":"https:\/\/www.ucaldas.edu.co\/portal\/wp-json\/wp\/v2\/media?parent=66044"}],"wp:term":[{"taxonomy":"category","embeddable":true,"href":"https:\/\/www.ucaldas.edu.co\/portal\/wp-json\/wp\/v2\/categories?post=66044"},{"taxonomy":"post_tag","embeddable":true,"href":"https:\/\/www.ucaldas.edu.co\/portal\/wp-json\/wp\/v2\/tags?post=66044"}],"curies":[{"name":"wp","href":"https:\/\/api.w.org\/{rel}","templated":true}]}}