{"id":65831,"date":"2021-10-13T20:20:13","date_gmt":"2021-10-13T20:20:13","guid":{"rendered":"https:\/\/www.ucaldas.edu.co\/portal\/?p=65831"},"modified":"2021-10-13T21:09:59","modified_gmt":"2021-10-13T21:09:59","slug":"cuarto-dialogo-para-la-formulacion-de-la-politica-publica-de-agricultura-urbana-de-manizales","status":"publish","type":"post","link":"https:\/\/www.ucaldas.edu.co\/portal\/cuarto-dialogo-para-la-formulacion-de-la-politica-publica-de-agricultura-urbana-de-manizales\/","title":{"rendered":"Cuarto di\u00e1logo para la formulaci\u00f3n de la Pol\u00edtica P\u00fablica de Agricultura Urbana de Manizales"},"content":{"rendered":"<p style=\"text-align: center;\">VIERNES 15 DE OCTUBRE EN EL ANTIGUO TERMINAL, AUDITORIO PEOPLE CONTACT<br \/>\n<strong>Cuarto di\u00e1logo para la formulaci\u00f3n de la Pol\u00edtica P\u00fablica de Agricultura Urbana de Manizales<\/strong><\/p>\n<p style=\"text-align: right;\">13\/10\/2021<\/p>\n<p><img loading=\"lazy\" decoding=\"async\" class=\"size-full wp-image-65832 aligncenter\" src=\"https:\/\/www.ucaldas.edu.co\/portal\/wp-content\/uploads\/2021\/10\/politica-agricultura.jpg\" alt=\"\" width=\"700\" height=\"400\" srcset=\"https:\/\/www.ucaldas.edu.co\/portal\/wp-content\/uploads\/2021\/10\/politica-agricultura.jpg 700w, https:\/\/www.ucaldas.edu.co\/portal\/wp-content\/uploads\/2021\/10\/politica-agricultura-300x171.jpg 300w\" sizes=\"auto, (max-width: 700px) 100vw, 700px\" \/><br \/>\nEste viernes 15 de octubre a partir de las 2:00 p.m. en el auditorio de People Contact ubicado en el Antiguo Terminal, se llevar\u00e1 a cabo el cuarto di\u00e1logo para la formulaci\u00f3n de la Pol\u00edtica P\u00fablica de Agricultura Urbana de Manizales.<br \/>\n<!--more--><\/p>\n<p>Los di\u00e1logos pretenden generar una matriz base con ejes estrat\u00e9gicos que puedan favorecer una estrategia gubernamental para beneficiar la agricultura urbana incluyendo los diferentes sectores de la ciudad de Manizales.<\/p>\n<p>El director del Jard\u00edn Bot\u00e1nico, Jos\u00e9 Humberto Gallego Aristiz\u00e1bal, expresa que el cuarto encuentro busca una articulaci\u00f3n con el sector privado para que apoye, difunda, acompa\u00f1e y fortalezca propuestas de agricultura urbana para la poblaci\u00f3n de Manizales, la cual cuenta con diversos espacios verdes al interior de los domicilios donde se puede generar una alternativa alimentaria sana con principios agroecol\u00f3gicos que garanticen el acceso oportuno a la alimentaci\u00f3n en la regi\u00f3n.<\/p>\n<p>La formulaci\u00f3n de la pol\u00edtica p\u00fablica de agricultura urbana en Manizales, es desarrollada por la Alcald\u00eda de Manizales a trav\u00e9s de la Secretar\u00eda de Agricultura y el Jard\u00edn Bot\u00e1nico de la Universidad de Caldas.<\/p>\n<p>&nbsp;<\/p>\n<p><strong>Anexo:<\/strong><\/p>\n<p><strong><a href=\"https:\/\/www.ivoox.com\/jose-humberto-gallego-aristizabal-8211-director-jardin-botanico-audios-mp3_rf_76787939_1.html\">Audio Jos\u00e9 Humberto Gallego Aristiz\u00e1bal. \u2013 Director Jard\u00edn Bot\u00e1nico.<\/a><\/strong><\/p>\n<p><strong><iframe loading=\"lazy\" src=\"https:\/\/co.ivoox.com\/es\/player_ek_76787939_2_1.html?data=mJukmpydd5qhhpywj5WVaZS1kpyah5yncZKhhpywj5WRaZi3jpWah5yncavj1IqwlYqlfYy81tLPx9fYs4y7wtHZx8zTb6Lmytjhy9-Jh5SZopbPw9GSb4aml4qflZ2WdZKZlKeYps7WqcTo0NeYrJKJe6ShpMbZxsbXb6LYzpDCj4qbh46o&amp;\" width=\"238\" height=\"48\" frameborder=\"0\" scrolling=\"no\" allowfullscreen=\"allowfullscreen\"><\/iframe>\u00a0<\/strong><\/p>\n<p>&nbsp;<\/p>\n<p><strong>Informes: <\/strong>Oficina de Comunicaciones y Prensa Universidad de Caldas.<\/p>\n<p><strong>Redacci\u00f3n:<\/strong> Mateo Buritic\u00e1 Giraldo<\/p>\n","protected":false},"excerpt":{"rendered":"<p>VIERNES 15 DE OCTUBRE EN EL ANTIGUO TERMINAL, AUDITORIO PEOPLE CONTACT Cuarto di\u00e1logo para la formulaci\u00f3n de la Pol\u00edtica P\u00fablica de Agricultura Urbana de Manizales 13\/10\/2021 Este viernes 15 de octubre a partir de las 2:00 p.m. en el auditorio de People Contact ubicado en el Antiguo Terminal, se llevar\u00e1 a cabo el cuarto di\u00e1logo [&hellip;]<\/p>\n","protected":false},"author":2,"featured_media":65832,"comment_status":"closed","ping_status":"open","sticky":false,"template":"","format":"standard","meta":{"footnotes":""},"categories":[48,53],"tags":[7134,7347,7348],"class_list":["post-65831","post","type-post","status-publish","format-standard","has-post-thumbnail","hentry","category-actualidad","category-universidad-al-dia","tag-politica-publica-agricultura-urbana","tag-el-campo-en-la-ciudad","tag-secretaria-de-agricultura"],"yoast_head":"<!-- This site is optimized with the Yoast SEO plugin v27.5 - https:\/\/yoast.com\/product\/yoast-seo-wordpress\/ -->\n<title>Cuarto di\u00e1logo para la formulaci\u00f3n de la Pol\u00edtica P\u00fablica de Agricultura Urbana de Manizales .<\/title>\n<meta name=\"robots\" content=\"index, follow, max-snippet:-1, max-image-preview:large, max-video-preview:-1\" \/>\n<link rel=\"canonical\" href=\"https:\/\/www.ucaldas.edu.co\/portal\/cuarto-dialogo-para-la-formulacion-de-la-politica-publica-de-agricultura-urbana-de-manizales\/\" \/>\n<script type=\"application\/ld+json\" class=\"yoast-schema-graph\">{\"@context\":\"https:\\\/\\\/schema.org\",\"@graph\":[{\"@type\":\"Article\",\"@id\":\"https:\\\/\\\/www.ucaldas.edu.co\\\/portal\\\/cuarto-dialogo-para-la-formulacion-de-la-politica-publica-de-agricultura-urbana-de-manizales\\\/#article\",\"isPartOf\":{\"@id\":\"https:\\\/\\\/www.ucaldas.edu.co\\\/portal\\\/cuarto-dialogo-para-la-formulacion-de-la-politica-publica-de-agricultura-urbana-de-manizales\\\/\"},\"author\":{\"name\":\"ofiprensa\",\"@id\":\"https:\\\/\\\/www.ucaldas.edu.co\\\/portal\\\/#\\\/schema\\\/person\\\/a1b482e23449158b4bc319926c074fdf\"},\"headline\":\"Cuarto di\u00e1logo para la formulaci\u00f3n de la Pol\u00edtica P\u00fablica de Agricultura Urbana de Manizales\",\"datePublished\":\"2021-10-13T20:20:13+00:00\",\"dateModified\":\"2021-10-13T21:09:59+00:00\",\"mainEntityOfPage\":{\"@id\":\"https:\\\/\\\/www.ucaldas.edu.co\\\/portal\\\/cuarto-dialogo-para-la-formulacion-de-la-politica-publica-de-agricultura-urbana-de-manizales\\\/\"},\"wordCount\":272,\"publisher\":{\"@id\":\"https:\\\/\\\/www.ucaldas.edu.co\\\/portal\\\/#organization\"},\"image\":{\"@id\":\"https:\\\/\\\/www.ucaldas.edu.co\\\/portal\\\/cuarto-dialogo-para-la-formulacion-de-la-politica-publica-de-agricultura-urbana-de-manizales\\\/#primaryimage\"},\"thumbnailUrl\":\"https:\\\/\\\/www.ucaldas.edu.co\\\/portal\\\/wp-content\\\/uploads\\\/2021\\\/10\\\/politica-agricultura.jpg\",\"keywords\":[\"pol\u00edtica p\u00fablica agricultura urbana\",\"el campo en la ciudad\",\"secretar\u00eda de agricultura\"],\"articleSection\":[\"Actualidad\",\"Universidad al D\u00eda\"],\"inLanguage\":\"es\"},{\"@type\":\"WebPage\",\"@id\":\"https:\\\/\\\/www.ucaldas.edu.co\\\/portal\\\/cuarto-dialogo-para-la-formulacion-de-la-politica-publica-de-agricultura-urbana-de-manizales\\\/\",\"url\":\"https:\\\/\\\/www.ucaldas.edu.co\\\/portal\\\/cuarto-dialogo-para-la-formulacion-de-la-politica-publica-de-agricultura-urbana-de-manizales\\\/\",\"name\":\"Cuarto di\u00e1logo para la formulaci\u00f3n de la Pol\u00edtica P\u00fablica de Agricultura Urbana de Manizales .\",\"isPartOf\":{\"@id\":\"https:\\\/\\\/www.ucaldas.edu.co\\\/portal\\\/#website\"},\"primaryImageOfPage\":{\"@id\":\"https:\\\/\\\/www.ucaldas.edu.co\\\/portal\\\/cuarto-dialogo-para-la-formulacion-de-la-politica-publica-de-agricultura-urbana-de-manizales\\\/#primaryimage\"},\"image\":{\"@id\":\"https:\\\/\\\/www.ucaldas.edu.co\\\/portal\\\/cuarto-dialogo-para-la-formulacion-de-la-politica-publica-de-agricultura-urbana-de-manizales\\\/#primaryimage\"},\"thumbnailUrl\":\"https:\\\/\\\/www.ucaldas.edu.co\\\/portal\\\/wp-content\\\/uploads\\\/2021\\\/10\\\/politica-agricultura.jpg\",\"datePublished\":\"2021-10-13T20:20:13+00:00\",\"dateModified\":\"2021-10-13T21:09:59+00:00\",\"breadcrumb\":{\"@id\":\"https:\\\/\\\/www.ucaldas.edu.co\\\/portal\\\/cuarto-dialogo-para-la-formulacion-de-la-politica-publica-de-agricultura-urbana-de-manizales\\\/#breadcrumb\"},\"inLanguage\":\"es\",\"potentialAction\":[{\"@type\":\"ReadAction\",\"target\":[\"https:\\\/\\\/www.ucaldas.edu.co\\\/portal\\\/cuarto-dialogo-para-la-formulacion-de-la-politica-publica-de-agricultura-urbana-de-manizales\\\/\"]}]},{\"@type\":\"ImageObject\",\"inLanguage\":\"es\",\"@id\":\"https:\\\/\\\/www.ucaldas.edu.co\\\/portal\\\/cuarto-dialogo-para-la-formulacion-de-la-politica-publica-de-agricultura-urbana-de-manizales\\\/#primaryimage\",\"url\":\"https:\\\/\\\/www.ucaldas.edu.co\\\/portal\\\/wp-content\\\/uploads\\\/2021\\\/10\\\/politica-agricultura.jpg\",\"contentUrl\":\"https:\\\/\\\/www.ucaldas.edu.co\\\/portal\\\/wp-content\\\/uploads\\\/2021\\\/10\\\/politica-agricultura.jpg\",\"width\":700,\"height\":400},{\"@type\":\"BreadcrumbList\",\"@id\":\"https:\\\/\\\/www.ucaldas.edu.co\\\/portal\\\/cuarto-dialogo-para-la-formulacion-de-la-politica-publica-de-agricultura-urbana-de-manizales\\\/#breadcrumb\",\"itemListElement\":[{\"@type\":\"ListItem\",\"position\":1,\"name\":\"Portada\",\"item\":\"https:\\\/\\\/www.ucaldas.edu.co\\\/portal\\\/\"},{\"@type\":\"ListItem\",\"position\":2,\"name\":\"Cuarto di\u00e1logo para la formulaci\u00f3n de la Pol\u00edtica P\u00fablica de Agricultura Urbana de Manizales\"}]},{\"@type\":\"WebSite\",\"@id\":\"https:\\\/\\\/www.ucaldas.edu.co\\\/portal\\\/#website\",\"url\":\"https:\\\/\\\/www.ucaldas.edu.co\\\/portal\\\/\",\"name\":\"Universidad de Caldas\",\"description\":\"\",\"publisher\":{\"@id\":\"https:\\\/\\\/www.ucaldas.edu.co\\\/portal\\\/#organization\"},\"alternateName\":\"U. de Caldas\",\"potentialAction\":[{\"@type\":\"SearchAction\",\"target\":{\"@type\":\"EntryPoint\",\"urlTemplate\":\"https:\\\/\\\/www.ucaldas.edu.co\\\/portal\\\/?s={search_term_string}\"},\"query-input\":{\"@type\":\"PropertyValueSpecification\",\"valueRequired\":true,\"valueName\":\"search_term_string\"}}],\"inLanguage\":\"es\"},{\"@type\":\"Organization\",\"@id\":\"https:\\\/\\\/www.ucaldas.edu.co\\\/portal\\\/#organization\",\"name\":\"Universidad de Caldas\",\"alternateName\":\"U. de Caldas\",\"url\":\"https:\\\/\\\/www.ucaldas.edu.co\\\/portal\\\/\",\"logo\":{\"@type\":\"ImageObject\",\"inLanguage\":\"es\",\"@id\":\"https:\\\/\\\/www.ucaldas.edu.co\\\/portal\\\/#\\\/schema\\\/logo\\\/image\\\/\",\"url\":\"https:\\\/\\\/www.ucaldas.edu.co\\\/portal\\\/wp-content\\\/uploads\\\/2023\\\/11\\\/Logo_horizontal_oscuroU-2023.png\",\"contentUrl\":\"https:\\\/\\\/www.ucaldas.edu.co\\\/portal\\\/wp-content\\\/uploads\\\/2023\\\/11\\\/Logo_horizontal_oscuroU-2023.png\",\"width\":263,\"height\":101,\"caption\":\"Universidad de Caldas\"},\"image\":{\"@id\":\"https:\\\/\\\/www.ucaldas.edu.co\\\/portal\\\/#\\\/schema\\\/logo\\\/image\\\/\"},\"sameAs\":[\"https:\\\/\\\/www.facebook.com\\\/udecaldas\",\"https:\\\/\\\/x.com\\\/udecaldas\",\"https:\\\/\\\/www.youtube.com\\\/universidadcaldas\",\"https:\\\/\\\/www.instagram.com\\\/udecaldas\\\/\"]},{\"@type\":\"Person\",\"@id\":\"https:\\\/\\\/www.ucaldas.edu.co\\\/portal\\\/#\\\/schema\\\/person\\\/a1b482e23449158b4bc319926c074fdf\",\"name\":\"ofiprensa\",\"image\":{\"@type\":\"ImageObject\",\"inLanguage\":\"es\",\"@id\":\"https:\\\/\\\/www.ucaldas.edu.co\\\/portal\\\/wp-content\\\/litespeed\\\/avatar\\\/09ea5085e600095a7a811142c6944527.jpg?ver=1777497608\",\"url\":\"https:\\\/\\\/www.ucaldas.edu.co\\\/portal\\\/wp-content\\\/litespeed\\\/avatar\\\/09ea5085e600095a7a811142c6944527.jpg?ver=1777497608\",\"contentUrl\":\"https:\\\/\\\/www.ucaldas.edu.co\\\/portal\\\/wp-content\\\/litespeed\\\/avatar\\\/09ea5085e600095a7a811142c6944527.jpg?ver=1777497608\",\"caption\":\"ofiprensa\"},\"url\":\"https:\\\/\\\/www.ucaldas.edu.co\\\/portal\\\/author\\\/ofiprensa\\\/\"}]}<\/script>\n<!-- \/ Yoast SEO plugin. -->","yoast_head_json":{"title":"Cuarto di\u00e1logo para la formulaci\u00f3n de la Pol\u00edtica P\u00fablica de Agricultura Urbana de Manizales .","robots":{"index":"index","follow":"follow","max-snippet":"max-snippet:-1","max-image-preview":"max-image-preview:large","max-video-preview":"max-video-preview:-1"},"canonical":"https:\/\/www.ucaldas.edu.co\/portal\/cuarto-dialogo-para-la-formulacion-de-la-politica-publica-de-agricultura-urbana-de-manizales\/","schema":{"@context":"https:\/\/schema.org","@graph":[{"@type":"Article","@id":"https:\/\/www.ucaldas.edu.co\/portal\/cuarto-dialogo-para-la-formulacion-de-la-politica-publica-de-agricultura-urbana-de-manizales\/#article","isPartOf":{"@id":"https:\/\/www.ucaldas.edu.co\/portal\/cuarto-dialogo-para-la-formulacion-de-la-politica-publica-de-agricultura-urbana-de-manizales\/"},"author":{"name":"ofiprensa","@id":"https:\/\/www.ucaldas.edu.co\/portal\/#\/schema\/person\/a1b482e23449158b4bc319926c074fdf"},"headline":"Cuarto di\u00e1logo para la formulaci\u00f3n de la Pol\u00edtica P\u00fablica de Agricultura Urbana de Manizales","datePublished":"2021-10-13T20:20:13+00:00","dateModified":"2021-10-13T21:09:59+00:00","mainEntityOfPage":{"@id":"https:\/\/www.ucaldas.edu.co\/portal\/cuarto-dialogo-para-la-formulacion-de-la-politica-publica-de-agricultura-urbana-de-manizales\/"},"wordCount":272,"publisher":{"@id":"https:\/\/www.ucaldas.edu.co\/portal\/#organization"},"image":{"@id":"https:\/\/www.ucaldas.edu.co\/portal\/cuarto-dialogo-para-la-formulacion-de-la-politica-publica-de-agricultura-urbana-de-manizales\/#primaryimage"},"thumbnailUrl":"https:\/\/www.ucaldas.edu.co\/portal\/wp-content\/uploads\/2021\/10\/politica-agricultura.jpg","keywords":["pol\u00edtica p\u00fablica agricultura urbana","el campo en la ciudad","secretar\u00eda de agricultura"],"articleSection":["Actualidad","Universidad al D\u00eda"],"inLanguage":"es"},{"@type":"WebPage","@id":"https:\/\/www.ucaldas.edu.co\/portal\/cuarto-dialogo-para-la-formulacion-de-la-politica-publica-de-agricultura-urbana-de-manizales\/","url":"https:\/\/www.ucaldas.edu.co\/portal\/cuarto-dialogo-para-la-formulacion-de-la-politica-publica-de-agricultura-urbana-de-manizales\/","name":"Cuarto di\u00e1logo para la formulaci\u00f3n de la Pol\u00edtica P\u00fablica de Agricultura Urbana de Manizales .","isPartOf":{"@id":"https:\/\/www.ucaldas.edu.co\/portal\/#website"},"primaryImageOfPage":{"@id":"https:\/\/www.ucaldas.edu.co\/portal\/cuarto-dialogo-para-la-formulacion-de-la-politica-publica-de-agricultura-urbana-de-manizales\/#primaryimage"},"image":{"@id":"https:\/\/www.ucaldas.edu.co\/portal\/cuarto-dialogo-para-la-formulacion-de-la-politica-publica-de-agricultura-urbana-de-manizales\/#primaryimage"},"thumbnailUrl":"https:\/\/www.ucaldas.edu.co\/portal\/wp-content\/uploads\/2021\/10\/politica-agricultura.jpg","datePublished":"2021-10-13T20:20:13+00:00","dateModified":"2021-10-13T21:09:59+00:00","breadcrumb":{"@id":"https:\/\/www.ucaldas.edu.co\/portal\/cuarto-dialogo-para-la-formulacion-de-la-politica-publica-de-agricultura-urbana-de-manizales\/#breadcrumb"},"inLanguage":"es","potentialAction":[{"@type":"ReadAction","target":["https:\/\/www.ucaldas.edu.co\/portal\/cuarto-dialogo-para-la-formulacion-de-la-politica-publica-de-agricultura-urbana-de-manizales\/"]}]},{"@type":"ImageObject","inLanguage":"es","@id":"https:\/\/www.ucaldas.edu.co\/portal\/cuarto-dialogo-para-la-formulacion-de-la-politica-publica-de-agricultura-urbana-de-manizales\/#primaryimage","url":"https:\/\/www.ucaldas.edu.co\/portal\/wp-content\/uploads\/2021\/10\/politica-agricultura.jpg","contentUrl":"https:\/\/www.ucaldas.edu.co\/portal\/wp-content\/uploads\/2021\/10\/politica-agricultura.jpg","width":700,"height":400},{"@type":"BreadcrumbList","@id":"https:\/\/www.ucaldas.edu.co\/portal\/cuarto-dialogo-para-la-formulacion-de-la-politica-publica-de-agricultura-urbana-de-manizales\/#breadcrumb","itemListElement":[{"@type":"ListItem","position":1,"name":"Portada","item":"https:\/\/www.ucaldas.edu.co\/portal\/"},{"@type":"ListItem","position":2,"name":"Cuarto di\u00e1logo para la formulaci\u00f3n de la Pol\u00edtica P\u00fablica de Agricultura Urbana de Manizales"}]},{"@type":"WebSite","@id":"https:\/\/www.ucaldas.edu.co\/portal\/#website","url":"https:\/\/www.ucaldas.edu.co\/portal\/","name":"Universidad de Caldas","description":"","publisher":{"@id":"https:\/\/www.ucaldas.edu.co\/portal\/#organization"},"alternateName":"U. de Caldas","potentialAction":[{"@type":"SearchAction","target":{"@type":"EntryPoint","urlTemplate":"https:\/\/www.ucaldas.edu.co\/portal\/?s={search_term_string}"},"query-input":{"@type":"PropertyValueSpecification","valueRequired":true,"valueName":"search_term_string"}}],"inLanguage":"es"},{"@type":"Organization","@id":"https:\/\/www.ucaldas.edu.co\/portal\/#organization","name":"Universidad de Caldas","alternateName":"U. de Caldas","url":"https:\/\/www.ucaldas.edu.co\/portal\/","logo":{"@type":"ImageObject","inLanguage":"es","@id":"https:\/\/www.ucaldas.edu.co\/portal\/#\/schema\/logo\/image\/","url":"https:\/\/www.ucaldas.edu.co\/portal\/wp-content\/uploads\/2023\/11\/Logo_horizontal_oscuroU-2023.png","contentUrl":"https:\/\/www.ucaldas.edu.co\/portal\/wp-content\/uploads\/2023\/11\/Logo_horizontal_oscuroU-2023.png","width":263,"height":101,"caption":"Universidad de Caldas"},"image":{"@id":"https:\/\/www.ucaldas.edu.co\/portal\/#\/schema\/logo\/image\/"},"sameAs":["https:\/\/www.facebook.com\/udecaldas","https:\/\/x.com\/udecaldas","https:\/\/www.youtube.com\/universidadcaldas","https:\/\/www.instagram.com\/udecaldas\/"]},{"@type":"Person","@id":"https:\/\/www.ucaldas.edu.co\/portal\/#\/schema\/person\/a1b482e23449158b4bc319926c074fdf","name":"ofiprensa","image":{"@type":"ImageObject","inLanguage":"es","@id":"https:\/\/www.ucaldas.edu.co\/portal\/wp-content\/litespeed\/avatar\/09ea5085e600095a7a811142c6944527.jpg?ver=1777497608","url":"https:\/\/www.ucaldas.edu.co\/portal\/wp-content\/litespeed\/avatar\/09ea5085e600095a7a811142c6944527.jpg?ver=1777497608","contentUrl":"https:\/\/www.ucaldas.edu.co\/portal\/wp-content\/litespeed\/avatar\/09ea5085e600095a7a811142c6944527.jpg?ver=1777497608","caption":"ofiprensa"},"url":"https:\/\/www.ucaldas.edu.co\/portal\/author\/ofiprensa\/"}]}},"_links":{"self":[{"href":"https:\/\/www.ucaldas.edu.co\/portal\/wp-json\/wp\/v2\/posts\/65831","targetHints":{"allow":["GET"]}}],"collection":[{"href":"https:\/\/www.ucaldas.edu.co\/portal\/wp-json\/wp\/v2\/posts"}],"about":[{"href":"https:\/\/www.ucaldas.edu.co\/portal\/wp-json\/wp\/v2\/types\/post"}],"author":[{"embeddable":true,"href":"https:\/\/www.ucaldas.edu.co\/portal\/wp-json\/wp\/v2\/users\/2"}],"replies":[{"embeddable":true,"href":"https:\/\/www.ucaldas.edu.co\/portal\/wp-json\/wp\/v2\/comments?post=65831"}],"version-history":[{"count":0,"href":"https:\/\/www.ucaldas.edu.co\/portal\/wp-json\/wp\/v2\/posts\/65831\/revisions"}],"wp:featuredmedia":[{"embeddable":true,"href":"https:\/\/www.ucaldas.edu.co\/portal\/wp-json\/wp\/v2\/media\/65832"}],"wp:attachment":[{"href":"https:\/\/www.ucaldas.edu.co\/portal\/wp-json\/wp\/v2\/media?parent=65831"}],"wp:term":[{"taxonomy":"category","embeddable":true,"href":"https:\/\/www.ucaldas.edu.co\/portal\/wp-json\/wp\/v2\/categories?post=65831"},{"taxonomy":"post_tag","embeddable":true,"href":"https:\/\/www.ucaldas.edu.co\/portal\/wp-json\/wp\/v2\/tags?post=65831"}],"curies":[{"name":"wp","href":"https:\/\/api.w.org\/{rel}","templated":true}]}}