{"id":65790,"date":"2021-10-12T21:58:48","date_gmt":"2021-10-12T21:58:48","guid":{"rendered":"https:\/\/www.ucaldas.edu.co\/portal\/?p=65790"},"modified":"2021-10-12T21:58:48","modified_gmt":"2021-10-12T21:58:48","slug":"quinta-sesion-de-la-catedra-unesco-la-decada-de-la-accion-para-el-desarrollo-sostenible-sostenibilidad-energetica","status":"publish","type":"post","link":"https:\/\/www.ucaldas.edu.co\/portal\/quinta-sesion-de-la-catedra-unesco-la-decada-de-la-accion-para-el-desarrollo-sostenible-sostenibilidad-energetica\/","title":{"rendered":"Quinta sesi\u00f3n de la C\u00e1tedra Unesco: \u201cla d\u00e9cada de la acci\u00f3n para el desarrollo sostenible: Sostenibilidad energ\u00e9tica\u201d"},"content":{"rendered":"<p style=\"text-align: center;\">TEMAS: HIDR\u00d3GENO COMO COMBUSTIBLE Y TRANSPORTES LIMPIOS<br \/>\n<strong>Quinta sesi\u00f3n de la C\u00e1tedra Unesco:<br \/>\n\u201cla d\u00e9cada de la acci\u00f3n para el desarrollo sostenible: Sostenibilidad energ\u00e9tica\u201d<\/strong><\/p>\n<p style=\"text-align: right;\">12\/10\/2021<\/p>\n<p><img loading=\"lazy\" decoding=\"async\" class=\"size-full wp-image-65792 aligncenter\" src=\"https:\/\/www.ucaldas.edu.co\/portal\/wp-content\/uploads\/2021\/10\/unesco.jpg\" alt=\"\" width=\"700\" height=\"400\" srcset=\"https:\/\/www.ucaldas.edu.co\/portal\/wp-content\/uploads\/2021\/10\/unesco.jpg 700w, https:\/\/www.ucaldas.edu.co\/portal\/wp-content\/uploads\/2021\/10\/unesco-300x171.jpg 300w\" sizes=\"auto, (max-width: 700px) 100vw, 700px\" \/><\/p>\n<p>&nbsp;<\/p>\n<p>Este mi\u00e9rcoles 13 de octubre a partir de las 5:00 p.m., se realizar\u00e1 la quinta sesi\u00f3n de la C\u00e1tedra Unesco \u201cla d\u00e9cada de la acci\u00f3n para el desarrollo sostenible: Sostenibilidad energ\u00e9tica\u201d, a trav\u00e9s del canal de YouTube del CCU Rogelio Salmona.<\/p>\n<p><!--more--><\/p>\n<p>Estas ser\u00e1n las conferencias de la sesi\u00f3n:<\/p>\n<p>&nbsp;<\/p>\n<table>\n<tbody>\n<tr>\n<td width=\"294\"><strong>Conferencia<\/strong><\/td>\n<td width=\"294\"><strong>Ponente<\/strong><\/td>\n<\/tr>\n<tr>\n<td width=\"294\">Avances y retos de transportes m\u00e1s limpio y eficiente en Am\u00e9rica Latina<\/td>\n<td width=\"294\">Luis Felipe Quirama<\/p>\n<p>Asistente del programa Unidad de Movilidad Sostenible Divisi\u00f3n de Econom\u00eda de la ONU<\/td>\n<\/tr>\n<tr>\n<td width=\"294\">Celdas de hidrogeno. Una alternativa de combustibles sostenibles<\/td>\n<td width=\"294\">Henry Reyes Pineda<\/p>\n<p>Docente investigador de la Facultad de Ciencias Agroindustriales de la Universidad del Quind\u00edo<\/td>\n<\/tr>\n<\/tbody>\n<\/table>\n<p>&nbsp;<\/p>\n<p>El docente Reyes manifiesta la importancia de abordar estas tem\u00e1ticas a nivel nacional, dado que las nuevas energ\u00edas renovables, como el hidrogeno, entrar\u00e1n a suplir la necesidad de los combustibles f\u00f3siles, disminuir los gases efecto invernadero y ser amigable con el medio ambiente.<\/p>\n<p>El hidrogeno naci\u00f3 como una de las fuentes energ\u00e9ticas limpias m\u00e1s importantes en la actualidad, as\u00ed lo asegur\u00f3 Reyes, quien durante el evento expondr\u00e1 diversas experiencias vividas respecto a este tema en la Universidad de Quind\u00edo, presentando a futuro lo que se puede hacer con el hidr\u00f3geno como fuente alternativa de combustible que le apunta a los ODS.<\/p>\n<p><strong><a href=\"https:\/\/www.youtube.com\/channel\/UCYWHePThHwYy6LUrkYR_wKA\">Link del evento.<\/a><\/strong><\/p>\n<p>&nbsp;<\/p>\n<p><strong>Anexo: <\/strong><\/p>\n<p><strong><a href=\"https:\/\/www.ivoox.com\/henry-reyes-pineda-8211-docente-universidad-del-quindio-audios-mp3_rf_76699989_1.html\">Audio Henry Reyes Pineda \u2013 docente Universidad del Quind\u00edo.<\/a><\/p>\n<p><iframe loading=\"lazy\" src=\"https:\/\/co.ivoox.com\/es\/player_ek_76699989_2_1.html?data=mJujm56dfJqhhpywj5WVaZS1kpqah5yncZKhhpywj5WRaZi3jpWah5yncanZz9fmjbfJvcbnjLXW0MrIpYyZk5uSlJicdpKlhpivjcnTp8bi1cqYt9PNusbm1M7Rw8mPqMbgjLbiy9ORaZi3jqjOzsnFt4y1xdKYt5KJe6ShlQ..&amp;\" width=\"238\" height=\"48\" frameborder=\"0\" scrolling=\"no\" allowfullscreen=\"allowfullscreen\"><\/iframe><\/strong><\/p>\n<p>&nbsp;<\/p>\n<p><strong>Informes: <\/strong>Oficina de Comunicaciones y Prensa Universidad de Caldas.<\/p>\n<p><strong>Redacci\u00f3n:<\/strong> Mateo Buritic\u00e1 Giraldo<\/p>\n<p>&nbsp;<\/p>\n","protected":false},"excerpt":{"rendered":"<p>TEMAS: HIDR\u00d3GENO COMO COMBUSTIBLE Y TRANSPORTES LIMPIOS Quinta sesi\u00f3n de la C\u00e1tedra Unesco: \u201cla d\u00e9cada de la acci\u00f3n para el desarrollo sostenible: Sostenibilidad energ\u00e9tica\u201d 12\/10\/2021 &nbsp; Este mi\u00e9rcoles 13 de octubre a partir de las 5:00 p.m., se realizar\u00e1 la quinta sesi\u00f3n de la C\u00e1tedra Unesco \u201cla d\u00e9cada de la acci\u00f3n para el desarrollo sostenible: [&hellip;]<\/p>\n","protected":false},"author":2,"featured_media":65792,"comment_status":"closed","ping_status":"open","sticky":false,"template":"","format":"standard","meta":{"footnotes":""},"categories":[48,53,62],"tags":[6499,7209,7289],"class_list":["post-65790","post","type-post","status-publish","format-standard","has-post-thumbnail","hentry","category-actualidad","category-universidad-al-dia","category-eventos","tag-catedra-unesco","tag-energias-renovables","tag-objetivos-desarrollo-sostenible"],"yoast_head":"<!-- This site is optimized with the Yoast SEO plugin v27.5 - https:\/\/yoast.com\/product\/yoast-seo-wordpress\/ -->\n<title>Quinta sesi\u00f3n de la C\u00e1tedra Unesco: \u201cla d\u00e9cada de la acci\u00f3n para el desarrollo sostenible: Sostenibilidad energ\u00e9tica\u201d .<\/title>\n<meta name=\"robots\" content=\"index, follow, max-snippet:-1, max-image-preview:large, max-video-preview:-1\" \/>\n<link rel=\"canonical\" href=\"https:\/\/www.ucaldas.edu.co\/portal\/quinta-sesion-de-la-catedra-unesco-la-decada-de-la-accion-para-el-desarrollo-sostenible-sostenibilidad-energetica\/\" \/>\n<script type=\"application\/ld+json\" class=\"yoast-schema-graph\">{\"@context\":\"https:\\\/\\\/schema.org\",\"@graph\":[{\"@type\":\"Article\",\"@id\":\"https:\\\/\\\/www.ucaldas.edu.co\\\/portal\\\/quinta-sesion-de-la-catedra-unesco-la-decada-de-la-accion-para-el-desarrollo-sostenible-sostenibilidad-energetica\\\/#article\",\"isPartOf\":{\"@id\":\"https:\\\/\\\/www.ucaldas.edu.co\\\/portal\\\/quinta-sesion-de-la-catedra-unesco-la-decada-de-la-accion-para-el-desarrollo-sostenible-sostenibilidad-energetica\\\/\"},\"author\":{\"name\":\"ofiprensa\",\"@id\":\"https:\\\/\\\/www.ucaldas.edu.co\\\/portal\\\/#\\\/schema\\\/person\\\/a1b482e23449158b4bc319926c074fdf\"},\"headline\":\"Quinta sesi\u00f3n de la C\u00e1tedra Unesco: \u201cla d\u00e9cada de la acci\u00f3n para el desarrollo sostenible: Sostenibilidad energ\u00e9tica\u201d\",\"datePublished\":\"2021-10-12T21:58:48+00:00\",\"mainEntityOfPage\":{\"@id\":\"https:\\\/\\\/www.ucaldas.edu.co\\\/portal\\\/quinta-sesion-de-la-catedra-unesco-la-decada-de-la-accion-para-el-desarrollo-sostenible-sostenibilidad-energetica\\\/\"},\"wordCount\":309,\"publisher\":{\"@id\":\"https:\\\/\\\/www.ucaldas.edu.co\\\/portal\\\/#organization\"},\"image\":{\"@id\":\"https:\\\/\\\/www.ucaldas.edu.co\\\/portal\\\/quinta-sesion-de-la-catedra-unesco-la-decada-de-la-accion-para-el-desarrollo-sostenible-sostenibilidad-energetica\\\/#primaryimage\"},\"thumbnailUrl\":\"https:\\\/\\\/www.ucaldas.edu.co\\\/portal\\\/wp-content\\\/uploads\\\/2021\\\/10\\\/unesco.jpg\",\"keywords\":[\"c\u00e1tedra unesco\",\"energ\u00edas renovables\",\"objetivos desarrollo sostenible\"],\"articleSection\":[\"Actualidad\",\"Universidad al D\u00eda\",\"Eventos\"],\"inLanguage\":\"es\"},{\"@type\":\"WebPage\",\"@id\":\"https:\\\/\\\/www.ucaldas.edu.co\\\/portal\\\/quinta-sesion-de-la-catedra-unesco-la-decada-de-la-accion-para-el-desarrollo-sostenible-sostenibilidad-energetica\\\/\",\"url\":\"https:\\\/\\\/www.ucaldas.edu.co\\\/portal\\\/quinta-sesion-de-la-catedra-unesco-la-decada-de-la-accion-para-el-desarrollo-sostenible-sostenibilidad-energetica\\\/\",\"name\":\"Quinta sesi\u00f3n de la C\u00e1tedra Unesco: \u201cla d\u00e9cada de la acci\u00f3n para el desarrollo sostenible: Sostenibilidad energ\u00e9tica\u201d .\",\"isPartOf\":{\"@id\":\"https:\\\/\\\/www.ucaldas.edu.co\\\/portal\\\/#website\"},\"primaryImageOfPage\":{\"@id\":\"https:\\\/\\\/www.ucaldas.edu.co\\\/portal\\\/quinta-sesion-de-la-catedra-unesco-la-decada-de-la-accion-para-el-desarrollo-sostenible-sostenibilidad-energetica\\\/#primaryimage\"},\"image\":{\"@id\":\"https:\\\/\\\/www.ucaldas.edu.co\\\/portal\\\/quinta-sesion-de-la-catedra-unesco-la-decada-de-la-accion-para-el-desarrollo-sostenible-sostenibilidad-energetica\\\/#primaryimage\"},\"thumbnailUrl\":\"https:\\\/\\\/www.ucaldas.edu.co\\\/portal\\\/wp-content\\\/uploads\\\/2021\\\/10\\\/unesco.jpg\",\"datePublished\":\"2021-10-12T21:58:48+00:00\",\"breadcrumb\":{\"@id\":\"https:\\\/\\\/www.ucaldas.edu.co\\\/portal\\\/quinta-sesion-de-la-catedra-unesco-la-decada-de-la-accion-para-el-desarrollo-sostenible-sostenibilidad-energetica\\\/#breadcrumb\"},\"inLanguage\":\"es\",\"potentialAction\":[{\"@type\":\"ReadAction\",\"target\":[\"https:\\\/\\\/www.ucaldas.edu.co\\\/portal\\\/quinta-sesion-de-la-catedra-unesco-la-decada-de-la-accion-para-el-desarrollo-sostenible-sostenibilidad-energetica\\\/\"]}]},{\"@type\":\"ImageObject\",\"inLanguage\":\"es\",\"@id\":\"https:\\\/\\\/www.ucaldas.edu.co\\\/portal\\\/quinta-sesion-de-la-catedra-unesco-la-decada-de-la-accion-para-el-desarrollo-sostenible-sostenibilidad-energetica\\\/#primaryimage\",\"url\":\"https:\\\/\\\/www.ucaldas.edu.co\\\/portal\\\/wp-content\\\/uploads\\\/2021\\\/10\\\/unesco.jpg\",\"contentUrl\":\"https:\\\/\\\/www.ucaldas.edu.co\\\/portal\\\/wp-content\\\/uploads\\\/2021\\\/10\\\/unesco.jpg\",\"width\":700,\"height\":400},{\"@type\":\"BreadcrumbList\",\"@id\":\"https:\\\/\\\/www.ucaldas.edu.co\\\/portal\\\/quinta-sesion-de-la-catedra-unesco-la-decada-de-la-accion-para-el-desarrollo-sostenible-sostenibilidad-energetica\\\/#breadcrumb\",\"itemListElement\":[{\"@type\":\"ListItem\",\"position\":1,\"name\":\"Portada\",\"item\":\"https:\\\/\\\/www.ucaldas.edu.co\\\/portal\\\/\"},{\"@type\":\"ListItem\",\"position\":2,\"name\":\"Quinta sesi\u00f3n de la C\u00e1tedra Unesco: \u201cla d\u00e9cada de la acci\u00f3n para el desarrollo sostenible: Sostenibilidad energ\u00e9tica\u201d\"}]},{\"@type\":\"WebSite\",\"@id\":\"https:\\\/\\\/www.ucaldas.edu.co\\\/portal\\\/#website\",\"url\":\"https:\\\/\\\/www.ucaldas.edu.co\\\/portal\\\/\",\"name\":\"Universidad de Caldas\",\"description\":\"\",\"publisher\":{\"@id\":\"https:\\\/\\\/www.ucaldas.edu.co\\\/portal\\\/#organization\"},\"alternateName\":\"U. de Caldas\",\"potentialAction\":[{\"@type\":\"SearchAction\",\"target\":{\"@type\":\"EntryPoint\",\"urlTemplate\":\"https:\\\/\\\/www.ucaldas.edu.co\\\/portal\\\/?s={search_term_string}\"},\"query-input\":{\"@type\":\"PropertyValueSpecification\",\"valueRequired\":true,\"valueName\":\"search_term_string\"}}],\"inLanguage\":\"es\"},{\"@type\":\"Organization\",\"@id\":\"https:\\\/\\\/www.ucaldas.edu.co\\\/portal\\\/#organization\",\"name\":\"Universidad de Caldas\",\"alternateName\":\"U. de Caldas\",\"url\":\"https:\\\/\\\/www.ucaldas.edu.co\\\/portal\\\/\",\"logo\":{\"@type\":\"ImageObject\",\"inLanguage\":\"es\",\"@id\":\"https:\\\/\\\/www.ucaldas.edu.co\\\/portal\\\/#\\\/schema\\\/logo\\\/image\\\/\",\"url\":\"https:\\\/\\\/www.ucaldas.edu.co\\\/portal\\\/wp-content\\\/uploads\\\/2023\\\/11\\\/Logo_horizontal_oscuroU-2023.png\",\"contentUrl\":\"https:\\\/\\\/www.ucaldas.edu.co\\\/portal\\\/wp-content\\\/uploads\\\/2023\\\/11\\\/Logo_horizontal_oscuroU-2023.png\",\"width\":263,\"height\":101,\"caption\":\"Universidad de Caldas\"},\"image\":{\"@id\":\"https:\\\/\\\/www.ucaldas.edu.co\\\/portal\\\/#\\\/schema\\\/logo\\\/image\\\/\"},\"sameAs\":[\"https:\\\/\\\/www.facebook.com\\\/udecaldas\",\"https:\\\/\\\/x.com\\\/udecaldas\",\"https:\\\/\\\/www.youtube.com\\\/universidadcaldas\",\"https:\\\/\\\/www.instagram.com\\\/udecaldas\\\/\"]},{\"@type\":\"Person\",\"@id\":\"https:\\\/\\\/www.ucaldas.edu.co\\\/portal\\\/#\\\/schema\\\/person\\\/a1b482e23449158b4bc319926c074fdf\",\"name\":\"ofiprensa\",\"image\":{\"@type\":\"ImageObject\",\"inLanguage\":\"es\",\"@id\":\"https:\\\/\\\/www.ucaldas.edu.co\\\/portal\\\/wp-content\\\/litespeed\\\/avatar\\\/09ea5085e600095a7a811142c6944527.jpg?ver=1777497608\",\"url\":\"https:\\\/\\\/www.ucaldas.edu.co\\\/portal\\\/wp-content\\\/litespeed\\\/avatar\\\/09ea5085e600095a7a811142c6944527.jpg?ver=1777497608\",\"contentUrl\":\"https:\\\/\\\/www.ucaldas.edu.co\\\/portal\\\/wp-content\\\/litespeed\\\/avatar\\\/09ea5085e600095a7a811142c6944527.jpg?ver=1777497608\",\"caption\":\"ofiprensa\"},\"url\":\"https:\\\/\\\/www.ucaldas.edu.co\\\/portal\\\/author\\\/ofiprensa\\\/\"}]}<\/script>\n<!-- \/ Yoast SEO plugin. -->","yoast_head_json":{"title":"Quinta sesi\u00f3n de la C\u00e1tedra Unesco: \u201cla d\u00e9cada de la acci\u00f3n para el desarrollo sostenible: Sostenibilidad energ\u00e9tica\u201d .","robots":{"index":"index","follow":"follow","max-snippet":"max-snippet:-1","max-image-preview":"max-image-preview:large","max-video-preview":"max-video-preview:-1"},"canonical":"https:\/\/www.ucaldas.edu.co\/portal\/quinta-sesion-de-la-catedra-unesco-la-decada-de-la-accion-para-el-desarrollo-sostenible-sostenibilidad-energetica\/","schema":{"@context":"https:\/\/schema.org","@graph":[{"@type":"Article","@id":"https:\/\/www.ucaldas.edu.co\/portal\/quinta-sesion-de-la-catedra-unesco-la-decada-de-la-accion-para-el-desarrollo-sostenible-sostenibilidad-energetica\/#article","isPartOf":{"@id":"https:\/\/www.ucaldas.edu.co\/portal\/quinta-sesion-de-la-catedra-unesco-la-decada-de-la-accion-para-el-desarrollo-sostenible-sostenibilidad-energetica\/"},"author":{"name":"ofiprensa","@id":"https:\/\/www.ucaldas.edu.co\/portal\/#\/schema\/person\/a1b482e23449158b4bc319926c074fdf"},"headline":"Quinta sesi\u00f3n de la C\u00e1tedra Unesco: \u201cla d\u00e9cada de la acci\u00f3n para el desarrollo sostenible: Sostenibilidad energ\u00e9tica\u201d","datePublished":"2021-10-12T21:58:48+00:00","mainEntityOfPage":{"@id":"https:\/\/www.ucaldas.edu.co\/portal\/quinta-sesion-de-la-catedra-unesco-la-decada-de-la-accion-para-el-desarrollo-sostenible-sostenibilidad-energetica\/"},"wordCount":309,"publisher":{"@id":"https:\/\/www.ucaldas.edu.co\/portal\/#organization"},"image":{"@id":"https:\/\/www.ucaldas.edu.co\/portal\/quinta-sesion-de-la-catedra-unesco-la-decada-de-la-accion-para-el-desarrollo-sostenible-sostenibilidad-energetica\/#primaryimage"},"thumbnailUrl":"https:\/\/www.ucaldas.edu.co\/portal\/wp-content\/uploads\/2021\/10\/unesco.jpg","keywords":["c\u00e1tedra unesco","energ\u00edas renovables","objetivos desarrollo sostenible"],"articleSection":["Actualidad","Universidad al D\u00eda","Eventos"],"inLanguage":"es"},{"@type":"WebPage","@id":"https:\/\/www.ucaldas.edu.co\/portal\/quinta-sesion-de-la-catedra-unesco-la-decada-de-la-accion-para-el-desarrollo-sostenible-sostenibilidad-energetica\/","url":"https:\/\/www.ucaldas.edu.co\/portal\/quinta-sesion-de-la-catedra-unesco-la-decada-de-la-accion-para-el-desarrollo-sostenible-sostenibilidad-energetica\/","name":"Quinta sesi\u00f3n de la C\u00e1tedra Unesco: \u201cla d\u00e9cada de la acci\u00f3n para el desarrollo sostenible: Sostenibilidad energ\u00e9tica\u201d .","isPartOf":{"@id":"https:\/\/www.ucaldas.edu.co\/portal\/#website"},"primaryImageOfPage":{"@id":"https:\/\/www.ucaldas.edu.co\/portal\/quinta-sesion-de-la-catedra-unesco-la-decada-de-la-accion-para-el-desarrollo-sostenible-sostenibilidad-energetica\/#primaryimage"},"image":{"@id":"https:\/\/www.ucaldas.edu.co\/portal\/quinta-sesion-de-la-catedra-unesco-la-decada-de-la-accion-para-el-desarrollo-sostenible-sostenibilidad-energetica\/#primaryimage"},"thumbnailUrl":"https:\/\/www.ucaldas.edu.co\/portal\/wp-content\/uploads\/2021\/10\/unesco.jpg","datePublished":"2021-10-12T21:58:48+00:00","breadcrumb":{"@id":"https:\/\/www.ucaldas.edu.co\/portal\/quinta-sesion-de-la-catedra-unesco-la-decada-de-la-accion-para-el-desarrollo-sostenible-sostenibilidad-energetica\/#breadcrumb"},"inLanguage":"es","potentialAction":[{"@type":"ReadAction","target":["https:\/\/www.ucaldas.edu.co\/portal\/quinta-sesion-de-la-catedra-unesco-la-decada-de-la-accion-para-el-desarrollo-sostenible-sostenibilidad-energetica\/"]}]},{"@type":"ImageObject","inLanguage":"es","@id":"https:\/\/www.ucaldas.edu.co\/portal\/quinta-sesion-de-la-catedra-unesco-la-decada-de-la-accion-para-el-desarrollo-sostenible-sostenibilidad-energetica\/#primaryimage","url":"https:\/\/www.ucaldas.edu.co\/portal\/wp-content\/uploads\/2021\/10\/unesco.jpg","contentUrl":"https:\/\/www.ucaldas.edu.co\/portal\/wp-content\/uploads\/2021\/10\/unesco.jpg","width":700,"height":400},{"@type":"BreadcrumbList","@id":"https:\/\/www.ucaldas.edu.co\/portal\/quinta-sesion-de-la-catedra-unesco-la-decada-de-la-accion-para-el-desarrollo-sostenible-sostenibilidad-energetica\/#breadcrumb","itemListElement":[{"@type":"ListItem","position":1,"name":"Portada","item":"https:\/\/www.ucaldas.edu.co\/portal\/"},{"@type":"ListItem","position":2,"name":"Quinta sesi\u00f3n de la C\u00e1tedra Unesco: \u201cla d\u00e9cada de la acci\u00f3n para el desarrollo sostenible: Sostenibilidad energ\u00e9tica\u201d"}]},{"@type":"WebSite","@id":"https:\/\/www.ucaldas.edu.co\/portal\/#website","url":"https:\/\/www.ucaldas.edu.co\/portal\/","name":"Universidad de Caldas","description":"","publisher":{"@id":"https:\/\/www.ucaldas.edu.co\/portal\/#organization"},"alternateName":"U. de Caldas","potentialAction":[{"@type":"SearchAction","target":{"@type":"EntryPoint","urlTemplate":"https:\/\/www.ucaldas.edu.co\/portal\/?s={search_term_string}"},"query-input":{"@type":"PropertyValueSpecification","valueRequired":true,"valueName":"search_term_string"}}],"inLanguage":"es"},{"@type":"Organization","@id":"https:\/\/www.ucaldas.edu.co\/portal\/#organization","name":"Universidad de Caldas","alternateName":"U. de Caldas","url":"https:\/\/www.ucaldas.edu.co\/portal\/","logo":{"@type":"ImageObject","inLanguage":"es","@id":"https:\/\/www.ucaldas.edu.co\/portal\/#\/schema\/logo\/image\/","url":"https:\/\/www.ucaldas.edu.co\/portal\/wp-content\/uploads\/2023\/11\/Logo_horizontal_oscuroU-2023.png","contentUrl":"https:\/\/www.ucaldas.edu.co\/portal\/wp-content\/uploads\/2023\/11\/Logo_horizontal_oscuroU-2023.png","width":263,"height":101,"caption":"Universidad de Caldas"},"image":{"@id":"https:\/\/www.ucaldas.edu.co\/portal\/#\/schema\/logo\/image\/"},"sameAs":["https:\/\/www.facebook.com\/udecaldas","https:\/\/x.com\/udecaldas","https:\/\/www.youtube.com\/universidadcaldas","https:\/\/www.instagram.com\/udecaldas\/"]},{"@type":"Person","@id":"https:\/\/www.ucaldas.edu.co\/portal\/#\/schema\/person\/a1b482e23449158b4bc319926c074fdf","name":"ofiprensa","image":{"@type":"ImageObject","inLanguage":"es","@id":"https:\/\/www.ucaldas.edu.co\/portal\/wp-content\/litespeed\/avatar\/09ea5085e600095a7a811142c6944527.jpg?ver=1777497608","url":"https:\/\/www.ucaldas.edu.co\/portal\/wp-content\/litespeed\/avatar\/09ea5085e600095a7a811142c6944527.jpg?ver=1777497608","contentUrl":"https:\/\/www.ucaldas.edu.co\/portal\/wp-content\/litespeed\/avatar\/09ea5085e600095a7a811142c6944527.jpg?ver=1777497608","caption":"ofiprensa"},"url":"https:\/\/www.ucaldas.edu.co\/portal\/author\/ofiprensa\/"}]}},"_links":{"self":[{"href":"https:\/\/www.ucaldas.edu.co\/portal\/wp-json\/wp\/v2\/posts\/65790","targetHints":{"allow":["GET"]}}],"collection":[{"href":"https:\/\/www.ucaldas.edu.co\/portal\/wp-json\/wp\/v2\/posts"}],"about":[{"href":"https:\/\/www.ucaldas.edu.co\/portal\/wp-json\/wp\/v2\/types\/post"}],"author":[{"embeddable":true,"href":"https:\/\/www.ucaldas.edu.co\/portal\/wp-json\/wp\/v2\/users\/2"}],"replies":[{"embeddable":true,"href":"https:\/\/www.ucaldas.edu.co\/portal\/wp-json\/wp\/v2\/comments?post=65790"}],"version-history":[{"count":0,"href":"https:\/\/www.ucaldas.edu.co\/portal\/wp-json\/wp\/v2\/posts\/65790\/revisions"}],"wp:featuredmedia":[{"embeddable":true,"href":"https:\/\/www.ucaldas.edu.co\/portal\/wp-json\/wp\/v2\/media\/65792"}],"wp:attachment":[{"href":"https:\/\/www.ucaldas.edu.co\/portal\/wp-json\/wp\/v2\/media?parent=65790"}],"wp:term":[{"taxonomy":"category","embeddable":true,"href":"https:\/\/www.ucaldas.edu.co\/portal\/wp-json\/wp\/v2\/categories?post=65790"},{"taxonomy":"post_tag","embeddable":true,"href":"https:\/\/www.ucaldas.edu.co\/portal\/wp-json\/wp\/v2\/tags?post=65790"}],"curies":[{"name":"wp","href":"https:\/\/api.w.org\/{rel}","templated":true}]}}