{"id":65785,"date":"2021-10-12T21:44:53","date_gmt":"2021-10-12T21:44:53","guid":{"rendered":"https:\/\/www.ucaldas.edu.co\/portal\/?p=65785"},"modified":"2021-10-19T14:33:27","modified_gmt":"2021-10-19T14:33:27","slug":"poder-popular-poder-constituyente-y-demacracion-hacia-la-republica-plebeya","status":"publish","type":"post","link":"https:\/\/www.ucaldas.edu.co\/portal\/poder-popular-poder-constituyente-y-demacracion-hacia-la-republica-plebeya\/","title":{"rendered":"\u201cPoder popular, poder constituyente y democracia: hacia la Rep\u00fablica Plebeya\u201d"},"content":{"rendered":"<p style=\"text-align: center;\">CUARTA SESI\u00d3N SEMINARIO PERMANENTE CONSTITUCI\u00d3N Y DERECHO COMPARADO<br \/>\n<strong>\u201cPoder popular, poder constituyente y democracia: hacia la Rep\u00fablica Plebeya\u201d<\/strong><\/p>\n<p style=\"text-align: right;\">12\/10\/2021<\/p>\n<p><img loading=\"lazy\" decoding=\"async\" class=\"size-full wp-image-65786 aligncenter\" src=\"https:\/\/www.ucaldas.edu.co\/portal\/wp-content\/uploads\/2021\/10\/seminario-derecho.jpg\" alt=\"\" width=\"700\" height=\"400\" srcset=\"https:\/\/www.ucaldas.edu.co\/portal\/wp-content\/uploads\/2021\/10\/seminario-derecho.jpg 700w, https:\/\/www.ucaldas.edu.co\/portal\/wp-content\/uploads\/2021\/10\/seminario-derecho-300x171.jpg 300w\" sizes=\"auto, (max-width: 700px) 100vw, 700px\" \/><\/p>\n<p>El seminario permanente Constituci\u00f3n y Derecho Comparado, presenta una nueva sesi\u00f3n el pr\u00f3ximo 21 de octubre con el tema denominado \u201cPoder popular, poder constituyente y demacraci\u00f3n: hacia la Rep\u00fablica Plebeya\u201d.<\/p>\n<p><!--more--><\/p>\n<p>Para esta cuarta sesi\u00f3n, la invitada ser\u00e1 Camila Vergara, reconocida docente investigadora de la Universidad de Columbia y la Universidad de Cambridge, quien ha centro su trabajo en el estudio del poder popular y la democracia.<\/p>\n<p>Durante el evento se discutir\u00e1 uno de sus productos acad\u00e9micos de mayor renombre denominado \u2018Rep\u00fablica Plebeya\u2019, un discurso centrado en la idea de la participaci\u00f3n popular, convirtiendo esta sesi\u00f3n en un espacio para que se revise y se conozcan otras maneras de ver los procesos sociales que se viven en el pa\u00eds y el continente, as\u00ed lo afirm\u00f3 el docente coordinador del seminario, Milton C\u00e9sar Jim\u00e9nez Ram\u00edrez<\/p>\n<p>&nbsp;<\/p>\n<p><strong><a href=\"https:\/\/www.facebook.com\/forumUcaldas\">Link del evento.<\/a><\/strong><\/p>\n<p>&nbsp;<\/p>\n<p><strong>Anexo:<\/strong><\/p>\n<p><strong><a href=\"https:\/\/www.ivoox.com\/milton-cesar-jimenez-ramirez-8211-docente-coordinador-del-audios-mp3_rf_76653767_1.html\">Audio Milton C\u00e9sar Jim\u00e9nez Ram\u00edrez.\u00a0 \u2013 Docente coordinador del seminario.<\/a><\/strong><\/p>\n<p><iframe loading=\"lazy\" src=\"https:\/\/co.ivoox.com\/es\/player_ek_76653767_2_1.html?data=mJujl5ibepihhpywj5WVaZS1kZmah5yncZKhhpywj5WRaZi3jpWah5ynca7dzdnc0JCnaaSnhqam1cbWb6vdzoqwlYqlfc_Z25C_w9KJh5SZoqnfx9-Sb4aml4qflZ2WdZKZlKeYptTHqc_oxpCw0dTWqMqhhpywj6jFsMXV1JCuxtKPmY6ZmKialg..&amp;\" width=\"238\" height=\"48\" frameborder=\"0\" scrolling=\"no\" allowfullscreen=\"allowfullscreen\"><\/iframe><\/p>\n<p>&nbsp;<\/p>\n<p><strong>Informes: <\/strong>Oficina de Comunicaciones y Prensa Universidad de Caldas.<\/p>\n<p><strong>Redacci\u00f3n:<\/strong> Mateo Buritic\u00e1 Giraldo<\/p>\n<p>&nbsp;<\/p>\n","protected":false},"excerpt":{"rendered":"<p>CUARTA SESI\u00d3N SEMINARIO PERMANENTE CONSTITUCI\u00d3N Y DERECHO COMPARADO \u201cPoder popular, poder constituyente y democracia: hacia la Rep\u00fablica Plebeya\u201d 12\/10\/2021 El seminario permanente Constituci\u00f3n y Derecho Comparado, presenta una nueva sesi\u00f3n el pr\u00f3ximo 21 de octubre con el tema denominado \u201cPoder popular, poder constituyente y demacraci\u00f3n: hacia la Rep\u00fablica Plebeya\u201d.<\/p>\n","protected":false},"author":2,"featured_media":65786,"comment_status":"closed","ping_status":"open","sticky":false,"template":"","format":"standard","meta":{"footnotes":""},"categories":[48,53,62],"tags":[5382,5545,7344,7345],"class_list":["post-65785","post","type-post","status-publish","format-standard","has-post-thumbnail","hentry","category-actualidad","category-universidad-al-dia","category-eventos","tag-forum","tag-seminario-derecho","tag-poder-popular","tag-republica-plebeya"],"yoast_head":"<!-- This site is optimized with the Yoast SEO plugin v27.5 - https:\/\/yoast.com\/product\/yoast-seo-wordpress\/ -->\n<title>\u201cPoder popular, poder constituyente y democracia: hacia la Rep\u00fablica Plebeya\u201d .<\/title>\n<meta name=\"robots\" content=\"index, follow, max-snippet:-1, max-image-preview:large, max-video-preview:-1\" \/>\n<link rel=\"canonical\" href=\"https:\/\/www.ucaldas.edu.co\/portal\/poder-popular-poder-constituyente-y-demacracion-hacia-la-republica-plebeya\/\" \/>\n<script type=\"application\/ld+json\" class=\"yoast-schema-graph\">{\"@context\":\"https:\\\/\\\/schema.org\",\"@graph\":[{\"@type\":\"Article\",\"@id\":\"https:\\\/\\\/www.ucaldas.edu.co\\\/portal\\\/poder-popular-poder-constituyente-y-demacracion-hacia-la-republica-plebeya\\\/#article\",\"isPartOf\":{\"@id\":\"https:\\\/\\\/www.ucaldas.edu.co\\\/portal\\\/poder-popular-poder-constituyente-y-demacracion-hacia-la-republica-plebeya\\\/\"},\"author\":{\"name\":\"ofiprensa\",\"@id\":\"https:\\\/\\\/www.ucaldas.edu.co\\\/portal\\\/#\\\/schema\\\/person\\\/a1b482e23449158b4bc319926c074fdf\"},\"headline\":\"\u201cPoder popular, poder constituyente y democracia: hacia la Rep\u00fablica Plebeya\u201d\",\"datePublished\":\"2021-10-12T21:44:53+00:00\",\"dateModified\":\"2021-10-19T14:33:27+00:00\",\"mainEntityOfPage\":{\"@id\":\"https:\\\/\\\/www.ucaldas.edu.co\\\/portal\\\/poder-popular-poder-constituyente-y-demacracion-hacia-la-republica-plebeya\\\/\"},\"wordCount\":212,\"publisher\":{\"@id\":\"https:\\\/\\\/www.ucaldas.edu.co\\\/portal\\\/#organization\"},\"image\":{\"@id\":\"https:\\\/\\\/www.ucaldas.edu.co\\\/portal\\\/poder-popular-poder-constituyente-y-demacracion-hacia-la-republica-plebeya\\\/#primaryimage\"},\"thumbnailUrl\":\"https:\\\/\\\/www.ucaldas.edu.co\\\/portal\\\/wp-content\\\/uploads\\\/2021\\\/10\\\/seminario-derecho.jpg\",\"keywords\":[\"forum\",\"seminario derecho\",\"poder popular\",\"rep\u00fablica plebeya\"],\"articleSection\":[\"Actualidad\",\"Universidad al D\u00eda\",\"Eventos\"],\"inLanguage\":\"es\"},{\"@type\":\"WebPage\",\"@id\":\"https:\\\/\\\/www.ucaldas.edu.co\\\/portal\\\/poder-popular-poder-constituyente-y-demacracion-hacia-la-republica-plebeya\\\/\",\"url\":\"https:\\\/\\\/www.ucaldas.edu.co\\\/portal\\\/poder-popular-poder-constituyente-y-demacracion-hacia-la-republica-plebeya\\\/\",\"name\":\"\u201cPoder popular, poder constituyente y democracia: hacia la Rep\u00fablica Plebeya\u201d .\",\"isPartOf\":{\"@id\":\"https:\\\/\\\/www.ucaldas.edu.co\\\/portal\\\/#website\"},\"primaryImageOfPage\":{\"@id\":\"https:\\\/\\\/www.ucaldas.edu.co\\\/portal\\\/poder-popular-poder-constituyente-y-demacracion-hacia-la-republica-plebeya\\\/#primaryimage\"},\"image\":{\"@id\":\"https:\\\/\\\/www.ucaldas.edu.co\\\/portal\\\/poder-popular-poder-constituyente-y-demacracion-hacia-la-republica-plebeya\\\/#primaryimage\"},\"thumbnailUrl\":\"https:\\\/\\\/www.ucaldas.edu.co\\\/portal\\\/wp-content\\\/uploads\\\/2021\\\/10\\\/seminario-derecho.jpg\",\"datePublished\":\"2021-10-12T21:44:53+00:00\",\"dateModified\":\"2021-10-19T14:33:27+00:00\",\"breadcrumb\":{\"@id\":\"https:\\\/\\\/www.ucaldas.edu.co\\\/portal\\\/poder-popular-poder-constituyente-y-demacracion-hacia-la-republica-plebeya\\\/#breadcrumb\"},\"inLanguage\":\"es\",\"potentialAction\":[{\"@type\":\"ReadAction\",\"target\":[\"https:\\\/\\\/www.ucaldas.edu.co\\\/portal\\\/poder-popular-poder-constituyente-y-demacracion-hacia-la-republica-plebeya\\\/\"]}]},{\"@type\":\"ImageObject\",\"inLanguage\":\"es\",\"@id\":\"https:\\\/\\\/www.ucaldas.edu.co\\\/portal\\\/poder-popular-poder-constituyente-y-demacracion-hacia-la-republica-plebeya\\\/#primaryimage\",\"url\":\"https:\\\/\\\/www.ucaldas.edu.co\\\/portal\\\/wp-content\\\/uploads\\\/2021\\\/10\\\/seminario-derecho.jpg\",\"contentUrl\":\"https:\\\/\\\/www.ucaldas.edu.co\\\/portal\\\/wp-content\\\/uploads\\\/2021\\\/10\\\/seminario-derecho.jpg\",\"width\":700,\"height\":400},{\"@type\":\"BreadcrumbList\",\"@id\":\"https:\\\/\\\/www.ucaldas.edu.co\\\/portal\\\/poder-popular-poder-constituyente-y-demacracion-hacia-la-republica-plebeya\\\/#breadcrumb\",\"itemListElement\":[{\"@type\":\"ListItem\",\"position\":1,\"name\":\"Portada\",\"item\":\"https:\\\/\\\/www.ucaldas.edu.co\\\/portal\\\/\"},{\"@type\":\"ListItem\",\"position\":2,\"name\":\"\u201cPoder popular, poder constituyente y democracia: hacia la Rep\u00fablica Plebeya\u201d\"}]},{\"@type\":\"WebSite\",\"@id\":\"https:\\\/\\\/www.ucaldas.edu.co\\\/portal\\\/#website\",\"url\":\"https:\\\/\\\/www.ucaldas.edu.co\\\/portal\\\/\",\"name\":\"Universidad de Caldas\",\"description\":\"\",\"publisher\":{\"@id\":\"https:\\\/\\\/www.ucaldas.edu.co\\\/portal\\\/#organization\"},\"alternateName\":\"U. de Caldas\",\"potentialAction\":[{\"@type\":\"SearchAction\",\"target\":{\"@type\":\"EntryPoint\",\"urlTemplate\":\"https:\\\/\\\/www.ucaldas.edu.co\\\/portal\\\/?s={search_term_string}\"},\"query-input\":{\"@type\":\"PropertyValueSpecification\",\"valueRequired\":true,\"valueName\":\"search_term_string\"}}],\"inLanguage\":\"es\"},{\"@type\":\"Organization\",\"@id\":\"https:\\\/\\\/www.ucaldas.edu.co\\\/portal\\\/#organization\",\"name\":\"Universidad de Caldas\",\"alternateName\":\"U. de Caldas\",\"url\":\"https:\\\/\\\/www.ucaldas.edu.co\\\/portal\\\/\",\"logo\":{\"@type\":\"ImageObject\",\"inLanguage\":\"es\",\"@id\":\"https:\\\/\\\/www.ucaldas.edu.co\\\/portal\\\/#\\\/schema\\\/logo\\\/image\\\/\",\"url\":\"https:\\\/\\\/www.ucaldas.edu.co\\\/portal\\\/wp-content\\\/uploads\\\/2023\\\/11\\\/Logo_horizontal_oscuroU-2023.png\",\"contentUrl\":\"https:\\\/\\\/www.ucaldas.edu.co\\\/portal\\\/wp-content\\\/uploads\\\/2023\\\/11\\\/Logo_horizontal_oscuroU-2023.png\",\"width\":263,\"height\":101,\"caption\":\"Universidad de Caldas\"},\"image\":{\"@id\":\"https:\\\/\\\/www.ucaldas.edu.co\\\/portal\\\/#\\\/schema\\\/logo\\\/image\\\/\"},\"sameAs\":[\"https:\\\/\\\/www.facebook.com\\\/udecaldas\",\"https:\\\/\\\/x.com\\\/udecaldas\",\"https:\\\/\\\/www.youtube.com\\\/universidadcaldas\",\"https:\\\/\\\/www.instagram.com\\\/udecaldas\\\/\"]},{\"@type\":\"Person\",\"@id\":\"https:\\\/\\\/www.ucaldas.edu.co\\\/portal\\\/#\\\/schema\\\/person\\\/a1b482e23449158b4bc319926c074fdf\",\"name\":\"ofiprensa\",\"image\":{\"@type\":\"ImageObject\",\"inLanguage\":\"es\",\"@id\":\"https:\\\/\\\/www.ucaldas.edu.co\\\/portal\\\/wp-content\\\/litespeed\\\/avatar\\\/09ea5085e600095a7a811142c6944527.jpg?ver=1777497608\",\"url\":\"https:\\\/\\\/www.ucaldas.edu.co\\\/portal\\\/wp-content\\\/litespeed\\\/avatar\\\/09ea5085e600095a7a811142c6944527.jpg?ver=1777497608\",\"contentUrl\":\"https:\\\/\\\/www.ucaldas.edu.co\\\/portal\\\/wp-content\\\/litespeed\\\/avatar\\\/09ea5085e600095a7a811142c6944527.jpg?ver=1777497608\",\"caption\":\"ofiprensa\"},\"url\":\"https:\\\/\\\/www.ucaldas.edu.co\\\/portal\\\/author\\\/ofiprensa\\\/\"}]}<\/script>\n<!-- \/ Yoast SEO plugin. -->","yoast_head_json":{"title":"\u201cPoder popular, poder constituyente y democracia: hacia la Rep\u00fablica Plebeya\u201d .","robots":{"index":"index","follow":"follow","max-snippet":"max-snippet:-1","max-image-preview":"max-image-preview:large","max-video-preview":"max-video-preview:-1"},"canonical":"https:\/\/www.ucaldas.edu.co\/portal\/poder-popular-poder-constituyente-y-demacracion-hacia-la-republica-plebeya\/","schema":{"@context":"https:\/\/schema.org","@graph":[{"@type":"Article","@id":"https:\/\/www.ucaldas.edu.co\/portal\/poder-popular-poder-constituyente-y-demacracion-hacia-la-republica-plebeya\/#article","isPartOf":{"@id":"https:\/\/www.ucaldas.edu.co\/portal\/poder-popular-poder-constituyente-y-demacracion-hacia-la-republica-plebeya\/"},"author":{"name":"ofiprensa","@id":"https:\/\/www.ucaldas.edu.co\/portal\/#\/schema\/person\/a1b482e23449158b4bc319926c074fdf"},"headline":"\u201cPoder popular, poder constituyente y democracia: hacia la Rep\u00fablica Plebeya\u201d","datePublished":"2021-10-12T21:44:53+00:00","dateModified":"2021-10-19T14:33:27+00:00","mainEntityOfPage":{"@id":"https:\/\/www.ucaldas.edu.co\/portal\/poder-popular-poder-constituyente-y-demacracion-hacia-la-republica-plebeya\/"},"wordCount":212,"publisher":{"@id":"https:\/\/www.ucaldas.edu.co\/portal\/#organization"},"image":{"@id":"https:\/\/www.ucaldas.edu.co\/portal\/poder-popular-poder-constituyente-y-demacracion-hacia-la-republica-plebeya\/#primaryimage"},"thumbnailUrl":"https:\/\/www.ucaldas.edu.co\/portal\/wp-content\/uploads\/2021\/10\/seminario-derecho.jpg","keywords":["forum","seminario derecho","poder popular","rep\u00fablica plebeya"],"articleSection":["Actualidad","Universidad al D\u00eda","Eventos"],"inLanguage":"es"},{"@type":"WebPage","@id":"https:\/\/www.ucaldas.edu.co\/portal\/poder-popular-poder-constituyente-y-demacracion-hacia-la-republica-plebeya\/","url":"https:\/\/www.ucaldas.edu.co\/portal\/poder-popular-poder-constituyente-y-demacracion-hacia-la-republica-plebeya\/","name":"\u201cPoder popular, poder constituyente y democracia: hacia la Rep\u00fablica Plebeya\u201d .","isPartOf":{"@id":"https:\/\/www.ucaldas.edu.co\/portal\/#website"},"primaryImageOfPage":{"@id":"https:\/\/www.ucaldas.edu.co\/portal\/poder-popular-poder-constituyente-y-demacracion-hacia-la-republica-plebeya\/#primaryimage"},"image":{"@id":"https:\/\/www.ucaldas.edu.co\/portal\/poder-popular-poder-constituyente-y-demacracion-hacia-la-republica-plebeya\/#primaryimage"},"thumbnailUrl":"https:\/\/www.ucaldas.edu.co\/portal\/wp-content\/uploads\/2021\/10\/seminario-derecho.jpg","datePublished":"2021-10-12T21:44:53+00:00","dateModified":"2021-10-19T14:33:27+00:00","breadcrumb":{"@id":"https:\/\/www.ucaldas.edu.co\/portal\/poder-popular-poder-constituyente-y-demacracion-hacia-la-republica-plebeya\/#breadcrumb"},"inLanguage":"es","potentialAction":[{"@type":"ReadAction","target":["https:\/\/www.ucaldas.edu.co\/portal\/poder-popular-poder-constituyente-y-demacracion-hacia-la-republica-plebeya\/"]}]},{"@type":"ImageObject","inLanguage":"es","@id":"https:\/\/www.ucaldas.edu.co\/portal\/poder-popular-poder-constituyente-y-demacracion-hacia-la-republica-plebeya\/#primaryimage","url":"https:\/\/www.ucaldas.edu.co\/portal\/wp-content\/uploads\/2021\/10\/seminario-derecho.jpg","contentUrl":"https:\/\/www.ucaldas.edu.co\/portal\/wp-content\/uploads\/2021\/10\/seminario-derecho.jpg","width":700,"height":400},{"@type":"BreadcrumbList","@id":"https:\/\/www.ucaldas.edu.co\/portal\/poder-popular-poder-constituyente-y-demacracion-hacia-la-republica-plebeya\/#breadcrumb","itemListElement":[{"@type":"ListItem","position":1,"name":"Portada","item":"https:\/\/www.ucaldas.edu.co\/portal\/"},{"@type":"ListItem","position":2,"name":"\u201cPoder popular, poder constituyente y democracia: hacia la Rep\u00fablica Plebeya\u201d"}]},{"@type":"WebSite","@id":"https:\/\/www.ucaldas.edu.co\/portal\/#website","url":"https:\/\/www.ucaldas.edu.co\/portal\/","name":"Universidad de Caldas","description":"","publisher":{"@id":"https:\/\/www.ucaldas.edu.co\/portal\/#organization"},"alternateName":"U. de Caldas","potentialAction":[{"@type":"SearchAction","target":{"@type":"EntryPoint","urlTemplate":"https:\/\/www.ucaldas.edu.co\/portal\/?s={search_term_string}"},"query-input":{"@type":"PropertyValueSpecification","valueRequired":true,"valueName":"search_term_string"}}],"inLanguage":"es"},{"@type":"Organization","@id":"https:\/\/www.ucaldas.edu.co\/portal\/#organization","name":"Universidad de Caldas","alternateName":"U. de Caldas","url":"https:\/\/www.ucaldas.edu.co\/portal\/","logo":{"@type":"ImageObject","inLanguage":"es","@id":"https:\/\/www.ucaldas.edu.co\/portal\/#\/schema\/logo\/image\/","url":"https:\/\/www.ucaldas.edu.co\/portal\/wp-content\/uploads\/2023\/11\/Logo_horizontal_oscuroU-2023.png","contentUrl":"https:\/\/www.ucaldas.edu.co\/portal\/wp-content\/uploads\/2023\/11\/Logo_horizontal_oscuroU-2023.png","width":263,"height":101,"caption":"Universidad de Caldas"},"image":{"@id":"https:\/\/www.ucaldas.edu.co\/portal\/#\/schema\/logo\/image\/"},"sameAs":["https:\/\/www.facebook.com\/udecaldas","https:\/\/x.com\/udecaldas","https:\/\/www.youtube.com\/universidadcaldas","https:\/\/www.instagram.com\/udecaldas\/"]},{"@type":"Person","@id":"https:\/\/www.ucaldas.edu.co\/portal\/#\/schema\/person\/a1b482e23449158b4bc319926c074fdf","name":"ofiprensa","image":{"@type":"ImageObject","inLanguage":"es","@id":"https:\/\/www.ucaldas.edu.co\/portal\/wp-content\/litespeed\/avatar\/09ea5085e600095a7a811142c6944527.jpg?ver=1777497608","url":"https:\/\/www.ucaldas.edu.co\/portal\/wp-content\/litespeed\/avatar\/09ea5085e600095a7a811142c6944527.jpg?ver=1777497608","contentUrl":"https:\/\/www.ucaldas.edu.co\/portal\/wp-content\/litespeed\/avatar\/09ea5085e600095a7a811142c6944527.jpg?ver=1777497608","caption":"ofiprensa"},"url":"https:\/\/www.ucaldas.edu.co\/portal\/author\/ofiprensa\/"}]}},"_links":{"self":[{"href":"https:\/\/www.ucaldas.edu.co\/portal\/wp-json\/wp\/v2\/posts\/65785","targetHints":{"allow":["GET"]}}],"collection":[{"href":"https:\/\/www.ucaldas.edu.co\/portal\/wp-json\/wp\/v2\/posts"}],"about":[{"href":"https:\/\/www.ucaldas.edu.co\/portal\/wp-json\/wp\/v2\/types\/post"}],"author":[{"embeddable":true,"href":"https:\/\/www.ucaldas.edu.co\/portal\/wp-json\/wp\/v2\/users\/2"}],"replies":[{"embeddable":true,"href":"https:\/\/www.ucaldas.edu.co\/portal\/wp-json\/wp\/v2\/comments?post=65785"}],"version-history":[{"count":0,"href":"https:\/\/www.ucaldas.edu.co\/portal\/wp-json\/wp\/v2\/posts\/65785\/revisions"}],"wp:featuredmedia":[{"embeddable":true,"href":"https:\/\/www.ucaldas.edu.co\/portal\/wp-json\/wp\/v2\/media\/65786"}],"wp:attachment":[{"href":"https:\/\/www.ucaldas.edu.co\/portal\/wp-json\/wp\/v2\/media?parent=65785"}],"wp:term":[{"taxonomy":"category","embeddable":true,"href":"https:\/\/www.ucaldas.edu.co\/portal\/wp-json\/wp\/v2\/categories?post=65785"},{"taxonomy":"post_tag","embeddable":true,"href":"https:\/\/www.ucaldas.edu.co\/portal\/wp-json\/wp\/v2\/tags?post=65785"}],"curies":[{"name":"wp","href":"https:\/\/api.w.org\/{rel}","templated":true}]}}