{"id":65763,"date":"2021-10-11T23:17:09","date_gmt":"2021-10-11T23:17:09","guid":{"rendered":"https:\/\/www.ucaldas.edu.co\/portal\/?p=65763"},"modified":"2021-10-12T21:52:45","modified_gmt":"2021-10-12T21:52:45","slug":"las-trochas-de-la-memoria-historias-de-la-segunda-colonizacion-antioquena","status":"publish","type":"post","link":"https:\/\/www.ucaldas.edu.co\/portal\/las-trochas-de-la-memoria-historias-de-la-segunda-colonizacion-antioquena\/","title":{"rendered":"\u00abLas trochas de la memoria: historias de la segunda colonizaci\u00f3n Antioque\u00f1a\u201d"},"content":{"rendered":"<p style=\"text-align: center;\">C\u00c1TEDRA DE HISTORIA REGIONAL DE MANIZALES Y CALDAS \u2018AGRIPINA MONTES DEL VALLE\u2019<br \/>\n<strong>\u00abLas trochas de la memoria: historias de la segunda colonizaci\u00f3n Antioque\u00f1a\u201d<\/strong><\/p>\n<p style=\"text-align: right;\">11\/10\/2021<\/p>\n<p><img loading=\"lazy\" decoding=\"async\" class=\"size-full wp-image-65764 aligncenter\" src=\"https:\/\/www.ucaldas.edu.co\/portal\/wp-content\/uploads\/2021\/10\/Catedra-historia.jpg\" alt=\"\" width=\"700\" height=\"400\" srcset=\"https:\/\/www.ucaldas.edu.co\/portal\/wp-content\/uploads\/2021\/10\/Catedra-historia.jpg 700w, https:\/\/www.ucaldas.edu.co\/portal\/wp-content\/uploads\/2021\/10\/Catedra-historia-300x171.jpg 300w\" sizes=\"auto, (max-width: 700px) 100vw, 700px\" \/><\/p>\n<p>Este martes 12 de octubre desde las 6:30 p.m., se transmitir\u00e1 la d\u00e9cima sesi\u00f3n de la C\u00e1tedra de Historia Regional de Manizales y Caldas \u2018Agripina Montes del Valle\u2019, que tendr\u00e1 como invitado al escritor colombiano, Jos\u00e9 Jaramillo Mej\u00eda.<\/p>\n<p><!--more--><\/p>\n<p>En esta sesi\u00f3n se abordar\u00e1 el tema \u00abLas trochas de la memoria: historias de la segunda colonizaci\u00f3n Antioque\u00f1a\u201d, donde se hablar\u00e1 sobre las familias antioque\u00f1as que llegaron a la regi\u00f3n caldense, su forma de vida, las razones para llegar a este territorio, c\u00f3mo fue su traves\u00eda, c\u00f3mo se organizaron, entre otros aspectos, tomando como referencia las familias Jaramillo Guzm\u00e1n y Mej\u00eda Palacio.<\/p>\n<p>Jos\u00e9 Jaramillo Mej\u00eda naci\u00f3 en La Tebaida, y desde 1978 reside en Manizales, donde se desempe\u00f1\u00f3 como columnista en el peri\u00f3dico La Patria. Ha escrito 18 libros en g\u00e9neros como la cr\u00f3nica, la historia, la poes\u00eda y la biograf\u00eda. En Manizales desarroll\u00f3 actividades comerciales, financieras y culturales, y actualmente se dedica a la escritura.<\/p>\n<p><strong>Anexos:<\/strong><\/p>\n<p><strong><a href=\"https:\/\/www.piedramani.com\/?fbclid=IwAR1FYq3XQuhFvQ1vt6szubscISv2GAZohv0JsM0ihmsjWtc4-6p7qf4LJn4\">Inscripciones al evento a trav\u00e9s de Zoom aqu\u00ed.<\/a><\/strong><\/p>\n<p><strong><a href=\"https:\/\/bit.ly\/3BDW5iS\" target=\"_blank\" rel=\"noopener\">Transmisi\u00f3n Aqu\u00ed<\/a><\/strong><\/p>\n<p>&nbsp;<\/p>\n<p><strong>Informes: <\/strong>Oficina de Comunicaciones y Prensa Universidad de Caldas.<\/p>\n<p><strong>Redacci\u00f3n:<\/strong> Mateo Buritic\u00e1 Giraldo<\/p>\n<p>&nbsp;<\/p>\n","protected":false},"excerpt":{"rendered":"<p>C\u00c1TEDRA DE HISTORIA REGIONAL DE MANIZALES Y CALDAS \u2018AGRIPINA MONTES DEL VALLE\u2019 \u00abLas trochas de la memoria: historias de la segunda colonizaci\u00f3n Antioque\u00f1a\u201d 11\/10\/2021 Este martes 12 de octubre desde las 6:30 p.m., se transmitir\u00e1 la d\u00e9cima sesi\u00f3n de la C\u00e1tedra de Historia Regional de Manizales y Caldas \u2018Agripina Montes del Valle\u2019, que tendr\u00e1 como [&hellip;]<\/p>\n","protected":false},"author":2,"featured_media":65764,"comment_status":"closed","ping_status":"open","sticky":false,"template":"","format":"standard","meta":{"footnotes":""},"categories":[48,53,62],"tags":[7332,7333,7334],"class_list":["post-65763","post","type-post","status-publish","format-standard","has-post-thumbnail","hentry","category-actualidad","category-universidad-al-dia","category-eventos","tag-las-trochas-de-la-memoria","tag-catedra-regional","tag-historia-de-manizales-y-caldas"],"yoast_head":"<!-- This site is optimized with the Yoast SEO plugin v27.5 - https:\/\/yoast.com\/product\/yoast-seo-wordpress\/ -->\n<title>&quot;Las trochas de la memoria: historias de la segunda colonizaci\u00f3n Antioque\u00f1a\u201d .<\/title>\n<meta name=\"robots\" content=\"index, follow, max-snippet:-1, max-image-preview:large, max-video-preview:-1\" \/>\n<link rel=\"canonical\" href=\"https:\/\/www.ucaldas.edu.co\/portal\/las-trochas-de-la-memoria-historias-de-la-segunda-colonizacion-antioquena\/\" \/>\n<script type=\"application\/ld+json\" class=\"yoast-schema-graph\">{\"@context\":\"https:\\\/\\\/schema.org\",\"@graph\":[{\"@type\":\"Article\",\"@id\":\"https:\\\/\\\/www.ucaldas.edu.co\\\/portal\\\/las-trochas-de-la-memoria-historias-de-la-segunda-colonizacion-antioquena\\\/#article\",\"isPartOf\":{\"@id\":\"https:\\\/\\\/www.ucaldas.edu.co\\\/portal\\\/las-trochas-de-la-memoria-historias-de-la-segunda-colonizacion-antioquena\\\/\"},\"author\":{\"name\":\"ofiprensa\",\"@id\":\"https:\\\/\\\/www.ucaldas.edu.co\\\/portal\\\/#\\\/schema\\\/person\\\/a1b482e23449158b4bc319926c074fdf\"},\"headline\":\"\u00abLas trochas de la memoria: historias de la segunda colonizaci\u00f3n Antioque\u00f1a\u201d\",\"datePublished\":\"2021-10-11T23:17:09+00:00\",\"dateModified\":\"2021-10-12T21:52:45+00:00\",\"mainEntityOfPage\":{\"@id\":\"https:\\\/\\\/www.ucaldas.edu.co\\\/portal\\\/las-trochas-de-la-memoria-historias-de-la-segunda-colonizacion-antioquena\\\/\"},\"wordCount\":239,\"publisher\":{\"@id\":\"https:\\\/\\\/www.ucaldas.edu.co\\\/portal\\\/#organization\"},\"image\":{\"@id\":\"https:\\\/\\\/www.ucaldas.edu.co\\\/portal\\\/las-trochas-de-la-memoria-historias-de-la-segunda-colonizacion-antioquena\\\/#primaryimage\"},\"thumbnailUrl\":\"https:\\\/\\\/www.ucaldas.edu.co\\\/portal\\\/wp-content\\\/uploads\\\/2021\\\/10\\\/Catedra-historia.jpg\",\"keywords\":[\"las trochas de la memoria\",\"c\u00e1tedra regional\",\"historia de manizales y caldas\"],\"articleSection\":[\"Actualidad\",\"Universidad al D\u00eda\",\"Eventos\"],\"inLanguage\":\"es\"},{\"@type\":\"WebPage\",\"@id\":\"https:\\\/\\\/www.ucaldas.edu.co\\\/portal\\\/las-trochas-de-la-memoria-historias-de-la-segunda-colonizacion-antioquena\\\/\",\"url\":\"https:\\\/\\\/www.ucaldas.edu.co\\\/portal\\\/las-trochas-de-la-memoria-historias-de-la-segunda-colonizacion-antioquena\\\/\",\"name\":\"\\\"Las trochas de la memoria: historias de la segunda colonizaci\u00f3n Antioque\u00f1a\u201d .\",\"isPartOf\":{\"@id\":\"https:\\\/\\\/www.ucaldas.edu.co\\\/portal\\\/#website\"},\"primaryImageOfPage\":{\"@id\":\"https:\\\/\\\/www.ucaldas.edu.co\\\/portal\\\/las-trochas-de-la-memoria-historias-de-la-segunda-colonizacion-antioquena\\\/#primaryimage\"},\"image\":{\"@id\":\"https:\\\/\\\/www.ucaldas.edu.co\\\/portal\\\/las-trochas-de-la-memoria-historias-de-la-segunda-colonizacion-antioquena\\\/#primaryimage\"},\"thumbnailUrl\":\"https:\\\/\\\/www.ucaldas.edu.co\\\/portal\\\/wp-content\\\/uploads\\\/2021\\\/10\\\/Catedra-historia.jpg\",\"datePublished\":\"2021-10-11T23:17:09+00:00\",\"dateModified\":\"2021-10-12T21:52:45+00:00\",\"breadcrumb\":{\"@id\":\"https:\\\/\\\/www.ucaldas.edu.co\\\/portal\\\/las-trochas-de-la-memoria-historias-de-la-segunda-colonizacion-antioquena\\\/#breadcrumb\"},\"inLanguage\":\"es\",\"potentialAction\":[{\"@type\":\"ReadAction\",\"target\":[\"https:\\\/\\\/www.ucaldas.edu.co\\\/portal\\\/las-trochas-de-la-memoria-historias-de-la-segunda-colonizacion-antioquena\\\/\"]}]},{\"@type\":\"ImageObject\",\"inLanguage\":\"es\",\"@id\":\"https:\\\/\\\/www.ucaldas.edu.co\\\/portal\\\/las-trochas-de-la-memoria-historias-de-la-segunda-colonizacion-antioquena\\\/#primaryimage\",\"url\":\"https:\\\/\\\/www.ucaldas.edu.co\\\/portal\\\/wp-content\\\/uploads\\\/2021\\\/10\\\/Catedra-historia.jpg\",\"contentUrl\":\"https:\\\/\\\/www.ucaldas.edu.co\\\/portal\\\/wp-content\\\/uploads\\\/2021\\\/10\\\/Catedra-historia.jpg\",\"width\":700,\"height\":400},{\"@type\":\"BreadcrumbList\",\"@id\":\"https:\\\/\\\/www.ucaldas.edu.co\\\/portal\\\/las-trochas-de-la-memoria-historias-de-la-segunda-colonizacion-antioquena\\\/#breadcrumb\",\"itemListElement\":[{\"@type\":\"ListItem\",\"position\":1,\"name\":\"Portada\",\"item\":\"https:\\\/\\\/www.ucaldas.edu.co\\\/portal\\\/\"},{\"@type\":\"ListItem\",\"position\":2,\"name\":\"\u00abLas trochas de la memoria: historias de la segunda colonizaci\u00f3n Antioque\u00f1a\u201d\"}]},{\"@type\":\"WebSite\",\"@id\":\"https:\\\/\\\/www.ucaldas.edu.co\\\/portal\\\/#website\",\"url\":\"https:\\\/\\\/www.ucaldas.edu.co\\\/portal\\\/\",\"name\":\"Universidad de Caldas\",\"description\":\"\",\"publisher\":{\"@id\":\"https:\\\/\\\/www.ucaldas.edu.co\\\/portal\\\/#organization\"},\"alternateName\":\"U. de Caldas\",\"potentialAction\":[{\"@type\":\"SearchAction\",\"target\":{\"@type\":\"EntryPoint\",\"urlTemplate\":\"https:\\\/\\\/www.ucaldas.edu.co\\\/portal\\\/?s={search_term_string}\"},\"query-input\":{\"@type\":\"PropertyValueSpecification\",\"valueRequired\":true,\"valueName\":\"search_term_string\"}}],\"inLanguage\":\"es\"},{\"@type\":\"Organization\",\"@id\":\"https:\\\/\\\/www.ucaldas.edu.co\\\/portal\\\/#organization\",\"name\":\"Universidad de Caldas\",\"alternateName\":\"U. de Caldas\",\"url\":\"https:\\\/\\\/www.ucaldas.edu.co\\\/portal\\\/\",\"logo\":{\"@type\":\"ImageObject\",\"inLanguage\":\"es\",\"@id\":\"https:\\\/\\\/www.ucaldas.edu.co\\\/portal\\\/#\\\/schema\\\/logo\\\/image\\\/\",\"url\":\"https:\\\/\\\/www.ucaldas.edu.co\\\/portal\\\/wp-content\\\/uploads\\\/2023\\\/11\\\/Logo_horizontal_oscuroU-2023.png\",\"contentUrl\":\"https:\\\/\\\/www.ucaldas.edu.co\\\/portal\\\/wp-content\\\/uploads\\\/2023\\\/11\\\/Logo_horizontal_oscuroU-2023.png\",\"width\":263,\"height\":101,\"caption\":\"Universidad de Caldas\"},\"image\":{\"@id\":\"https:\\\/\\\/www.ucaldas.edu.co\\\/portal\\\/#\\\/schema\\\/logo\\\/image\\\/\"},\"sameAs\":[\"https:\\\/\\\/www.facebook.com\\\/udecaldas\",\"https:\\\/\\\/x.com\\\/udecaldas\",\"https:\\\/\\\/www.youtube.com\\\/universidadcaldas\",\"https:\\\/\\\/www.instagram.com\\\/udecaldas\\\/\"]},{\"@type\":\"Person\",\"@id\":\"https:\\\/\\\/www.ucaldas.edu.co\\\/portal\\\/#\\\/schema\\\/person\\\/a1b482e23449158b4bc319926c074fdf\",\"name\":\"ofiprensa\",\"image\":{\"@type\":\"ImageObject\",\"inLanguage\":\"es\",\"@id\":\"https:\\\/\\\/www.ucaldas.edu.co\\\/portal\\\/wp-content\\\/litespeed\\\/avatar\\\/09ea5085e600095a7a811142c6944527.jpg?ver=1777497608\",\"url\":\"https:\\\/\\\/www.ucaldas.edu.co\\\/portal\\\/wp-content\\\/litespeed\\\/avatar\\\/09ea5085e600095a7a811142c6944527.jpg?ver=1777497608\",\"contentUrl\":\"https:\\\/\\\/www.ucaldas.edu.co\\\/portal\\\/wp-content\\\/litespeed\\\/avatar\\\/09ea5085e600095a7a811142c6944527.jpg?ver=1777497608\",\"caption\":\"ofiprensa\"},\"url\":\"https:\\\/\\\/www.ucaldas.edu.co\\\/portal\\\/author\\\/ofiprensa\\\/\"}]}<\/script>\n<!-- \/ Yoast SEO plugin. -->","yoast_head_json":{"title":"\"Las trochas de la memoria: historias de la segunda colonizaci\u00f3n Antioque\u00f1a\u201d .","robots":{"index":"index","follow":"follow","max-snippet":"max-snippet:-1","max-image-preview":"max-image-preview:large","max-video-preview":"max-video-preview:-1"},"canonical":"https:\/\/www.ucaldas.edu.co\/portal\/las-trochas-de-la-memoria-historias-de-la-segunda-colonizacion-antioquena\/","schema":{"@context":"https:\/\/schema.org","@graph":[{"@type":"Article","@id":"https:\/\/www.ucaldas.edu.co\/portal\/las-trochas-de-la-memoria-historias-de-la-segunda-colonizacion-antioquena\/#article","isPartOf":{"@id":"https:\/\/www.ucaldas.edu.co\/portal\/las-trochas-de-la-memoria-historias-de-la-segunda-colonizacion-antioquena\/"},"author":{"name":"ofiprensa","@id":"https:\/\/www.ucaldas.edu.co\/portal\/#\/schema\/person\/a1b482e23449158b4bc319926c074fdf"},"headline":"\u00abLas trochas de la memoria: historias de la segunda colonizaci\u00f3n Antioque\u00f1a\u201d","datePublished":"2021-10-11T23:17:09+00:00","dateModified":"2021-10-12T21:52:45+00:00","mainEntityOfPage":{"@id":"https:\/\/www.ucaldas.edu.co\/portal\/las-trochas-de-la-memoria-historias-de-la-segunda-colonizacion-antioquena\/"},"wordCount":239,"publisher":{"@id":"https:\/\/www.ucaldas.edu.co\/portal\/#organization"},"image":{"@id":"https:\/\/www.ucaldas.edu.co\/portal\/las-trochas-de-la-memoria-historias-de-la-segunda-colonizacion-antioquena\/#primaryimage"},"thumbnailUrl":"https:\/\/www.ucaldas.edu.co\/portal\/wp-content\/uploads\/2021\/10\/Catedra-historia.jpg","keywords":["las trochas de la memoria","c\u00e1tedra regional","historia de manizales y caldas"],"articleSection":["Actualidad","Universidad al D\u00eda","Eventos"],"inLanguage":"es"},{"@type":"WebPage","@id":"https:\/\/www.ucaldas.edu.co\/portal\/las-trochas-de-la-memoria-historias-de-la-segunda-colonizacion-antioquena\/","url":"https:\/\/www.ucaldas.edu.co\/portal\/las-trochas-de-la-memoria-historias-de-la-segunda-colonizacion-antioquena\/","name":"\"Las trochas de la memoria: historias de la segunda colonizaci\u00f3n Antioque\u00f1a\u201d .","isPartOf":{"@id":"https:\/\/www.ucaldas.edu.co\/portal\/#website"},"primaryImageOfPage":{"@id":"https:\/\/www.ucaldas.edu.co\/portal\/las-trochas-de-la-memoria-historias-de-la-segunda-colonizacion-antioquena\/#primaryimage"},"image":{"@id":"https:\/\/www.ucaldas.edu.co\/portal\/las-trochas-de-la-memoria-historias-de-la-segunda-colonizacion-antioquena\/#primaryimage"},"thumbnailUrl":"https:\/\/www.ucaldas.edu.co\/portal\/wp-content\/uploads\/2021\/10\/Catedra-historia.jpg","datePublished":"2021-10-11T23:17:09+00:00","dateModified":"2021-10-12T21:52:45+00:00","breadcrumb":{"@id":"https:\/\/www.ucaldas.edu.co\/portal\/las-trochas-de-la-memoria-historias-de-la-segunda-colonizacion-antioquena\/#breadcrumb"},"inLanguage":"es","potentialAction":[{"@type":"ReadAction","target":["https:\/\/www.ucaldas.edu.co\/portal\/las-trochas-de-la-memoria-historias-de-la-segunda-colonizacion-antioquena\/"]}]},{"@type":"ImageObject","inLanguage":"es","@id":"https:\/\/www.ucaldas.edu.co\/portal\/las-trochas-de-la-memoria-historias-de-la-segunda-colonizacion-antioquena\/#primaryimage","url":"https:\/\/www.ucaldas.edu.co\/portal\/wp-content\/uploads\/2021\/10\/Catedra-historia.jpg","contentUrl":"https:\/\/www.ucaldas.edu.co\/portal\/wp-content\/uploads\/2021\/10\/Catedra-historia.jpg","width":700,"height":400},{"@type":"BreadcrumbList","@id":"https:\/\/www.ucaldas.edu.co\/portal\/las-trochas-de-la-memoria-historias-de-la-segunda-colonizacion-antioquena\/#breadcrumb","itemListElement":[{"@type":"ListItem","position":1,"name":"Portada","item":"https:\/\/www.ucaldas.edu.co\/portal\/"},{"@type":"ListItem","position":2,"name":"\u00abLas trochas de la memoria: historias de la segunda colonizaci\u00f3n Antioque\u00f1a\u201d"}]},{"@type":"WebSite","@id":"https:\/\/www.ucaldas.edu.co\/portal\/#website","url":"https:\/\/www.ucaldas.edu.co\/portal\/","name":"Universidad de Caldas","description":"","publisher":{"@id":"https:\/\/www.ucaldas.edu.co\/portal\/#organization"},"alternateName":"U. de Caldas","potentialAction":[{"@type":"SearchAction","target":{"@type":"EntryPoint","urlTemplate":"https:\/\/www.ucaldas.edu.co\/portal\/?s={search_term_string}"},"query-input":{"@type":"PropertyValueSpecification","valueRequired":true,"valueName":"search_term_string"}}],"inLanguage":"es"},{"@type":"Organization","@id":"https:\/\/www.ucaldas.edu.co\/portal\/#organization","name":"Universidad de Caldas","alternateName":"U. de Caldas","url":"https:\/\/www.ucaldas.edu.co\/portal\/","logo":{"@type":"ImageObject","inLanguage":"es","@id":"https:\/\/www.ucaldas.edu.co\/portal\/#\/schema\/logo\/image\/","url":"https:\/\/www.ucaldas.edu.co\/portal\/wp-content\/uploads\/2023\/11\/Logo_horizontal_oscuroU-2023.png","contentUrl":"https:\/\/www.ucaldas.edu.co\/portal\/wp-content\/uploads\/2023\/11\/Logo_horizontal_oscuroU-2023.png","width":263,"height":101,"caption":"Universidad de Caldas"},"image":{"@id":"https:\/\/www.ucaldas.edu.co\/portal\/#\/schema\/logo\/image\/"},"sameAs":["https:\/\/www.facebook.com\/udecaldas","https:\/\/x.com\/udecaldas","https:\/\/www.youtube.com\/universidadcaldas","https:\/\/www.instagram.com\/udecaldas\/"]},{"@type":"Person","@id":"https:\/\/www.ucaldas.edu.co\/portal\/#\/schema\/person\/a1b482e23449158b4bc319926c074fdf","name":"ofiprensa","image":{"@type":"ImageObject","inLanguage":"es","@id":"https:\/\/www.ucaldas.edu.co\/portal\/wp-content\/litespeed\/avatar\/09ea5085e600095a7a811142c6944527.jpg?ver=1777497608","url":"https:\/\/www.ucaldas.edu.co\/portal\/wp-content\/litespeed\/avatar\/09ea5085e600095a7a811142c6944527.jpg?ver=1777497608","contentUrl":"https:\/\/www.ucaldas.edu.co\/portal\/wp-content\/litespeed\/avatar\/09ea5085e600095a7a811142c6944527.jpg?ver=1777497608","caption":"ofiprensa"},"url":"https:\/\/www.ucaldas.edu.co\/portal\/author\/ofiprensa\/"}]}},"_links":{"self":[{"href":"https:\/\/www.ucaldas.edu.co\/portal\/wp-json\/wp\/v2\/posts\/65763","targetHints":{"allow":["GET"]}}],"collection":[{"href":"https:\/\/www.ucaldas.edu.co\/portal\/wp-json\/wp\/v2\/posts"}],"about":[{"href":"https:\/\/www.ucaldas.edu.co\/portal\/wp-json\/wp\/v2\/types\/post"}],"author":[{"embeddable":true,"href":"https:\/\/www.ucaldas.edu.co\/portal\/wp-json\/wp\/v2\/users\/2"}],"replies":[{"embeddable":true,"href":"https:\/\/www.ucaldas.edu.co\/portal\/wp-json\/wp\/v2\/comments?post=65763"}],"version-history":[{"count":0,"href":"https:\/\/www.ucaldas.edu.co\/portal\/wp-json\/wp\/v2\/posts\/65763\/revisions"}],"wp:featuredmedia":[{"embeddable":true,"href":"https:\/\/www.ucaldas.edu.co\/portal\/wp-json\/wp\/v2\/media\/65764"}],"wp:attachment":[{"href":"https:\/\/www.ucaldas.edu.co\/portal\/wp-json\/wp\/v2\/media?parent=65763"}],"wp:term":[{"taxonomy":"category","embeddable":true,"href":"https:\/\/www.ucaldas.edu.co\/portal\/wp-json\/wp\/v2\/categories?post=65763"},{"taxonomy":"post_tag","embeddable":true,"href":"https:\/\/www.ucaldas.edu.co\/portal\/wp-json\/wp\/v2\/tags?post=65763"}],"curies":[{"name":"wp","href":"https:\/\/api.w.org\/{rel}","templated":true}]}}