{"id":65692,"date":"2021-10-07T22:30:24","date_gmt":"2021-10-07T22:30:24","guid":{"rendered":"https:\/\/www.ucaldas.edu.co\/portal\/?p=65692"},"modified":"2021-10-07T22:30:24","modified_gmt":"2021-10-07T22:30:24","slug":"conversatorio-shock-y-resistencia-en-colombia-construccion-de-paz-para-el-posacuerdo","status":"publish","type":"post","link":"https:\/\/www.ucaldas.edu.co\/portal\/conversatorio-shock-y-resistencia-en-colombia-construccion-de-paz-para-el-posacuerdo\/","title":{"rendered":"Conversatorio \u201cShock y resistencia en Colombia: construcci\u00f3n de paz para el posacuerdo\u201d"},"content":{"rendered":"<p style=\"text-align: center;\">CONVERSATORIOS Y TALLERES \u2018EN RAZ\u00d3N DE LAS TUMBAS\u2019<br \/>\n<strong>Conversatorio \u201cShock y resistencia en Colombia: construcci\u00f3n de paz para el posacuerdo\u201d<\/strong><\/p>\n<p style=\"text-align: right;\">07\/10\/2021<\/p>\n<p><img loading=\"lazy\" decoding=\"async\" class=\"alignnone size-full wp-image-65693\" src=\"https:\/\/www.ucaldas.edu.co\/portal\/wp-content\/uploads\/2021\/10\/tumbas.jpg\" alt=\"\" width=\"1980\" height=\"1080\" srcset=\"https:\/\/www.ucaldas.edu.co\/portal\/wp-content\/uploads\/2021\/10\/tumbas.jpg 1980w, https:\/\/www.ucaldas.edu.co\/portal\/wp-content\/uploads\/2021\/10\/tumbas-300x164.jpg 300w, https:\/\/www.ucaldas.edu.co\/portal\/wp-content\/uploads\/2021\/10\/tumbas-1024x559.jpg 1024w, https:\/\/www.ucaldas.edu.co\/portal\/wp-content\/uploads\/2021\/10\/tumbas-768x419.jpg 768w, https:\/\/www.ucaldas.edu.co\/portal\/wp-content\/uploads\/2021\/10\/tumbas-1536x838.jpg 1536w\" sizes=\"auto, (max-width: 1980px) 100vw, 1980px\" \/>El ciclo de conversatorios y talleres \u2018En raz\u00f3n de las tumbas\u2019, llev\u00f3 a cabo el conversatorio \u201cShock y resistencia en Colombia: construcci\u00f3n de paz para el posacuerdo\u201d, a trav\u00e9s del Facebook Live del Centro de Museos de la Universidad de Caldas.<\/p>\n<p><!--more--><\/p>\n<p>El conversatorio estar\u00e1 a cargo del docente Luis Felipe Castrill\u00f3n, doctor en Historia de la Universidad Pablo de Olavide; y el docente Ricardo Alberto Casta\u00f1o Zapata, doctor en Historia de la Universidad Estatal de Voronezh.<\/p>\n<p>Los docentes del departamento de Historia y Geograf\u00eda de la instituci\u00f3n, son investigadores de la historia pol\u00edtica y el conflicto colombiano; adem\u00e1s coordinan el semillero de investigaci\u00f3n \u2018Cotidianidad, violencia, memoria y reparaci\u00f3n COVIMERE\u2019; y son los autores del libro \u201cShock y resistencia en Colombia: construcci\u00f3n de paz para el posacuerdo\u201d.<\/p>\n<p>El conversatorio gir\u00f3 en torno al libro y a la exposici\u00f3n \u201cEn raz\u00f3n de las tumbas\u201d del artista Alejandro Valencia, la cual se encuentra exhibida en el Centro de Museos<\/p>\n<p>Castrill\u00f3n manifest\u00f3 que \u201cEn raz\u00f3n de las tumbas\u201d hace un an\u00e1lisis del texto por medio de una propuesta art\u00edstica, haciendo uso de todo el bloque hist\u00f3rico, resaltando c\u00f3mo la violencia ha impactado el presente. Agrega que tambi\u00e9n se visualizan las din\u00e1micas de la resistencia, el campo, el campesino, Lo movimientos sociales, las luchas pol\u00edticas, la dignidad campesina y humana, instaurado el museo como dispositivo que evoca los diversos panoramas del pa\u00eds.<\/p>\n<p>&nbsp;<\/p>\n<p><strong><a href=\"https:\/\/web.facebook.com\/Centro-De-Museos-U-Caldas-105238801877852\/?ref=page_internal\">Reviva el conversatorio aqu\u00ed.<\/a><\/strong><\/p>\n<p>Si desea visitar la exposici\u00f3n, puede hacer su solicitud al correo museo@ucaldas.edu.co<\/p>\n<p>&nbsp;<\/p>\n<p><strong>Anexo:<\/strong><\/p>\n<p><strong><a href=\"https:\/\/www.ivoox.com\/luis-felipe-castrillon-8211-docente-departamento-historia-audios-mp3_rf_76528970_1.html\">Audio Luis Felipe Castrill\u00f3n \u2013 docente departamento de Historia y Geograf\u00eda.<iframe loading=\"lazy\" src=\"https:\/\/co.ivoox.com\/es\/player_ek_76528970_2_1.html?data=mJuilJ2de5Ghhpywj5WVaZS1k5eah5yncZKhhpywj5WRaZi3jpWah5ynca3pytiYqMrQrdHZjKjO1dnWrc3ghqigh6eXsoyZk5uSlJicdpKlhpivjcnTp8bi1cqYxsrUpdPowtLS0NnTb8XZjoqkpZKnpc3YwtiYo8nRb7ahhpywj5k.&amp;\" width=\"238\" height=\"48\" frameborder=\"0\" scrolling=\"no\" allowfullscreen=\"allowfullscreen\"><\/iframe><\/a><\/strong><\/p>\n<p>&nbsp;<\/p>\n<p>&nbsp;<\/p>\n<p><strong>Informes: <\/strong>Oficina de Comunicaciones y Prensa Universidad de Caldas.<\/p>\n<p><strong>Redacci\u00f3n:<\/strong> Mateo Buritic\u00e1 Giraldo<\/p>\n<p>&nbsp;<\/p>\n","protected":false},"excerpt":{"rendered":"<p>CONVERSATORIOS Y TALLERES \u2018EN RAZ\u00d3N DE LAS TUMBAS\u2019 Conversatorio \u201cShock y resistencia en Colombia: construcci\u00f3n de paz para el posacuerdo\u201d 07\/10\/2021 El ciclo de conversatorios y talleres \u2018En raz\u00f3n de las tumbas\u2019, llev\u00f3 a cabo el conversatorio \u201cShock y resistencia en Colombia: construcci\u00f3n de paz para el posacuerdo\u201d, a trav\u00e9s del Facebook Live del Centro [&hellip;]<\/p>\n","protected":false},"author":2,"featured_media":65693,"comment_status":"closed","ping_status":"open","sticky":false,"template":"","format":"standard","meta":{"footnotes":""},"categories":[48,53,62],"tags":[7171,7308,7309],"class_list":["post-65692","post","type-post","status-publish","format-standard","has-post-thumbnail","hentry","category-actualidad","category-universidad-al-dia","category-eventos","tag-exposicion-museos","tag-en-razon-de-las-tumbas","tag-posacuerdo-colombia"],"yoast_head":"<!-- This site is optimized with the Yoast SEO plugin v27.4 - https:\/\/yoast.com\/product\/yoast-seo-wordpress\/ -->\n<title>Conversatorio \u201cShock y resistencia en Colombia: construcci\u00f3n de paz para el posacuerdo\u201d .<\/title>\n<meta name=\"robots\" content=\"index, follow, max-snippet:-1, max-image-preview:large, max-video-preview:-1\" \/>\n<link rel=\"canonical\" href=\"https:\/\/www.ucaldas.edu.co\/portal\/conversatorio-shock-y-resistencia-en-colombia-construccion-de-paz-para-el-posacuerdo\/\" \/>\n<script type=\"application\/ld+json\" class=\"yoast-schema-graph\">{\"@context\":\"https:\\\/\\\/schema.org\",\"@graph\":[{\"@type\":\"Article\",\"@id\":\"https:\\\/\\\/www.ucaldas.edu.co\\\/portal\\\/conversatorio-shock-y-resistencia-en-colombia-construccion-de-paz-para-el-posacuerdo\\\/#article\",\"isPartOf\":{\"@id\":\"https:\\\/\\\/www.ucaldas.edu.co\\\/portal\\\/conversatorio-shock-y-resistencia-en-colombia-construccion-de-paz-para-el-posacuerdo\\\/\"},\"author\":{\"name\":\"ofiprensa\",\"@id\":\"https:\\\/\\\/www.ucaldas.edu.co\\\/portal\\\/#\\\/schema\\\/person\\\/a1b482e23449158b4bc319926c074fdf\"},\"headline\":\"Conversatorio \u201cShock y resistencia en Colombia: construcci\u00f3n de paz para el posacuerdo\u201d\",\"datePublished\":\"2021-10-07T22:30:24+00:00\",\"mainEntityOfPage\":{\"@id\":\"https:\\\/\\\/www.ucaldas.edu.co\\\/portal\\\/conversatorio-shock-y-resistencia-en-colombia-construccion-de-paz-para-el-posacuerdo\\\/\"},\"wordCount\":338,\"publisher\":{\"@id\":\"https:\\\/\\\/www.ucaldas.edu.co\\\/portal\\\/#organization\"},\"image\":{\"@id\":\"https:\\\/\\\/www.ucaldas.edu.co\\\/portal\\\/conversatorio-shock-y-resistencia-en-colombia-construccion-de-paz-para-el-posacuerdo\\\/#primaryimage\"},\"thumbnailUrl\":\"https:\\\/\\\/www.ucaldas.edu.co\\\/portal\\\/wp-content\\\/uploads\\\/2021\\\/10\\\/tumbas.jpg\",\"keywords\":[\"exposici\u00f3n museos\",\"en raz\u00f3n de las tumbas\",\"posacuerdo colombia\"],\"articleSection\":[\"Actualidad\",\"Universidad al D\u00eda\",\"Eventos\"],\"inLanguage\":\"es\"},{\"@type\":\"WebPage\",\"@id\":\"https:\\\/\\\/www.ucaldas.edu.co\\\/portal\\\/conversatorio-shock-y-resistencia-en-colombia-construccion-de-paz-para-el-posacuerdo\\\/\",\"url\":\"https:\\\/\\\/www.ucaldas.edu.co\\\/portal\\\/conversatorio-shock-y-resistencia-en-colombia-construccion-de-paz-para-el-posacuerdo\\\/\",\"name\":\"Conversatorio \u201cShock y resistencia en Colombia: construcci\u00f3n de paz para el posacuerdo\u201d .\",\"isPartOf\":{\"@id\":\"https:\\\/\\\/www.ucaldas.edu.co\\\/portal\\\/#website\"},\"primaryImageOfPage\":{\"@id\":\"https:\\\/\\\/www.ucaldas.edu.co\\\/portal\\\/conversatorio-shock-y-resistencia-en-colombia-construccion-de-paz-para-el-posacuerdo\\\/#primaryimage\"},\"image\":{\"@id\":\"https:\\\/\\\/www.ucaldas.edu.co\\\/portal\\\/conversatorio-shock-y-resistencia-en-colombia-construccion-de-paz-para-el-posacuerdo\\\/#primaryimage\"},\"thumbnailUrl\":\"https:\\\/\\\/www.ucaldas.edu.co\\\/portal\\\/wp-content\\\/uploads\\\/2021\\\/10\\\/tumbas.jpg\",\"datePublished\":\"2021-10-07T22:30:24+00:00\",\"breadcrumb\":{\"@id\":\"https:\\\/\\\/www.ucaldas.edu.co\\\/portal\\\/conversatorio-shock-y-resistencia-en-colombia-construccion-de-paz-para-el-posacuerdo\\\/#breadcrumb\"},\"inLanguage\":\"es\",\"potentialAction\":[{\"@type\":\"ReadAction\",\"target\":[\"https:\\\/\\\/www.ucaldas.edu.co\\\/portal\\\/conversatorio-shock-y-resistencia-en-colombia-construccion-de-paz-para-el-posacuerdo\\\/\"]}]},{\"@type\":\"ImageObject\",\"inLanguage\":\"es\",\"@id\":\"https:\\\/\\\/www.ucaldas.edu.co\\\/portal\\\/conversatorio-shock-y-resistencia-en-colombia-construccion-de-paz-para-el-posacuerdo\\\/#primaryimage\",\"url\":\"https:\\\/\\\/www.ucaldas.edu.co\\\/portal\\\/wp-content\\\/uploads\\\/2021\\\/10\\\/tumbas.jpg\",\"contentUrl\":\"https:\\\/\\\/www.ucaldas.edu.co\\\/portal\\\/wp-content\\\/uploads\\\/2021\\\/10\\\/tumbas.jpg\",\"width\":1980,\"height\":1080},{\"@type\":\"BreadcrumbList\",\"@id\":\"https:\\\/\\\/www.ucaldas.edu.co\\\/portal\\\/conversatorio-shock-y-resistencia-en-colombia-construccion-de-paz-para-el-posacuerdo\\\/#breadcrumb\",\"itemListElement\":[{\"@type\":\"ListItem\",\"position\":1,\"name\":\"Portada\",\"item\":\"https:\\\/\\\/www.ucaldas.edu.co\\\/portal\\\/\"},{\"@type\":\"ListItem\",\"position\":2,\"name\":\"Conversatorio \u201cShock y resistencia en Colombia: construcci\u00f3n de paz para el posacuerdo\u201d\"}]},{\"@type\":\"WebSite\",\"@id\":\"https:\\\/\\\/www.ucaldas.edu.co\\\/portal\\\/#website\",\"url\":\"https:\\\/\\\/www.ucaldas.edu.co\\\/portal\\\/\",\"name\":\"Universidad de Caldas\",\"description\":\"\",\"publisher\":{\"@id\":\"https:\\\/\\\/www.ucaldas.edu.co\\\/portal\\\/#organization\"},\"alternateName\":\"U. de Caldas\",\"potentialAction\":[{\"@type\":\"SearchAction\",\"target\":{\"@type\":\"EntryPoint\",\"urlTemplate\":\"https:\\\/\\\/www.ucaldas.edu.co\\\/portal\\\/?s={search_term_string}\"},\"query-input\":{\"@type\":\"PropertyValueSpecification\",\"valueRequired\":true,\"valueName\":\"search_term_string\"}}],\"inLanguage\":\"es\"},{\"@type\":\"Organization\",\"@id\":\"https:\\\/\\\/www.ucaldas.edu.co\\\/portal\\\/#organization\",\"name\":\"Universidad de Caldas\",\"alternateName\":\"U. de Caldas\",\"url\":\"https:\\\/\\\/www.ucaldas.edu.co\\\/portal\\\/\",\"logo\":{\"@type\":\"ImageObject\",\"inLanguage\":\"es\",\"@id\":\"https:\\\/\\\/www.ucaldas.edu.co\\\/portal\\\/#\\\/schema\\\/logo\\\/image\\\/\",\"url\":\"https:\\\/\\\/www.ucaldas.edu.co\\\/portal\\\/wp-content\\\/uploads\\\/2023\\\/11\\\/Logo_horizontal_oscuroU-2023.png\",\"contentUrl\":\"https:\\\/\\\/www.ucaldas.edu.co\\\/portal\\\/wp-content\\\/uploads\\\/2023\\\/11\\\/Logo_horizontal_oscuroU-2023.png\",\"width\":263,\"height\":101,\"caption\":\"Universidad de Caldas\"},\"image\":{\"@id\":\"https:\\\/\\\/www.ucaldas.edu.co\\\/portal\\\/#\\\/schema\\\/logo\\\/image\\\/\"},\"sameAs\":[\"https:\\\/\\\/www.facebook.com\\\/udecaldas\",\"https:\\\/\\\/x.com\\\/udecaldas\",\"https:\\\/\\\/www.youtube.com\\\/universidadcaldas\",\"https:\\\/\\\/www.instagram.com\\\/udecaldas\\\/\"]},{\"@type\":\"Person\",\"@id\":\"https:\\\/\\\/www.ucaldas.edu.co\\\/portal\\\/#\\\/schema\\\/person\\\/a1b482e23449158b4bc319926c074fdf\",\"name\":\"ofiprensa\",\"image\":{\"@type\":\"ImageObject\",\"inLanguage\":\"es\",\"@id\":\"https:\\\/\\\/www.ucaldas.edu.co\\\/portal\\\/wp-content\\\/litespeed\\\/avatar\\\/09ea5085e600095a7a811142c6944527.jpg?ver=1776892805\",\"url\":\"https:\\\/\\\/www.ucaldas.edu.co\\\/portal\\\/wp-content\\\/litespeed\\\/avatar\\\/09ea5085e600095a7a811142c6944527.jpg?ver=1776892805\",\"contentUrl\":\"https:\\\/\\\/www.ucaldas.edu.co\\\/portal\\\/wp-content\\\/litespeed\\\/avatar\\\/09ea5085e600095a7a811142c6944527.jpg?ver=1776892805\",\"caption\":\"ofiprensa\"},\"url\":\"https:\\\/\\\/www.ucaldas.edu.co\\\/portal\\\/author\\\/ofiprensa\\\/\"}]}<\/script>\n<!-- \/ Yoast SEO plugin. -->","yoast_head_json":{"title":"Conversatorio \u201cShock y resistencia en Colombia: construcci\u00f3n de paz para el posacuerdo\u201d .","robots":{"index":"index","follow":"follow","max-snippet":"max-snippet:-1","max-image-preview":"max-image-preview:large","max-video-preview":"max-video-preview:-1"},"canonical":"https:\/\/www.ucaldas.edu.co\/portal\/conversatorio-shock-y-resistencia-en-colombia-construccion-de-paz-para-el-posacuerdo\/","schema":{"@context":"https:\/\/schema.org","@graph":[{"@type":"Article","@id":"https:\/\/www.ucaldas.edu.co\/portal\/conversatorio-shock-y-resistencia-en-colombia-construccion-de-paz-para-el-posacuerdo\/#article","isPartOf":{"@id":"https:\/\/www.ucaldas.edu.co\/portal\/conversatorio-shock-y-resistencia-en-colombia-construccion-de-paz-para-el-posacuerdo\/"},"author":{"name":"ofiprensa","@id":"https:\/\/www.ucaldas.edu.co\/portal\/#\/schema\/person\/a1b482e23449158b4bc319926c074fdf"},"headline":"Conversatorio \u201cShock y resistencia en Colombia: construcci\u00f3n de paz para el posacuerdo\u201d","datePublished":"2021-10-07T22:30:24+00:00","mainEntityOfPage":{"@id":"https:\/\/www.ucaldas.edu.co\/portal\/conversatorio-shock-y-resistencia-en-colombia-construccion-de-paz-para-el-posacuerdo\/"},"wordCount":338,"publisher":{"@id":"https:\/\/www.ucaldas.edu.co\/portal\/#organization"},"image":{"@id":"https:\/\/www.ucaldas.edu.co\/portal\/conversatorio-shock-y-resistencia-en-colombia-construccion-de-paz-para-el-posacuerdo\/#primaryimage"},"thumbnailUrl":"https:\/\/www.ucaldas.edu.co\/portal\/wp-content\/uploads\/2021\/10\/tumbas.jpg","keywords":["exposici\u00f3n museos","en raz\u00f3n de las tumbas","posacuerdo colombia"],"articleSection":["Actualidad","Universidad al D\u00eda","Eventos"],"inLanguage":"es"},{"@type":"WebPage","@id":"https:\/\/www.ucaldas.edu.co\/portal\/conversatorio-shock-y-resistencia-en-colombia-construccion-de-paz-para-el-posacuerdo\/","url":"https:\/\/www.ucaldas.edu.co\/portal\/conversatorio-shock-y-resistencia-en-colombia-construccion-de-paz-para-el-posacuerdo\/","name":"Conversatorio \u201cShock y resistencia en Colombia: construcci\u00f3n de paz para el posacuerdo\u201d .","isPartOf":{"@id":"https:\/\/www.ucaldas.edu.co\/portal\/#website"},"primaryImageOfPage":{"@id":"https:\/\/www.ucaldas.edu.co\/portal\/conversatorio-shock-y-resistencia-en-colombia-construccion-de-paz-para-el-posacuerdo\/#primaryimage"},"image":{"@id":"https:\/\/www.ucaldas.edu.co\/portal\/conversatorio-shock-y-resistencia-en-colombia-construccion-de-paz-para-el-posacuerdo\/#primaryimage"},"thumbnailUrl":"https:\/\/www.ucaldas.edu.co\/portal\/wp-content\/uploads\/2021\/10\/tumbas.jpg","datePublished":"2021-10-07T22:30:24+00:00","breadcrumb":{"@id":"https:\/\/www.ucaldas.edu.co\/portal\/conversatorio-shock-y-resistencia-en-colombia-construccion-de-paz-para-el-posacuerdo\/#breadcrumb"},"inLanguage":"es","potentialAction":[{"@type":"ReadAction","target":["https:\/\/www.ucaldas.edu.co\/portal\/conversatorio-shock-y-resistencia-en-colombia-construccion-de-paz-para-el-posacuerdo\/"]}]},{"@type":"ImageObject","inLanguage":"es","@id":"https:\/\/www.ucaldas.edu.co\/portal\/conversatorio-shock-y-resistencia-en-colombia-construccion-de-paz-para-el-posacuerdo\/#primaryimage","url":"https:\/\/www.ucaldas.edu.co\/portal\/wp-content\/uploads\/2021\/10\/tumbas.jpg","contentUrl":"https:\/\/www.ucaldas.edu.co\/portal\/wp-content\/uploads\/2021\/10\/tumbas.jpg","width":1980,"height":1080},{"@type":"BreadcrumbList","@id":"https:\/\/www.ucaldas.edu.co\/portal\/conversatorio-shock-y-resistencia-en-colombia-construccion-de-paz-para-el-posacuerdo\/#breadcrumb","itemListElement":[{"@type":"ListItem","position":1,"name":"Portada","item":"https:\/\/www.ucaldas.edu.co\/portal\/"},{"@type":"ListItem","position":2,"name":"Conversatorio \u201cShock y resistencia en Colombia: construcci\u00f3n de paz para el posacuerdo\u201d"}]},{"@type":"WebSite","@id":"https:\/\/www.ucaldas.edu.co\/portal\/#website","url":"https:\/\/www.ucaldas.edu.co\/portal\/","name":"Universidad de Caldas","description":"","publisher":{"@id":"https:\/\/www.ucaldas.edu.co\/portal\/#organization"},"alternateName":"U. de Caldas","potentialAction":[{"@type":"SearchAction","target":{"@type":"EntryPoint","urlTemplate":"https:\/\/www.ucaldas.edu.co\/portal\/?s={search_term_string}"},"query-input":{"@type":"PropertyValueSpecification","valueRequired":true,"valueName":"search_term_string"}}],"inLanguage":"es"},{"@type":"Organization","@id":"https:\/\/www.ucaldas.edu.co\/portal\/#organization","name":"Universidad de Caldas","alternateName":"U. de Caldas","url":"https:\/\/www.ucaldas.edu.co\/portal\/","logo":{"@type":"ImageObject","inLanguage":"es","@id":"https:\/\/www.ucaldas.edu.co\/portal\/#\/schema\/logo\/image\/","url":"https:\/\/www.ucaldas.edu.co\/portal\/wp-content\/uploads\/2023\/11\/Logo_horizontal_oscuroU-2023.png","contentUrl":"https:\/\/www.ucaldas.edu.co\/portal\/wp-content\/uploads\/2023\/11\/Logo_horizontal_oscuroU-2023.png","width":263,"height":101,"caption":"Universidad de Caldas"},"image":{"@id":"https:\/\/www.ucaldas.edu.co\/portal\/#\/schema\/logo\/image\/"},"sameAs":["https:\/\/www.facebook.com\/udecaldas","https:\/\/x.com\/udecaldas","https:\/\/www.youtube.com\/universidadcaldas","https:\/\/www.instagram.com\/udecaldas\/"]},{"@type":"Person","@id":"https:\/\/www.ucaldas.edu.co\/portal\/#\/schema\/person\/a1b482e23449158b4bc319926c074fdf","name":"ofiprensa","image":{"@type":"ImageObject","inLanguage":"es","@id":"https:\/\/www.ucaldas.edu.co\/portal\/wp-content\/litespeed\/avatar\/09ea5085e600095a7a811142c6944527.jpg?ver=1776892805","url":"https:\/\/www.ucaldas.edu.co\/portal\/wp-content\/litespeed\/avatar\/09ea5085e600095a7a811142c6944527.jpg?ver=1776892805","contentUrl":"https:\/\/www.ucaldas.edu.co\/portal\/wp-content\/litespeed\/avatar\/09ea5085e600095a7a811142c6944527.jpg?ver=1776892805","caption":"ofiprensa"},"url":"https:\/\/www.ucaldas.edu.co\/portal\/author\/ofiprensa\/"}]}},"_links":{"self":[{"href":"https:\/\/www.ucaldas.edu.co\/portal\/wp-json\/wp\/v2\/posts\/65692","targetHints":{"allow":["GET"]}}],"collection":[{"href":"https:\/\/www.ucaldas.edu.co\/portal\/wp-json\/wp\/v2\/posts"}],"about":[{"href":"https:\/\/www.ucaldas.edu.co\/portal\/wp-json\/wp\/v2\/types\/post"}],"author":[{"embeddable":true,"href":"https:\/\/www.ucaldas.edu.co\/portal\/wp-json\/wp\/v2\/users\/2"}],"replies":[{"embeddable":true,"href":"https:\/\/www.ucaldas.edu.co\/portal\/wp-json\/wp\/v2\/comments?post=65692"}],"version-history":[{"count":0,"href":"https:\/\/www.ucaldas.edu.co\/portal\/wp-json\/wp\/v2\/posts\/65692\/revisions"}],"wp:featuredmedia":[{"embeddable":true,"href":"https:\/\/www.ucaldas.edu.co\/portal\/wp-json\/wp\/v2\/media\/65693"}],"wp:attachment":[{"href":"https:\/\/www.ucaldas.edu.co\/portal\/wp-json\/wp\/v2\/media?parent=65692"}],"wp:term":[{"taxonomy":"category","embeddable":true,"href":"https:\/\/www.ucaldas.edu.co\/portal\/wp-json\/wp\/v2\/categories?post=65692"},{"taxonomy":"post_tag","embeddable":true,"href":"https:\/\/www.ucaldas.edu.co\/portal\/wp-json\/wp\/v2\/tags?post=65692"}],"curies":[{"name":"wp","href":"https:\/\/api.w.org\/{rel}","templated":true}]}}