{"id":65600,"date":"2021-10-05T23:23:04","date_gmt":"2021-10-05T23:23:04","guid":{"rendered":"https:\/\/www.ucaldas.edu.co\/portal\/?p=65600"},"modified":"2021-10-05T23:23:04","modified_gmt":"2021-10-05T23:23:04","slug":"aprobados-descuentos-en-valor-de-matricula-para-estudiantes-de-posgrado","status":"publish","type":"post","link":"https:\/\/www.ucaldas.edu.co\/portal\/aprobados-descuentos-en-valor-de-matricula-para-estudiantes-de-posgrado\/","title":{"rendered":"Aprobados descuentos en valor de matr\u00edcula para estudiantes de posgrado"},"content":{"rendered":"<p style=\"text-align: center;\">DURANTE SESI\u00d3N ORDINARIA DEL CONSEJO SUPERIOR<br \/>\n<strong>Aprobados descuentos en valor de matr\u00edcula para estudiantes de posgrado<\/strong><\/p>\n<p style=\"text-align: right;\">05\/10\/2021<\/p>\n<p><img loading=\"lazy\" decoding=\"async\" class=\"size-full wp-image-65601 aligncenter\" src=\"https:\/\/www.ucaldas.edu.co\/portal\/wp-content\/uploads\/2021\/10\/WhatsApp-Image-2021-10-05-at-3.36.28-PM-1.jpeg\" alt=\"\" width=\"700\" height=\"400\" srcset=\"https:\/\/www.ucaldas.edu.co\/portal\/wp-content\/uploads\/2021\/10\/WhatsApp-Image-2021-10-05-at-3.36.28-PM-1.jpeg 700w, https:\/\/www.ucaldas.edu.co\/portal\/wp-content\/uploads\/2021\/10\/WhatsApp-Image-2021-10-05-at-3.36.28-PM-1-300x171.jpeg 300w\" sizes=\"auto, (max-width: 700px) 100vw, 700px\" \/><\/p>\n<p>El Consejo Superior de la Universidad de Caldas, aprob\u00f3 en sesi\u00f3n ordinaria otorgar a los estudiantes antiguos y que ingresen al primer per\u00edodo de programas de posgrado 2021, un 10 % de descuento sobre el valor de la matr\u00edcula neta una vez se hayan aplicado los descuentos a que haya lugar. Este porcentaje ser\u00e1 asumido en un 5% por el nivel central y el porcentaje restante por las Facultades.<!--more--><\/p>\n<p>Seg\u00fan el acuerdo,\u00a0 el descuento establecido no ser\u00e1 aplicado a los estudiantes que tengan la calidad de tesistas en el periodo acad\u00e9mico 2021-2, ni tampoco a quienes reciban apoyo econ\u00f3mico para el pago de la matr\u00edcula financiera por parte de la Universidad de Caldas u otras entidades.<\/p>\n<p>Los estudiantes que ya hayan pagado su matr\u00edcula para el per\u00edodo 2021-2 tendr\u00e1n derecho a un retroactivo, v\u00eda devoluci\u00f3n del dinero.<\/p>\n<p>Las personas que ingresan por primera vez y los estudiantes antiguos que se matricular\u00e1n en el segundo per\u00edodo del a\u00f1o 2021 en Programas de Posgrado, tendr\u00e1n veinte (20) d\u00edas adicionales a los establecidos en el Acuerdo 30, art\u00edculo 5\u00b0 par\u00e1grafo 1, para la cancelaci\u00f3n de los respectivos derechos de matr\u00edcula.<\/p>\n<p>Desde la Vicerrector\u00eda de Investigaciones y Posgrados y las Facultades, con el visto bueno de la Vicerrector\u00eda Administrativa, se recomend\u00f3 al Consejo Superior de la Universidad de Caldas otorgar un descuento de matr\u00edcula a los estudiantes de los Programas de Posgrados como concurrencia de recursos entre el nivel central y los fondos de facultad, a fin de brindar alivios econ\u00f3micos en el contexto de la Emergencia Econ\u00f3mica y Social derivada de la pandemia ocasionada por el Coronavirus COVID-19.<\/p>\n<p>&nbsp;<\/p>\n<p><strong>Anexos:<br \/>\n<\/strong><strong><a href=\"https:\/\/www.ivoox.com\/aprobados-descuentos-valor-matricula-para-estudiantes-audios-mp3_rf_76417723_1.html\">Audio rector Universidad de Caldas, Alejandro Ceballos M\u00e1rquez<\/a><br \/>\n<iframe loading=\"lazy\" src=\"https:\/\/co.ivoox.com\/es\/player_ek_76417723_2_1.html?data=mJuhk5ybdpShhpywj5WUaZS1lJuah5yncZKhhpywj5WRaZi3jpWah5yncaLk09TPw8nTt4zYxtjQ18rSuNDnjMrbjdvFsNDmjMnSjdLFuNOZpJiSo6nHuc3VjNXO1MaPqdTo1snWj4qbh46-pquyjampb7HGprPAo5KJe6ShlQ..&amp;\" width=\"238\" height=\"48\" frameborder=\"0\" scrolling=\"no\" allowfullscreen=\"allowfullscreen\"><\/iframe><br \/>\n<\/strong><\/p>\n<p><strong><a href=\"https:\/\/www.youtube.com\/watch?v=apkUOQN3MUs\">Video rector Universidad de Caldas, Alejandro Ceballos M\u00e1rquez<\/a><\/p>\n<p><iframe loading=\"lazy\" title=\"YouTube video player\" src=\"\/\/www.youtube.com\/embed\/apkUOQN3MUs\" width=\"360\" height=\"115\" frameborder=\"0\" allowfullscreen=\"allowfullscreen\"><\/iframe><\/strong><\/p>\n<p>&nbsp;<\/p>\n<p><strong>Informes: <\/strong>Oficina de Comunicaciones y Prensa Universidad de Caldas.<\/p>\n<p><strong>Redacci\u00f3n:<\/strong> Adriana Salazar Villegas<\/p>\n<p>&nbsp;<\/p>\n","protected":false},"excerpt":{"rendered":"<p>DURANTE SESI\u00d3N ORDINARIA DEL CONSEJO SUPERIOR Aprobados descuentos en valor de matr\u00edcula para estudiantes de posgrado 05\/10\/2021 El Consejo Superior de la Universidad de Caldas, aprob\u00f3 en sesi\u00f3n ordinaria otorgar a los estudiantes antiguos y que ingresen al primer per\u00edodo de programas de posgrado 2021, un 10 % de descuento sobre el valor de la [&hellip;]<\/p>\n","protected":false},"author":2,"featured_media":65601,"comment_status":"closed","ping_status":"open","sticky":false,"template":"","format":"standard","meta":{"footnotes":""},"categories":[48,53],"tags":[77,819,1090,1097,4652],"class_list":["post-65600","post","type-post","status-publish","format-standard","has-post-thumbnail","hentry","category-actualidad","category-universidad-al-dia","tag-administracion","tag-posgrados","tag-consejo-superior","tag-descuentos","tag-covid-19"],"yoast_head":"<!-- This site is optimized with the Yoast SEO plugin v27.4 - https:\/\/yoast.com\/product\/yoast-seo-wordpress\/ -->\n<title>Aprobados descuentos en valor de matr\u00edcula para estudiantes de posgrado .<\/title>\n<meta name=\"robots\" content=\"index, follow, max-snippet:-1, max-image-preview:large, max-video-preview:-1\" \/>\n<link rel=\"canonical\" href=\"https:\/\/www.ucaldas.edu.co\/portal\/aprobados-descuentos-en-valor-de-matricula-para-estudiantes-de-posgrado\/\" \/>\n<script type=\"application\/ld+json\" class=\"yoast-schema-graph\">{\"@context\":\"https:\\\/\\\/schema.org\",\"@graph\":[{\"@type\":\"Article\",\"@id\":\"https:\\\/\\\/www.ucaldas.edu.co\\\/portal\\\/aprobados-descuentos-en-valor-de-matricula-para-estudiantes-de-posgrado\\\/#article\",\"isPartOf\":{\"@id\":\"https:\\\/\\\/www.ucaldas.edu.co\\\/portal\\\/aprobados-descuentos-en-valor-de-matricula-para-estudiantes-de-posgrado\\\/\"},\"author\":{\"name\":\"ofiprensa\",\"@id\":\"https:\\\/\\\/www.ucaldas.edu.co\\\/portal\\\/#\\\/schema\\\/person\\\/a1b482e23449158b4bc319926c074fdf\"},\"headline\":\"Aprobados descuentos en valor de matr\u00edcula para estudiantes de posgrado\",\"datePublished\":\"2021-10-05T23:23:04+00:00\",\"mainEntityOfPage\":{\"@id\":\"https:\\\/\\\/www.ucaldas.edu.co\\\/portal\\\/aprobados-descuentos-en-valor-de-matricula-para-estudiantes-de-posgrado\\\/\"},\"wordCount\":347,\"publisher\":{\"@id\":\"https:\\\/\\\/www.ucaldas.edu.co\\\/portal\\\/#organization\"},\"image\":{\"@id\":\"https:\\\/\\\/www.ucaldas.edu.co\\\/portal\\\/aprobados-descuentos-en-valor-de-matricula-para-estudiantes-de-posgrado\\\/#primaryimage\"},\"thumbnailUrl\":\"https:\\\/\\\/www.ucaldas.edu.co\\\/portal\\\/wp-content\\\/uploads\\\/2021\\\/10\\\/WhatsApp-Image-2021-10-05-at-3.36.28-PM-1.jpeg\",\"keywords\":[\"Administraci\u00f3n\",\"posgrados\",\"Consejo Superior\",\"Descuentos\",\"covid-19\"],\"articleSection\":[\"Actualidad\",\"Universidad al D\u00eda\"],\"inLanguage\":\"es\"},{\"@type\":\"WebPage\",\"@id\":\"https:\\\/\\\/www.ucaldas.edu.co\\\/portal\\\/aprobados-descuentos-en-valor-de-matricula-para-estudiantes-de-posgrado\\\/\",\"url\":\"https:\\\/\\\/www.ucaldas.edu.co\\\/portal\\\/aprobados-descuentos-en-valor-de-matricula-para-estudiantes-de-posgrado\\\/\",\"name\":\"Aprobados descuentos en valor de matr\u00edcula para estudiantes de posgrado .\",\"isPartOf\":{\"@id\":\"https:\\\/\\\/www.ucaldas.edu.co\\\/portal\\\/#website\"},\"primaryImageOfPage\":{\"@id\":\"https:\\\/\\\/www.ucaldas.edu.co\\\/portal\\\/aprobados-descuentos-en-valor-de-matricula-para-estudiantes-de-posgrado\\\/#primaryimage\"},\"image\":{\"@id\":\"https:\\\/\\\/www.ucaldas.edu.co\\\/portal\\\/aprobados-descuentos-en-valor-de-matricula-para-estudiantes-de-posgrado\\\/#primaryimage\"},\"thumbnailUrl\":\"https:\\\/\\\/www.ucaldas.edu.co\\\/portal\\\/wp-content\\\/uploads\\\/2021\\\/10\\\/WhatsApp-Image-2021-10-05-at-3.36.28-PM-1.jpeg\",\"datePublished\":\"2021-10-05T23:23:04+00:00\",\"breadcrumb\":{\"@id\":\"https:\\\/\\\/www.ucaldas.edu.co\\\/portal\\\/aprobados-descuentos-en-valor-de-matricula-para-estudiantes-de-posgrado\\\/#breadcrumb\"},\"inLanguage\":\"es\",\"potentialAction\":[{\"@type\":\"ReadAction\",\"target\":[\"https:\\\/\\\/www.ucaldas.edu.co\\\/portal\\\/aprobados-descuentos-en-valor-de-matricula-para-estudiantes-de-posgrado\\\/\"]}]},{\"@type\":\"ImageObject\",\"inLanguage\":\"es\",\"@id\":\"https:\\\/\\\/www.ucaldas.edu.co\\\/portal\\\/aprobados-descuentos-en-valor-de-matricula-para-estudiantes-de-posgrado\\\/#primaryimage\",\"url\":\"https:\\\/\\\/www.ucaldas.edu.co\\\/portal\\\/wp-content\\\/uploads\\\/2021\\\/10\\\/WhatsApp-Image-2021-10-05-at-3.36.28-PM-1.jpeg\",\"contentUrl\":\"https:\\\/\\\/www.ucaldas.edu.co\\\/portal\\\/wp-content\\\/uploads\\\/2021\\\/10\\\/WhatsApp-Image-2021-10-05-at-3.36.28-PM-1.jpeg\",\"width\":700,\"height\":400},{\"@type\":\"BreadcrumbList\",\"@id\":\"https:\\\/\\\/www.ucaldas.edu.co\\\/portal\\\/aprobados-descuentos-en-valor-de-matricula-para-estudiantes-de-posgrado\\\/#breadcrumb\",\"itemListElement\":[{\"@type\":\"ListItem\",\"position\":1,\"name\":\"Portada\",\"item\":\"https:\\\/\\\/www.ucaldas.edu.co\\\/portal\\\/\"},{\"@type\":\"ListItem\",\"position\":2,\"name\":\"Aprobados descuentos en valor de matr\u00edcula para estudiantes de posgrado\"}]},{\"@type\":\"WebSite\",\"@id\":\"https:\\\/\\\/www.ucaldas.edu.co\\\/portal\\\/#website\",\"url\":\"https:\\\/\\\/www.ucaldas.edu.co\\\/portal\\\/\",\"name\":\"Universidad de Caldas\",\"description\":\"\",\"publisher\":{\"@id\":\"https:\\\/\\\/www.ucaldas.edu.co\\\/portal\\\/#organization\"},\"alternateName\":\"U. de Caldas\",\"potentialAction\":[{\"@type\":\"SearchAction\",\"target\":{\"@type\":\"EntryPoint\",\"urlTemplate\":\"https:\\\/\\\/www.ucaldas.edu.co\\\/portal\\\/?s={search_term_string}\"},\"query-input\":{\"@type\":\"PropertyValueSpecification\",\"valueRequired\":true,\"valueName\":\"search_term_string\"}}],\"inLanguage\":\"es\"},{\"@type\":\"Organization\",\"@id\":\"https:\\\/\\\/www.ucaldas.edu.co\\\/portal\\\/#organization\",\"name\":\"Universidad de Caldas\",\"alternateName\":\"U. de Caldas\",\"url\":\"https:\\\/\\\/www.ucaldas.edu.co\\\/portal\\\/\",\"logo\":{\"@type\":\"ImageObject\",\"inLanguage\":\"es\",\"@id\":\"https:\\\/\\\/www.ucaldas.edu.co\\\/portal\\\/#\\\/schema\\\/logo\\\/image\\\/\",\"url\":\"https:\\\/\\\/www.ucaldas.edu.co\\\/portal\\\/wp-content\\\/uploads\\\/2023\\\/11\\\/Logo_horizontal_oscuroU-2023.png\",\"contentUrl\":\"https:\\\/\\\/www.ucaldas.edu.co\\\/portal\\\/wp-content\\\/uploads\\\/2023\\\/11\\\/Logo_horizontal_oscuroU-2023.png\",\"width\":263,\"height\":101,\"caption\":\"Universidad de Caldas\"},\"image\":{\"@id\":\"https:\\\/\\\/www.ucaldas.edu.co\\\/portal\\\/#\\\/schema\\\/logo\\\/image\\\/\"},\"sameAs\":[\"https:\\\/\\\/www.facebook.com\\\/udecaldas\",\"https:\\\/\\\/x.com\\\/udecaldas\",\"https:\\\/\\\/www.youtube.com\\\/universidadcaldas\",\"https:\\\/\\\/www.instagram.com\\\/udecaldas\\\/\"]},{\"@type\":\"Person\",\"@id\":\"https:\\\/\\\/www.ucaldas.edu.co\\\/portal\\\/#\\\/schema\\\/person\\\/a1b482e23449158b4bc319926c074fdf\",\"name\":\"ofiprensa\",\"image\":{\"@type\":\"ImageObject\",\"inLanguage\":\"es\",\"@id\":\"https:\\\/\\\/www.ucaldas.edu.co\\\/portal\\\/wp-content\\\/litespeed\\\/avatar\\\/09ea5085e600095a7a811142c6944527.jpg?ver=1776892805\",\"url\":\"https:\\\/\\\/www.ucaldas.edu.co\\\/portal\\\/wp-content\\\/litespeed\\\/avatar\\\/09ea5085e600095a7a811142c6944527.jpg?ver=1776892805\",\"contentUrl\":\"https:\\\/\\\/www.ucaldas.edu.co\\\/portal\\\/wp-content\\\/litespeed\\\/avatar\\\/09ea5085e600095a7a811142c6944527.jpg?ver=1776892805\",\"caption\":\"ofiprensa\"},\"url\":\"https:\\\/\\\/www.ucaldas.edu.co\\\/portal\\\/author\\\/ofiprensa\\\/\"}]}<\/script>\n<!-- \/ Yoast SEO plugin. -->","yoast_head_json":{"title":"Aprobados descuentos en valor de matr\u00edcula para estudiantes de posgrado .","robots":{"index":"index","follow":"follow","max-snippet":"max-snippet:-1","max-image-preview":"max-image-preview:large","max-video-preview":"max-video-preview:-1"},"canonical":"https:\/\/www.ucaldas.edu.co\/portal\/aprobados-descuentos-en-valor-de-matricula-para-estudiantes-de-posgrado\/","schema":{"@context":"https:\/\/schema.org","@graph":[{"@type":"Article","@id":"https:\/\/www.ucaldas.edu.co\/portal\/aprobados-descuentos-en-valor-de-matricula-para-estudiantes-de-posgrado\/#article","isPartOf":{"@id":"https:\/\/www.ucaldas.edu.co\/portal\/aprobados-descuentos-en-valor-de-matricula-para-estudiantes-de-posgrado\/"},"author":{"name":"ofiprensa","@id":"https:\/\/www.ucaldas.edu.co\/portal\/#\/schema\/person\/a1b482e23449158b4bc319926c074fdf"},"headline":"Aprobados descuentos en valor de matr\u00edcula para estudiantes de posgrado","datePublished":"2021-10-05T23:23:04+00:00","mainEntityOfPage":{"@id":"https:\/\/www.ucaldas.edu.co\/portal\/aprobados-descuentos-en-valor-de-matricula-para-estudiantes-de-posgrado\/"},"wordCount":347,"publisher":{"@id":"https:\/\/www.ucaldas.edu.co\/portal\/#organization"},"image":{"@id":"https:\/\/www.ucaldas.edu.co\/portal\/aprobados-descuentos-en-valor-de-matricula-para-estudiantes-de-posgrado\/#primaryimage"},"thumbnailUrl":"https:\/\/www.ucaldas.edu.co\/portal\/wp-content\/uploads\/2021\/10\/WhatsApp-Image-2021-10-05-at-3.36.28-PM-1.jpeg","keywords":["Administraci\u00f3n","posgrados","Consejo Superior","Descuentos","covid-19"],"articleSection":["Actualidad","Universidad al D\u00eda"],"inLanguage":"es"},{"@type":"WebPage","@id":"https:\/\/www.ucaldas.edu.co\/portal\/aprobados-descuentos-en-valor-de-matricula-para-estudiantes-de-posgrado\/","url":"https:\/\/www.ucaldas.edu.co\/portal\/aprobados-descuentos-en-valor-de-matricula-para-estudiantes-de-posgrado\/","name":"Aprobados descuentos en valor de matr\u00edcula para estudiantes de posgrado .","isPartOf":{"@id":"https:\/\/www.ucaldas.edu.co\/portal\/#website"},"primaryImageOfPage":{"@id":"https:\/\/www.ucaldas.edu.co\/portal\/aprobados-descuentos-en-valor-de-matricula-para-estudiantes-de-posgrado\/#primaryimage"},"image":{"@id":"https:\/\/www.ucaldas.edu.co\/portal\/aprobados-descuentos-en-valor-de-matricula-para-estudiantes-de-posgrado\/#primaryimage"},"thumbnailUrl":"https:\/\/www.ucaldas.edu.co\/portal\/wp-content\/uploads\/2021\/10\/WhatsApp-Image-2021-10-05-at-3.36.28-PM-1.jpeg","datePublished":"2021-10-05T23:23:04+00:00","breadcrumb":{"@id":"https:\/\/www.ucaldas.edu.co\/portal\/aprobados-descuentos-en-valor-de-matricula-para-estudiantes-de-posgrado\/#breadcrumb"},"inLanguage":"es","potentialAction":[{"@type":"ReadAction","target":["https:\/\/www.ucaldas.edu.co\/portal\/aprobados-descuentos-en-valor-de-matricula-para-estudiantes-de-posgrado\/"]}]},{"@type":"ImageObject","inLanguage":"es","@id":"https:\/\/www.ucaldas.edu.co\/portal\/aprobados-descuentos-en-valor-de-matricula-para-estudiantes-de-posgrado\/#primaryimage","url":"https:\/\/www.ucaldas.edu.co\/portal\/wp-content\/uploads\/2021\/10\/WhatsApp-Image-2021-10-05-at-3.36.28-PM-1.jpeg","contentUrl":"https:\/\/www.ucaldas.edu.co\/portal\/wp-content\/uploads\/2021\/10\/WhatsApp-Image-2021-10-05-at-3.36.28-PM-1.jpeg","width":700,"height":400},{"@type":"BreadcrumbList","@id":"https:\/\/www.ucaldas.edu.co\/portal\/aprobados-descuentos-en-valor-de-matricula-para-estudiantes-de-posgrado\/#breadcrumb","itemListElement":[{"@type":"ListItem","position":1,"name":"Portada","item":"https:\/\/www.ucaldas.edu.co\/portal\/"},{"@type":"ListItem","position":2,"name":"Aprobados descuentos en valor de matr\u00edcula para estudiantes de posgrado"}]},{"@type":"WebSite","@id":"https:\/\/www.ucaldas.edu.co\/portal\/#website","url":"https:\/\/www.ucaldas.edu.co\/portal\/","name":"Universidad de Caldas","description":"","publisher":{"@id":"https:\/\/www.ucaldas.edu.co\/portal\/#organization"},"alternateName":"U. de Caldas","potentialAction":[{"@type":"SearchAction","target":{"@type":"EntryPoint","urlTemplate":"https:\/\/www.ucaldas.edu.co\/portal\/?s={search_term_string}"},"query-input":{"@type":"PropertyValueSpecification","valueRequired":true,"valueName":"search_term_string"}}],"inLanguage":"es"},{"@type":"Organization","@id":"https:\/\/www.ucaldas.edu.co\/portal\/#organization","name":"Universidad de Caldas","alternateName":"U. de Caldas","url":"https:\/\/www.ucaldas.edu.co\/portal\/","logo":{"@type":"ImageObject","inLanguage":"es","@id":"https:\/\/www.ucaldas.edu.co\/portal\/#\/schema\/logo\/image\/","url":"https:\/\/www.ucaldas.edu.co\/portal\/wp-content\/uploads\/2023\/11\/Logo_horizontal_oscuroU-2023.png","contentUrl":"https:\/\/www.ucaldas.edu.co\/portal\/wp-content\/uploads\/2023\/11\/Logo_horizontal_oscuroU-2023.png","width":263,"height":101,"caption":"Universidad de Caldas"},"image":{"@id":"https:\/\/www.ucaldas.edu.co\/portal\/#\/schema\/logo\/image\/"},"sameAs":["https:\/\/www.facebook.com\/udecaldas","https:\/\/x.com\/udecaldas","https:\/\/www.youtube.com\/universidadcaldas","https:\/\/www.instagram.com\/udecaldas\/"]},{"@type":"Person","@id":"https:\/\/www.ucaldas.edu.co\/portal\/#\/schema\/person\/a1b482e23449158b4bc319926c074fdf","name":"ofiprensa","image":{"@type":"ImageObject","inLanguage":"es","@id":"https:\/\/www.ucaldas.edu.co\/portal\/wp-content\/litespeed\/avatar\/09ea5085e600095a7a811142c6944527.jpg?ver=1776892805","url":"https:\/\/www.ucaldas.edu.co\/portal\/wp-content\/litespeed\/avatar\/09ea5085e600095a7a811142c6944527.jpg?ver=1776892805","contentUrl":"https:\/\/www.ucaldas.edu.co\/portal\/wp-content\/litespeed\/avatar\/09ea5085e600095a7a811142c6944527.jpg?ver=1776892805","caption":"ofiprensa"},"url":"https:\/\/www.ucaldas.edu.co\/portal\/author\/ofiprensa\/"}]}},"_links":{"self":[{"href":"https:\/\/www.ucaldas.edu.co\/portal\/wp-json\/wp\/v2\/posts\/65600","targetHints":{"allow":["GET"]}}],"collection":[{"href":"https:\/\/www.ucaldas.edu.co\/portal\/wp-json\/wp\/v2\/posts"}],"about":[{"href":"https:\/\/www.ucaldas.edu.co\/portal\/wp-json\/wp\/v2\/types\/post"}],"author":[{"embeddable":true,"href":"https:\/\/www.ucaldas.edu.co\/portal\/wp-json\/wp\/v2\/users\/2"}],"replies":[{"embeddable":true,"href":"https:\/\/www.ucaldas.edu.co\/portal\/wp-json\/wp\/v2\/comments?post=65600"}],"version-history":[{"count":0,"href":"https:\/\/www.ucaldas.edu.co\/portal\/wp-json\/wp\/v2\/posts\/65600\/revisions"}],"wp:featuredmedia":[{"embeddable":true,"href":"https:\/\/www.ucaldas.edu.co\/portal\/wp-json\/wp\/v2\/media\/65601"}],"wp:attachment":[{"href":"https:\/\/www.ucaldas.edu.co\/portal\/wp-json\/wp\/v2\/media?parent=65600"}],"wp:term":[{"taxonomy":"category","embeddable":true,"href":"https:\/\/www.ucaldas.edu.co\/portal\/wp-json\/wp\/v2\/categories?post=65600"},{"taxonomy":"post_tag","embeddable":true,"href":"https:\/\/www.ucaldas.edu.co\/portal\/wp-json\/wp\/v2\/tags?post=65600"}],"curies":[{"name":"wp","href":"https:\/\/api.w.org\/{rel}","templated":true}]}}