{"id":65426,"date":"2021-09-29T02:55:56","date_gmt":"2021-09-29T02:55:56","guid":{"rendered":"https:\/\/www.ucaldas.edu.co\/portal\/?p=65426"},"modified":"2021-09-29T02:55:56","modified_gmt":"2021-09-29T02:55:56","slug":"tercera-sesion-de-la-catedra-unesco-la-decada-de-la-accion-para-el-desarrollo-sostenible","status":"publish","type":"post","link":"https:\/\/www.ucaldas.edu.co\/portal\/tercera-sesion-de-la-catedra-unesco-la-decada-de-la-accion-para-el-desarrollo-sostenible\/","title":{"rendered":"Tercera sesi\u00f3n de la C\u00e1tedra Unesco \u201cla d\u00e9cada de la acci\u00f3n para el desarrollo sostenible\u201d"},"content":{"rendered":"<p style=\"text-align: center;\">CASOS DE \u00c9XITO DE BIOTECNOLOG\u00cdA EN LA REGI\u00d3N<br \/>\n<strong>Tercera sesi\u00f3n de la C\u00e1tedra Unesco \u201cla d\u00e9cada de la acci\u00f3n para el desarrollo sostenible\u201d<\/strong><\/p>\n<p style=\"text-align: right;\">28\/09\/2021<\/p>\n<p><img loading=\"lazy\" decoding=\"async\" class=\"size-full wp-image-65427 aligncenter\" src=\"https:\/\/www.ucaldas.edu.co\/portal\/wp-content\/uploads\/2021\/09\/unesco-1.jpg\" alt=\"\" width=\"700\" height=\"400\" srcset=\"https:\/\/www.ucaldas.edu.co\/portal\/wp-content\/uploads\/2021\/09\/unesco-1.jpg 700w, https:\/\/www.ucaldas.edu.co\/portal\/wp-content\/uploads\/2021\/09\/unesco-1-300x171.jpg 300w\" sizes=\"auto, (max-width: 700px) 100vw, 700px\" \/><br \/>\nEste mi\u00e9rcoles 29 de septiembre desde las 5:00 p.m., se llevar\u00e1 a cabo la tercera sesi\u00f3n de la C\u00e1tedra Unesco \u201cla d\u00e9cada de la acci\u00f3n para el desarrollo sostenible\u201d, espacio organizado por la Universidad de Caldas.<br \/>\n<!--more--><\/p>\n<p>En esta oportunidad las conferencias ser\u00e1n:<\/p>\n<table>\n<tbody>\n<tr>\n<td width=\"349\"><strong>Conferencia<\/strong><\/td>\n<td width=\"239\"><strong>Ponente<\/strong><\/td>\n<\/tr>\n<tr>\n<td width=\"349\">Bioprocesos y agroindustria: aprovechamiento de residuos s\u00f3lidos y l\u00edquidos<\/td>\n<td width=\"239\">Sandra Montoya Barreto<\/p>\n<p>Directora de la planta de bioprocesos de la Universidad de Caldas<\/td>\n<\/tr>\n<tr>\n<td width=\"349\">Retos del sector el\u00e9ctrico en la transici\u00f3n energ\u00e9tica: transporte basado en electricidad<\/td>\n<td width=\"239\">Alexander Molina Cabrera<\/p>\n<p>Universidad Tecnol\u00f3gica de Pereira<\/td>\n<\/tr>\n<\/tbody>\n<\/table>\n<p>&nbsp;<\/p>\n<p>La ponente Montoya expresa que en esta sesi\u00f3n de la C\u00e1tedra se expondr\u00e1n los casos de \u00e9xito de biotecnolog\u00eda en la regi\u00f3n, como lo es la planta de bioprocesos agroindustriales, lugar en donde se desarrollan diversos modelos tecnol\u00f3gicos para el aprovechamiento de residuos.<\/p>\n<p>La C\u00e1tedra Unesco pretende evidenciar los diferentes desarrollos en biotecnolog\u00eda que se realizan en la regi\u00f3n, presentando los resultados que estos tienen y el impacto que generan tanto para el eje cafetero como para el pa\u00eds.<\/p>\n<p><strong>Anexo:<\/strong><\/p>\n<p><strong><a href=\"https:\/\/www.ivoox.com\/sandra-montoya-barreto-8211-directora-planta-bioprocesos-audios-mp3_rf_76055305_1.html\">Audio Sandra Montoya Barreto \u2013 directora planta de bioprocesos U. de Caldas.<\/a><\/strong><\/p>\n<p><iframe loading=\"lazy\" src=\"https:\/\/co.ivoox.com\/es\/player_ek_76055305_2_1.html?data=mJudl5qXdJahhpywj5WUaZS1lpqah5yncZKhhpywj5WRaZi3jpWah5yncbTVz8nfw5Cxs8_o0N7OjafFttPZ1dSYh5eaaZOnmZeek4qXhozYytfSxdnTtsKf0dHO0NnFb8XZjMfW0dWRaZi3jqjOzsnFt4y1xdKYt5KJe6ShlQ..&amp;\" width=\"238\" height=\"48\" frameborder=\"0\" scrolling=\"no\" allowfullscreen=\"allowfullscreen\"><\/iframe><\/p>\n<p>&nbsp;<\/p>\n<p><strong>Informes: <\/strong>Oficina de Comunicaciones y Prensa Universidad de Caldas.<\/p>\n<p><strong>Redacci\u00f3n:<\/strong> Mateo Buritic\u00e1 Giraldo<\/p>\n<p>&nbsp;<\/p>\n","protected":false},"excerpt":{"rendered":"<p>CASOS DE \u00c9XITO DE BIOTECNOLOG\u00cdA EN LA REGI\u00d3N Tercera sesi\u00f3n de la C\u00e1tedra Unesco \u201cla d\u00e9cada de la acci\u00f3n para el desarrollo sostenible\u201d 28\/09\/2021 Este mi\u00e9rcoles 29 de septiembre desde las 5:00 p.m., se llevar\u00e1 a cabo la tercera sesi\u00f3n de la C\u00e1tedra Unesco \u201cla d\u00e9cada de la acci\u00f3n para el desarrollo sostenible\u201d, espacio organizado [&hellip;]<\/p>\n","protected":false},"author":2,"featured_media":65427,"comment_status":"closed","ping_status":"open","sticky":false,"template":"","format":"standard","meta":{"footnotes":""},"categories":[48,53],"tags":[3627,5151,6499],"class_list":["post-65426","post","type-post","status-publish","format-standard","has-post-thumbnail","hentry","category-actualidad","category-universidad-al-dia","tag-desarrollo-sostenible","tag-planta-de-bioprocesos","tag-catedra-unesco"],"yoast_head":"<!-- This site is optimized with the Yoast SEO plugin v27.5 - https:\/\/yoast.com\/product\/yoast-seo-wordpress\/ -->\n<title>Tercera sesi\u00f3n de la C\u00e1tedra Unesco \u201cla d\u00e9cada de la acci\u00f3n para el desarrollo sostenible\u201d .<\/title>\n<meta name=\"robots\" content=\"index, follow, max-snippet:-1, max-image-preview:large, max-video-preview:-1\" \/>\n<link rel=\"canonical\" href=\"https:\/\/www.ucaldas.edu.co\/portal\/tercera-sesion-de-la-catedra-unesco-la-decada-de-la-accion-para-el-desarrollo-sostenible\/\" \/>\n<script type=\"application\/ld+json\" class=\"yoast-schema-graph\">{\"@context\":\"https:\\\/\\\/schema.org\",\"@graph\":[{\"@type\":\"Article\",\"@id\":\"https:\\\/\\\/www.ucaldas.edu.co\\\/portal\\\/tercera-sesion-de-la-catedra-unesco-la-decada-de-la-accion-para-el-desarrollo-sostenible\\\/#article\",\"isPartOf\":{\"@id\":\"https:\\\/\\\/www.ucaldas.edu.co\\\/portal\\\/tercera-sesion-de-la-catedra-unesco-la-decada-de-la-accion-para-el-desarrollo-sostenible\\\/\"},\"author\":{\"name\":\"ofiprensa\",\"@id\":\"https:\\\/\\\/www.ucaldas.edu.co\\\/portal\\\/#\\\/schema\\\/person\\\/a1b482e23449158b4bc319926c074fdf\"},\"headline\":\"Tercera sesi\u00f3n de la C\u00e1tedra Unesco \u201cla d\u00e9cada de la acci\u00f3n para el desarrollo sostenible\u201d\",\"datePublished\":\"2021-09-29T02:55:56+00:00\",\"mainEntityOfPage\":{\"@id\":\"https:\\\/\\\/www.ucaldas.edu.co\\\/portal\\\/tercera-sesion-de-la-catedra-unesco-la-decada-de-la-accion-para-el-desarrollo-sostenible\\\/\"},\"wordCount\":263,\"publisher\":{\"@id\":\"https:\\\/\\\/www.ucaldas.edu.co\\\/portal\\\/#organization\"},\"image\":{\"@id\":\"https:\\\/\\\/www.ucaldas.edu.co\\\/portal\\\/tercera-sesion-de-la-catedra-unesco-la-decada-de-la-accion-para-el-desarrollo-sostenible\\\/#primaryimage\"},\"thumbnailUrl\":\"https:\\\/\\\/www.ucaldas.edu.co\\\/portal\\\/wp-content\\\/uploads\\\/2021\\\/09\\\/unesco-1.jpg\",\"keywords\":[\"desarrollo sostenible\",\"planta de Bioprocesos.\",\"c\u00e1tedra unesco\"],\"articleSection\":[\"Actualidad\",\"Universidad al D\u00eda\"],\"inLanguage\":\"es\"},{\"@type\":\"WebPage\",\"@id\":\"https:\\\/\\\/www.ucaldas.edu.co\\\/portal\\\/tercera-sesion-de-la-catedra-unesco-la-decada-de-la-accion-para-el-desarrollo-sostenible\\\/\",\"url\":\"https:\\\/\\\/www.ucaldas.edu.co\\\/portal\\\/tercera-sesion-de-la-catedra-unesco-la-decada-de-la-accion-para-el-desarrollo-sostenible\\\/\",\"name\":\"Tercera sesi\u00f3n de la C\u00e1tedra Unesco \u201cla d\u00e9cada de la acci\u00f3n para el desarrollo sostenible\u201d .\",\"isPartOf\":{\"@id\":\"https:\\\/\\\/www.ucaldas.edu.co\\\/portal\\\/#website\"},\"primaryImageOfPage\":{\"@id\":\"https:\\\/\\\/www.ucaldas.edu.co\\\/portal\\\/tercera-sesion-de-la-catedra-unesco-la-decada-de-la-accion-para-el-desarrollo-sostenible\\\/#primaryimage\"},\"image\":{\"@id\":\"https:\\\/\\\/www.ucaldas.edu.co\\\/portal\\\/tercera-sesion-de-la-catedra-unesco-la-decada-de-la-accion-para-el-desarrollo-sostenible\\\/#primaryimage\"},\"thumbnailUrl\":\"https:\\\/\\\/www.ucaldas.edu.co\\\/portal\\\/wp-content\\\/uploads\\\/2021\\\/09\\\/unesco-1.jpg\",\"datePublished\":\"2021-09-29T02:55:56+00:00\",\"breadcrumb\":{\"@id\":\"https:\\\/\\\/www.ucaldas.edu.co\\\/portal\\\/tercera-sesion-de-la-catedra-unesco-la-decada-de-la-accion-para-el-desarrollo-sostenible\\\/#breadcrumb\"},\"inLanguage\":\"es\",\"potentialAction\":[{\"@type\":\"ReadAction\",\"target\":[\"https:\\\/\\\/www.ucaldas.edu.co\\\/portal\\\/tercera-sesion-de-la-catedra-unesco-la-decada-de-la-accion-para-el-desarrollo-sostenible\\\/\"]}]},{\"@type\":\"ImageObject\",\"inLanguage\":\"es\",\"@id\":\"https:\\\/\\\/www.ucaldas.edu.co\\\/portal\\\/tercera-sesion-de-la-catedra-unesco-la-decada-de-la-accion-para-el-desarrollo-sostenible\\\/#primaryimage\",\"url\":\"https:\\\/\\\/www.ucaldas.edu.co\\\/portal\\\/wp-content\\\/uploads\\\/2021\\\/09\\\/unesco-1.jpg\",\"contentUrl\":\"https:\\\/\\\/www.ucaldas.edu.co\\\/portal\\\/wp-content\\\/uploads\\\/2021\\\/09\\\/unesco-1.jpg\",\"width\":700,\"height\":400},{\"@type\":\"BreadcrumbList\",\"@id\":\"https:\\\/\\\/www.ucaldas.edu.co\\\/portal\\\/tercera-sesion-de-la-catedra-unesco-la-decada-de-la-accion-para-el-desarrollo-sostenible\\\/#breadcrumb\",\"itemListElement\":[{\"@type\":\"ListItem\",\"position\":1,\"name\":\"Portada\",\"item\":\"https:\\\/\\\/www.ucaldas.edu.co\\\/portal\\\/\"},{\"@type\":\"ListItem\",\"position\":2,\"name\":\"Tercera sesi\u00f3n de la C\u00e1tedra Unesco \u201cla d\u00e9cada de la acci\u00f3n para el desarrollo sostenible\u201d\"}]},{\"@type\":\"WebSite\",\"@id\":\"https:\\\/\\\/www.ucaldas.edu.co\\\/portal\\\/#website\",\"url\":\"https:\\\/\\\/www.ucaldas.edu.co\\\/portal\\\/\",\"name\":\"Universidad de Caldas\",\"description\":\"\",\"publisher\":{\"@id\":\"https:\\\/\\\/www.ucaldas.edu.co\\\/portal\\\/#organization\"},\"alternateName\":\"U. de Caldas\",\"potentialAction\":[{\"@type\":\"SearchAction\",\"target\":{\"@type\":\"EntryPoint\",\"urlTemplate\":\"https:\\\/\\\/www.ucaldas.edu.co\\\/portal\\\/?s={search_term_string}\"},\"query-input\":{\"@type\":\"PropertyValueSpecification\",\"valueRequired\":true,\"valueName\":\"search_term_string\"}}],\"inLanguage\":\"es\"},{\"@type\":\"Organization\",\"@id\":\"https:\\\/\\\/www.ucaldas.edu.co\\\/portal\\\/#organization\",\"name\":\"Universidad de Caldas\",\"alternateName\":\"U. de Caldas\",\"url\":\"https:\\\/\\\/www.ucaldas.edu.co\\\/portal\\\/\",\"logo\":{\"@type\":\"ImageObject\",\"inLanguage\":\"es\",\"@id\":\"https:\\\/\\\/www.ucaldas.edu.co\\\/portal\\\/#\\\/schema\\\/logo\\\/image\\\/\",\"url\":\"https:\\\/\\\/www.ucaldas.edu.co\\\/portal\\\/wp-content\\\/uploads\\\/2023\\\/11\\\/Logo_horizontal_oscuroU-2023.png\",\"contentUrl\":\"https:\\\/\\\/www.ucaldas.edu.co\\\/portal\\\/wp-content\\\/uploads\\\/2023\\\/11\\\/Logo_horizontal_oscuroU-2023.png\",\"width\":263,\"height\":101,\"caption\":\"Universidad de Caldas\"},\"image\":{\"@id\":\"https:\\\/\\\/www.ucaldas.edu.co\\\/portal\\\/#\\\/schema\\\/logo\\\/image\\\/\"},\"sameAs\":[\"https:\\\/\\\/www.facebook.com\\\/udecaldas\",\"https:\\\/\\\/x.com\\\/udecaldas\",\"https:\\\/\\\/www.youtube.com\\\/universidadcaldas\",\"https:\\\/\\\/www.instagram.com\\\/udecaldas\\\/\"]},{\"@type\":\"Person\",\"@id\":\"https:\\\/\\\/www.ucaldas.edu.co\\\/portal\\\/#\\\/schema\\\/person\\\/a1b482e23449158b4bc319926c074fdf\",\"name\":\"ofiprensa\",\"image\":{\"@type\":\"ImageObject\",\"inLanguage\":\"es\",\"@id\":\"https:\\\/\\\/www.ucaldas.edu.co\\\/portal\\\/wp-content\\\/litespeed\\\/avatar\\\/09ea5085e600095a7a811142c6944527.jpg?ver=1777497608\",\"url\":\"https:\\\/\\\/www.ucaldas.edu.co\\\/portal\\\/wp-content\\\/litespeed\\\/avatar\\\/09ea5085e600095a7a811142c6944527.jpg?ver=1777497608\",\"contentUrl\":\"https:\\\/\\\/www.ucaldas.edu.co\\\/portal\\\/wp-content\\\/litespeed\\\/avatar\\\/09ea5085e600095a7a811142c6944527.jpg?ver=1777497608\",\"caption\":\"ofiprensa\"},\"url\":\"https:\\\/\\\/www.ucaldas.edu.co\\\/portal\\\/author\\\/ofiprensa\\\/\"}]}<\/script>\n<!-- \/ Yoast SEO plugin. -->","yoast_head_json":{"title":"Tercera sesi\u00f3n de la C\u00e1tedra Unesco \u201cla d\u00e9cada de la acci\u00f3n para el desarrollo sostenible\u201d .","robots":{"index":"index","follow":"follow","max-snippet":"max-snippet:-1","max-image-preview":"max-image-preview:large","max-video-preview":"max-video-preview:-1"},"canonical":"https:\/\/www.ucaldas.edu.co\/portal\/tercera-sesion-de-la-catedra-unesco-la-decada-de-la-accion-para-el-desarrollo-sostenible\/","schema":{"@context":"https:\/\/schema.org","@graph":[{"@type":"Article","@id":"https:\/\/www.ucaldas.edu.co\/portal\/tercera-sesion-de-la-catedra-unesco-la-decada-de-la-accion-para-el-desarrollo-sostenible\/#article","isPartOf":{"@id":"https:\/\/www.ucaldas.edu.co\/portal\/tercera-sesion-de-la-catedra-unesco-la-decada-de-la-accion-para-el-desarrollo-sostenible\/"},"author":{"name":"ofiprensa","@id":"https:\/\/www.ucaldas.edu.co\/portal\/#\/schema\/person\/a1b482e23449158b4bc319926c074fdf"},"headline":"Tercera sesi\u00f3n de la C\u00e1tedra Unesco \u201cla d\u00e9cada de la acci\u00f3n para el desarrollo sostenible\u201d","datePublished":"2021-09-29T02:55:56+00:00","mainEntityOfPage":{"@id":"https:\/\/www.ucaldas.edu.co\/portal\/tercera-sesion-de-la-catedra-unesco-la-decada-de-la-accion-para-el-desarrollo-sostenible\/"},"wordCount":263,"publisher":{"@id":"https:\/\/www.ucaldas.edu.co\/portal\/#organization"},"image":{"@id":"https:\/\/www.ucaldas.edu.co\/portal\/tercera-sesion-de-la-catedra-unesco-la-decada-de-la-accion-para-el-desarrollo-sostenible\/#primaryimage"},"thumbnailUrl":"https:\/\/www.ucaldas.edu.co\/portal\/wp-content\/uploads\/2021\/09\/unesco-1.jpg","keywords":["desarrollo sostenible","planta de Bioprocesos.","c\u00e1tedra unesco"],"articleSection":["Actualidad","Universidad al D\u00eda"],"inLanguage":"es"},{"@type":"WebPage","@id":"https:\/\/www.ucaldas.edu.co\/portal\/tercera-sesion-de-la-catedra-unesco-la-decada-de-la-accion-para-el-desarrollo-sostenible\/","url":"https:\/\/www.ucaldas.edu.co\/portal\/tercera-sesion-de-la-catedra-unesco-la-decada-de-la-accion-para-el-desarrollo-sostenible\/","name":"Tercera sesi\u00f3n de la C\u00e1tedra Unesco \u201cla d\u00e9cada de la acci\u00f3n para el desarrollo sostenible\u201d .","isPartOf":{"@id":"https:\/\/www.ucaldas.edu.co\/portal\/#website"},"primaryImageOfPage":{"@id":"https:\/\/www.ucaldas.edu.co\/portal\/tercera-sesion-de-la-catedra-unesco-la-decada-de-la-accion-para-el-desarrollo-sostenible\/#primaryimage"},"image":{"@id":"https:\/\/www.ucaldas.edu.co\/portal\/tercera-sesion-de-la-catedra-unesco-la-decada-de-la-accion-para-el-desarrollo-sostenible\/#primaryimage"},"thumbnailUrl":"https:\/\/www.ucaldas.edu.co\/portal\/wp-content\/uploads\/2021\/09\/unesco-1.jpg","datePublished":"2021-09-29T02:55:56+00:00","breadcrumb":{"@id":"https:\/\/www.ucaldas.edu.co\/portal\/tercera-sesion-de-la-catedra-unesco-la-decada-de-la-accion-para-el-desarrollo-sostenible\/#breadcrumb"},"inLanguage":"es","potentialAction":[{"@type":"ReadAction","target":["https:\/\/www.ucaldas.edu.co\/portal\/tercera-sesion-de-la-catedra-unesco-la-decada-de-la-accion-para-el-desarrollo-sostenible\/"]}]},{"@type":"ImageObject","inLanguage":"es","@id":"https:\/\/www.ucaldas.edu.co\/portal\/tercera-sesion-de-la-catedra-unesco-la-decada-de-la-accion-para-el-desarrollo-sostenible\/#primaryimage","url":"https:\/\/www.ucaldas.edu.co\/portal\/wp-content\/uploads\/2021\/09\/unesco-1.jpg","contentUrl":"https:\/\/www.ucaldas.edu.co\/portal\/wp-content\/uploads\/2021\/09\/unesco-1.jpg","width":700,"height":400},{"@type":"BreadcrumbList","@id":"https:\/\/www.ucaldas.edu.co\/portal\/tercera-sesion-de-la-catedra-unesco-la-decada-de-la-accion-para-el-desarrollo-sostenible\/#breadcrumb","itemListElement":[{"@type":"ListItem","position":1,"name":"Portada","item":"https:\/\/www.ucaldas.edu.co\/portal\/"},{"@type":"ListItem","position":2,"name":"Tercera sesi\u00f3n de la C\u00e1tedra Unesco \u201cla d\u00e9cada de la acci\u00f3n para el desarrollo sostenible\u201d"}]},{"@type":"WebSite","@id":"https:\/\/www.ucaldas.edu.co\/portal\/#website","url":"https:\/\/www.ucaldas.edu.co\/portal\/","name":"Universidad de Caldas","description":"","publisher":{"@id":"https:\/\/www.ucaldas.edu.co\/portal\/#organization"},"alternateName":"U. de Caldas","potentialAction":[{"@type":"SearchAction","target":{"@type":"EntryPoint","urlTemplate":"https:\/\/www.ucaldas.edu.co\/portal\/?s={search_term_string}"},"query-input":{"@type":"PropertyValueSpecification","valueRequired":true,"valueName":"search_term_string"}}],"inLanguage":"es"},{"@type":"Organization","@id":"https:\/\/www.ucaldas.edu.co\/portal\/#organization","name":"Universidad de Caldas","alternateName":"U. de Caldas","url":"https:\/\/www.ucaldas.edu.co\/portal\/","logo":{"@type":"ImageObject","inLanguage":"es","@id":"https:\/\/www.ucaldas.edu.co\/portal\/#\/schema\/logo\/image\/","url":"https:\/\/www.ucaldas.edu.co\/portal\/wp-content\/uploads\/2023\/11\/Logo_horizontal_oscuroU-2023.png","contentUrl":"https:\/\/www.ucaldas.edu.co\/portal\/wp-content\/uploads\/2023\/11\/Logo_horizontal_oscuroU-2023.png","width":263,"height":101,"caption":"Universidad de Caldas"},"image":{"@id":"https:\/\/www.ucaldas.edu.co\/portal\/#\/schema\/logo\/image\/"},"sameAs":["https:\/\/www.facebook.com\/udecaldas","https:\/\/x.com\/udecaldas","https:\/\/www.youtube.com\/universidadcaldas","https:\/\/www.instagram.com\/udecaldas\/"]},{"@type":"Person","@id":"https:\/\/www.ucaldas.edu.co\/portal\/#\/schema\/person\/a1b482e23449158b4bc319926c074fdf","name":"ofiprensa","image":{"@type":"ImageObject","inLanguage":"es","@id":"https:\/\/www.ucaldas.edu.co\/portal\/wp-content\/litespeed\/avatar\/09ea5085e600095a7a811142c6944527.jpg?ver=1777497608","url":"https:\/\/www.ucaldas.edu.co\/portal\/wp-content\/litespeed\/avatar\/09ea5085e600095a7a811142c6944527.jpg?ver=1777497608","contentUrl":"https:\/\/www.ucaldas.edu.co\/portal\/wp-content\/litespeed\/avatar\/09ea5085e600095a7a811142c6944527.jpg?ver=1777497608","caption":"ofiprensa"},"url":"https:\/\/www.ucaldas.edu.co\/portal\/author\/ofiprensa\/"}]}},"_links":{"self":[{"href":"https:\/\/www.ucaldas.edu.co\/portal\/wp-json\/wp\/v2\/posts\/65426","targetHints":{"allow":["GET"]}}],"collection":[{"href":"https:\/\/www.ucaldas.edu.co\/portal\/wp-json\/wp\/v2\/posts"}],"about":[{"href":"https:\/\/www.ucaldas.edu.co\/portal\/wp-json\/wp\/v2\/types\/post"}],"author":[{"embeddable":true,"href":"https:\/\/www.ucaldas.edu.co\/portal\/wp-json\/wp\/v2\/users\/2"}],"replies":[{"embeddable":true,"href":"https:\/\/www.ucaldas.edu.co\/portal\/wp-json\/wp\/v2\/comments?post=65426"}],"version-history":[{"count":0,"href":"https:\/\/www.ucaldas.edu.co\/portal\/wp-json\/wp\/v2\/posts\/65426\/revisions"}],"wp:featuredmedia":[{"embeddable":true,"href":"https:\/\/www.ucaldas.edu.co\/portal\/wp-json\/wp\/v2\/media\/65427"}],"wp:attachment":[{"href":"https:\/\/www.ucaldas.edu.co\/portal\/wp-json\/wp\/v2\/media?parent=65426"}],"wp:term":[{"taxonomy":"category","embeddable":true,"href":"https:\/\/www.ucaldas.edu.co\/portal\/wp-json\/wp\/v2\/categories?post=65426"},{"taxonomy":"post_tag","embeddable":true,"href":"https:\/\/www.ucaldas.edu.co\/portal\/wp-json\/wp\/v2\/tags?post=65426"}],"curies":[{"name":"wp","href":"https:\/\/api.w.org\/{rel}","templated":true}]}}