{"id":6536,"date":"2011-02-22T14:49:46","date_gmt":"2011-02-22T19:49:46","guid":{"rendered":"https:\/\/www.ucaldas.edu.co\/portal\/?p=6536"},"modified":"2011-02-22T14:49:46","modified_gmt":"2011-02-22T19:49:46","slug":"2011-ano-de-exitos-para-la-mezzosoprano-maria-clara-chavarriaga-rey-docente-de-la-u-de-caldas","status":"publish","type":"post","link":"https:\/\/www.ucaldas.edu.co\/portal\/2011-ano-de-exitos-para-la-mezzosoprano-maria-clara-chavarriaga-rey-docente-de-la-u-de-caldas\/","title":{"rendered":"2011, a\u00f1o de \u00e9xitos para la mezzosoprano Mar\u00eda Clara Chavarriaga Rey, docente de la U. de Caldas"},"content":{"rendered":"<p>La docente estar\u00e1 en Estados Unidos, Argentina, Costa Rica y Colombia<\/p>\n<hr \/>\n<p align=\"center\">\n<p align=\"right\"><b>22\/02\/2011<\/b><\/p>\n<p>&nbsp;<\/p>\n<table border=\"0\">\n<tbody>\n<tr>\n<td><img loading=\"lazy\" decoding=\"async\" style=\"border: 0px\" alt=\"Maria Clara\" src=\"http:\/\/www.ucaldas.edu.co\/images\/tmp\/Maria_Clara_Chavarriaga_docente_Conservatorio_Musica_UCaldas.JPG\" width=\"240\" height=\"150\" border=\"0\" \/><\/td>\n<td>Con una gran sonrisa, rostro expresivo y c\u00e1lida voz, la mezzosoprano <b>Mar\u00eda Clara Chavarriaga Rey<\/b>, docente del Conservatorio de M\u00fasica de la Universidad de Caldas <b>comenta sus experiencias y proyectos<\/b>.<\/p>\n<p>&nbsp;<\/p>\n<p>En medio del ruido de la cafeter\u00eda central de la U. de Caldas y la calurosa ma\u00f1ana manizale\u00f1a, Chavarriaga\u00a0 Rey recuenta sus proyectos para el 2011 y expresa con orgullo: \u201cmi vida art\u00edstica ha sido una vida llena de muchas puertas abiertas y sue\u00f1os cumplidos. Con la m\u00fasica vas adquiriendo experiencias importantes. Entre m\u00e1s maduro, consciente y experimentado vas siendo mejor profesional y persona\u201d.<\/td>\n<\/tr>\n<\/tbody>\n<\/table>\n<p>&nbsp;<\/p>\n<p>&nbsp;<\/p>\n<p><b>Proyectos para el 2011<\/b><\/p>\n<p>El <b>16 de abri<\/b>l es el <b>D\u00eda Mundial de la Voz<\/b> y <b>Chavarriaga\u00a0 Rey<\/b> <b>programa su celebraci\u00f3n<\/b>. Para esto, ha hablado con personas de Italia, M\u00e9xico, Portugal, Brasil, Argentina, Uruguay, Ecuador, Venezuela, entre otros. La sede de este evento ser\u00e1 la Universidad Manuela Beltr\u00e1n de Bogot\u00e1, donde realizar\u00e1 una serie de conciertos y conferencias.<\/p>\n<p>&nbsp;<\/p>\n<p>Por otra parte, es la \u00fanica colombiana invitada a la Jornada Internacional de Integraci\u00f3n de Profesionales de la Voz Cantada, que se realizar\u00e1 del 13 al 14 de mayo en C\u00f3rdoba, Argentina.<\/p>\n<p>&nbsp;<\/p>\n<p>All\u00ed dictar\u00e1 la conferencia <i>El rol y cuidados del docente cantante. <\/i>Fue invitada por la Fundaci\u00f3n Iberoamericana de Voz Cantada y Hablada (FIVCH). En este evento participar\u00e1n conferencistas de Argentina, Chile y Brasil.<\/p>\n<p>&nbsp;<\/p>\n<p>El lema del evento es <i>La integraci\u00f3n de conocimientos<\/i>. Se realizar\u00e1n mesas de discusi\u00f3n, conferencias, seminarios, talleres, trabajos libres e investigaciones en voz cantada.<\/p>\n<p>&nbsp;<\/p>\n<p>Respecto a su carrera, Chavarriaga Rey coment\u00f3: \u201cestoy en la mejor etapa de mi carrera: me siento muy joven y mi voz est\u00e1 en el mejor punto. Estos son logros muy importantes, que he logrado a trav\u00e9s de todas mis experiencias\u201d.<\/p>\n<p>&nbsp;<\/p>\n<p>Mar\u00eda Clara Chavarriaga\u00a0 Rey\u00a0 estar\u00e1 en junio de este a\u00f1o en la Universidad de Michigan, campus Ann Arbor (Estados Unidos), donde dictar\u00e1 clases magistrales y realizar\u00e1 conciertos.<\/p>\n<p>&nbsp;<\/p>\n<p>Chavarriaga\u00a0 Rey\u00a0 cantar\u00e1 en agosto de este a\u00f1o la IX Sinfon\u00eda de Beethoven, en el Festival de M\u00fasica de Manizales.<\/p>\n<p>&nbsp;<\/p>\n<p>Adem\u00e1s, dictar\u00e1 cursos magistrales con la \u00d3pera de C\u00e1mara de San Jos\u00e9 (Costa Rica) y luego realizar\u00e1 conciertos en C\u00facuta, Bogot\u00e1, Quibd\u00f3, Medell\u00edn, entre otros.<\/p>\n<p>&nbsp;<\/p>\n<p><b>Hoja de vida de Chavarriaga Rey<\/b><\/p>\n<p>Vivi\u00f3 en Italia 11 a\u00f1os, all\u00ed estudi\u00f3 repertorio y t\u00e9cnica vocal, <i>avviamento<\/i>\u00a0al canto l\u00edrico e interpretaci\u00f3n. Cant\u00f3 con la Opera de Colombia desde el 1977 hasta 1984. Ha desarrollado una intensa actividad concertista en pa\u00edses como Suiza, Italia, Estados Unidos, M\u00e9xico y Costa Rica.<\/p>\n<p>&nbsp;<\/p>\n<p>En 1990 estren\u00f3 la obra Planctus Mariae de Maurizio Costioli y Mario Pagliarani para la televisi\u00f3n suiza. Fue solista desde 1987 a 1992 en la Orquesta Antonio Vivaldi en Lugano (Suiza), adem\u00e1s fue Directora Art\u00edstica de la Asociaci\u00f3n Sui Sentieri della Musica, en Italia.<\/p>\n<p>&nbsp;<\/p>\n<p>Desde el a\u00f1o 2000 ense\u00f1a en la Universidad de Caldas canto, t\u00e9cnica vocal y foniatr\u00eda. En el 2010 volvi\u00f3 a Italia donde cant\u00f3 al lado del famoso bar\u00edtono Pier Paolo Cappucc.<\/p>\n<p>&nbsp;<\/p>\n<p><b>Informes:<\/b> en la Oficina de Prensa de la U. de Caldas. Tel\u00e9fono: 878 15 00, extensi\u00f3n 12 167.<\/p>\n","protected":false},"excerpt":{"rendered":"<p>La docente estar\u00e1 en Estados Unidos, Argentina, Costa Rica y Colombia 22\/02\/2011 &nbsp; Con una gran sonrisa, rostro expresivo y c\u00e1lida voz, la mezzosoprano Mar\u00eda Clara Chavarriaga Rey, docente del Conservatorio de M\u00fasica de la Universidad de Caldas comenta sus experiencias y proyectos. &nbsp; En medio del ruido de la cafeter\u00eda central de la U. [&hellip;]<\/p>\n","protected":false},"author":2,"featured_media":0,"comment_status":"closed","ping_status":"closed","sticky":false,"template":"","format":"standard","meta":{"footnotes":""},"categories":[48,53],"tags":[],"class_list":["post-6536","post","type-post","status-publish","format-standard","hentry","category-actualidad","category-universidad-al-dia"],"yoast_head":"<!-- This site is optimized with the Yoast SEO plugin v27.5 - https:\/\/yoast.com\/product\/yoast-seo-wordpress\/ -->\n<title>2011, a\u00f1o de \u00e9xitos para la mezzosoprano Mar\u00eda Clara Chavarriaga Rey, docente de la U. de Caldas .<\/title>\n<meta name=\"robots\" content=\"index, follow, max-snippet:-1, max-image-preview:large, max-video-preview:-1\" \/>\n<link rel=\"canonical\" href=\"https:\/\/www.ucaldas.edu.co\/portal\/2011-ano-de-exitos-para-la-mezzosoprano-maria-clara-chavarriaga-rey-docente-de-la-u-de-caldas\/\" \/>\n<script type=\"application\/ld+json\" class=\"yoast-schema-graph\">{\"@context\":\"https:\\\/\\\/schema.org\",\"@graph\":[{\"@type\":\"Article\",\"@id\":\"https:\\\/\\\/www.ucaldas.edu.co\\\/portal\\\/2011-ano-de-exitos-para-la-mezzosoprano-maria-clara-chavarriaga-rey-docente-de-la-u-de-caldas\\\/#article\",\"isPartOf\":{\"@id\":\"https:\\\/\\\/www.ucaldas.edu.co\\\/portal\\\/2011-ano-de-exitos-para-la-mezzosoprano-maria-clara-chavarriaga-rey-docente-de-la-u-de-caldas\\\/\"},\"author\":{\"name\":\"ofiprensa\",\"@id\":\"https:\\\/\\\/www.ucaldas.edu.co\\\/portal\\\/#\\\/schema\\\/person\\\/a1b482e23449158b4bc319926c074fdf\"},\"headline\":\"2011, a\u00f1o de \u00e9xitos para la mezzosoprano Mar\u00eda Clara Chavarriaga Rey, docente de la U. de Caldas\",\"datePublished\":\"2011-02-22T19:49:46+00:00\",\"mainEntityOfPage\":{\"@id\":\"https:\\\/\\\/www.ucaldas.edu.co\\\/portal\\\/2011-ano-de-exitos-para-la-mezzosoprano-maria-clara-chavarriaga-rey-docente-de-la-u-de-caldas\\\/\"},\"wordCount\":572,\"publisher\":{\"@id\":\"https:\\\/\\\/www.ucaldas.edu.co\\\/portal\\\/#organization\"},\"image\":{\"@id\":\"https:\\\/\\\/www.ucaldas.edu.co\\\/portal\\\/2011-ano-de-exitos-para-la-mezzosoprano-maria-clara-chavarriaga-rey-docente-de-la-u-de-caldas\\\/#primaryimage\"},\"thumbnailUrl\":\"http:\\\/\\\/www.ucaldas.edu.co\\\/images\\\/tmp\\\/Maria_Clara_Chavarriaga_docente_Conservatorio_Musica_UCaldas.JPG\",\"articleSection\":[\"Actualidad\",\"Universidad al D\u00eda\"],\"inLanguage\":\"es\"},{\"@type\":\"WebPage\",\"@id\":\"https:\\\/\\\/www.ucaldas.edu.co\\\/portal\\\/2011-ano-de-exitos-para-la-mezzosoprano-maria-clara-chavarriaga-rey-docente-de-la-u-de-caldas\\\/\",\"url\":\"https:\\\/\\\/www.ucaldas.edu.co\\\/portal\\\/2011-ano-de-exitos-para-la-mezzosoprano-maria-clara-chavarriaga-rey-docente-de-la-u-de-caldas\\\/\",\"name\":\"2011, a\u00f1o de \u00e9xitos para la mezzosoprano Mar\u00eda Clara Chavarriaga Rey, docente de la U. de Caldas .\",\"isPartOf\":{\"@id\":\"https:\\\/\\\/www.ucaldas.edu.co\\\/portal\\\/#website\"},\"primaryImageOfPage\":{\"@id\":\"https:\\\/\\\/www.ucaldas.edu.co\\\/portal\\\/2011-ano-de-exitos-para-la-mezzosoprano-maria-clara-chavarriaga-rey-docente-de-la-u-de-caldas\\\/#primaryimage\"},\"image\":{\"@id\":\"https:\\\/\\\/www.ucaldas.edu.co\\\/portal\\\/2011-ano-de-exitos-para-la-mezzosoprano-maria-clara-chavarriaga-rey-docente-de-la-u-de-caldas\\\/#primaryimage\"},\"thumbnailUrl\":\"http:\\\/\\\/www.ucaldas.edu.co\\\/images\\\/tmp\\\/Maria_Clara_Chavarriaga_docente_Conservatorio_Musica_UCaldas.JPG\",\"datePublished\":\"2011-02-22T19:49:46+00:00\",\"breadcrumb\":{\"@id\":\"https:\\\/\\\/www.ucaldas.edu.co\\\/portal\\\/2011-ano-de-exitos-para-la-mezzosoprano-maria-clara-chavarriaga-rey-docente-de-la-u-de-caldas\\\/#breadcrumb\"},\"inLanguage\":\"es\",\"potentialAction\":[{\"@type\":\"ReadAction\",\"target\":[\"https:\\\/\\\/www.ucaldas.edu.co\\\/portal\\\/2011-ano-de-exitos-para-la-mezzosoprano-maria-clara-chavarriaga-rey-docente-de-la-u-de-caldas\\\/\"]}]},{\"@type\":\"ImageObject\",\"inLanguage\":\"es\",\"@id\":\"https:\\\/\\\/www.ucaldas.edu.co\\\/portal\\\/2011-ano-de-exitos-para-la-mezzosoprano-maria-clara-chavarriaga-rey-docente-de-la-u-de-caldas\\\/#primaryimage\",\"url\":\"http:\\\/\\\/www.ucaldas.edu.co\\\/images\\\/tmp\\\/Maria_Clara_Chavarriaga_docente_Conservatorio_Musica_UCaldas.JPG\",\"contentUrl\":\"http:\\\/\\\/www.ucaldas.edu.co\\\/images\\\/tmp\\\/Maria_Clara_Chavarriaga_docente_Conservatorio_Musica_UCaldas.JPG\"},{\"@type\":\"BreadcrumbList\",\"@id\":\"https:\\\/\\\/www.ucaldas.edu.co\\\/portal\\\/2011-ano-de-exitos-para-la-mezzosoprano-maria-clara-chavarriaga-rey-docente-de-la-u-de-caldas\\\/#breadcrumb\",\"itemListElement\":[{\"@type\":\"ListItem\",\"position\":1,\"name\":\"Portada\",\"item\":\"https:\\\/\\\/www.ucaldas.edu.co\\\/portal\\\/\"},{\"@type\":\"ListItem\",\"position\":2,\"name\":\"2011, a\u00f1o de \u00e9xitos para la mezzosoprano Mar\u00eda Clara Chavarriaga Rey, docente de la U. de Caldas\"}]},{\"@type\":\"WebSite\",\"@id\":\"https:\\\/\\\/www.ucaldas.edu.co\\\/portal\\\/#website\",\"url\":\"https:\\\/\\\/www.ucaldas.edu.co\\\/portal\\\/\",\"name\":\"Universidad de Caldas\",\"description\":\"\",\"publisher\":{\"@id\":\"https:\\\/\\\/www.ucaldas.edu.co\\\/portal\\\/#organization\"},\"alternateName\":\"U. de Caldas\",\"potentialAction\":[{\"@type\":\"SearchAction\",\"target\":{\"@type\":\"EntryPoint\",\"urlTemplate\":\"https:\\\/\\\/www.ucaldas.edu.co\\\/portal\\\/?s={search_term_string}\"},\"query-input\":{\"@type\":\"PropertyValueSpecification\",\"valueRequired\":true,\"valueName\":\"search_term_string\"}}],\"inLanguage\":\"es\"},{\"@type\":\"Organization\",\"@id\":\"https:\\\/\\\/www.ucaldas.edu.co\\\/portal\\\/#organization\",\"name\":\"Universidad de Caldas\",\"alternateName\":\"U. de Caldas\",\"url\":\"https:\\\/\\\/www.ucaldas.edu.co\\\/portal\\\/\",\"logo\":{\"@type\":\"ImageObject\",\"inLanguage\":\"es\",\"@id\":\"https:\\\/\\\/www.ucaldas.edu.co\\\/portal\\\/#\\\/schema\\\/logo\\\/image\\\/\",\"url\":\"https:\\\/\\\/www.ucaldas.edu.co\\\/portal\\\/wp-content\\\/uploads\\\/2023\\\/11\\\/Logo_horizontal_oscuroU-2023.png\",\"contentUrl\":\"https:\\\/\\\/www.ucaldas.edu.co\\\/portal\\\/wp-content\\\/uploads\\\/2023\\\/11\\\/Logo_horizontal_oscuroU-2023.png\",\"width\":263,\"height\":101,\"caption\":\"Universidad de Caldas\"},\"image\":{\"@id\":\"https:\\\/\\\/www.ucaldas.edu.co\\\/portal\\\/#\\\/schema\\\/logo\\\/image\\\/\"},\"sameAs\":[\"https:\\\/\\\/www.facebook.com\\\/udecaldas\",\"https:\\\/\\\/x.com\\\/udecaldas\",\"https:\\\/\\\/www.youtube.com\\\/universidadcaldas\",\"https:\\\/\\\/www.instagram.com\\\/udecaldas\\\/\"]},{\"@type\":\"Person\",\"@id\":\"https:\\\/\\\/www.ucaldas.edu.co\\\/portal\\\/#\\\/schema\\\/person\\\/a1b482e23449158b4bc319926c074fdf\",\"name\":\"ofiprensa\",\"image\":{\"@type\":\"ImageObject\",\"inLanguage\":\"es\",\"@id\":\"https:\\\/\\\/www.ucaldas.edu.co\\\/portal\\\/wp-content\\\/litespeed\\\/avatar\\\/09ea5085e600095a7a811142c6944527.jpg?ver=1777497608\",\"url\":\"https:\\\/\\\/www.ucaldas.edu.co\\\/portal\\\/wp-content\\\/litespeed\\\/avatar\\\/09ea5085e600095a7a811142c6944527.jpg?ver=1777497608\",\"contentUrl\":\"https:\\\/\\\/www.ucaldas.edu.co\\\/portal\\\/wp-content\\\/litespeed\\\/avatar\\\/09ea5085e600095a7a811142c6944527.jpg?ver=1777497608\",\"caption\":\"ofiprensa\"},\"url\":\"https:\\\/\\\/www.ucaldas.edu.co\\\/portal\\\/author\\\/ofiprensa\\\/\"}]}<\/script>\n<!-- \/ Yoast SEO plugin. -->","yoast_head_json":{"title":"2011, a\u00f1o de \u00e9xitos para la mezzosoprano Mar\u00eda Clara Chavarriaga Rey, docente de la U. de Caldas .","robots":{"index":"index","follow":"follow","max-snippet":"max-snippet:-1","max-image-preview":"max-image-preview:large","max-video-preview":"max-video-preview:-1"},"canonical":"https:\/\/www.ucaldas.edu.co\/portal\/2011-ano-de-exitos-para-la-mezzosoprano-maria-clara-chavarriaga-rey-docente-de-la-u-de-caldas\/","schema":{"@context":"https:\/\/schema.org","@graph":[{"@type":"Article","@id":"https:\/\/www.ucaldas.edu.co\/portal\/2011-ano-de-exitos-para-la-mezzosoprano-maria-clara-chavarriaga-rey-docente-de-la-u-de-caldas\/#article","isPartOf":{"@id":"https:\/\/www.ucaldas.edu.co\/portal\/2011-ano-de-exitos-para-la-mezzosoprano-maria-clara-chavarriaga-rey-docente-de-la-u-de-caldas\/"},"author":{"name":"ofiprensa","@id":"https:\/\/www.ucaldas.edu.co\/portal\/#\/schema\/person\/a1b482e23449158b4bc319926c074fdf"},"headline":"2011, a\u00f1o de \u00e9xitos para la mezzosoprano Mar\u00eda Clara Chavarriaga Rey, docente de la U. de Caldas","datePublished":"2011-02-22T19:49:46+00:00","mainEntityOfPage":{"@id":"https:\/\/www.ucaldas.edu.co\/portal\/2011-ano-de-exitos-para-la-mezzosoprano-maria-clara-chavarriaga-rey-docente-de-la-u-de-caldas\/"},"wordCount":572,"publisher":{"@id":"https:\/\/www.ucaldas.edu.co\/portal\/#organization"},"image":{"@id":"https:\/\/www.ucaldas.edu.co\/portal\/2011-ano-de-exitos-para-la-mezzosoprano-maria-clara-chavarriaga-rey-docente-de-la-u-de-caldas\/#primaryimage"},"thumbnailUrl":"http:\/\/www.ucaldas.edu.co\/images\/tmp\/Maria_Clara_Chavarriaga_docente_Conservatorio_Musica_UCaldas.JPG","articleSection":["Actualidad","Universidad al D\u00eda"],"inLanguage":"es"},{"@type":"WebPage","@id":"https:\/\/www.ucaldas.edu.co\/portal\/2011-ano-de-exitos-para-la-mezzosoprano-maria-clara-chavarriaga-rey-docente-de-la-u-de-caldas\/","url":"https:\/\/www.ucaldas.edu.co\/portal\/2011-ano-de-exitos-para-la-mezzosoprano-maria-clara-chavarriaga-rey-docente-de-la-u-de-caldas\/","name":"2011, a\u00f1o de \u00e9xitos para la mezzosoprano Mar\u00eda Clara Chavarriaga Rey, docente de la U. de Caldas .","isPartOf":{"@id":"https:\/\/www.ucaldas.edu.co\/portal\/#website"},"primaryImageOfPage":{"@id":"https:\/\/www.ucaldas.edu.co\/portal\/2011-ano-de-exitos-para-la-mezzosoprano-maria-clara-chavarriaga-rey-docente-de-la-u-de-caldas\/#primaryimage"},"image":{"@id":"https:\/\/www.ucaldas.edu.co\/portal\/2011-ano-de-exitos-para-la-mezzosoprano-maria-clara-chavarriaga-rey-docente-de-la-u-de-caldas\/#primaryimage"},"thumbnailUrl":"http:\/\/www.ucaldas.edu.co\/images\/tmp\/Maria_Clara_Chavarriaga_docente_Conservatorio_Musica_UCaldas.JPG","datePublished":"2011-02-22T19:49:46+00:00","breadcrumb":{"@id":"https:\/\/www.ucaldas.edu.co\/portal\/2011-ano-de-exitos-para-la-mezzosoprano-maria-clara-chavarriaga-rey-docente-de-la-u-de-caldas\/#breadcrumb"},"inLanguage":"es","potentialAction":[{"@type":"ReadAction","target":["https:\/\/www.ucaldas.edu.co\/portal\/2011-ano-de-exitos-para-la-mezzosoprano-maria-clara-chavarriaga-rey-docente-de-la-u-de-caldas\/"]}]},{"@type":"ImageObject","inLanguage":"es","@id":"https:\/\/www.ucaldas.edu.co\/portal\/2011-ano-de-exitos-para-la-mezzosoprano-maria-clara-chavarriaga-rey-docente-de-la-u-de-caldas\/#primaryimage","url":"http:\/\/www.ucaldas.edu.co\/images\/tmp\/Maria_Clara_Chavarriaga_docente_Conservatorio_Musica_UCaldas.JPG","contentUrl":"http:\/\/www.ucaldas.edu.co\/images\/tmp\/Maria_Clara_Chavarriaga_docente_Conservatorio_Musica_UCaldas.JPG"},{"@type":"BreadcrumbList","@id":"https:\/\/www.ucaldas.edu.co\/portal\/2011-ano-de-exitos-para-la-mezzosoprano-maria-clara-chavarriaga-rey-docente-de-la-u-de-caldas\/#breadcrumb","itemListElement":[{"@type":"ListItem","position":1,"name":"Portada","item":"https:\/\/www.ucaldas.edu.co\/portal\/"},{"@type":"ListItem","position":2,"name":"2011, a\u00f1o de \u00e9xitos para la mezzosoprano Mar\u00eda Clara Chavarriaga Rey, docente de la U. de Caldas"}]},{"@type":"WebSite","@id":"https:\/\/www.ucaldas.edu.co\/portal\/#website","url":"https:\/\/www.ucaldas.edu.co\/portal\/","name":"Universidad de Caldas","description":"","publisher":{"@id":"https:\/\/www.ucaldas.edu.co\/portal\/#organization"},"alternateName":"U. de Caldas","potentialAction":[{"@type":"SearchAction","target":{"@type":"EntryPoint","urlTemplate":"https:\/\/www.ucaldas.edu.co\/portal\/?s={search_term_string}"},"query-input":{"@type":"PropertyValueSpecification","valueRequired":true,"valueName":"search_term_string"}}],"inLanguage":"es"},{"@type":"Organization","@id":"https:\/\/www.ucaldas.edu.co\/portal\/#organization","name":"Universidad de Caldas","alternateName":"U. de Caldas","url":"https:\/\/www.ucaldas.edu.co\/portal\/","logo":{"@type":"ImageObject","inLanguage":"es","@id":"https:\/\/www.ucaldas.edu.co\/portal\/#\/schema\/logo\/image\/","url":"https:\/\/www.ucaldas.edu.co\/portal\/wp-content\/uploads\/2023\/11\/Logo_horizontal_oscuroU-2023.png","contentUrl":"https:\/\/www.ucaldas.edu.co\/portal\/wp-content\/uploads\/2023\/11\/Logo_horizontal_oscuroU-2023.png","width":263,"height":101,"caption":"Universidad de Caldas"},"image":{"@id":"https:\/\/www.ucaldas.edu.co\/portal\/#\/schema\/logo\/image\/"},"sameAs":["https:\/\/www.facebook.com\/udecaldas","https:\/\/x.com\/udecaldas","https:\/\/www.youtube.com\/universidadcaldas","https:\/\/www.instagram.com\/udecaldas\/"]},{"@type":"Person","@id":"https:\/\/www.ucaldas.edu.co\/portal\/#\/schema\/person\/a1b482e23449158b4bc319926c074fdf","name":"ofiprensa","image":{"@type":"ImageObject","inLanguage":"es","@id":"https:\/\/www.ucaldas.edu.co\/portal\/wp-content\/litespeed\/avatar\/09ea5085e600095a7a811142c6944527.jpg?ver=1777497608","url":"https:\/\/www.ucaldas.edu.co\/portal\/wp-content\/litespeed\/avatar\/09ea5085e600095a7a811142c6944527.jpg?ver=1777497608","contentUrl":"https:\/\/www.ucaldas.edu.co\/portal\/wp-content\/litespeed\/avatar\/09ea5085e600095a7a811142c6944527.jpg?ver=1777497608","caption":"ofiprensa"},"url":"https:\/\/www.ucaldas.edu.co\/portal\/author\/ofiprensa\/"}]}},"_links":{"self":[{"href":"https:\/\/www.ucaldas.edu.co\/portal\/wp-json\/wp\/v2\/posts\/6536","targetHints":{"allow":["GET"]}}],"collection":[{"href":"https:\/\/www.ucaldas.edu.co\/portal\/wp-json\/wp\/v2\/posts"}],"about":[{"href":"https:\/\/www.ucaldas.edu.co\/portal\/wp-json\/wp\/v2\/types\/post"}],"author":[{"embeddable":true,"href":"https:\/\/www.ucaldas.edu.co\/portal\/wp-json\/wp\/v2\/users\/2"}],"replies":[{"embeddable":true,"href":"https:\/\/www.ucaldas.edu.co\/portal\/wp-json\/wp\/v2\/comments?post=6536"}],"version-history":[{"count":0,"href":"https:\/\/www.ucaldas.edu.co\/portal\/wp-json\/wp\/v2\/posts\/6536\/revisions"}],"wp:attachment":[{"href":"https:\/\/www.ucaldas.edu.co\/portal\/wp-json\/wp\/v2\/media?parent=6536"}],"wp:term":[{"taxonomy":"category","embeddable":true,"href":"https:\/\/www.ucaldas.edu.co\/portal\/wp-json\/wp\/v2\/categories?post=6536"},{"taxonomy":"post_tag","embeddable":true,"href":"https:\/\/www.ucaldas.edu.co\/portal\/wp-json\/wp\/v2\/tags?post=6536"}],"curies":[{"name":"wp","href":"https:\/\/api.w.org\/{rel}","templated":true}]}}