{"id":65317,"date":"2021-09-23T22:22:43","date_gmt":"2021-09-23T22:22:43","guid":{"rendered":"https:\/\/www.ucaldas.edu.co\/portal\/?p=65317"},"modified":"2021-09-27T16:02:23","modified_gmt":"2021-09-27T16:02:23","slug":"inicio-la-primera-cohorte-del-diplomado-en-analisis-de-informacion-en-ciencias-sociales","status":"publish","type":"post","link":"https:\/\/www.ucaldas.edu.co\/portal\/inicio-la-primera-cohorte-del-diplomado-en-analisis-de-informacion-en-ciencias-sociales\/","title":{"rendered":"Inici\u00f3 la primera cohorte del diplomado en An\u00e1lisis de Informaci\u00f3n en Ciencias Sociales"},"content":{"rendered":"<p style=\"text-align: center;\">EL PROGRAMA IR\u00c1 HASTA EL MES DE DICIEMBRE<br \/>\n<strong>Inici\u00f3 la primera cohorte del diplomado en An\u00e1lisis de Informaci\u00f3n en Ciencias Sociales<\/strong><\/p>\n<p style=\"text-align: right;\">23\/09\/2021<\/p>\n<p><img loading=\"lazy\" decoding=\"async\" class=\"size-full wp-image-65318 aligncenter\" src=\"https:\/\/www.ucaldas.edu.co\/portal\/wp-content\/uploads\/2021\/09\/diplo.jpg\" alt=\"\" width=\"700\" height=\"400\" srcset=\"https:\/\/www.ucaldas.edu.co\/portal\/wp-content\/uploads\/2021\/09\/diplo.jpg 700w, https:\/\/www.ucaldas.edu.co\/portal\/wp-content\/uploads\/2021\/09\/diplo-300x171.jpg 300w\" sizes=\"auto, (max-width: 700px) 100vw, 700px\" \/><br \/>\nSe dio apertura a la primera cohorte del diplomado en An\u00e1lisis de Informaci\u00f3n en Ciencias Sociales en modalidad virtual, realizado por el departamento de Antropolog\u00eda y Sociolog\u00eda, el Laboratorio de Estudios Sociales Comparados LESC y la Vicerrector\u00eda de Proyecci\u00f3n Universitaria de la Universidad de Caldas.<br \/>\n<!--more--><\/p>\n<p>El diplomado, al cual se presentaron m\u00e1s de 100 personas de diferentes lugares del mundo, tiene por objetivo formar estudiantes, profesionales y docentes en el manejo de datos con programas inform\u00e1ticos.<\/p>\n<p>Hasta la fecha, los estudiantes han recibido orientaci\u00f3n por parte del coordinador t\u00e9cnico comercial para Latinoam\u00e9rica del programa de an\u00e1lisis de informaci\u00f3n cualitativa ATLAS.ti., Luis Alfredo Loaiza; y del doctor en Antropolog\u00eda, El\u00edas Sevilla Casas.<\/p>\n<p>Para el mes de diciembre se espera graduar la primera cohorte del Diplomado, siendo est\u00e1 una oportunidad para formar a estudiantes, profesionales, investigadores y docentes en el an\u00e1lisis y sistematizaci\u00f3n de datos para las Ciencias sociales, Humanas y Exactas.<\/p>\n<p>interesados en nuevas cohortes escribir a <strong>laboratorio.comparados@ucaldas.edu.co<\/p>\n<p><a href=\"https:\/\/www.ccsociedad.com\/post\/se-dio-inicio-a-la-primera-cohorte-del-diplomado-an%C3%A1lisis-de-informaci%C3%B3n-en-ciencias-sociales\">M\u00e1s informaci\u00f3n.<\/a><br \/>\n<\/strong><\/p>\n<p><strong>Informes: <\/strong>Oficina de Comunicaciones y Prensa Universidad de Caldas.<\/p>\n<p><strong>Redacci\u00f3n:<\/strong> Mateo Buritic\u00e1 Giraldo<\/p>\n<p>&nbsp;<\/p>\n","protected":false},"excerpt":{"rendered":"<p>EL PROGRAMA IR\u00c1 HASTA EL MES DE DICIEMBRE Inici\u00f3 la primera cohorte del diplomado en An\u00e1lisis de Informaci\u00f3n en Ciencias Sociales 23\/09\/2021 Se dio apertura a la primera cohorte del diplomado en An\u00e1lisis de Informaci\u00f3n en Ciencias Sociales en modalidad virtual, realizado por el departamento de Antropolog\u00eda y Sociolog\u00eda, el Laboratorio de Estudios Sociales Comparados [&hellip;]<\/p>\n","protected":false},"author":2,"featured_media":65318,"comment_status":"closed","ping_status":"open","sticky":false,"template":"","format":"standard","meta":{"footnotes":""},"categories":[48,53],"tags":[5385,7221,7222],"class_list":["post-65317","post","type-post","status-publish","format-standard","has-post-thumbnail","hentry","category-actualidad","category-universidad-al-dia","tag-ciencias-sociales-y-humanas","tag-analisis-de-informacion","tag-diplomados-u-de-caldas"],"yoast_head":"<!-- This site is optimized with the Yoast SEO plugin v27.5 - https:\/\/yoast.com\/product\/yoast-seo-wordpress\/ -->\n<title>Inici\u00f3 la primera cohorte del diplomado en An\u00e1lisis de Informaci\u00f3n en Ciencias Sociales .<\/title>\n<meta name=\"robots\" content=\"index, follow, max-snippet:-1, max-image-preview:large, max-video-preview:-1\" \/>\n<link rel=\"canonical\" href=\"https:\/\/www.ucaldas.edu.co\/portal\/inicio-la-primera-cohorte-del-diplomado-en-analisis-de-informacion-en-ciencias-sociales\/\" \/>\n<script type=\"application\/ld+json\" class=\"yoast-schema-graph\">{\"@context\":\"https:\\\/\\\/schema.org\",\"@graph\":[{\"@type\":\"Article\",\"@id\":\"https:\\\/\\\/www.ucaldas.edu.co\\\/portal\\\/inicio-la-primera-cohorte-del-diplomado-en-analisis-de-informacion-en-ciencias-sociales\\\/#article\",\"isPartOf\":{\"@id\":\"https:\\\/\\\/www.ucaldas.edu.co\\\/portal\\\/inicio-la-primera-cohorte-del-diplomado-en-analisis-de-informacion-en-ciencias-sociales\\\/\"},\"author\":{\"name\":\"ofiprensa\",\"@id\":\"https:\\\/\\\/www.ucaldas.edu.co\\\/portal\\\/#\\\/schema\\\/person\\\/a1b482e23449158b4bc319926c074fdf\"},\"headline\":\"Inici\u00f3 la primera cohorte del diplomado en An\u00e1lisis de Informaci\u00f3n en Ciencias Sociales\",\"datePublished\":\"2021-09-23T22:22:43+00:00\",\"dateModified\":\"2021-09-27T16:02:23+00:00\",\"mainEntityOfPage\":{\"@id\":\"https:\\\/\\\/www.ucaldas.edu.co\\\/portal\\\/inicio-la-primera-cohorte-del-diplomado-en-analisis-de-informacion-en-ciencias-sociales\\\/\"},\"wordCount\":235,\"publisher\":{\"@id\":\"https:\\\/\\\/www.ucaldas.edu.co\\\/portal\\\/#organization\"},\"image\":{\"@id\":\"https:\\\/\\\/www.ucaldas.edu.co\\\/portal\\\/inicio-la-primera-cohorte-del-diplomado-en-analisis-de-informacion-en-ciencias-sociales\\\/#primaryimage\"},\"thumbnailUrl\":\"https:\\\/\\\/www.ucaldas.edu.co\\\/portal\\\/wp-content\\\/uploads\\\/2021\\\/09\\\/diplo.jpg\",\"keywords\":[\"ciencias sociales y humanas\",\"an\u00e1lisis de informaci\u00f3n\",\"diplomados u. de caldas\"],\"articleSection\":[\"Actualidad\",\"Universidad al D\u00eda\"],\"inLanguage\":\"es\"},{\"@type\":\"WebPage\",\"@id\":\"https:\\\/\\\/www.ucaldas.edu.co\\\/portal\\\/inicio-la-primera-cohorte-del-diplomado-en-analisis-de-informacion-en-ciencias-sociales\\\/\",\"url\":\"https:\\\/\\\/www.ucaldas.edu.co\\\/portal\\\/inicio-la-primera-cohorte-del-diplomado-en-analisis-de-informacion-en-ciencias-sociales\\\/\",\"name\":\"Inici\u00f3 la primera cohorte del diplomado en An\u00e1lisis de Informaci\u00f3n en Ciencias Sociales .\",\"isPartOf\":{\"@id\":\"https:\\\/\\\/www.ucaldas.edu.co\\\/portal\\\/#website\"},\"primaryImageOfPage\":{\"@id\":\"https:\\\/\\\/www.ucaldas.edu.co\\\/portal\\\/inicio-la-primera-cohorte-del-diplomado-en-analisis-de-informacion-en-ciencias-sociales\\\/#primaryimage\"},\"image\":{\"@id\":\"https:\\\/\\\/www.ucaldas.edu.co\\\/portal\\\/inicio-la-primera-cohorte-del-diplomado-en-analisis-de-informacion-en-ciencias-sociales\\\/#primaryimage\"},\"thumbnailUrl\":\"https:\\\/\\\/www.ucaldas.edu.co\\\/portal\\\/wp-content\\\/uploads\\\/2021\\\/09\\\/diplo.jpg\",\"datePublished\":\"2021-09-23T22:22:43+00:00\",\"dateModified\":\"2021-09-27T16:02:23+00:00\",\"breadcrumb\":{\"@id\":\"https:\\\/\\\/www.ucaldas.edu.co\\\/portal\\\/inicio-la-primera-cohorte-del-diplomado-en-analisis-de-informacion-en-ciencias-sociales\\\/#breadcrumb\"},\"inLanguage\":\"es\",\"potentialAction\":[{\"@type\":\"ReadAction\",\"target\":[\"https:\\\/\\\/www.ucaldas.edu.co\\\/portal\\\/inicio-la-primera-cohorte-del-diplomado-en-analisis-de-informacion-en-ciencias-sociales\\\/\"]}]},{\"@type\":\"ImageObject\",\"inLanguage\":\"es\",\"@id\":\"https:\\\/\\\/www.ucaldas.edu.co\\\/portal\\\/inicio-la-primera-cohorte-del-diplomado-en-analisis-de-informacion-en-ciencias-sociales\\\/#primaryimage\",\"url\":\"https:\\\/\\\/www.ucaldas.edu.co\\\/portal\\\/wp-content\\\/uploads\\\/2021\\\/09\\\/diplo.jpg\",\"contentUrl\":\"https:\\\/\\\/www.ucaldas.edu.co\\\/portal\\\/wp-content\\\/uploads\\\/2021\\\/09\\\/diplo.jpg\",\"width\":700,\"height\":400},{\"@type\":\"BreadcrumbList\",\"@id\":\"https:\\\/\\\/www.ucaldas.edu.co\\\/portal\\\/inicio-la-primera-cohorte-del-diplomado-en-analisis-de-informacion-en-ciencias-sociales\\\/#breadcrumb\",\"itemListElement\":[{\"@type\":\"ListItem\",\"position\":1,\"name\":\"Portada\",\"item\":\"https:\\\/\\\/www.ucaldas.edu.co\\\/portal\\\/\"},{\"@type\":\"ListItem\",\"position\":2,\"name\":\"Inici\u00f3 la primera cohorte del diplomado en An\u00e1lisis de Informaci\u00f3n en Ciencias Sociales\"}]},{\"@type\":\"WebSite\",\"@id\":\"https:\\\/\\\/www.ucaldas.edu.co\\\/portal\\\/#website\",\"url\":\"https:\\\/\\\/www.ucaldas.edu.co\\\/portal\\\/\",\"name\":\"Universidad de Caldas\",\"description\":\"\",\"publisher\":{\"@id\":\"https:\\\/\\\/www.ucaldas.edu.co\\\/portal\\\/#organization\"},\"alternateName\":\"U. de Caldas\",\"potentialAction\":[{\"@type\":\"SearchAction\",\"target\":{\"@type\":\"EntryPoint\",\"urlTemplate\":\"https:\\\/\\\/www.ucaldas.edu.co\\\/portal\\\/?s={search_term_string}\"},\"query-input\":{\"@type\":\"PropertyValueSpecification\",\"valueRequired\":true,\"valueName\":\"search_term_string\"}}],\"inLanguage\":\"es\"},{\"@type\":\"Organization\",\"@id\":\"https:\\\/\\\/www.ucaldas.edu.co\\\/portal\\\/#organization\",\"name\":\"Universidad de Caldas\",\"alternateName\":\"U. de Caldas\",\"url\":\"https:\\\/\\\/www.ucaldas.edu.co\\\/portal\\\/\",\"logo\":{\"@type\":\"ImageObject\",\"inLanguage\":\"es\",\"@id\":\"https:\\\/\\\/www.ucaldas.edu.co\\\/portal\\\/#\\\/schema\\\/logo\\\/image\\\/\",\"url\":\"https:\\\/\\\/www.ucaldas.edu.co\\\/portal\\\/wp-content\\\/uploads\\\/2023\\\/11\\\/Logo_horizontal_oscuroU-2023.png\",\"contentUrl\":\"https:\\\/\\\/www.ucaldas.edu.co\\\/portal\\\/wp-content\\\/uploads\\\/2023\\\/11\\\/Logo_horizontal_oscuroU-2023.png\",\"width\":263,\"height\":101,\"caption\":\"Universidad de Caldas\"},\"image\":{\"@id\":\"https:\\\/\\\/www.ucaldas.edu.co\\\/portal\\\/#\\\/schema\\\/logo\\\/image\\\/\"},\"sameAs\":[\"https:\\\/\\\/www.facebook.com\\\/udecaldas\",\"https:\\\/\\\/x.com\\\/udecaldas\",\"https:\\\/\\\/www.youtube.com\\\/universidadcaldas\",\"https:\\\/\\\/www.instagram.com\\\/udecaldas\\\/\"]},{\"@type\":\"Person\",\"@id\":\"https:\\\/\\\/www.ucaldas.edu.co\\\/portal\\\/#\\\/schema\\\/person\\\/a1b482e23449158b4bc319926c074fdf\",\"name\":\"ofiprensa\",\"image\":{\"@type\":\"ImageObject\",\"inLanguage\":\"es\",\"@id\":\"https:\\\/\\\/www.ucaldas.edu.co\\\/portal\\\/wp-content\\\/litespeed\\\/avatar\\\/09ea5085e600095a7a811142c6944527.jpg?ver=1777497608\",\"url\":\"https:\\\/\\\/www.ucaldas.edu.co\\\/portal\\\/wp-content\\\/litespeed\\\/avatar\\\/09ea5085e600095a7a811142c6944527.jpg?ver=1777497608\",\"contentUrl\":\"https:\\\/\\\/www.ucaldas.edu.co\\\/portal\\\/wp-content\\\/litespeed\\\/avatar\\\/09ea5085e600095a7a811142c6944527.jpg?ver=1777497608\",\"caption\":\"ofiprensa\"},\"url\":\"https:\\\/\\\/www.ucaldas.edu.co\\\/portal\\\/author\\\/ofiprensa\\\/\"}]}<\/script>\n<!-- \/ Yoast SEO plugin. -->","yoast_head_json":{"title":"Inici\u00f3 la primera cohorte del diplomado en An\u00e1lisis de Informaci\u00f3n en Ciencias Sociales .","robots":{"index":"index","follow":"follow","max-snippet":"max-snippet:-1","max-image-preview":"max-image-preview:large","max-video-preview":"max-video-preview:-1"},"canonical":"https:\/\/www.ucaldas.edu.co\/portal\/inicio-la-primera-cohorte-del-diplomado-en-analisis-de-informacion-en-ciencias-sociales\/","schema":{"@context":"https:\/\/schema.org","@graph":[{"@type":"Article","@id":"https:\/\/www.ucaldas.edu.co\/portal\/inicio-la-primera-cohorte-del-diplomado-en-analisis-de-informacion-en-ciencias-sociales\/#article","isPartOf":{"@id":"https:\/\/www.ucaldas.edu.co\/portal\/inicio-la-primera-cohorte-del-diplomado-en-analisis-de-informacion-en-ciencias-sociales\/"},"author":{"name":"ofiprensa","@id":"https:\/\/www.ucaldas.edu.co\/portal\/#\/schema\/person\/a1b482e23449158b4bc319926c074fdf"},"headline":"Inici\u00f3 la primera cohorte del diplomado en An\u00e1lisis de Informaci\u00f3n en Ciencias Sociales","datePublished":"2021-09-23T22:22:43+00:00","dateModified":"2021-09-27T16:02:23+00:00","mainEntityOfPage":{"@id":"https:\/\/www.ucaldas.edu.co\/portal\/inicio-la-primera-cohorte-del-diplomado-en-analisis-de-informacion-en-ciencias-sociales\/"},"wordCount":235,"publisher":{"@id":"https:\/\/www.ucaldas.edu.co\/portal\/#organization"},"image":{"@id":"https:\/\/www.ucaldas.edu.co\/portal\/inicio-la-primera-cohorte-del-diplomado-en-analisis-de-informacion-en-ciencias-sociales\/#primaryimage"},"thumbnailUrl":"https:\/\/www.ucaldas.edu.co\/portal\/wp-content\/uploads\/2021\/09\/diplo.jpg","keywords":["ciencias sociales y humanas","an\u00e1lisis de informaci\u00f3n","diplomados u. de caldas"],"articleSection":["Actualidad","Universidad al D\u00eda"],"inLanguage":"es"},{"@type":"WebPage","@id":"https:\/\/www.ucaldas.edu.co\/portal\/inicio-la-primera-cohorte-del-diplomado-en-analisis-de-informacion-en-ciencias-sociales\/","url":"https:\/\/www.ucaldas.edu.co\/portal\/inicio-la-primera-cohorte-del-diplomado-en-analisis-de-informacion-en-ciencias-sociales\/","name":"Inici\u00f3 la primera cohorte del diplomado en An\u00e1lisis de Informaci\u00f3n en Ciencias Sociales .","isPartOf":{"@id":"https:\/\/www.ucaldas.edu.co\/portal\/#website"},"primaryImageOfPage":{"@id":"https:\/\/www.ucaldas.edu.co\/portal\/inicio-la-primera-cohorte-del-diplomado-en-analisis-de-informacion-en-ciencias-sociales\/#primaryimage"},"image":{"@id":"https:\/\/www.ucaldas.edu.co\/portal\/inicio-la-primera-cohorte-del-diplomado-en-analisis-de-informacion-en-ciencias-sociales\/#primaryimage"},"thumbnailUrl":"https:\/\/www.ucaldas.edu.co\/portal\/wp-content\/uploads\/2021\/09\/diplo.jpg","datePublished":"2021-09-23T22:22:43+00:00","dateModified":"2021-09-27T16:02:23+00:00","breadcrumb":{"@id":"https:\/\/www.ucaldas.edu.co\/portal\/inicio-la-primera-cohorte-del-diplomado-en-analisis-de-informacion-en-ciencias-sociales\/#breadcrumb"},"inLanguage":"es","potentialAction":[{"@type":"ReadAction","target":["https:\/\/www.ucaldas.edu.co\/portal\/inicio-la-primera-cohorte-del-diplomado-en-analisis-de-informacion-en-ciencias-sociales\/"]}]},{"@type":"ImageObject","inLanguage":"es","@id":"https:\/\/www.ucaldas.edu.co\/portal\/inicio-la-primera-cohorte-del-diplomado-en-analisis-de-informacion-en-ciencias-sociales\/#primaryimage","url":"https:\/\/www.ucaldas.edu.co\/portal\/wp-content\/uploads\/2021\/09\/diplo.jpg","contentUrl":"https:\/\/www.ucaldas.edu.co\/portal\/wp-content\/uploads\/2021\/09\/diplo.jpg","width":700,"height":400},{"@type":"BreadcrumbList","@id":"https:\/\/www.ucaldas.edu.co\/portal\/inicio-la-primera-cohorte-del-diplomado-en-analisis-de-informacion-en-ciencias-sociales\/#breadcrumb","itemListElement":[{"@type":"ListItem","position":1,"name":"Portada","item":"https:\/\/www.ucaldas.edu.co\/portal\/"},{"@type":"ListItem","position":2,"name":"Inici\u00f3 la primera cohorte del diplomado en An\u00e1lisis de Informaci\u00f3n en Ciencias Sociales"}]},{"@type":"WebSite","@id":"https:\/\/www.ucaldas.edu.co\/portal\/#website","url":"https:\/\/www.ucaldas.edu.co\/portal\/","name":"Universidad de Caldas","description":"","publisher":{"@id":"https:\/\/www.ucaldas.edu.co\/portal\/#organization"},"alternateName":"U. de Caldas","potentialAction":[{"@type":"SearchAction","target":{"@type":"EntryPoint","urlTemplate":"https:\/\/www.ucaldas.edu.co\/portal\/?s={search_term_string}"},"query-input":{"@type":"PropertyValueSpecification","valueRequired":true,"valueName":"search_term_string"}}],"inLanguage":"es"},{"@type":"Organization","@id":"https:\/\/www.ucaldas.edu.co\/portal\/#organization","name":"Universidad de Caldas","alternateName":"U. de Caldas","url":"https:\/\/www.ucaldas.edu.co\/portal\/","logo":{"@type":"ImageObject","inLanguage":"es","@id":"https:\/\/www.ucaldas.edu.co\/portal\/#\/schema\/logo\/image\/","url":"https:\/\/www.ucaldas.edu.co\/portal\/wp-content\/uploads\/2023\/11\/Logo_horizontal_oscuroU-2023.png","contentUrl":"https:\/\/www.ucaldas.edu.co\/portal\/wp-content\/uploads\/2023\/11\/Logo_horizontal_oscuroU-2023.png","width":263,"height":101,"caption":"Universidad de Caldas"},"image":{"@id":"https:\/\/www.ucaldas.edu.co\/portal\/#\/schema\/logo\/image\/"},"sameAs":["https:\/\/www.facebook.com\/udecaldas","https:\/\/x.com\/udecaldas","https:\/\/www.youtube.com\/universidadcaldas","https:\/\/www.instagram.com\/udecaldas\/"]},{"@type":"Person","@id":"https:\/\/www.ucaldas.edu.co\/portal\/#\/schema\/person\/a1b482e23449158b4bc319926c074fdf","name":"ofiprensa","image":{"@type":"ImageObject","inLanguage":"es","@id":"https:\/\/www.ucaldas.edu.co\/portal\/wp-content\/litespeed\/avatar\/09ea5085e600095a7a811142c6944527.jpg?ver=1777497608","url":"https:\/\/www.ucaldas.edu.co\/portal\/wp-content\/litespeed\/avatar\/09ea5085e600095a7a811142c6944527.jpg?ver=1777497608","contentUrl":"https:\/\/www.ucaldas.edu.co\/portal\/wp-content\/litespeed\/avatar\/09ea5085e600095a7a811142c6944527.jpg?ver=1777497608","caption":"ofiprensa"},"url":"https:\/\/www.ucaldas.edu.co\/portal\/author\/ofiprensa\/"}]}},"_links":{"self":[{"href":"https:\/\/www.ucaldas.edu.co\/portal\/wp-json\/wp\/v2\/posts\/65317","targetHints":{"allow":["GET"]}}],"collection":[{"href":"https:\/\/www.ucaldas.edu.co\/portal\/wp-json\/wp\/v2\/posts"}],"about":[{"href":"https:\/\/www.ucaldas.edu.co\/portal\/wp-json\/wp\/v2\/types\/post"}],"author":[{"embeddable":true,"href":"https:\/\/www.ucaldas.edu.co\/portal\/wp-json\/wp\/v2\/users\/2"}],"replies":[{"embeddable":true,"href":"https:\/\/www.ucaldas.edu.co\/portal\/wp-json\/wp\/v2\/comments?post=65317"}],"version-history":[{"count":0,"href":"https:\/\/www.ucaldas.edu.co\/portal\/wp-json\/wp\/v2\/posts\/65317\/revisions"}],"wp:featuredmedia":[{"embeddable":true,"href":"https:\/\/www.ucaldas.edu.co\/portal\/wp-json\/wp\/v2\/media\/65318"}],"wp:attachment":[{"href":"https:\/\/www.ucaldas.edu.co\/portal\/wp-json\/wp\/v2\/media?parent=65317"}],"wp:term":[{"taxonomy":"category","embeddable":true,"href":"https:\/\/www.ucaldas.edu.co\/portal\/wp-json\/wp\/v2\/categories?post=65317"},{"taxonomy":"post_tag","embeddable":true,"href":"https:\/\/www.ucaldas.edu.co\/portal\/wp-json\/wp\/v2\/tags?post=65317"}],"curies":[{"name":"wp","href":"https:\/\/api.w.org\/{rel}","templated":true}]}}