{"id":6524,"date":"2011-02-21T14:42:34","date_gmt":"2011-02-21T19:42:34","guid":{"rendered":"https:\/\/www.ucaldas.edu.co\/portal\/?p=6524"},"modified":"2011-02-21T14:42:34","modified_gmt":"2011-02-21T19:42:34","slug":"comenzo-en-la-u-de-caldas-encuentro-internacional-de-universidad-en-el-campo","status":"publish","type":"post","link":"https:\/\/www.ucaldas.edu.co\/portal\/comenzo-en-la-u-de-caldas-encuentro-internacional-de-universidad-en-el-campo\/","title":{"rendered":"Comenz\u00f3 en la U. de Caldas encuentro internacional de Universidad en el Campo"},"content":{"rendered":"<p>Este proyecto de la instituci\u00f3n se ejecutar\u00e1 en 4 universidades latinoamericanas<\/p>\n<hr \/>\n<p align=\"center\">\n<p align=\"right\"><b>21\/02\/2011<\/b><\/p>\n<p align=\"right\"><b>\u00a0<\/b><\/p>\n<p>Abel Calle Montes y Jos\u00e9 Luis Casanova (Espa\u00f1a); Francesco Mauro (Italia); Carlos C\u00e9sar Maycotte (M\u00e9xico); C\u00e9sar Pereira (Nicaragua); Mar\u00eda Jos\u00e9 Esther Velarde (Bolivia) y Beatriz Helena Restrepo (Colombia), <b>visitan<\/b> desde este lunes 21 hasta el viernes 25 de febrero del 2011 a la <b>Universidad<\/b><b> de Caldas<\/b> para <b>ejecutar<\/b> el <b>plan de actividades 2011<\/b> del proyecto <b><i>Universidad en el Campo<\/i><\/b>.<\/p>\n<p>&nbsp;<\/p>\n<p>Este es el primer encuentro internacional con representantes de <b>dos universidades de Europa<\/b> y <b>cuatro latinoamericanas <\/b>que estructurar\u00e1 e implementar\u00e1 un programa de educaci\u00f3n superior en los niveles t\u00e9cnico, tecnol\u00f3gico y profesional enfocado en el sector agropecuario, en articulaci\u00f3n con la educaci\u00f3n secundaria.<\/p>\n<p>&nbsp;<\/p>\n<p>\u201cEste es un proyecto ambicioso, pues busca crear un marco curricular internacional a pesar de la diferencia de los sistemas educativos\u201d, expres\u00f3 Francesco Mauro, representante de Italia.<\/p>\n<p>&nbsp;<\/p>\n<p>En este primer d\u00eda de trabajo los representantes de cada pa\u00eds conocieron las experiencias logradas por la U. de Caldas en el proyecto piloto que se viene desarrollando desde hace 3 a\u00f1os en 6 municipios caldenses, en alianza con la Secretar\u00eda de Educaci\u00f3n de Caldas, el Comit\u00e9 Departamental de Cafeteros de Caldas y la Chec.<\/p>\n<p>&nbsp;<\/p>\n<p>\u201cLa formaci\u00f3n profesional debe integrarse de nuevo y estos son programas con ofertas importantes. Adem\u00e1s, el desarrollo curricular debe coincidir con el cat\u00e1logo de profesiones admitidas por el Ministerio de Educaci\u00f3n de Espa\u00f1a para garantizar oportunidades en el futuro\u201d, coment\u00f3 Abel Calle Montes, representante de Espa\u00f1a.<\/p>\n<p>&nbsp;<\/p>\n<p>Respecto al modelo educativo espa\u00f1ol, Calle Montes explic\u00f3: \u201cen Espa\u00f1a se cre\u00f3, posteriormente a la formaci\u00f3n profesional, otra rama de formaci\u00f3n para evitar que ning\u00fan alumno parara su formaci\u00f3n acad\u00e9mica. Se crearon los programas de cualificaci\u00f3n profesional inicial, que tienen una buena oferta dentro de las ciencias agropecuarias con titulaci\u00f3n de auxiliar t\u00e9cnico\u201d.<\/p>\n<p>&nbsp;<\/p>\n<p>La U. de Caldas particip\u00f3 con el proyecto <i>U. en el Campo<\/i> en la convocatoria denominada <b>ALFA III<\/b> y logr\u00f3 una subvenci\u00f3n de 1 mill\u00f3n 179 mil 950 euros, un equivalente a $2 mil 950 millones. Este dinero lo otorg\u00f3 la Uni\u00f3n Europea.<\/p>\n<p>&nbsp;<\/p>\n<p>El modelo <i>Universidad en el Campo<\/i> se aplicar\u00e1 en la Universidad Mayor de San Andr\u00e9s (Bolivia), Universidad Aut\u00f3noma del Estado de Hidalgo (M\u00e9xico), Universidad Nacional Aut\u00f3noma de Nicaragua y Universidad de Caldas (Colombia). Lo anterior permitir\u00e1 el ingreso a la universidad de j\u00f3venes rurales de los\u00a0 4 pa\u00edses latinoamericanos participantes.<\/p>\n<p>&nbsp;<\/p>\n<p>Este proceso estar\u00e1 apoyado por la Universidad de Valladolid (Espa\u00f1a) y la Universit\u00e0 Degli Studi Guglielmo Marconi (Italia).<\/p>\n<p>&nbsp;<\/p>\n<p>La U. de Caldas es la coordinadora general del proyecto y Guillermo Le\u00f3n Mar\u00edn Serna, es el Coordinador Internacional para la ejecuci\u00f3n del proyecto en todas las instituciones participantes.<\/p>\n<p>&nbsp;<\/p>\n<p>Asimismo, cada universidad que hace parte del grupo de trabajo tiene un coordinador que ser\u00e1 delegado para este encuentro.<\/p>\n<p>&nbsp;<\/p>\n<p><b>Informes: <\/b>en la Oficina de Prensa de la U. de Caldas, tel\u00e9fono 878 15 03<\/p>\n","protected":false},"excerpt":{"rendered":"<p>Este proyecto de la instituci\u00f3n se ejecutar\u00e1 en 4 universidades latinoamericanas 21\/02\/2011 \u00a0 Abel Calle Montes y Jos\u00e9 Luis Casanova (Espa\u00f1a); Francesco Mauro (Italia); Carlos C\u00e9sar Maycotte (M\u00e9xico); C\u00e9sar Pereira (Nicaragua); Mar\u00eda Jos\u00e9 Esther Velarde (Bolivia) y Beatriz Helena Restrepo (Colombia), visitan desde este lunes 21 hasta el viernes 25 de febrero del 2011 a [&hellip;]<\/p>\n","protected":false},"author":2,"featured_media":0,"comment_status":"closed","ping_status":"closed","sticky":false,"template":"","format":"standard","meta":{"footnotes":""},"categories":[48,53],"tags":[],"class_list":["post-6524","post","type-post","status-publish","format-standard","hentry","category-actualidad","category-universidad-al-dia"],"yoast_head":"<!-- This site is optimized with the Yoast SEO plugin v27.5 - https:\/\/yoast.com\/product\/yoast-seo-wordpress\/ -->\n<title>Comenz\u00f3 en la U. de Caldas encuentro internacional de Universidad en el Campo .<\/title>\n<meta name=\"robots\" content=\"index, follow, max-snippet:-1, max-image-preview:large, max-video-preview:-1\" \/>\n<link rel=\"canonical\" href=\"https:\/\/www.ucaldas.edu.co\/portal\/comenzo-en-la-u-de-caldas-encuentro-internacional-de-universidad-en-el-campo\/\" \/>\n<script type=\"application\/ld+json\" class=\"yoast-schema-graph\">{\"@context\":\"https:\\\/\\\/schema.org\",\"@graph\":[{\"@type\":\"Article\",\"@id\":\"https:\\\/\\\/www.ucaldas.edu.co\\\/portal\\\/comenzo-en-la-u-de-caldas-encuentro-internacional-de-universidad-en-el-campo\\\/#article\",\"isPartOf\":{\"@id\":\"https:\\\/\\\/www.ucaldas.edu.co\\\/portal\\\/comenzo-en-la-u-de-caldas-encuentro-internacional-de-universidad-en-el-campo\\\/\"},\"author\":{\"name\":\"ofiprensa\",\"@id\":\"https:\\\/\\\/www.ucaldas.edu.co\\\/portal\\\/#\\\/schema\\\/person\\\/a1b482e23449158b4bc319926c074fdf\"},\"headline\":\"Comenz\u00f3 en la U. de Caldas encuentro internacional de Universidad en el Campo\",\"datePublished\":\"2011-02-21T19:42:34+00:00\",\"mainEntityOfPage\":{\"@id\":\"https:\\\/\\\/www.ucaldas.edu.co\\\/portal\\\/comenzo-en-la-u-de-caldas-encuentro-internacional-de-universidad-en-el-campo\\\/\"},\"wordCount\":522,\"publisher\":{\"@id\":\"https:\\\/\\\/www.ucaldas.edu.co\\\/portal\\\/#organization\"},\"articleSection\":[\"Actualidad\",\"Universidad al D\u00eda\"],\"inLanguage\":\"es\"},{\"@type\":\"WebPage\",\"@id\":\"https:\\\/\\\/www.ucaldas.edu.co\\\/portal\\\/comenzo-en-la-u-de-caldas-encuentro-internacional-de-universidad-en-el-campo\\\/\",\"url\":\"https:\\\/\\\/www.ucaldas.edu.co\\\/portal\\\/comenzo-en-la-u-de-caldas-encuentro-internacional-de-universidad-en-el-campo\\\/\",\"name\":\"Comenz\u00f3 en la U. de Caldas encuentro internacional de Universidad en el Campo .\",\"isPartOf\":{\"@id\":\"https:\\\/\\\/www.ucaldas.edu.co\\\/portal\\\/#website\"},\"datePublished\":\"2011-02-21T19:42:34+00:00\",\"breadcrumb\":{\"@id\":\"https:\\\/\\\/www.ucaldas.edu.co\\\/portal\\\/comenzo-en-la-u-de-caldas-encuentro-internacional-de-universidad-en-el-campo\\\/#breadcrumb\"},\"inLanguage\":\"es\",\"potentialAction\":[{\"@type\":\"ReadAction\",\"target\":[\"https:\\\/\\\/www.ucaldas.edu.co\\\/portal\\\/comenzo-en-la-u-de-caldas-encuentro-internacional-de-universidad-en-el-campo\\\/\"]}]},{\"@type\":\"BreadcrumbList\",\"@id\":\"https:\\\/\\\/www.ucaldas.edu.co\\\/portal\\\/comenzo-en-la-u-de-caldas-encuentro-internacional-de-universidad-en-el-campo\\\/#breadcrumb\",\"itemListElement\":[{\"@type\":\"ListItem\",\"position\":1,\"name\":\"Portada\",\"item\":\"https:\\\/\\\/www.ucaldas.edu.co\\\/portal\\\/\"},{\"@type\":\"ListItem\",\"position\":2,\"name\":\"Comenz\u00f3 en la U. de Caldas encuentro internacional de Universidad en el Campo\"}]},{\"@type\":\"WebSite\",\"@id\":\"https:\\\/\\\/www.ucaldas.edu.co\\\/portal\\\/#website\",\"url\":\"https:\\\/\\\/www.ucaldas.edu.co\\\/portal\\\/\",\"name\":\"Universidad de Caldas\",\"description\":\"\",\"publisher\":{\"@id\":\"https:\\\/\\\/www.ucaldas.edu.co\\\/portal\\\/#organization\"},\"alternateName\":\"U. de Caldas\",\"potentialAction\":[{\"@type\":\"SearchAction\",\"target\":{\"@type\":\"EntryPoint\",\"urlTemplate\":\"https:\\\/\\\/www.ucaldas.edu.co\\\/portal\\\/?s={search_term_string}\"},\"query-input\":{\"@type\":\"PropertyValueSpecification\",\"valueRequired\":true,\"valueName\":\"search_term_string\"}}],\"inLanguage\":\"es\"},{\"@type\":\"Organization\",\"@id\":\"https:\\\/\\\/www.ucaldas.edu.co\\\/portal\\\/#organization\",\"name\":\"Universidad de Caldas\",\"alternateName\":\"U. de Caldas\",\"url\":\"https:\\\/\\\/www.ucaldas.edu.co\\\/portal\\\/\",\"logo\":{\"@type\":\"ImageObject\",\"inLanguage\":\"es\",\"@id\":\"https:\\\/\\\/www.ucaldas.edu.co\\\/portal\\\/#\\\/schema\\\/logo\\\/image\\\/\",\"url\":\"https:\\\/\\\/www.ucaldas.edu.co\\\/portal\\\/wp-content\\\/uploads\\\/2023\\\/11\\\/Logo_horizontal_oscuroU-2023.png\",\"contentUrl\":\"https:\\\/\\\/www.ucaldas.edu.co\\\/portal\\\/wp-content\\\/uploads\\\/2023\\\/11\\\/Logo_horizontal_oscuroU-2023.png\",\"width\":263,\"height\":101,\"caption\":\"Universidad de Caldas\"},\"image\":{\"@id\":\"https:\\\/\\\/www.ucaldas.edu.co\\\/portal\\\/#\\\/schema\\\/logo\\\/image\\\/\"},\"sameAs\":[\"https:\\\/\\\/www.facebook.com\\\/udecaldas\",\"https:\\\/\\\/x.com\\\/udecaldas\",\"https:\\\/\\\/www.youtube.com\\\/universidadcaldas\",\"https:\\\/\\\/www.instagram.com\\\/udecaldas\\\/\"]},{\"@type\":\"Person\",\"@id\":\"https:\\\/\\\/www.ucaldas.edu.co\\\/portal\\\/#\\\/schema\\\/person\\\/a1b482e23449158b4bc319926c074fdf\",\"name\":\"ofiprensa\",\"image\":{\"@type\":\"ImageObject\",\"inLanguage\":\"es\",\"@id\":\"https:\\\/\\\/www.ucaldas.edu.co\\\/portal\\\/wp-content\\\/litespeed\\\/avatar\\\/09ea5085e600095a7a811142c6944527.jpg?ver=1777497608\",\"url\":\"https:\\\/\\\/www.ucaldas.edu.co\\\/portal\\\/wp-content\\\/litespeed\\\/avatar\\\/09ea5085e600095a7a811142c6944527.jpg?ver=1777497608\",\"contentUrl\":\"https:\\\/\\\/www.ucaldas.edu.co\\\/portal\\\/wp-content\\\/litespeed\\\/avatar\\\/09ea5085e600095a7a811142c6944527.jpg?ver=1777497608\",\"caption\":\"ofiprensa\"},\"url\":\"https:\\\/\\\/www.ucaldas.edu.co\\\/portal\\\/author\\\/ofiprensa\\\/\"}]}<\/script>\n<!-- \/ Yoast SEO plugin. -->","yoast_head_json":{"title":"Comenz\u00f3 en la U. de Caldas encuentro internacional de Universidad en el Campo .","robots":{"index":"index","follow":"follow","max-snippet":"max-snippet:-1","max-image-preview":"max-image-preview:large","max-video-preview":"max-video-preview:-1"},"canonical":"https:\/\/www.ucaldas.edu.co\/portal\/comenzo-en-la-u-de-caldas-encuentro-internacional-de-universidad-en-el-campo\/","schema":{"@context":"https:\/\/schema.org","@graph":[{"@type":"Article","@id":"https:\/\/www.ucaldas.edu.co\/portal\/comenzo-en-la-u-de-caldas-encuentro-internacional-de-universidad-en-el-campo\/#article","isPartOf":{"@id":"https:\/\/www.ucaldas.edu.co\/portal\/comenzo-en-la-u-de-caldas-encuentro-internacional-de-universidad-en-el-campo\/"},"author":{"name":"ofiprensa","@id":"https:\/\/www.ucaldas.edu.co\/portal\/#\/schema\/person\/a1b482e23449158b4bc319926c074fdf"},"headline":"Comenz\u00f3 en la U. de Caldas encuentro internacional de Universidad en el Campo","datePublished":"2011-02-21T19:42:34+00:00","mainEntityOfPage":{"@id":"https:\/\/www.ucaldas.edu.co\/portal\/comenzo-en-la-u-de-caldas-encuentro-internacional-de-universidad-en-el-campo\/"},"wordCount":522,"publisher":{"@id":"https:\/\/www.ucaldas.edu.co\/portal\/#organization"},"articleSection":["Actualidad","Universidad al D\u00eda"],"inLanguage":"es"},{"@type":"WebPage","@id":"https:\/\/www.ucaldas.edu.co\/portal\/comenzo-en-la-u-de-caldas-encuentro-internacional-de-universidad-en-el-campo\/","url":"https:\/\/www.ucaldas.edu.co\/portal\/comenzo-en-la-u-de-caldas-encuentro-internacional-de-universidad-en-el-campo\/","name":"Comenz\u00f3 en la U. de Caldas encuentro internacional de Universidad en el Campo .","isPartOf":{"@id":"https:\/\/www.ucaldas.edu.co\/portal\/#website"},"datePublished":"2011-02-21T19:42:34+00:00","breadcrumb":{"@id":"https:\/\/www.ucaldas.edu.co\/portal\/comenzo-en-la-u-de-caldas-encuentro-internacional-de-universidad-en-el-campo\/#breadcrumb"},"inLanguage":"es","potentialAction":[{"@type":"ReadAction","target":["https:\/\/www.ucaldas.edu.co\/portal\/comenzo-en-la-u-de-caldas-encuentro-internacional-de-universidad-en-el-campo\/"]}]},{"@type":"BreadcrumbList","@id":"https:\/\/www.ucaldas.edu.co\/portal\/comenzo-en-la-u-de-caldas-encuentro-internacional-de-universidad-en-el-campo\/#breadcrumb","itemListElement":[{"@type":"ListItem","position":1,"name":"Portada","item":"https:\/\/www.ucaldas.edu.co\/portal\/"},{"@type":"ListItem","position":2,"name":"Comenz\u00f3 en la U. de Caldas encuentro internacional de Universidad en el Campo"}]},{"@type":"WebSite","@id":"https:\/\/www.ucaldas.edu.co\/portal\/#website","url":"https:\/\/www.ucaldas.edu.co\/portal\/","name":"Universidad de Caldas","description":"","publisher":{"@id":"https:\/\/www.ucaldas.edu.co\/portal\/#organization"},"alternateName":"U. de Caldas","potentialAction":[{"@type":"SearchAction","target":{"@type":"EntryPoint","urlTemplate":"https:\/\/www.ucaldas.edu.co\/portal\/?s={search_term_string}"},"query-input":{"@type":"PropertyValueSpecification","valueRequired":true,"valueName":"search_term_string"}}],"inLanguage":"es"},{"@type":"Organization","@id":"https:\/\/www.ucaldas.edu.co\/portal\/#organization","name":"Universidad de Caldas","alternateName":"U. de Caldas","url":"https:\/\/www.ucaldas.edu.co\/portal\/","logo":{"@type":"ImageObject","inLanguage":"es","@id":"https:\/\/www.ucaldas.edu.co\/portal\/#\/schema\/logo\/image\/","url":"https:\/\/www.ucaldas.edu.co\/portal\/wp-content\/uploads\/2023\/11\/Logo_horizontal_oscuroU-2023.png","contentUrl":"https:\/\/www.ucaldas.edu.co\/portal\/wp-content\/uploads\/2023\/11\/Logo_horizontal_oscuroU-2023.png","width":263,"height":101,"caption":"Universidad de Caldas"},"image":{"@id":"https:\/\/www.ucaldas.edu.co\/portal\/#\/schema\/logo\/image\/"},"sameAs":["https:\/\/www.facebook.com\/udecaldas","https:\/\/x.com\/udecaldas","https:\/\/www.youtube.com\/universidadcaldas","https:\/\/www.instagram.com\/udecaldas\/"]},{"@type":"Person","@id":"https:\/\/www.ucaldas.edu.co\/portal\/#\/schema\/person\/a1b482e23449158b4bc319926c074fdf","name":"ofiprensa","image":{"@type":"ImageObject","inLanguage":"es","@id":"https:\/\/www.ucaldas.edu.co\/portal\/wp-content\/litespeed\/avatar\/09ea5085e600095a7a811142c6944527.jpg?ver=1777497608","url":"https:\/\/www.ucaldas.edu.co\/portal\/wp-content\/litespeed\/avatar\/09ea5085e600095a7a811142c6944527.jpg?ver=1777497608","contentUrl":"https:\/\/www.ucaldas.edu.co\/portal\/wp-content\/litespeed\/avatar\/09ea5085e600095a7a811142c6944527.jpg?ver=1777497608","caption":"ofiprensa"},"url":"https:\/\/www.ucaldas.edu.co\/portal\/author\/ofiprensa\/"}]}},"_links":{"self":[{"href":"https:\/\/www.ucaldas.edu.co\/portal\/wp-json\/wp\/v2\/posts\/6524","targetHints":{"allow":["GET"]}}],"collection":[{"href":"https:\/\/www.ucaldas.edu.co\/portal\/wp-json\/wp\/v2\/posts"}],"about":[{"href":"https:\/\/www.ucaldas.edu.co\/portal\/wp-json\/wp\/v2\/types\/post"}],"author":[{"embeddable":true,"href":"https:\/\/www.ucaldas.edu.co\/portal\/wp-json\/wp\/v2\/users\/2"}],"replies":[{"embeddable":true,"href":"https:\/\/www.ucaldas.edu.co\/portal\/wp-json\/wp\/v2\/comments?post=6524"}],"version-history":[{"count":0,"href":"https:\/\/www.ucaldas.edu.co\/portal\/wp-json\/wp\/v2\/posts\/6524\/revisions"}],"wp:attachment":[{"href":"https:\/\/www.ucaldas.edu.co\/portal\/wp-json\/wp\/v2\/media?parent=6524"}],"wp:term":[{"taxonomy":"category","embeddable":true,"href":"https:\/\/www.ucaldas.edu.co\/portal\/wp-json\/wp\/v2\/categories?post=6524"},{"taxonomy":"post_tag","embeddable":true,"href":"https:\/\/www.ucaldas.edu.co\/portal\/wp-json\/wp\/v2\/tags?post=6524"}],"curies":[{"name":"wp","href":"https:\/\/api.w.org\/{rel}","templated":true}]}}