{"id":6522,"date":"2011-02-21T14:41:56","date_gmt":"2011-02-21T19:41:56","guid":{"rendered":"https:\/\/www.ucaldas.edu.co\/portal\/?p=6522"},"modified":"2011-02-21T14:41:56","modified_gmt":"2011-02-21T19:41:56","slug":"se-estrenara-libro-sobre-gilberto-alzate-avendano-en-la-u-de-caldas","status":"publish","type":"post","link":"https:\/\/www.ucaldas.edu.co\/portal\/se-estrenara-libro-sobre-gilberto-alzate-avendano-en-la-u-de-caldas\/","title":{"rendered":"Se estrenar\u00e1 libro sobre Gilberto Alzate Avenda\u00f1o, en la U. de Caldas"},"content":{"rendered":"<p>Este martes 22 de febrero del 2011<\/p>\n<hr \/>\n<p align=\"center\">\n<p align=\"right\"><b>21\/02\/2011<\/b><\/p>\n<p>&nbsp;<\/p>\n<p>La <b>Universidad<\/b><b> de Caldas, La Patria y Conservaci\u00f3n de la Ideas Filos\u00f3ficas y Culturales de Caldas (Cifcca) <\/b>se unen para lanzar el libro <b><i>Inventando al mariscal: Gilberto Alzate Avenda\u00f1o, circularidad ideol\u00f3gica y mimesis pol\u00edtica, <\/i><\/b>del <b>historiador C\u00e9sar Augusto Ayala Diago. <\/b>Ser\u00e1 este <b>martes 22<\/b> de <b>febrero d<\/b>el 2011, en la <b>Universidad<\/b><b> de Caldas.<\/b><\/p>\n<p>&nbsp;<\/p>\n<p>El acto tendr\u00e1 lugar a las <b>6:30 p.m<\/b>. en el <b>Auditorio Tulio G\u00f3mez Estrada<\/b>, Sede Palogrande de la U. de Caldas, (frente a la Estaci\u00f3n Las Palmas).<\/p>\n<p>&nbsp;<\/p>\n<p>El evento se realiza en homenaje al pol\u00edtico y escritor caldense Gilberto Alzate Avenda\u00f1o. En el 2011 se conmemoraron cien a\u00f1os de su nacimiento, y con sentimiento de deuda, se unen la <b>U.<\/b><b> de Caldas<\/b>, <b>La Patria<\/b> y <b>Conservaci\u00f3n de la Ideas Filos\u00f3ficas y Culturales de Caldas (Cifcca),<\/b> para presentar y estudiar a este hombre y sus ideas.<\/p>\n<p>La programaci\u00f3n del evento es la siguiente:<\/p>\n<p><b>5:00 p.m. Conversatorio<\/b> con lo <b>hijos<\/b> de <b>Alzate Avenda\u00f1o<\/b>, en la <b>nueva Sala Carlos N\u00e1der N\u00e1der<\/b>, Sede Central de la U. de Caldas.<\/p>\n<p><b>6:30 p.m.<\/b>\u00a0Instalaci\u00f3n a cargo de Ricardo G\u00f3mez Giraldo, Rector de la Universidad de Caldas.<\/p>\n<p><b>6:40 p.m.<\/b>\u00a0Presentaci\u00f3n del libro\u00a0<b><i>Inventando al mariscal: Gilberto Alzate Avenda\u00f1o, circularidad ideol\u00f3gica y mimesis pol\u00edtica<\/i><\/b>, a cargo de Hernando Salazar Pati\u00f1o.<\/p>\n<p><b>7:30 p.m.<\/b>\u00a0Conferencia sobre Gilberto Alzate Avenda\u00f1o, a cargo de C\u00e9sar Augusto Ayala Diago, autor del libro.<\/p>\n<p>Al encuentro asistir\u00e1n <b>Gilberto Alzate Ronga<\/b>; <b>Ana Mar\u00eda Alzate<\/b>, Directora de la Fundaci\u00f3n Gilberto Alzate Avenda\u00f1o; <b>C\u00e9sar Augusto Ayala Diago<\/b>, Historiador de la U. Nacional de Colombia (Bogot\u00e1), y <b>Ricardo G\u00f3mez Giraldo<\/b>, Rector de la U. de Caldas.<\/p>\n<p>Tambi\u00e9n estar\u00e1 <b>Hernando Salazar Pati\u00f1o<\/b>, abogado y agudo cr\u00edtico literario, reconocido en Caldas con proyectos como <i>Caldas Ayer y Hoy. <\/i>Escritor de <i>Herej\u00edas, Juicio en par\u00e1bolas, Diez escritores diez generaciones, <\/i>entre otros.<\/p>\n<p>La entrada es libre.<\/p>\n<p><b>Informes: <\/b>en\u00a0 la Oficina de Prensa de la U. de Caldas. Tel\u00e9fono: 878 15 00, extensi\u00f3n 12 167.<\/p>\n","protected":false},"excerpt":{"rendered":"<p>Este martes 22 de febrero del 2011 21\/02\/2011 &nbsp; La Universidad de Caldas, La Patria y Conservaci\u00f3n de la Ideas Filos\u00f3ficas y Culturales de Caldas (Cifcca) se unen para lanzar el libro Inventando al mariscal: Gilberto Alzate Avenda\u00f1o, circularidad ideol\u00f3gica y mimesis pol\u00edtica, del historiador C\u00e9sar Augusto Ayala Diago. Ser\u00e1 este martes 22 de febrero [&hellip;]<\/p>\n","protected":false},"author":2,"featured_media":0,"comment_status":"closed","ping_status":"closed","sticky":false,"template":"","format":"standard","meta":{"footnotes":""},"categories":[48,53],"tags":[],"class_list":["post-6522","post","type-post","status-publish","format-standard","hentry","category-actualidad","category-universidad-al-dia"],"yoast_head":"<!-- This site is optimized with the Yoast SEO plugin v27.5 - https:\/\/yoast.com\/product\/yoast-seo-wordpress\/ -->\n<title>Se estrenar\u00e1 libro sobre Gilberto Alzate Avenda\u00f1o, en la U. de Caldas .<\/title>\n<meta name=\"robots\" content=\"index, follow, max-snippet:-1, max-image-preview:large, max-video-preview:-1\" \/>\n<link rel=\"canonical\" href=\"https:\/\/www.ucaldas.edu.co\/portal\/se-estrenara-libro-sobre-gilberto-alzate-avendano-en-la-u-de-caldas\/\" \/>\n<script type=\"application\/ld+json\" class=\"yoast-schema-graph\">{\"@context\":\"https:\\\/\\\/schema.org\",\"@graph\":[{\"@type\":\"Article\",\"@id\":\"https:\\\/\\\/www.ucaldas.edu.co\\\/portal\\\/se-estrenara-libro-sobre-gilberto-alzate-avendano-en-la-u-de-caldas\\\/#article\",\"isPartOf\":{\"@id\":\"https:\\\/\\\/www.ucaldas.edu.co\\\/portal\\\/se-estrenara-libro-sobre-gilberto-alzate-avendano-en-la-u-de-caldas\\\/\"},\"author\":{\"name\":\"ofiprensa\",\"@id\":\"https:\\\/\\\/www.ucaldas.edu.co\\\/portal\\\/#\\\/schema\\\/person\\\/a1b482e23449158b4bc319926c074fdf\"},\"headline\":\"Se estrenar\u00e1 libro sobre Gilberto Alzate Avenda\u00f1o, en la U. de Caldas\",\"datePublished\":\"2011-02-21T19:41:56+00:00\",\"mainEntityOfPage\":{\"@id\":\"https:\\\/\\\/www.ucaldas.edu.co\\\/portal\\\/se-estrenara-libro-sobre-gilberto-alzate-avendano-en-la-u-de-caldas\\\/\"},\"wordCount\":366,\"publisher\":{\"@id\":\"https:\\\/\\\/www.ucaldas.edu.co\\\/portal\\\/#organization\"},\"articleSection\":[\"Actualidad\",\"Universidad al D\u00eda\"],\"inLanguage\":\"es\"},{\"@type\":\"WebPage\",\"@id\":\"https:\\\/\\\/www.ucaldas.edu.co\\\/portal\\\/se-estrenara-libro-sobre-gilberto-alzate-avendano-en-la-u-de-caldas\\\/\",\"url\":\"https:\\\/\\\/www.ucaldas.edu.co\\\/portal\\\/se-estrenara-libro-sobre-gilberto-alzate-avendano-en-la-u-de-caldas\\\/\",\"name\":\"Se estrenar\u00e1 libro sobre Gilberto Alzate Avenda\u00f1o, en la U. de Caldas .\",\"isPartOf\":{\"@id\":\"https:\\\/\\\/www.ucaldas.edu.co\\\/portal\\\/#website\"},\"datePublished\":\"2011-02-21T19:41:56+00:00\",\"breadcrumb\":{\"@id\":\"https:\\\/\\\/www.ucaldas.edu.co\\\/portal\\\/se-estrenara-libro-sobre-gilberto-alzate-avendano-en-la-u-de-caldas\\\/#breadcrumb\"},\"inLanguage\":\"es\",\"potentialAction\":[{\"@type\":\"ReadAction\",\"target\":[\"https:\\\/\\\/www.ucaldas.edu.co\\\/portal\\\/se-estrenara-libro-sobre-gilberto-alzate-avendano-en-la-u-de-caldas\\\/\"]}]},{\"@type\":\"BreadcrumbList\",\"@id\":\"https:\\\/\\\/www.ucaldas.edu.co\\\/portal\\\/se-estrenara-libro-sobre-gilberto-alzate-avendano-en-la-u-de-caldas\\\/#breadcrumb\",\"itemListElement\":[{\"@type\":\"ListItem\",\"position\":1,\"name\":\"Portada\",\"item\":\"https:\\\/\\\/www.ucaldas.edu.co\\\/portal\\\/\"},{\"@type\":\"ListItem\",\"position\":2,\"name\":\"Se estrenar\u00e1 libro sobre Gilberto Alzate Avenda\u00f1o, en la U. de Caldas\"}]},{\"@type\":\"WebSite\",\"@id\":\"https:\\\/\\\/www.ucaldas.edu.co\\\/portal\\\/#website\",\"url\":\"https:\\\/\\\/www.ucaldas.edu.co\\\/portal\\\/\",\"name\":\"Universidad de Caldas\",\"description\":\"\",\"publisher\":{\"@id\":\"https:\\\/\\\/www.ucaldas.edu.co\\\/portal\\\/#organization\"},\"alternateName\":\"U. de Caldas\",\"potentialAction\":[{\"@type\":\"SearchAction\",\"target\":{\"@type\":\"EntryPoint\",\"urlTemplate\":\"https:\\\/\\\/www.ucaldas.edu.co\\\/portal\\\/?s={search_term_string}\"},\"query-input\":{\"@type\":\"PropertyValueSpecification\",\"valueRequired\":true,\"valueName\":\"search_term_string\"}}],\"inLanguage\":\"es\"},{\"@type\":\"Organization\",\"@id\":\"https:\\\/\\\/www.ucaldas.edu.co\\\/portal\\\/#organization\",\"name\":\"Universidad de Caldas\",\"alternateName\":\"U. de Caldas\",\"url\":\"https:\\\/\\\/www.ucaldas.edu.co\\\/portal\\\/\",\"logo\":{\"@type\":\"ImageObject\",\"inLanguage\":\"es\",\"@id\":\"https:\\\/\\\/www.ucaldas.edu.co\\\/portal\\\/#\\\/schema\\\/logo\\\/image\\\/\",\"url\":\"https:\\\/\\\/www.ucaldas.edu.co\\\/portal\\\/wp-content\\\/uploads\\\/2023\\\/11\\\/Logo_horizontal_oscuroU-2023.png\",\"contentUrl\":\"https:\\\/\\\/www.ucaldas.edu.co\\\/portal\\\/wp-content\\\/uploads\\\/2023\\\/11\\\/Logo_horizontal_oscuroU-2023.png\",\"width\":263,\"height\":101,\"caption\":\"Universidad de Caldas\"},\"image\":{\"@id\":\"https:\\\/\\\/www.ucaldas.edu.co\\\/portal\\\/#\\\/schema\\\/logo\\\/image\\\/\"},\"sameAs\":[\"https:\\\/\\\/www.facebook.com\\\/udecaldas\",\"https:\\\/\\\/x.com\\\/udecaldas\",\"https:\\\/\\\/www.youtube.com\\\/universidadcaldas\",\"https:\\\/\\\/www.instagram.com\\\/udecaldas\\\/\"]},{\"@type\":\"Person\",\"@id\":\"https:\\\/\\\/www.ucaldas.edu.co\\\/portal\\\/#\\\/schema\\\/person\\\/a1b482e23449158b4bc319926c074fdf\",\"name\":\"ofiprensa\",\"image\":{\"@type\":\"ImageObject\",\"inLanguage\":\"es\",\"@id\":\"https:\\\/\\\/www.ucaldas.edu.co\\\/portal\\\/wp-content\\\/litespeed\\\/avatar\\\/09ea5085e600095a7a811142c6944527.jpg?ver=1777497608\",\"url\":\"https:\\\/\\\/www.ucaldas.edu.co\\\/portal\\\/wp-content\\\/litespeed\\\/avatar\\\/09ea5085e600095a7a811142c6944527.jpg?ver=1777497608\",\"contentUrl\":\"https:\\\/\\\/www.ucaldas.edu.co\\\/portal\\\/wp-content\\\/litespeed\\\/avatar\\\/09ea5085e600095a7a811142c6944527.jpg?ver=1777497608\",\"caption\":\"ofiprensa\"},\"url\":\"https:\\\/\\\/www.ucaldas.edu.co\\\/portal\\\/author\\\/ofiprensa\\\/\"}]}<\/script>\n<!-- \/ Yoast SEO plugin. -->","yoast_head_json":{"title":"Se estrenar\u00e1 libro sobre Gilberto Alzate Avenda\u00f1o, en la U. de Caldas .","robots":{"index":"index","follow":"follow","max-snippet":"max-snippet:-1","max-image-preview":"max-image-preview:large","max-video-preview":"max-video-preview:-1"},"canonical":"https:\/\/www.ucaldas.edu.co\/portal\/se-estrenara-libro-sobre-gilberto-alzate-avendano-en-la-u-de-caldas\/","schema":{"@context":"https:\/\/schema.org","@graph":[{"@type":"Article","@id":"https:\/\/www.ucaldas.edu.co\/portal\/se-estrenara-libro-sobre-gilberto-alzate-avendano-en-la-u-de-caldas\/#article","isPartOf":{"@id":"https:\/\/www.ucaldas.edu.co\/portal\/se-estrenara-libro-sobre-gilberto-alzate-avendano-en-la-u-de-caldas\/"},"author":{"name":"ofiprensa","@id":"https:\/\/www.ucaldas.edu.co\/portal\/#\/schema\/person\/a1b482e23449158b4bc319926c074fdf"},"headline":"Se estrenar\u00e1 libro sobre Gilberto Alzate Avenda\u00f1o, en la U. de Caldas","datePublished":"2011-02-21T19:41:56+00:00","mainEntityOfPage":{"@id":"https:\/\/www.ucaldas.edu.co\/portal\/se-estrenara-libro-sobre-gilberto-alzate-avendano-en-la-u-de-caldas\/"},"wordCount":366,"publisher":{"@id":"https:\/\/www.ucaldas.edu.co\/portal\/#organization"},"articleSection":["Actualidad","Universidad al D\u00eda"],"inLanguage":"es"},{"@type":"WebPage","@id":"https:\/\/www.ucaldas.edu.co\/portal\/se-estrenara-libro-sobre-gilberto-alzate-avendano-en-la-u-de-caldas\/","url":"https:\/\/www.ucaldas.edu.co\/portal\/se-estrenara-libro-sobre-gilberto-alzate-avendano-en-la-u-de-caldas\/","name":"Se estrenar\u00e1 libro sobre Gilberto Alzate Avenda\u00f1o, en la U. de Caldas .","isPartOf":{"@id":"https:\/\/www.ucaldas.edu.co\/portal\/#website"},"datePublished":"2011-02-21T19:41:56+00:00","breadcrumb":{"@id":"https:\/\/www.ucaldas.edu.co\/portal\/se-estrenara-libro-sobre-gilberto-alzate-avendano-en-la-u-de-caldas\/#breadcrumb"},"inLanguage":"es","potentialAction":[{"@type":"ReadAction","target":["https:\/\/www.ucaldas.edu.co\/portal\/se-estrenara-libro-sobre-gilberto-alzate-avendano-en-la-u-de-caldas\/"]}]},{"@type":"BreadcrumbList","@id":"https:\/\/www.ucaldas.edu.co\/portal\/se-estrenara-libro-sobre-gilberto-alzate-avendano-en-la-u-de-caldas\/#breadcrumb","itemListElement":[{"@type":"ListItem","position":1,"name":"Portada","item":"https:\/\/www.ucaldas.edu.co\/portal\/"},{"@type":"ListItem","position":2,"name":"Se estrenar\u00e1 libro sobre Gilberto Alzate Avenda\u00f1o, en la U. de Caldas"}]},{"@type":"WebSite","@id":"https:\/\/www.ucaldas.edu.co\/portal\/#website","url":"https:\/\/www.ucaldas.edu.co\/portal\/","name":"Universidad de Caldas","description":"","publisher":{"@id":"https:\/\/www.ucaldas.edu.co\/portal\/#organization"},"alternateName":"U. de Caldas","potentialAction":[{"@type":"SearchAction","target":{"@type":"EntryPoint","urlTemplate":"https:\/\/www.ucaldas.edu.co\/portal\/?s={search_term_string}"},"query-input":{"@type":"PropertyValueSpecification","valueRequired":true,"valueName":"search_term_string"}}],"inLanguage":"es"},{"@type":"Organization","@id":"https:\/\/www.ucaldas.edu.co\/portal\/#organization","name":"Universidad de Caldas","alternateName":"U. de Caldas","url":"https:\/\/www.ucaldas.edu.co\/portal\/","logo":{"@type":"ImageObject","inLanguage":"es","@id":"https:\/\/www.ucaldas.edu.co\/portal\/#\/schema\/logo\/image\/","url":"https:\/\/www.ucaldas.edu.co\/portal\/wp-content\/uploads\/2023\/11\/Logo_horizontal_oscuroU-2023.png","contentUrl":"https:\/\/www.ucaldas.edu.co\/portal\/wp-content\/uploads\/2023\/11\/Logo_horizontal_oscuroU-2023.png","width":263,"height":101,"caption":"Universidad de Caldas"},"image":{"@id":"https:\/\/www.ucaldas.edu.co\/portal\/#\/schema\/logo\/image\/"},"sameAs":["https:\/\/www.facebook.com\/udecaldas","https:\/\/x.com\/udecaldas","https:\/\/www.youtube.com\/universidadcaldas","https:\/\/www.instagram.com\/udecaldas\/"]},{"@type":"Person","@id":"https:\/\/www.ucaldas.edu.co\/portal\/#\/schema\/person\/a1b482e23449158b4bc319926c074fdf","name":"ofiprensa","image":{"@type":"ImageObject","inLanguage":"es","@id":"https:\/\/www.ucaldas.edu.co\/portal\/wp-content\/litespeed\/avatar\/09ea5085e600095a7a811142c6944527.jpg?ver=1777497608","url":"https:\/\/www.ucaldas.edu.co\/portal\/wp-content\/litespeed\/avatar\/09ea5085e600095a7a811142c6944527.jpg?ver=1777497608","contentUrl":"https:\/\/www.ucaldas.edu.co\/portal\/wp-content\/litespeed\/avatar\/09ea5085e600095a7a811142c6944527.jpg?ver=1777497608","caption":"ofiprensa"},"url":"https:\/\/www.ucaldas.edu.co\/portal\/author\/ofiprensa\/"}]}},"_links":{"self":[{"href":"https:\/\/www.ucaldas.edu.co\/portal\/wp-json\/wp\/v2\/posts\/6522","targetHints":{"allow":["GET"]}}],"collection":[{"href":"https:\/\/www.ucaldas.edu.co\/portal\/wp-json\/wp\/v2\/posts"}],"about":[{"href":"https:\/\/www.ucaldas.edu.co\/portal\/wp-json\/wp\/v2\/types\/post"}],"author":[{"embeddable":true,"href":"https:\/\/www.ucaldas.edu.co\/portal\/wp-json\/wp\/v2\/users\/2"}],"replies":[{"embeddable":true,"href":"https:\/\/www.ucaldas.edu.co\/portal\/wp-json\/wp\/v2\/comments?post=6522"}],"version-history":[{"count":0,"href":"https:\/\/www.ucaldas.edu.co\/portal\/wp-json\/wp\/v2\/posts\/6522\/revisions"}],"wp:attachment":[{"href":"https:\/\/www.ucaldas.edu.co\/portal\/wp-json\/wp\/v2\/media?parent=6522"}],"wp:term":[{"taxonomy":"category","embeddable":true,"href":"https:\/\/www.ucaldas.edu.co\/portal\/wp-json\/wp\/v2\/categories?post=6522"},{"taxonomy":"post_tag","embeddable":true,"href":"https:\/\/www.ucaldas.edu.co\/portal\/wp-json\/wp\/v2\/tags?post=6522"}],"curies":[{"name":"wp","href":"https:\/\/api.w.org\/{rel}","templated":true}]}}