{"id":6516,"date":"2011-02-21T14:38:38","date_gmt":"2011-02-21T19:38:38","guid":{"rendered":"https:\/\/www.ucaldas.edu.co\/portal\/?p=6516"},"modified":"2011-02-21T14:38:38","modified_gmt":"2011-02-21T19:38:38","slug":"presentacion-libro-sobre-gilberto-alzate-avendano","status":"publish","type":"post","link":"https:\/\/www.ucaldas.edu.co\/portal\/presentacion-libro-sobre-gilberto-alzate-avendano\/","title":{"rendered":"Presentaci\u00f3n libro sobre Gilberto Alzate Avenda\u00f1o"},"content":{"rendered":"<p>Febrero 22<\/p>\n<hr id=\"system-readmore\" \/>\n<p>&nbsp;<\/p>\n<table style=\"width: 498px;height: 58px\" border=\"0\">\n<tbody>\n<tr>\n<td><img loading=\"lazy\" decoding=\"async\" style=\"border: 0px\" alt=\"Glberto Alzate\" src=\"http:\/\/www.ucaldas.edu.co\/images\/tmp\/Gilberto_Alzate_Avendano.jpg\" width=\"160\" height=\"100\" border=\"0\" \/><\/td>\n<td><b>Descripci\u00f3n:<\/b> lanzamiento del libro <i><b>Inventando al mariscal: Gilberto Alzate Avenda\u00f1o, circularidad ideol\u00f3gica y mimesis pol\u00edtica<\/b><\/i>. Su autor es el historiador C\u00e9sar Augusto Ayala Diago. Al evento asistir\u00e1n hijos de Alzate Avenda\u00f1o.<\/td>\n<\/tr>\n<\/tbody>\n<\/table>\n<p><b>Lugar:<\/b> Sala Carlos N\u00e1der (Sede Central U. de Caldas) y Auditorio Tulio G\u00f3mez Estrada de la Universidad de Caldas, Sede Palogrande (frente a la Estaci\u00f3n Las Palmas).<\/p>\n<p><b>Horario:<\/b> martes 22 de febrero del 2011, desde las 5:00 p.m.<\/p>\n<p><b>Invitan:<\/b> Universidad de Caldas, La Patria y Conservaci\u00f3n de la Ideas Filos\u00f3ficas y Culturales de Caldas (Cifcca).<\/p>\n<p><b>Entrada:<\/b> libre.<\/p>\n<p>&nbsp;<\/p>\n<p><b>Programaci\u00f3n<\/b><\/p>\n<p><b>5:00 p.m.<\/b> Conversatorio con los hijos de Gilberto Alzate Avenda\u00f1o. <b>Nueva Sala Carlos N\u00e1der, Sede Central U. de Caldas. <\/b><\/p>\n<p><b>6:30 p.m.<\/b> Instalaci\u00f3n a cargo de Ricardo G\u00f3mez Giraldo, Rector de la Universidad de Caldas.<b> Auditorio Tulio G\u00f3mez Estrada, Sede Palogrande de la U. de Caldas.<\/b><\/p>\n<p><b>6:40 p.m.<\/b> Presentaci\u00f3n del libro <i><b>Inventando al mariscal: Gilberto Alzate Avenda\u00f1o, circularidad ideol\u00f3gica y mimesis pol\u00edtica<\/b><\/i>, a cargo de Hernando Salazar Pati\u00f1o.<\/p>\n<p><b>7:30 p.m.<\/b> Conferencia sobre Gilberto Alzate Avenda\u00f1o, a cargo de C\u00e9sar Augusto Ayala Diago, autor del libro.<\/p>\n","protected":false},"excerpt":{"rendered":"<p>Febrero 22 &nbsp; Descripci\u00f3n: lanzamiento del libro Inventando al mariscal: Gilberto Alzate Avenda\u00f1o, circularidad ideol\u00f3gica y mimesis pol\u00edtica. Su autor es el historiador C\u00e9sar Augusto Ayala Diago. Al evento asistir\u00e1n hijos de Alzate Avenda\u00f1o. Lugar: Sala Carlos N\u00e1der (Sede Central U. de Caldas) y Auditorio Tulio G\u00f3mez Estrada de la Universidad de Caldas, Sede Palogrande [&hellip;]<\/p>\n","protected":false},"author":2,"featured_media":0,"comment_status":"closed","ping_status":"closed","sticky":false,"template":"","format":"standard","meta":{"footnotes":""},"categories":[48,53],"tags":[],"class_list":["post-6516","post","type-post","status-publish","format-standard","hentry","category-actualidad","category-universidad-al-dia"],"yoast_head":"<!-- This site is optimized with the Yoast SEO plugin v27.5 - https:\/\/yoast.com\/product\/yoast-seo-wordpress\/ -->\n<title>Presentaci\u00f3n libro sobre Gilberto Alzate Avenda\u00f1o .<\/title>\n<meta name=\"robots\" content=\"index, follow, max-snippet:-1, max-image-preview:large, max-video-preview:-1\" \/>\n<link rel=\"canonical\" href=\"https:\/\/www.ucaldas.edu.co\/portal\/presentacion-libro-sobre-gilberto-alzate-avendano\/\" \/>\n<script type=\"application\/ld+json\" class=\"yoast-schema-graph\">{\"@context\":\"https:\\\/\\\/schema.org\",\"@graph\":[{\"@type\":\"Article\",\"@id\":\"https:\\\/\\\/www.ucaldas.edu.co\\\/portal\\\/presentacion-libro-sobre-gilberto-alzate-avendano\\\/#article\",\"isPartOf\":{\"@id\":\"https:\\\/\\\/www.ucaldas.edu.co\\\/portal\\\/presentacion-libro-sobre-gilberto-alzate-avendano\\\/\"},\"author\":{\"name\":\"ofiprensa\",\"@id\":\"https:\\\/\\\/www.ucaldas.edu.co\\\/portal\\\/#\\\/schema\\\/person\\\/a1b482e23449158b4bc319926c074fdf\"},\"headline\":\"Presentaci\u00f3n libro sobre Gilberto Alzate Avenda\u00f1o\",\"datePublished\":\"2011-02-21T19:38:38+00:00\",\"mainEntityOfPage\":{\"@id\":\"https:\\\/\\\/www.ucaldas.edu.co\\\/portal\\\/presentacion-libro-sobre-gilberto-alzate-avendano\\\/\"},\"wordCount\":207,\"publisher\":{\"@id\":\"https:\\\/\\\/www.ucaldas.edu.co\\\/portal\\\/#organization\"},\"image\":{\"@id\":\"https:\\\/\\\/www.ucaldas.edu.co\\\/portal\\\/presentacion-libro-sobre-gilberto-alzate-avendano\\\/#primaryimage\"},\"thumbnailUrl\":\"http:\\\/\\\/www.ucaldas.edu.co\\\/images\\\/tmp\\\/Gilberto_Alzate_Avendano.jpg\",\"articleSection\":[\"Actualidad\",\"Universidad al D\u00eda\"],\"inLanguage\":\"es\"},{\"@type\":\"WebPage\",\"@id\":\"https:\\\/\\\/www.ucaldas.edu.co\\\/portal\\\/presentacion-libro-sobre-gilberto-alzate-avendano\\\/\",\"url\":\"https:\\\/\\\/www.ucaldas.edu.co\\\/portal\\\/presentacion-libro-sobre-gilberto-alzate-avendano\\\/\",\"name\":\"Presentaci\u00f3n libro sobre Gilberto Alzate Avenda\u00f1o .\",\"isPartOf\":{\"@id\":\"https:\\\/\\\/www.ucaldas.edu.co\\\/portal\\\/#website\"},\"primaryImageOfPage\":{\"@id\":\"https:\\\/\\\/www.ucaldas.edu.co\\\/portal\\\/presentacion-libro-sobre-gilberto-alzate-avendano\\\/#primaryimage\"},\"image\":{\"@id\":\"https:\\\/\\\/www.ucaldas.edu.co\\\/portal\\\/presentacion-libro-sobre-gilberto-alzate-avendano\\\/#primaryimage\"},\"thumbnailUrl\":\"http:\\\/\\\/www.ucaldas.edu.co\\\/images\\\/tmp\\\/Gilberto_Alzate_Avendano.jpg\",\"datePublished\":\"2011-02-21T19:38:38+00:00\",\"breadcrumb\":{\"@id\":\"https:\\\/\\\/www.ucaldas.edu.co\\\/portal\\\/presentacion-libro-sobre-gilberto-alzate-avendano\\\/#breadcrumb\"},\"inLanguage\":\"es\",\"potentialAction\":[{\"@type\":\"ReadAction\",\"target\":[\"https:\\\/\\\/www.ucaldas.edu.co\\\/portal\\\/presentacion-libro-sobre-gilberto-alzate-avendano\\\/\"]}]},{\"@type\":\"ImageObject\",\"inLanguage\":\"es\",\"@id\":\"https:\\\/\\\/www.ucaldas.edu.co\\\/portal\\\/presentacion-libro-sobre-gilberto-alzate-avendano\\\/#primaryimage\",\"url\":\"http:\\\/\\\/www.ucaldas.edu.co\\\/images\\\/tmp\\\/Gilberto_Alzate_Avendano.jpg\",\"contentUrl\":\"http:\\\/\\\/www.ucaldas.edu.co\\\/images\\\/tmp\\\/Gilberto_Alzate_Avendano.jpg\"},{\"@type\":\"BreadcrumbList\",\"@id\":\"https:\\\/\\\/www.ucaldas.edu.co\\\/portal\\\/presentacion-libro-sobre-gilberto-alzate-avendano\\\/#breadcrumb\",\"itemListElement\":[{\"@type\":\"ListItem\",\"position\":1,\"name\":\"Portada\",\"item\":\"https:\\\/\\\/www.ucaldas.edu.co\\\/portal\\\/\"},{\"@type\":\"ListItem\",\"position\":2,\"name\":\"Presentaci\u00f3n libro sobre Gilberto Alzate Avenda\u00f1o\"}]},{\"@type\":\"WebSite\",\"@id\":\"https:\\\/\\\/www.ucaldas.edu.co\\\/portal\\\/#website\",\"url\":\"https:\\\/\\\/www.ucaldas.edu.co\\\/portal\\\/\",\"name\":\"Universidad de Caldas\",\"description\":\"\",\"publisher\":{\"@id\":\"https:\\\/\\\/www.ucaldas.edu.co\\\/portal\\\/#organization\"},\"alternateName\":\"U. de Caldas\",\"potentialAction\":[{\"@type\":\"SearchAction\",\"target\":{\"@type\":\"EntryPoint\",\"urlTemplate\":\"https:\\\/\\\/www.ucaldas.edu.co\\\/portal\\\/?s={search_term_string}\"},\"query-input\":{\"@type\":\"PropertyValueSpecification\",\"valueRequired\":true,\"valueName\":\"search_term_string\"}}],\"inLanguage\":\"es\"},{\"@type\":\"Organization\",\"@id\":\"https:\\\/\\\/www.ucaldas.edu.co\\\/portal\\\/#organization\",\"name\":\"Universidad de Caldas\",\"alternateName\":\"U. de Caldas\",\"url\":\"https:\\\/\\\/www.ucaldas.edu.co\\\/portal\\\/\",\"logo\":{\"@type\":\"ImageObject\",\"inLanguage\":\"es\",\"@id\":\"https:\\\/\\\/www.ucaldas.edu.co\\\/portal\\\/#\\\/schema\\\/logo\\\/image\\\/\",\"url\":\"https:\\\/\\\/www.ucaldas.edu.co\\\/portal\\\/wp-content\\\/uploads\\\/2023\\\/11\\\/Logo_horizontal_oscuroU-2023.png\",\"contentUrl\":\"https:\\\/\\\/www.ucaldas.edu.co\\\/portal\\\/wp-content\\\/uploads\\\/2023\\\/11\\\/Logo_horizontal_oscuroU-2023.png\",\"width\":263,\"height\":101,\"caption\":\"Universidad de Caldas\"},\"image\":{\"@id\":\"https:\\\/\\\/www.ucaldas.edu.co\\\/portal\\\/#\\\/schema\\\/logo\\\/image\\\/\"},\"sameAs\":[\"https:\\\/\\\/www.facebook.com\\\/udecaldas\",\"https:\\\/\\\/x.com\\\/udecaldas\",\"https:\\\/\\\/www.youtube.com\\\/universidadcaldas\",\"https:\\\/\\\/www.instagram.com\\\/udecaldas\\\/\"]},{\"@type\":\"Person\",\"@id\":\"https:\\\/\\\/www.ucaldas.edu.co\\\/portal\\\/#\\\/schema\\\/person\\\/a1b482e23449158b4bc319926c074fdf\",\"name\":\"ofiprensa\",\"image\":{\"@type\":\"ImageObject\",\"inLanguage\":\"es\",\"@id\":\"https:\\\/\\\/www.ucaldas.edu.co\\\/portal\\\/wp-content\\\/litespeed\\\/avatar\\\/09ea5085e600095a7a811142c6944527.jpg?ver=1777497608\",\"url\":\"https:\\\/\\\/www.ucaldas.edu.co\\\/portal\\\/wp-content\\\/litespeed\\\/avatar\\\/09ea5085e600095a7a811142c6944527.jpg?ver=1777497608\",\"contentUrl\":\"https:\\\/\\\/www.ucaldas.edu.co\\\/portal\\\/wp-content\\\/litespeed\\\/avatar\\\/09ea5085e600095a7a811142c6944527.jpg?ver=1777497608\",\"caption\":\"ofiprensa\"},\"url\":\"https:\\\/\\\/www.ucaldas.edu.co\\\/portal\\\/author\\\/ofiprensa\\\/\"}]}<\/script>\n<!-- \/ Yoast SEO plugin. -->","yoast_head_json":{"title":"Presentaci\u00f3n libro sobre Gilberto Alzate Avenda\u00f1o .","robots":{"index":"index","follow":"follow","max-snippet":"max-snippet:-1","max-image-preview":"max-image-preview:large","max-video-preview":"max-video-preview:-1"},"canonical":"https:\/\/www.ucaldas.edu.co\/portal\/presentacion-libro-sobre-gilberto-alzate-avendano\/","schema":{"@context":"https:\/\/schema.org","@graph":[{"@type":"Article","@id":"https:\/\/www.ucaldas.edu.co\/portal\/presentacion-libro-sobre-gilberto-alzate-avendano\/#article","isPartOf":{"@id":"https:\/\/www.ucaldas.edu.co\/portal\/presentacion-libro-sobre-gilberto-alzate-avendano\/"},"author":{"name":"ofiprensa","@id":"https:\/\/www.ucaldas.edu.co\/portal\/#\/schema\/person\/a1b482e23449158b4bc319926c074fdf"},"headline":"Presentaci\u00f3n libro sobre Gilberto Alzate Avenda\u00f1o","datePublished":"2011-02-21T19:38:38+00:00","mainEntityOfPage":{"@id":"https:\/\/www.ucaldas.edu.co\/portal\/presentacion-libro-sobre-gilberto-alzate-avendano\/"},"wordCount":207,"publisher":{"@id":"https:\/\/www.ucaldas.edu.co\/portal\/#organization"},"image":{"@id":"https:\/\/www.ucaldas.edu.co\/portal\/presentacion-libro-sobre-gilberto-alzate-avendano\/#primaryimage"},"thumbnailUrl":"http:\/\/www.ucaldas.edu.co\/images\/tmp\/Gilberto_Alzate_Avendano.jpg","articleSection":["Actualidad","Universidad al D\u00eda"],"inLanguage":"es"},{"@type":"WebPage","@id":"https:\/\/www.ucaldas.edu.co\/portal\/presentacion-libro-sobre-gilberto-alzate-avendano\/","url":"https:\/\/www.ucaldas.edu.co\/portal\/presentacion-libro-sobre-gilberto-alzate-avendano\/","name":"Presentaci\u00f3n libro sobre Gilberto Alzate Avenda\u00f1o .","isPartOf":{"@id":"https:\/\/www.ucaldas.edu.co\/portal\/#website"},"primaryImageOfPage":{"@id":"https:\/\/www.ucaldas.edu.co\/portal\/presentacion-libro-sobre-gilberto-alzate-avendano\/#primaryimage"},"image":{"@id":"https:\/\/www.ucaldas.edu.co\/portal\/presentacion-libro-sobre-gilberto-alzate-avendano\/#primaryimage"},"thumbnailUrl":"http:\/\/www.ucaldas.edu.co\/images\/tmp\/Gilberto_Alzate_Avendano.jpg","datePublished":"2011-02-21T19:38:38+00:00","breadcrumb":{"@id":"https:\/\/www.ucaldas.edu.co\/portal\/presentacion-libro-sobre-gilberto-alzate-avendano\/#breadcrumb"},"inLanguage":"es","potentialAction":[{"@type":"ReadAction","target":["https:\/\/www.ucaldas.edu.co\/portal\/presentacion-libro-sobre-gilberto-alzate-avendano\/"]}]},{"@type":"ImageObject","inLanguage":"es","@id":"https:\/\/www.ucaldas.edu.co\/portal\/presentacion-libro-sobre-gilberto-alzate-avendano\/#primaryimage","url":"http:\/\/www.ucaldas.edu.co\/images\/tmp\/Gilberto_Alzate_Avendano.jpg","contentUrl":"http:\/\/www.ucaldas.edu.co\/images\/tmp\/Gilberto_Alzate_Avendano.jpg"},{"@type":"BreadcrumbList","@id":"https:\/\/www.ucaldas.edu.co\/portal\/presentacion-libro-sobre-gilberto-alzate-avendano\/#breadcrumb","itemListElement":[{"@type":"ListItem","position":1,"name":"Portada","item":"https:\/\/www.ucaldas.edu.co\/portal\/"},{"@type":"ListItem","position":2,"name":"Presentaci\u00f3n libro sobre Gilberto Alzate Avenda\u00f1o"}]},{"@type":"WebSite","@id":"https:\/\/www.ucaldas.edu.co\/portal\/#website","url":"https:\/\/www.ucaldas.edu.co\/portal\/","name":"Universidad de Caldas","description":"","publisher":{"@id":"https:\/\/www.ucaldas.edu.co\/portal\/#organization"},"alternateName":"U. de Caldas","potentialAction":[{"@type":"SearchAction","target":{"@type":"EntryPoint","urlTemplate":"https:\/\/www.ucaldas.edu.co\/portal\/?s={search_term_string}"},"query-input":{"@type":"PropertyValueSpecification","valueRequired":true,"valueName":"search_term_string"}}],"inLanguage":"es"},{"@type":"Organization","@id":"https:\/\/www.ucaldas.edu.co\/portal\/#organization","name":"Universidad de Caldas","alternateName":"U. de Caldas","url":"https:\/\/www.ucaldas.edu.co\/portal\/","logo":{"@type":"ImageObject","inLanguage":"es","@id":"https:\/\/www.ucaldas.edu.co\/portal\/#\/schema\/logo\/image\/","url":"https:\/\/www.ucaldas.edu.co\/portal\/wp-content\/uploads\/2023\/11\/Logo_horizontal_oscuroU-2023.png","contentUrl":"https:\/\/www.ucaldas.edu.co\/portal\/wp-content\/uploads\/2023\/11\/Logo_horizontal_oscuroU-2023.png","width":263,"height":101,"caption":"Universidad de Caldas"},"image":{"@id":"https:\/\/www.ucaldas.edu.co\/portal\/#\/schema\/logo\/image\/"},"sameAs":["https:\/\/www.facebook.com\/udecaldas","https:\/\/x.com\/udecaldas","https:\/\/www.youtube.com\/universidadcaldas","https:\/\/www.instagram.com\/udecaldas\/"]},{"@type":"Person","@id":"https:\/\/www.ucaldas.edu.co\/portal\/#\/schema\/person\/a1b482e23449158b4bc319926c074fdf","name":"ofiprensa","image":{"@type":"ImageObject","inLanguage":"es","@id":"https:\/\/www.ucaldas.edu.co\/portal\/wp-content\/litespeed\/avatar\/09ea5085e600095a7a811142c6944527.jpg?ver=1777497608","url":"https:\/\/www.ucaldas.edu.co\/portal\/wp-content\/litespeed\/avatar\/09ea5085e600095a7a811142c6944527.jpg?ver=1777497608","contentUrl":"https:\/\/www.ucaldas.edu.co\/portal\/wp-content\/litespeed\/avatar\/09ea5085e600095a7a811142c6944527.jpg?ver=1777497608","caption":"ofiprensa"},"url":"https:\/\/www.ucaldas.edu.co\/portal\/author\/ofiprensa\/"}]}},"_links":{"self":[{"href":"https:\/\/www.ucaldas.edu.co\/portal\/wp-json\/wp\/v2\/posts\/6516","targetHints":{"allow":["GET"]}}],"collection":[{"href":"https:\/\/www.ucaldas.edu.co\/portal\/wp-json\/wp\/v2\/posts"}],"about":[{"href":"https:\/\/www.ucaldas.edu.co\/portal\/wp-json\/wp\/v2\/types\/post"}],"author":[{"embeddable":true,"href":"https:\/\/www.ucaldas.edu.co\/portal\/wp-json\/wp\/v2\/users\/2"}],"replies":[{"embeddable":true,"href":"https:\/\/www.ucaldas.edu.co\/portal\/wp-json\/wp\/v2\/comments?post=6516"}],"version-history":[{"count":0,"href":"https:\/\/www.ucaldas.edu.co\/portal\/wp-json\/wp\/v2\/posts\/6516\/revisions"}],"wp:attachment":[{"href":"https:\/\/www.ucaldas.edu.co\/portal\/wp-json\/wp\/v2\/media?parent=6516"}],"wp:term":[{"taxonomy":"category","embeddable":true,"href":"https:\/\/www.ucaldas.edu.co\/portal\/wp-json\/wp\/v2\/categories?post=6516"},{"taxonomy":"post_tag","embeddable":true,"href":"https:\/\/www.ucaldas.edu.co\/portal\/wp-json\/wp\/v2\/tags?post=6516"}],"curies":[{"name":"wp","href":"https:\/\/api.w.org\/{rel}","templated":true}]}}