{"id":6514,"date":"2011-02-18T14:37:19","date_gmt":"2011-02-18T19:37:19","guid":{"rendered":"https:\/\/www.ucaldas.edu.co\/portal\/?p=6514"},"modified":"2011-02-18T14:37:19","modified_gmt":"2011-02-18T19:37:19","slug":"se-realizara-encuentro-internacional-de-universidad-en-el-campo-en-la-u-de-caldas","status":"publish","type":"post","link":"https:\/\/www.ucaldas.edu.co\/portal\/se-realizara-encuentro-internacional-de-universidad-en-el-campo-en-la-u-de-caldas\/","title":{"rendered":"Se realizar\u00e1 encuentro internacional de Universidad en el Campo, en la U. de Caldas"},"content":{"rendered":"<p>Representantes de las instituciones estar\u00e1n del 21 al 25 de febrero<\/p>\n<hr \/>\n<p align=\"center\">\n<p align=\"right\"><b>18\/02\/2011<\/b><\/p>\n<p align=\"right\"><b>\u00a0<\/b><\/p>\n<table border=\"0\">\n<tbody>\n<tr>\n<td><img loading=\"lazy\" decoding=\"async\" style=\"border: 0px\" alt=\"Universidad en el Campo\" src=\"http:\/\/www.ucaldas.edu.co\/images\/tmp\/universidad_campo_logo.jpg\" width=\"240\" height=\"150\" border=\"0\" \/><\/td>\n<td>La <b>Universidad<\/b><b> de Caldas<\/b> realizar\u00e1 un <b>encuentro internacional<\/b> con los representantes de <b>dos universidades de Europa<\/b> y <b>cuatro latinoamericanas<\/b> para ejecutar el plan de actividades 2011 del proyecto <b><i>Universidad en el Campo<\/i><\/b>. Ser\u00e1 en la <b>Sala Humberto<\/b><b> Gallego Gamboa<\/b> de la Sede Central, del <b>21 al 25 de febrero.<\/b><\/p>\n<p>&nbsp;<\/p>\n<p>La Universidad de Caldas particip\u00f3 con el proyecto <i>U. en el Campo<\/i> en la convocatoria denominada <b>ALFA III<\/b> y logr\u00f3 una subvenci\u00f3n de 1 mill\u00f3n 179 mil 950 euros, un equivalente a $2 mil 950 millones. Este dinero lo otorg\u00f3 la Uni\u00f3n Europea.<\/td>\n<\/tr>\n<\/tbody>\n<\/table>\n<p>&nbsp;<\/p>\n<p>Con este recurso se replicar\u00e1 el modelo <i>Universidad en el Campo<\/i> en la Universidad Mayor de San Andr\u00e9s (Bolivia), Universidad Aut\u00f3noma del Estado de Hidalgo (M\u00e9xico), Universidad Nacional Aut\u00f3noma de Nicaragua y Universidad de Caldas (Colombia).<\/p>\n<p>&nbsp;<\/p>\n<p>Este proceso estar\u00e1 apoyado por la Universidad de Valladolid (Espa\u00f1a) y la Universit\u00e0 Degli Studi Guglielmo Marconi (Italia).<\/p>\n<p>&nbsp;<\/p>\n<p>La U. de Caldas es la coordinadora general del proyecto y Guillermo Le\u00f3n Mar\u00edn Serna, es el Coordinador Internacional para la ejecuci\u00f3n del proyecto en todas las instituciones participantes.<\/p>\n<p>&nbsp;<\/p>\n<p>Asimismo, cada universidad que hace parte del grupo de trabajo tiene un coordinador que ser\u00e1 delegado para este encuentro.<\/p>\n<p>&nbsp;<\/p>\n<p><b>Temas del encuentro internacional<\/b><\/p>\n<p>El trabajo conjunto de todas las universidades estructurar\u00e1 e implementar\u00e1 un programa de educaci\u00f3n superior en los niveles t\u00e9cnico, tecnol\u00f3gico y profesional enfocado en el sector agropecuario, en articulaci\u00f3n con la educaci\u00f3n secundaria, que permitir\u00e1 el ingreso a la universidad de j\u00f3venes rurales de los\u00a0 4 pa\u00edses latinoamericanos participantes.<\/p>\n<p>&nbsp;<\/p>\n<p>Los representantes de cada pa\u00eds tendr\u00e1n la oportunidad de conocer las experiencias logradas por la U. de Caldas en el proyecto piloto que se viene desarrollando desde hace 3 a\u00f1os en 6 municipios caldenses, en alianza con la Secretar\u00eda de Educaci\u00f3n de Caldas, el Comit\u00e9 Departamental de Cafeteros de Caldas y la Chec.<\/p>\n<p>&nbsp;<\/p>\n<p>El plan de trabajo del encuentro se resume en la realizaci\u00f3n de un diagn\u00f3stico de la ense\u00f1anza de las Ciencias Agropecuarias en cada una de las universidades. Tambi\u00e9n se programar\u00e1 un cronograma de actividades 2011 para ejecutar el proyecto en cada instituci\u00f3n participante.<\/p>\n<p>&nbsp;<\/p>\n<p>Por \u00faltimo, otra de las ideas que se busca, es generar una red entre las universidades Latinoamericanas y Europeas con el fin de firmar acuerdos que permitan la cooperaci\u00f3n acad\u00e9mica y la creaci\u00f3n de proyectos de investigaci\u00f3n y proyecci\u00f3n conjuntos, que promuevan\u00a0 la movilidad de estudiantes, docentes y administrativos, el intercambio de saberes\u00a0 y el aprovechamiento de los recursos con que cuentan las seis instituciones de educaci\u00f3n superior.<\/p>\n<p>&nbsp;<\/p>\n<p><b>Sobre el Proyecto <i>U. en el Campo<\/i> y ALFA III<\/b><\/p>\n<p><i>Universidad en el Campo<\/i> es un programa que busca favorecer el desarrollo socioecon\u00f3mico de los sectores rurales m\u00e1s vulnerables de pa\u00edses de Am\u00e9rica latina a trav\u00e9s de\u00a0 procesos de educaci\u00f3n pertinentes y contextualizados.<\/p>\n<p>&nbsp;<\/p>\n<p>Con el desarrollo de este proyecto se ver\u00e1n\u00a0 beneficiados\u00a0 240 estudiantes de educaci\u00f3n secundaria\u00a0\u00a0 de M\u00e9xico, Nicaragua, Bolivia y Colombia.<\/p>\n<p>&nbsp;<\/p>\n<p>El nombre ALFA III significa Am\u00e9rica Latina Formaci\u00f3n Acad\u00e9mica y es un programa de cooperaci\u00f3n entre instituciones de educaci\u00f3n superior\u00a0de la Uni\u00f3n Europea y Am\u00e9rica Latina, financiado por la Uni\u00f3n Europea a trav\u00e9s de la agencia EuropeAid.<\/p>\n<p>La idea es mejorar la capacidad de las instituciones de ense\u00f1anza superior latinoamericanas y fomentar la cooperaci\u00f3n acad\u00e9mica entre las dos regiones.<\/p>\n<p><b>Informes: <\/b>en la Oficina de Prensa de la U. de Caldas, tel\u00e9fono 878 15 03.<\/p>\n","protected":false},"excerpt":{"rendered":"<p>Representantes de las instituciones estar\u00e1n del 21 al 25 de febrero 18\/02\/2011 \u00a0 La Universidad de Caldas realizar\u00e1 un encuentro internacional con los representantes de dos universidades de Europa y cuatro latinoamericanas para ejecutar el plan de actividades 2011 del proyecto Universidad en el Campo. Ser\u00e1 en la Sala Humberto Gallego Gamboa de la Sede [&hellip;]<\/p>\n","protected":false},"author":2,"featured_media":0,"comment_status":"closed","ping_status":"closed","sticky":false,"template":"","format":"standard","meta":{"footnotes":""},"categories":[48,53],"tags":[],"class_list":["post-6514","post","type-post","status-publish","format-standard","hentry","category-actualidad","category-universidad-al-dia"],"yoast_head":"<!-- This site is optimized with the Yoast SEO plugin v27.5 - https:\/\/yoast.com\/product\/yoast-seo-wordpress\/ -->\n<title>Se realizar\u00e1 encuentro internacional de Universidad en el Campo, en la U. de Caldas .<\/title>\n<meta name=\"robots\" content=\"index, follow, max-snippet:-1, max-image-preview:large, max-video-preview:-1\" \/>\n<link rel=\"canonical\" href=\"https:\/\/www.ucaldas.edu.co\/portal\/se-realizara-encuentro-internacional-de-universidad-en-el-campo-en-la-u-de-caldas\/\" \/>\n<script type=\"application\/ld+json\" class=\"yoast-schema-graph\">{\"@context\":\"https:\\\/\\\/schema.org\",\"@graph\":[{\"@type\":\"Article\",\"@id\":\"https:\\\/\\\/www.ucaldas.edu.co\\\/portal\\\/se-realizara-encuentro-internacional-de-universidad-en-el-campo-en-la-u-de-caldas\\\/#article\",\"isPartOf\":{\"@id\":\"https:\\\/\\\/www.ucaldas.edu.co\\\/portal\\\/se-realizara-encuentro-internacional-de-universidad-en-el-campo-en-la-u-de-caldas\\\/\"},\"author\":{\"name\":\"ofiprensa\",\"@id\":\"https:\\\/\\\/www.ucaldas.edu.co\\\/portal\\\/#\\\/schema\\\/person\\\/a1b482e23449158b4bc319926c074fdf\"},\"headline\":\"Se realizar\u00e1 encuentro internacional de Universidad en el Campo, en la U. de Caldas\",\"datePublished\":\"2011-02-18T19:37:19+00:00\",\"mainEntityOfPage\":{\"@id\":\"https:\\\/\\\/www.ucaldas.edu.co\\\/portal\\\/se-realizara-encuentro-internacional-de-universidad-en-el-campo-en-la-u-de-caldas\\\/\"},\"wordCount\":625,\"publisher\":{\"@id\":\"https:\\\/\\\/www.ucaldas.edu.co\\\/portal\\\/#organization\"},\"image\":{\"@id\":\"https:\\\/\\\/www.ucaldas.edu.co\\\/portal\\\/se-realizara-encuentro-internacional-de-universidad-en-el-campo-en-la-u-de-caldas\\\/#primaryimage\"},\"thumbnailUrl\":\"http:\\\/\\\/www.ucaldas.edu.co\\\/images\\\/tmp\\\/universidad_campo_logo.jpg\",\"articleSection\":[\"Actualidad\",\"Universidad al D\u00eda\"],\"inLanguage\":\"es\"},{\"@type\":\"WebPage\",\"@id\":\"https:\\\/\\\/www.ucaldas.edu.co\\\/portal\\\/se-realizara-encuentro-internacional-de-universidad-en-el-campo-en-la-u-de-caldas\\\/\",\"url\":\"https:\\\/\\\/www.ucaldas.edu.co\\\/portal\\\/se-realizara-encuentro-internacional-de-universidad-en-el-campo-en-la-u-de-caldas\\\/\",\"name\":\"Se realizar\u00e1 encuentro internacional de Universidad en el Campo, en la U. de Caldas .\",\"isPartOf\":{\"@id\":\"https:\\\/\\\/www.ucaldas.edu.co\\\/portal\\\/#website\"},\"primaryImageOfPage\":{\"@id\":\"https:\\\/\\\/www.ucaldas.edu.co\\\/portal\\\/se-realizara-encuentro-internacional-de-universidad-en-el-campo-en-la-u-de-caldas\\\/#primaryimage\"},\"image\":{\"@id\":\"https:\\\/\\\/www.ucaldas.edu.co\\\/portal\\\/se-realizara-encuentro-internacional-de-universidad-en-el-campo-en-la-u-de-caldas\\\/#primaryimage\"},\"thumbnailUrl\":\"http:\\\/\\\/www.ucaldas.edu.co\\\/images\\\/tmp\\\/universidad_campo_logo.jpg\",\"datePublished\":\"2011-02-18T19:37:19+00:00\",\"breadcrumb\":{\"@id\":\"https:\\\/\\\/www.ucaldas.edu.co\\\/portal\\\/se-realizara-encuentro-internacional-de-universidad-en-el-campo-en-la-u-de-caldas\\\/#breadcrumb\"},\"inLanguage\":\"es\",\"potentialAction\":[{\"@type\":\"ReadAction\",\"target\":[\"https:\\\/\\\/www.ucaldas.edu.co\\\/portal\\\/se-realizara-encuentro-internacional-de-universidad-en-el-campo-en-la-u-de-caldas\\\/\"]}]},{\"@type\":\"ImageObject\",\"inLanguage\":\"es\",\"@id\":\"https:\\\/\\\/www.ucaldas.edu.co\\\/portal\\\/se-realizara-encuentro-internacional-de-universidad-en-el-campo-en-la-u-de-caldas\\\/#primaryimage\",\"url\":\"http:\\\/\\\/www.ucaldas.edu.co\\\/images\\\/tmp\\\/universidad_campo_logo.jpg\",\"contentUrl\":\"http:\\\/\\\/www.ucaldas.edu.co\\\/images\\\/tmp\\\/universidad_campo_logo.jpg\"},{\"@type\":\"BreadcrumbList\",\"@id\":\"https:\\\/\\\/www.ucaldas.edu.co\\\/portal\\\/se-realizara-encuentro-internacional-de-universidad-en-el-campo-en-la-u-de-caldas\\\/#breadcrumb\",\"itemListElement\":[{\"@type\":\"ListItem\",\"position\":1,\"name\":\"Portada\",\"item\":\"https:\\\/\\\/www.ucaldas.edu.co\\\/portal\\\/\"},{\"@type\":\"ListItem\",\"position\":2,\"name\":\"Se realizar\u00e1 encuentro internacional de Universidad en el Campo, en la U. de Caldas\"}]},{\"@type\":\"WebSite\",\"@id\":\"https:\\\/\\\/www.ucaldas.edu.co\\\/portal\\\/#website\",\"url\":\"https:\\\/\\\/www.ucaldas.edu.co\\\/portal\\\/\",\"name\":\"Universidad de Caldas\",\"description\":\"\",\"publisher\":{\"@id\":\"https:\\\/\\\/www.ucaldas.edu.co\\\/portal\\\/#organization\"},\"alternateName\":\"U. de Caldas\",\"potentialAction\":[{\"@type\":\"SearchAction\",\"target\":{\"@type\":\"EntryPoint\",\"urlTemplate\":\"https:\\\/\\\/www.ucaldas.edu.co\\\/portal\\\/?s={search_term_string}\"},\"query-input\":{\"@type\":\"PropertyValueSpecification\",\"valueRequired\":true,\"valueName\":\"search_term_string\"}}],\"inLanguage\":\"es\"},{\"@type\":\"Organization\",\"@id\":\"https:\\\/\\\/www.ucaldas.edu.co\\\/portal\\\/#organization\",\"name\":\"Universidad de Caldas\",\"alternateName\":\"U. de Caldas\",\"url\":\"https:\\\/\\\/www.ucaldas.edu.co\\\/portal\\\/\",\"logo\":{\"@type\":\"ImageObject\",\"inLanguage\":\"es\",\"@id\":\"https:\\\/\\\/www.ucaldas.edu.co\\\/portal\\\/#\\\/schema\\\/logo\\\/image\\\/\",\"url\":\"https:\\\/\\\/www.ucaldas.edu.co\\\/portal\\\/wp-content\\\/uploads\\\/2023\\\/11\\\/Logo_horizontal_oscuroU-2023.png\",\"contentUrl\":\"https:\\\/\\\/www.ucaldas.edu.co\\\/portal\\\/wp-content\\\/uploads\\\/2023\\\/11\\\/Logo_horizontal_oscuroU-2023.png\",\"width\":263,\"height\":101,\"caption\":\"Universidad de Caldas\"},\"image\":{\"@id\":\"https:\\\/\\\/www.ucaldas.edu.co\\\/portal\\\/#\\\/schema\\\/logo\\\/image\\\/\"},\"sameAs\":[\"https:\\\/\\\/www.facebook.com\\\/udecaldas\",\"https:\\\/\\\/x.com\\\/udecaldas\",\"https:\\\/\\\/www.youtube.com\\\/universidadcaldas\",\"https:\\\/\\\/www.instagram.com\\\/udecaldas\\\/\"]},{\"@type\":\"Person\",\"@id\":\"https:\\\/\\\/www.ucaldas.edu.co\\\/portal\\\/#\\\/schema\\\/person\\\/a1b482e23449158b4bc319926c074fdf\",\"name\":\"ofiprensa\",\"image\":{\"@type\":\"ImageObject\",\"inLanguage\":\"es\",\"@id\":\"https:\\\/\\\/www.ucaldas.edu.co\\\/portal\\\/wp-content\\\/litespeed\\\/avatar\\\/09ea5085e600095a7a811142c6944527.jpg?ver=1777497608\",\"url\":\"https:\\\/\\\/www.ucaldas.edu.co\\\/portal\\\/wp-content\\\/litespeed\\\/avatar\\\/09ea5085e600095a7a811142c6944527.jpg?ver=1777497608\",\"contentUrl\":\"https:\\\/\\\/www.ucaldas.edu.co\\\/portal\\\/wp-content\\\/litespeed\\\/avatar\\\/09ea5085e600095a7a811142c6944527.jpg?ver=1777497608\",\"caption\":\"ofiprensa\"},\"url\":\"https:\\\/\\\/www.ucaldas.edu.co\\\/portal\\\/author\\\/ofiprensa\\\/\"}]}<\/script>\n<!-- \/ Yoast SEO plugin. -->","yoast_head_json":{"title":"Se realizar\u00e1 encuentro internacional de Universidad en el Campo, en la U. de Caldas .","robots":{"index":"index","follow":"follow","max-snippet":"max-snippet:-1","max-image-preview":"max-image-preview:large","max-video-preview":"max-video-preview:-1"},"canonical":"https:\/\/www.ucaldas.edu.co\/portal\/se-realizara-encuentro-internacional-de-universidad-en-el-campo-en-la-u-de-caldas\/","schema":{"@context":"https:\/\/schema.org","@graph":[{"@type":"Article","@id":"https:\/\/www.ucaldas.edu.co\/portal\/se-realizara-encuentro-internacional-de-universidad-en-el-campo-en-la-u-de-caldas\/#article","isPartOf":{"@id":"https:\/\/www.ucaldas.edu.co\/portal\/se-realizara-encuentro-internacional-de-universidad-en-el-campo-en-la-u-de-caldas\/"},"author":{"name":"ofiprensa","@id":"https:\/\/www.ucaldas.edu.co\/portal\/#\/schema\/person\/a1b482e23449158b4bc319926c074fdf"},"headline":"Se realizar\u00e1 encuentro internacional de Universidad en el Campo, en la U. de Caldas","datePublished":"2011-02-18T19:37:19+00:00","mainEntityOfPage":{"@id":"https:\/\/www.ucaldas.edu.co\/portal\/se-realizara-encuentro-internacional-de-universidad-en-el-campo-en-la-u-de-caldas\/"},"wordCount":625,"publisher":{"@id":"https:\/\/www.ucaldas.edu.co\/portal\/#organization"},"image":{"@id":"https:\/\/www.ucaldas.edu.co\/portal\/se-realizara-encuentro-internacional-de-universidad-en-el-campo-en-la-u-de-caldas\/#primaryimage"},"thumbnailUrl":"http:\/\/www.ucaldas.edu.co\/images\/tmp\/universidad_campo_logo.jpg","articleSection":["Actualidad","Universidad al D\u00eda"],"inLanguage":"es"},{"@type":"WebPage","@id":"https:\/\/www.ucaldas.edu.co\/portal\/se-realizara-encuentro-internacional-de-universidad-en-el-campo-en-la-u-de-caldas\/","url":"https:\/\/www.ucaldas.edu.co\/portal\/se-realizara-encuentro-internacional-de-universidad-en-el-campo-en-la-u-de-caldas\/","name":"Se realizar\u00e1 encuentro internacional de Universidad en el Campo, en la U. de Caldas .","isPartOf":{"@id":"https:\/\/www.ucaldas.edu.co\/portal\/#website"},"primaryImageOfPage":{"@id":"https:\/\/www.ucaldas.edu.co\/portal\/se-realizara-encuentro-internacional-de-universidad-en-el-campo-en-la-u-de-caldas\/#primaryimage"},"image":{"@id":"https:\/\/www.ucaldas.edu.co\/portal\/se-realizara-encuentro-internacional-de-universidad-en-el-campo-en-la-u-de-caldas\/#primaryimage"},"thumbnailUrl":"http:\/\/www.ucaldas.edu.co\/images\/tmp\/universidad_campo_logo.jpg","datePublished":"2011-02-18T19:37:19+00:00","breadcrumb":{"@id":"https:\/\/www.ucaldas.edu.co\/portal\/se-realizara-encuentro-internacional-de-universidad-en-el-campo-en-la-u-de-caldas\/#breadcrumb"},"inLanguage":"es","potentialAction":[{"@type":"ReadAction","target":["https:\/\/www.ucaldas.edu.co\/portal\/se-realizara-encuentro-internacional-de-universidad-en-el-campo-en-la-u-de-caldas\/"]}]},{"@type":"ImageObject","inLanguage":"es","@id":"https:\/\/www.ucaldas.edu.co\/portal\/se-realizara-encuentro-internacional-de-universidad-en-el-campo-en-la-u-de-caldas\/#primaryimage","url":"http:\/\/www.ucaldas.edu.co\/images\/tmp\/universidad_campo_logo.jpg","contentUrl":"http:\/\/www.ucaldas.edu.co\/images\/tmp\/universidad_campo_logo.jpg"},{"@type":"BreadcrumbList","@id":"https:\/\/www.ucaldas.edu.co\/portal\/se-realizara-encuentro-internacional-de-universidad-en-el-campo-en-la-u-de-caldas\/#breadcrumb","itemListElement":[{"@type":"ListItem","position":1,"name":"Portada","item":"https:\/\/www.ucaldas.edu.co\/portal\/"},{"@type":"ListItem","position":2,"name":"Se realizar\u00e1 encuentro internacional de Universidad en el Campo, en la U. de Caldas"}]},{"@type":"WebSite","@id":"https:\/\/www.ucaldas.edu.co\/portal\/#website","url":"https:\/\/www.ucaldas.edu.co\/portal\/","name":"Universidad de Caldas","description":"","publisher":{"@id":"https:\/\/www.ucaldas.edu.co\/portal\/#organization"},"alternateName":"U. de Caldas","potentialAction":[{"@type":"SearchAction","target":{"@type":"EntryPoint","urlTemplate":"https:\/\/www.ucaldas.edu.co\/portal\/?s={search_term_string}"},"query-input":{"@type":"PropertyValueSpecification","valueRequired":true,"valueName":"search_term_string"}}],"inLanguage":"es"},{"@type":"Organization","@id":"https:\/\/www.ucaldas.edu.co\/portal\/#organization","name":"Universidad de Caldas","alternateName":"U. de Caldas","url":"https:\/\/www.ucaldas.edu.co\/portal\/","logo":{"@type":"ImageObject","inLanguage":"es","@id":"https:\/\/www.ucaldas.edu.co\/portal\/#\/schema\/logo\/image\/","url":"https:\/\/www.ucaldas.edu.co\/portal\/wp-content\/uploads\/2023\/11\/Logo_horizontal_oscuroU-2023.png","contentUrl":"https:\/\/www.ucaldas.edu.co\/portal\/wp-content\/uploads\/2023\/11\/Logo_horizontal_oscuroU-2023.png","width":263,"height":101,"caption":"Universidad de Caldas"},"image":{"@id":"https:\/\/www.ucaldas.edu.co\/portal\/#\/schema\/logo\/image\/"},"sameAs":["https:\/\/www.facebook.com\/udecaldas","https:\/\/x.com\/udecaldas","https:\/\/www.youtube.com\/universidadcaldas","https:\/\/www.instagram.com\/udecaldas\/"]},{"@type":"Person","@id":"https:\/\/www.ucaldas.edu.co\/portal\/#\/schema\/person\/a1b482e23449158b4bc319926c074fdf","name":"ofiprensa","image":{"@type":"ImageObject","inLanguage":"es","@id":"https:\/\/www.ucaldas.edu.co\/portal\/wp-content\/litespeed\/avatar\/09ea5085e600095a7a811142c6944527.jpg?ver=1777497608","url":"https:\/\/www.ucaldas.edu.co\/portal\/wp-content\/litespeed\/avatar\/09ea5085e600095a7a811142c6944527.jpg?ver=1777497608","contentUrl":"https:\/\/www.ucaldas.edu.co\/portal\/wp-content\/litespeed\/avatar\/09ea5085e600095a7a811142c6944527.jpg?ver=1777497608","caption":"ofiprensa"},"url":"https:\/\/www.ucaldas.edu.co\/portal\/author\/ofiprensa\/"}]}},"_links":{"self":[{"href":"https:\/\/www.ucaldas.edu.co\/portal\/wp-json\/wp\/v2\/posts\/6514","targetHints":{"allow":["GET"]}}],"collection":[{"href":"https:\/\/www.ucaldas.edu.co\/portal\/wp-json\/wp\/v2\/posts"}],"about":[{"href":"https:\/\/www.ucaldas.edu.co\/portal\/wp-json\/wp\/v2\/types\/post"}],"author":[{"embeddable":true,"href":"https:\/\/www.ucaldas.edu.co\/portal\/wp-json\/wp\/v2\/users\/2"}],"replies":[{"embeddable":true,"href":"https:\/\/www.ucaldas.edu.co\/portal\/wp-json\/wp\/v2\/comments?post=6514"}],"version-history":[{"count":0,"href":"https:\/\/www.ucaldas.edu.co\/portal\/wp-json\/wp\/v2\/posts\/6514\/revisions"}],"wp:attachment":[{"href":"https:\/\/www.ucaldas.edu.co\/portal\/wp-json\/wp\/v2\/media?parent=6514"}],"wp:term":[{"taxonomy":"category","embeddable":true,"href":"https:\/\/www.ucaldas.edu.co\/portal\/wp-json\/wp\/v2\/categories?post=6514"},{"taxonomy":"post_tag","embeddable":true,"href":"https:\/\/www.ucaldas.edu.co\/portal\/wp-json\/wp\/v2\/tags?post=6514"}],"curies":[{"name":"wp","href":"https:\/\/api.w.org\/{rel}","templated":true}]}}