{"id":65125,"date":"2021-09-14T22:51:18","date_gmt":"2021-09-14T22:51:18","guid":{"rendered":"https:\/\/www.ucaldas.edu.co\/portal\/?p=65125"},"modified":"2021-09-14T22:51:18","modified_gmt":"2021-09-14T22:51:18","slug":"sesion-informativa-sobre-la-convocatoria-soy-profe-y-quiero-ser-phd-para-hacer-la-diferencia","status":"publish","type":"post","link":"https:\/\/www.ucaldas.edu.co\/portal\/sesion-informativa-sobre-la-convocatoria-soy-profe-y-quiero-ser-phd-para-hacer-la-diferencia\/","title":{"rendered":"Sesi\u00f3n informativa sobre la convocatoria: \u201cSoy profe y quiero ser PhD para hacer la diferencia\u201d"},"content":{"rendered":"<p style=\"text-align: center;\">MI\u00c9RCOLES 15 DE SEPTIEMBRE A PARTIR DE LAS 9:00 A.M.<br \/>\n<strong>Sesi\u00f3n informativa sobre la convocatoria:<br \/>\n\u201cSoy profe y quiero ser PhD para hacer la diferencia\u201d<\/strong><\/p>\n<p style=\"text-align: right;\">14\/09\/2021<\/p>\n<p><img loading=\"lazy\" decoding=\"async\" class=\"size-full wp-image-65126 aligncenter\" src=\"https:\/\/www.ucaldas.edu.co\/portal\/wp-content\/uploads\/2021\/09\/reunion-informativa.jpg\" alt=\"\" width=\"700\" height=\"400\" srcset=\"https:\/\/www.ucaldas.edu.co\/portal\/wp-content\/uploads\/2021\/09\/reunion-informativa.jpg 700w, https:\/\/www.ucaldas.edu.co\/portal\/wp-content\/uploads\/2021\/09\/reunion-informativa-300x171.jpg 300w\" sizes=\"auto, (max-width: 700px) 100vw, 700px\" \/><\/p>\n<p>Con la intenci\u00f3n de incentivar la participaci\u00f3n en la convocatoria \u201cSoy profe y quiero ser PhD para hacer la diferencia\u201d, la Vicerrector\u00eda de Investigaciones y Posgrados y la Vicerrector\u00eda Acad\u00e9mica, realizar\u00e1n una sesi\u00f3n informativa con el fin de dar mayor claridad a los docentes respecto a este beneficio.<\/p>\n<p><!--more--><\/p>\n<p>Recordemos que la convocatoria tiene el objetivo de fortalecer las capacidades de investigaci\u00f3n y docencia a trav\u00e9s de la financiaci\u00f3n de estudios en programas de doctorado en Colombia bajo la figura de cr\u00e9dito educativo 100% condonable a los docentes beneficiados.<\/p>\n<p>La sesi\u00f3n informativa que se realizar\u00e1 este mi\u00e9rcoles 15 de septiembre a partir de las 9:00 a.m. por la plataforma Meet, tiene como prop\u00f3sito presentar las bases y t\u00e9rminos de la convocatoria e incentivar a los docentes a presentarse a alguno de los programas doctorales con los que cuenta la instituci\u00f3n.<\/p>\n<p>Pueden participar docentes de planta, catedr\u00e1ticos u ocasionales de instituciones de educaci\u00f3n superior colombianas que est\u00e9n admitidos o estudiando un programa de doctorado con registro calificado vigente del Ministerio de Educaci\u00f3n Nacional.<\/p>\n<p><strong>\u00a0<\/strong><\/p>\n<p><strong><a href=\"http:\/\/meet.google.com\/cgy-sscg-acc\">Link de conexi\u00f3n aqu\u00ed.<\/a><\/strong><\/p>\n<p><strong>\u00a0<\/strong><\/p>\n<p><strong>Informes: <\/strong>Oficina de Comunicaciones y Prensa Universidad de Caldas.<\/p>\n<p><strong>Redacci\u00f3n:<\/strong> Mateo Buritic\u00e1 Giraldo<\/p>\n<p>&nbsp;<\/p>\n","protected":false},"excerpt":{"rendered":"<p>MI\u00c9RCOLES 15 DE SEPTIEMBRE A PARTIR DE LAS 9:00 A.M. Sesi\u00f3n informativa sobre la convocatoria: \u201cSoy profe y quiero ser PhD para hacer la diferencia\u201d 14\/09\/2021 Con la intenci\u00f3n de incentivar la participaci\u00f3n en la convocatoria \u201cSoy profe y quiero ser PhD para hacer la diferencia\u201d, la Vicerrector\u00eda de Investigaciones y Posgrados y la Vicerrector\u00eda [&hellip;]<\/p>\n","protected":false},"author":2,"featured_media":65126,"comment_status":"closed","ping_status":"open","sticky":false,"template":"","format":"standard","meta":{"footnotes":""},"categories":[53,243,48],"tags":[4543,6667,6794,7165,2169],"class_list":["post-65125","post","type-post","status-publish","format-standard","has-post-thumbnail","hentry","category-universidad-al-dia","category-ucaldas-acreditada","category-actualidad","tag-minciencias","tag-creditos-condonables","tag-doctorados-en-caldas","tag-convocatoria-doctorados","tag-vicerrectoria-de-investigaciones-y-postgrados"],"yoast_head":"<!-- This site is optimized with the Yoast SEO plugin v27.5 - https:\/\/yoast.com\/product\/yoast-seo-wordpress\/ -->\n<title>Sesi\u00f3n informativa sobre la convocatoria: \u201cSoy profe y quiero ser PhD para hacer la diferencia\u201d .<\/title>\n<meta name=\"robots\" content=\"index, follow, max-snippet:-1, max-image-preview:large, max-video-preview:-1\" \/>\n<link rel=\"canonical\" href=\"https:\/\/www.ucaldas.edu.co\/portal\/sesion-informativa-sobre-la-convocatoria-soy-profe-y-quiero-ser-phd-para-hacer-la-diferencia\/\" \/>\n<script type=\"application\/ld+json\" class=\"yoast-schema-graph\">{\"@context\":\"https:\\\/\\\/schema.org\",\"@graph\":[{\"@type\":\"Article\",\"@id\":\"https:\\\/\\\/www.ucaldas.edu.co\\\/portal\\\/sesion-informativa-sobre-la-convocatoria-soy-profe-y-quiero-ser-phd-para-hacer-la-diferencia\\\/#article\",\"isPartOf\":{\"@id\":\"https:\\\/\\\/www.ucaldas.edu.co\\\/portal\\\/sesion-informativa-sobre-la-convocatoria-soy-profe-y-quiero-ser-phd-para-hacer-la-diferencia\\\/\"},\"author\":{\"name\":\"ofiprensa\",\"@id\":\"https:\\\/\\\/www.ucaldas.edu.co\\\/portal\\\/#\\\/schema\\\/person\\\/a1b482e23449158b4bc319926c074fdf\"},\"headline\":\"Sesi\u00f3n informativa sobre la convocatoria: \u201cSoy profe y quiero ser PhD para hacer la diferencia\u201d\",\"datePublished\":\"2021-09-14T22:51:18+00:00\",\"mainEntityOfPage\":{\"@id\":\"https:\\\/\\\/www.ucaldas.edu.co\\\/portal\\\/sesion-informativa-sobre-la-convocatoria-soy-profe-y-quiero-ser-phd-para-hacer-la-diferencia\\\/\"},\"wordCount\":251,\"publisher\":{\"@id\":\"https:\\\/\\\/www.ucaldas.edu.co\\\/portal\\\/#organization\"},\"image\":{\"@id\":\"https:\\\/\\\/www.ucaldas.edu.co\\\/portal\\\/sesion-informativa-sobre-la-convocatoria-soy-profe-y-quiero-ser-phd-para-hacer-la-diferencia\\\/#primaryimage\"},\"thumbnailUrl\":\"https:\\\/\\\/www.ucaldas.edu.co\\\/portal\\\/wp-content\\\/uploads\\\/2021\\\/09\\\/reunion-informativa.jpg\",\"keywords\":[\"Minciencias\",\"cr\u00e9ditos condonables\",\"doctorados en caldas\",\"convocatoria doctorados\",\"Vicerrector\u00eda de Investigaciones y Postgrados\"],\"articleSection\":[\"Universidad al D\u00eda\",\"Ucaldas Acreditada\",\"Actualidad\"],\"inLanguage\":\"es\"},{\"@type\":\"WebPage\",\"@id\":\"https:\\\/\\\/www.ucaldas.edu.co\\\/portal\\\/sesion-informativa-sobre-la-convocatoria-soy-profe-y-quiero-ser-phd-para-hacer-la-diferencia\\\/\",\"url\":\"https:\\\/\\\/www.ucaldas.edu.co\\\/portal\\\/sesion-informativa-sobre-la-convocatoria-soy-profe-y-quiero-ser-phd-para-hacer-la-diferencia\\\/\",\"name\":\"Sesi\u00f3n informativa sobre la convocatoria: \u201cSoy profe y quiero ser PhD para hacer la diferencia\u201d .\",\"isPartOf\":{\"@id\":\"https:\\\/\\\/www.ucaldas.edu.co\\\/portal\\\/#website\"},\"primaryImageOfPage\":{\"@id\":\"https:\\\/\\\/www.ucaldas.edu.co\\\/portal\\\/sesion-informativa-sobre-la-convocatoria-soy-profe-y-quiero-ser-phd-para-hacer-la-diferencia\\\/#primaryimage\"},\"image\":{\"@id\":\"https:\\\/\\\/www.ucaldas.edu.co\\\/portal\\\/sesion-informativa-sobre-la-convocatoria-soy-profe-y-quiero-ser-phd-para-hacer-la-diferencia\\\/#primaryimage\"},\"thumbnailUrl\":\"https:\\\/\\\/www.ucaldas.edu.co\\\/portal\\\/wp-content\\\/uploads\\\/2021\\\/09\\\/reunion-informativa.jpg\",\"datePublished\":\"2021-09-14T22:51:18+00:00\",\"breadcrumb\":{\"@id\":\"https:\\\/\\\/www.ucaldas.edu.co\\\/portal\\\/sesion-informativa-sobre-la-convocatoria-soy-profe-y-quiero-ser-phd-para-hacer-la-diferencia\\\/#breadcrumb\"},\"inLanguage\":\"es\",\"potentialAction\":[{\"@type\":\"ReadAction\",\"target\":[\"https:\\\/\\\/www.ucaldas.edu.co\\\/portal\\\/sesion-informativa-sobre-la-convocatoria-soy-profe-y-quiero-ser-phd-para-hacer-la-diferencia\\\/\"]}]},{\"@type\":\"ImageObject\",\"inLanguage\":\"es\",\"@id\":\"https:\\\/\\\/www.ucaldas.edu.co\\\/portal\\\/sesion-informativa-sobre-la-convocatoria-soy-profe-y-quiero-ser-phd-para-hacer-la-diferencia\\\/#primaryimage\",\"url\":\"https:\\\/\\\/www.ucaldas.edu.co\\\/portal\\\/wp-content\\\/uploads\\\/2021\\\/09\\\/reunion-informativa.jpg\",\"contentUrl\":\"https:\\\/\\\/www.ucaldas.edu.co\\\/portal\\\/wp-content\\\/uploads\\\/2021\\\/09\\\/reunion-informativa.jpg\",\"width\":700,\"height\":400},{\"@type\":\"BreadcrumbList\",\"@id\":\"https:\\\/\\\/www.ucaldas.edu.co\\\/portal\\\/sesion-informativa-sobre-la-convocatoria-soy-profe-y-quiero-ser-phd-para-hacer-la-diferencia\\\/#breadcrumb\",\"itemListElement\":[{\"@type\":\"ListItem\",\"position\":1,\"name\":\"Portada\",\"item\":\"https:\\\/\\\/www.ucaldas.edu.co\\\/portal\\\/\"},{\"@type\":\"ListItem\",\"position\":2,\"name\":\"Sesi\u00f3n informativa sobre la convocatoria: \u201cSoy profe y quiero ser PhD para hacer la diferencia\u201d\"}]},{\"@type\":\"WebSite\",\"@id\":\"https:\\\/\\\/www.ucaldas.edu.co\\\/portal\\\/#website\",\"url\":\"https:\\\/\\\/www.ucaldas.edu.co\\\/portal\\\/\",\"name\":\"Universidad de Caldas\",\"description\":\"\",\"publisher\":{\"@id\":\"https:\\\/\\\/www.ucaldas.edu.co\\\/portal\\\/#organization\"},\"alternateName\":\"U. de Caldas\",\"potentialAction\":[{\"@type\":\"SearchAction\",\"target\":{\"@type\":\"EntryPoint\",\"urlTemplate\":\"https:\\\/\\\/www.ucaldas.edu.co\\\/portal\\\/?s={search_term_string}\"},\"query-input\":{\"@type\":\"PropertyValueSpecification\",\"valueRequired\":true,\"valueName\":\"search_term_string\"}}],\"inLanguage\":\"es\"},{\"@type\":\"Organization\",\"@id\":\"https:\\\/\\\/www.ucaldas.edu.co\\\/portal\\\/#organization\",\"name\":\"Universidad de Caldas\",\"alternateName\":\"U. de Caldas\",\"url\":\"https:\\\/\\\/www.ucaldas.edu.co\\\/portal\\\/\",\"logo\":{\"@type\":\"ImageObject\",\"inLanguage\":\"es\",\"@id\":\"https:\\\/\\\/www.ucaldas.edu.co\\\/portal\\\/#\\\/schema\\\/logo\\\/image\\\/\",\"url\":\"https:\\\/\\\/www.ucaldas.edu.co\\\/portal\\\/wp-content\\\/uploads\\\/2023\\\/11\\\/Logo_horizontal_oscuroU-2023.png\",\"contentUrl\":\"https:\\\/\\\/www.ucaldas.edu.co\\\/portal\\\/wp-content\\\/uploads\\\/2023\\\/11\\\/Logo_horizontal_oscuroU-2023.png\",\"width\":263,\"height\":101,\"caption\":\"Universidad de Caldas\"},\"image\":{\"@id\":\"https:\\\/\\\/www.ucaldas.edu.co\\\/portal\\\/#\\\/schema\\\/logo\\\/image\\\/\"},\"sameAs\":[\"https:\\\/\\\/www.facebook.com\\\/udecaldas\",\"https:\\\/\\\/x.com\\\/udecaldas\",\"https:\\\/\\\/www.youtube.com\\\/universidadcaldas\",\"https:\\\/\\\/www.instagram.com\\\/udecaldas\\\/\"]},{\"@type\":\"Person\",\"@id\":\"https:\\\/\\\/www.ucaldas.edu.co\\\/portal\\\/#\\\/schema\\\/person\\\/a1b482e23449158b4bc319926c074fdf\",\"name\":\"ofiprensa\",\"image\":{\"@type\":\"ImageObject\",\"inLanguage\":\"es\",\"@id\":\"https:\\\/\\\/www.ucaldas.edu.co\\\/portal\\\/wp-content\\\/litespeed\\\/avatar\\\/09ea5085e600095a7a811142c6944527.jpg?ver=1777497608\",\"url\":\"https:\\\/\\\/www.ucaldas.edu.co\\\/portal\\\/wp-content\\\/litespeed\\\/avatar\\\/09ea5085e600095a7a811142c6944527.jpg?ver=1777497608\",\"contentUrl\":\"https:\\\/\\\/www.ucaldas.edu.co\\\/portal\\\/wp-content\\\/litespeed\\\/avatar\\\/09ea5085e600095a7a811142c6944527.jpg?ver=1777497608\",\"caption\":\"ofiprensa\"},\"url\":\"https:\\\/\\\/www.ucaldas.edu.co\\\/portal\\\/author\\\/ofiprensa\\\/\"}]}<\/script>\n<!-- \/ Yoast SEO plugin. -->","yoast_head_json":{"title":"Sesi\u00f3n informativa sobre la convocatoria: \u201cSoy profe y quiero ser PhD para hacer la diferencia\u201d .","robots":{"index":"index","follow":"follow","max-snippet":"max-snippet:-1","max-image-preview":"max-image-preview:large","max-video-preview":"max-video-preview:-1"},"canonical":"https:\/\/www.ucaldas.edu.co\/portal\/sesion-informativa-sobre-la-convocatoria-soy-profe-y-quiero-ser-phd-para-hacer-la-diferencia\/","schema":{"@context":"https:\/\/schema.org","@graph":[{"@type":"Article","@id":"https:\/\/www.ucaldas.edu.co\/portal\/sesion-informativa-sobre-la-convocatoria-soy-profe-y-quiero-ser-phd-para-hacer-la-diferencia\/#article","isPartOf":{"@id":"https:\/\/www.ucaldas.edu.co\/portal\/sesion-informativa-sobre-la-convocatoria-soy-profe-y-quiero-ser-phd-para-hacer-la-diferencia\/"},"author":{"name":"ofiprensa","@id":"https:\/\/www.ucaldas.edu.co\/portal\/#\/schema\/person\/a1b482e23449158b4bc319926c074fdf"},"headline":"Sesi\u00f3n informativa sobre la convocatoria: \u201cSoy profe y quiero ser PhD para hacer la diferencia\u201d","datePublished":"2021-09-14T22:51:18+00:00","mainEntityOfPage":{"@id":"https:\/\/www.ucaldas.edu.co\/portal\/sesion-informativa-sobre-la-convocatoria-soy-profe-y-quiero-ser-phd-para-hacer-la-diferencia\/"},"wordCount":251,"publisher":{"@id":"https:\/\/www.ucaldas.edu.co\/portal\/#organization"},"image":{"@id":"https:\/\/www.ucaldas.edu.co\/portal\/sesion-informativa-sobre-la-convocatoria-soy-profe-y-quiero-ser-phd-para-hacer-la-diferencia\/#primaryimage"},"thumbnailUrl":"https:\/\/www.ucaldas.edu.co\/portal\/wp-content\/uploads\/2021\/09\/reunion-informativa.jpg","keywords":["Minciencias","cr\u00e9ditos condonables","doctorados en caldas","convocatoria doctorados","Vicerrector\u00eda de Investigaciones y Postgrados"],"articleSection":["Universidad al D\u00eda","Ucaldas Acreditada","Actualidad"],"inLanguage":"es"},{"@type":"WebPage","@id":"https:\/\/www.ucaldas.edu.co\/portal\/sesion-informativa-sobre-la-convocatoria-soy-profe-y-quiero-ser-phd-para-hacer-la-diferencia\/","url":"https:\/\/www.ucaldas.edu.co\/portal\/sesion-informativa-sobre-la-convocatoria-soy-profe-y-quiero-ser-phd-para-hacer-la-diferencia\/","name":"Sesi\u00f3n informativa sobre la convocatoria: \u201cSoy profe y quiero ser PhD para hacer la diferencia\u201d .","isPartOf":{"@id":"https:\/\/www.ucaldas.edu.co\/portal\/#website"},"primaryImageOfPage":{"@id":"https:\/\/www.ucaldas.edu.co\/portal\/sesion-informativa-sobre-la-convocatoria-soy-profe-y-quiero-ser-phd-para-hacer-la-diferencia\/#primaryimage"},"image":{"@id":"https:\/\/www.ucaldas.edu.co\/portal\/sesion-informativa-sobre-la-convocatoria-soy-profe-y-quiero-ser-phd-para-hacer-la-diferencia\/#primaryimage"},"thumbnailUrl":"https:\/\/www.ucaldas.edu.co\/portal\/wp-content\/uploads\/2021\/09\/reunion-informativa.jpg","datePublished":"2021-09-14T22:51:18+00:00","breadcrumb":{"@id":"https:\/\/www.ucaldas.edu.co\/portal\/sesion-informativa-sobre-la-convocatoria-soy-profe-y-quiero-ser-phd-para-hacer-la-diferencia\/#breadcrumb"},"inLanguage":"es","potentialAction":[{"@type":"ReadAction","target":["https:\/\/www.ucaldas.edu.co\/portal\/sesion-informativa-sobre-la-convocatoria-soy-profe-y-quiero-ser-phd-para-hacer-la-diferencia\/"]}]},{"@type":"ImageObject","inLanguage":"es","@id":"https:\/\/www.ucaldas.edu.co\/portal\/sesion-informativa-sobre-la-convocatoria-soy-profe-y-quiero-ser-phd-para-hacer-la-diferencia\/#primaryimage","url":"https:\/\/www.ucaldas.edu.co\/portal\/wp-content\/uploads\/2021\/09\/reunion-informativa.jpg","contentUrl":"https:\/\/www.ucaldas.edu.co\/portal\/wp-content\/uploads\/2021\/09\/reunion-informativa.jpg","width":700,"height":400},{"@type":"BreadcrumbList","@id":"https:\/\/www.ucaldas.edu.co\/portal\/sesion-informativa-sobre-la-convocatoria-soy-profe-y-quiero-ser-phd-para-hacer-la-diferencia\/#breadcrumb","itemListElement":[{"@type":"ListItem","position":1,"name":"Portada","item":"https:\/\/www.ucaldas.edu.co\/portal\/"},{"@type":"ListItem","position":2,"name":"Sesi\u00f3n informativa sobre la convocatoria: \u201cSoy profe y quiero ser PhD para hacer la diferencia\u201d"}]},{"@type":"WebSite","@id":"https:\/\/www.ucaldas.edu.co\/portal\/#website","url":"https:\/\/www.ucaldas.edu.co\/portal\/","name":"Universidad de Caldas","description":"","publisher":{"@id":"https:\/\/www.ucaldas.edu.co\/portal\/#organization"},"alternateName":"U. de Caldas","potentialAction":[{"@type":"SearchAction","target":{"@type":"EntryPoint","urlTemplate":"https:\/\/www.ucaldas.edu.co\/portal\/?s={search_term_string}"},"query-input":{"@type":"PropertyValueSpecification","valueRequired":true,"valueName":"search_term_string"}}],"inLanguage":"es"},{"@type":"Organization","@id":"https:\/\/www.ucaldas.edu.co\/portal\/#organization","name":"Universidad de Caldas","alternateName":"U. de Caldas","url":"https:\/\/www.ucaldas.edu.co\/portal\/","logo":{"@type":"ImageObject","inLanguage":"es","@id":"https:\/\/www.ucaldas.edu.co\/portal\/#\/schema\/logo\/image\/","url":"https:\/\/www.ucaldas.edu.co\/portal\/wp-content\/uploads\/2023\/11\/Logo_horizontal_oscuroU-2023.png","contentUrl":"https:\/\/www.ucaldas.edu.co\/portal\/wp-content\/uploads\/2023\/11\/Logo_horizontal_oscuroU-2023.png","width":263,"height":101,"caption":"Universidad de Caldas"},"image":{"@id":"https:\/\/www.ucaldas.edu.co\/portal\/#\/schema\/logo\/image\/"},"sameAs":["https:\/\/www.facebook.com\/udecaldas","https:\/\/x.com\/udecaldas","https:\/\/www.youtube.com\/universidadcaldas","https:\/\/www.instagram.com\/udecaldas\/"]},{"@type":"Person","@id":"https:\/\/www.ucaldas.edu.co\/portal\/#\/schema\/person\/a1b482e23449158b4bc319926c074fdf","name":"ofiprensa","image":{"@type":"ImageObject","inLanguage":"es","@id":"https:\/\/www.ucaldas.edu.co\/portal\/wp-content\/litespeed\/avatar\/09ea5085e600095a7a811142c6944527.jpg?ver=1777497608","url":"https:\/\/www.ucaldas.edu.co\/portal\/wp-content\/litespeed\/avatar\/09ea5085e600095a7a811142c6944527.jpg?ver=1777497608","contentUrl":"https:\/\/www.ucaldas.edu.co\/portal\/wp-content\/litespeed\/avatar\/09ea5085e600095a7a811142c6944527.jpg?ver=1777497608","caption":"ofiprensa"},"url":"https:\/\/www.ucaldas.edu.co\/portal\/author\/ofiprensa\/"}]}},"_links":{"self":[{"href":"https:\/\/www.ucaldas.edu.co\/portal\/wp-json\/wp\/v2\/posts\/65125","targetHints":{"allow":["GET"]}}],"collection":[{"href":"https:\/\/www.ucaldas.edu.co\/portal\/wp-json\/wp\/v2\/posts"}],"about":[{"href":"https:\/\/www.ucaldas.edu.co\/portal\/wp-json\/wp\/v2\/types\/post"}],"author":[{"embeddable":true,"href":"https:\/\/www.ucaldas.edu.co\/portal\/wp-json\/wp\/v2\/users\/2"}],"replies":[{"embeddable":true,"href":"https:\/\/www.ucaldas.edu.co\/portal\/wp-json\/wp\/v2\/comments?post=65125"}],"version-history":[{"count":0,"href":"https:\/\/www.ucaldas.edu.co\/portal\/wp-json\/wp\/v2\/posts\/65125\/revisions"}],"wp:featuredmedia":[{"embeddable":true,"href":"https:\/\/www.ucaldas.edu.co\/portal\/wp-json\/wp\/v2\/media\/65126"}],"wp:attachment":[{"href":"https:\/\/www.ucaldas.edu.co\/portal\/wp-json\/wp\/v2\/media?parent=65125"}],"wp:term":[{"taxonomy":"category","embeddable":true,"href":"https:\/\/www.ucaldas.edu.co\/portal\/wp-json\/wp\/v2\/categories?post=65125"},{"taxonomy":"post_tag","embeddable":true,"href":"https:\/\/www.ucaldas.edu.co\/portal\/wp-json\/wp\/v2\/tags?post=65125"}],"curies":[{"name":"wp","href":"https:\/\/api.w.org\/{rel}","templated":true}]}}