{"id":6512,"date":"2011-02-18T14:35:53","date_gmt":"2011-02-18T19:35:53","guid":{"rendered":"https:\/\/www.ucaldas.edu.co\/portal\/?p=6512"},"modified":"2011-02-18T14:35:53","modified_gmt":"2011-02-18T19:35:53","slug":"experto-internacional-presento-diplomado-en-comunicacion-politica-en-la-u-de-caldas","status":"publish","type":"post","link":"https:\/\/www.ucaldas.edu.co\/portal\/experto-internacional-presento-diplomado-en-comunicacion-politica-en-la-u-de-caldas\/","title":{"rendered":"Experto internacional present\u00f3 diplomado en comunicaci\u00f3n pol\u00edtica, en la U. de Caldas"},"content":{"rendered":"<p>Inscripciones abiertas hasta inicios de marzo<\/p>\n<hr \/>\n<p>&nbsp;<\/p>\n<p align=\"right\"><b>18\/02\/2011<\/b><\/p>\n<p align=\"right\"><b>\u00a0<\/b><\/p>\n<table border=\"0\">\n<tbody>\n<tr>\n<td><img loading=\"lazy\" decoding=\"async\" style=\"border: 0px\" alt=\"Comunicaci\u00f3n\" src=\"http:\/\/www.ucaldas.edu.co\/images\/tmp\/comunicacion_estrategica_gobierno.JPG\" width=\"240\" height=\"150\" border=\"0\" \/><\/td>\n<td><b>Ignacio Toboso Ballesteros<\/b>, <b>experto internacional en comunicaci\u00f3n y marketing pol\u00edtico<\/b>, <b>orient\u00f3<\/b> la <b>conferencia<\/b> <i>Comunicaci\u00f3n estrat\u00e9gica de gobierno. Una herramienta de la gerencia contempor\u00e1nea, <\/i>este <b>viernes 18<\/b> de <b>febrero<\/b> del 2011, en el <b>Hotel Las Colinas<\/b>.<\/p>\n<p>&nbsp;<\/p>\n<p>\u00c9l ser\u00e1 el orientador del <b>Diplomado en Comunicaci\u00f3n Pol\u00edtica Estrat\u00e9gica<\/b>, que <b>abri\u00f3 la Universidad de Caldas<\/b> y que actualmente tiene abiertas sus inscripciones.<\/td>\n<\/tr>\n<\/tbody>\n<\/table>\n<p>&nbsp;<\/p>\n<p>\u201cMarketing pol\u00edtico no es s\u00f3lo elecciones: es gesti\u00f3n de gobierno y comunicaci\u00f3n. El Diplomado se enfocar\u00e1 en las pautas comunicativas, en las que debemos tener una comunicaci\u00f3n llana y sencilla, enfocarnos en las necesidades del votante y lograr la conexi\u00f3n entre el candidato y el votante\u201d, coment\u00f3 Toboso Ballesteros.<\/p>\n<p>&nbsp;<\/p>\n<p>Adem\u00e1s, Toboso Ballesteros expres\u00f3: \u201cel objetivo es que al final del taller tengan nociones de dirigir una campa\u00f1a, un equipo de gobierno, un gabinete, pero siempre de forma estrat\u00e9gica\u201d.<\/p>\n<p>&nbsp;<\/p>\n<p>El Diplomado tiene una duraci\u00f3n de <b>120 horas<\/b> y un costo de <b>$1 mill\u00f3n 200 mil<\/b>. Para egresados hay un <b>descuento del 10%<\/b>. Adem\u00e1s, en la U. de Caldas podr\u00e1 encontrar <b>formas de financiaci\u00f3n<\/b>. Las clases se iniciar\u00e1n a mediados de marzo.<\/p>\n<p>&nbsp;<\/p>\n<p>El evento estuvo presidido por Ricardo G\u00f3mez Giraldo, Rector de la U. de Caldas, quien coment\u00f3: \u201ctrataremos de construir competencias en quienes acepten la invitaci\u00f3n del Diplomado. Tratamos de ser pertinentes en lo que hacemos y sin duda esta es una opci\u00f3n muy interesante\u201d.<\/p>\n<p>&nbsp;<\/p>\n<p>Adem\u00e1s, G\u00f3mez Giraldo afirm\u00f3 que: \u201cel oficio de la pol\u00edtica es el oficio m\u00e1s necesario para nuestro pa\u00eds y en particular, para el desarrollo de Caldas. Cuando los pol\u00edticos hacen comunicaci\u00f3n de una manera adecuada, hacen buena pol\u00edtica\u201d.<\/p>\n<p>&nbsp;<\/p>\n<p>Al encuentro asistieron unas 60 personas entre concejales, diputados, y periodistas de la ciudad. Tambi\u00e9n asistieron alcaldes de los municipios de Caldas.<\/p>\n<p>&nbsp;<\/p>\n<p><b>Hoja de vida de Ignacio Toboso Ballesteros<\/b><\/p>\n<p>Toboso Ballesteros es consultor y analista pol\u00edtico de ampl\u00eda trayectoria internacional, M\u00e1ster en marketing y comunicaci\u00f3n pol\u00edtica del Instituto Universitario Ortega y Gasset (Espa\u00f1a), M\u00e1ster en nuevas tecnolog\u00edas como instrumento de comunicaci\u00f3n de la Universidad de San Pablo CEU (Espa\u00f1a).<\/p>\n<p>&nbsp;<\/p>\n<p>Actualmente, Toboso Ballesteros se dedica a la consultor\u00eda pol\u00edtica para varias campa\u00f1as de la gobernaci\u00f3n y alcald\u00edas de M\u00e9xico, y Presidencia de la Rep\u00fablica de M\u00e9xico, al igual que para campa\u00f1as al Senado, C\u00e1mara de Representantes, gobernaciones y concejos en Colombia.<\/p>\n<p>&nbsp;<\/p>\n<p>Consulte m\u00e1s informaci\u00f3n sobre el diplomado, en <a href=\"http:\/\/desarrollo.ucaldas.edu.co\/\" target=\"_blank\">www.ucaldas.edu.co<\/a> secci\u00f3n Actualidad.<\/p>\n<p>&nbsp;<\/p>\n<p><b>Informes: <\/b>en la Unidad de Servicios y Mercadeo de la U. de Caldas. Tel\u00e9fono: 878 15 00, extensi\u00f3n 12 170.<\/p>\n","protected":false},"excerpt":{"rendered":"<p>Inscripciones abiertas hasta inicios de marzo &nbsp; 18\/02\/2011 \u00a0 Ignacio Toboso Ballesteros, experto internacional en comunicaci\u00f3n y marketing pol\u00edtico, orient\u00f3 la conferencia Comunicaci\u00f3n estrat\u00e9gica de gobierno. Una herramienta de la gerencia contempor\u00e1nea, este viernes 18 de febrero del 2011, en el Hotel Las Colinas. &nbsp; \u00c9l ser\u00e1 el orientador del Diplomado en Comunicaci\u00f3n Pol\u00edtica Estrat\u00e9gica, [&hellip;]<\/p>\n","protected":false},"author":2,"featured_media":0,"comment_status":"closed","ping_status":"closed","sticky":false,"template":"","format":"standard","meta":{"footnotes":""},"categories":[48,53],"tags":[],"class_list":["post-6512","post","type-post","status-publish","format-standard","hentry","category-actualidad","category-universidad-al-dia"],"yoast_head":"<!-- This site is optimized with the Yoast SEO plugin v27.5 - https:\/\/yoast.com\/product\/yoast-seo-wordpress\/ -->\n<title>Experto internacional present\u00f3 diplomado en comunicaci\u00f3n pol\u00edtica, en la U. de Caldas .<\/title>\n<meta name=\"robots\" content=\"index, follow, max-snippet:-1, max-image-preview:large, max-video-preview:-1\" \/>\n<link rel=\"canonical\" href=\"https:\/\/www.ucaldas.edu.co\/portal\/experto-internacional-presento-diplomado-en-comunicacion-politica-en-la-u-de-caldas\/\" \/>\n<script type=\"application\/ld+json\" class=\"yoast-schema-graph\">{\"@context\":\"https:\\\/\\\/schema.org\",\"@graph\":[{\"@type\":\"Article\",\"@id\":\"https:\\\/\\\/www.ucaldas.edu.co\\\/portal\\\/experto-internacional-presento-diplomado-en-comunicacion-politica-en-la-u-de-caldas\\\/#article\",\"isPartOf\":{\"@id\":\"https:\\\/\\\/www.ucaldas.edu.co\\\/portal\\\/experto-internacional-presento-diplomado-en-comunicacion-politica-en-la-u-de-caldas\\\/\"},\"author\":{\"name\":\"ofiprensa\",\"@id\":\"https:\\\/\\\/www.ucaldas.edu.co\\\/portal\\\/#\\\/schema\\\/person\\\/a1b482e23449158b4bc319926c074fdf\"},\"headline\":\"Experto internacional present\u00f3 diplomado en comunicaci\u00f3n pol\u00edtica, en la U. de Caldas\",\"datePublished\":\"2011-02-18T19:35:53+00:00\",\"mainEntityOfPage\":{\"@id\":\"https:\\\/\\\/www.ucaldas.edu.co\\\/portal\\\/experto-internacional-presento-diplomado-en-comunicacion-politica-en-la-u-de-caldas\\\/\"},\"wordCount\":482,\"publisher\":{\"@id\":\"https:\\\/\\\/www.ucaldas.edu.co\\\/portal\\\/#organization\"},\"image\":{\"@id\":\"https:\\\/\\\/www.ucaldas.edu.co\\\/portal\\\/experto-internacional-presento-diplomado-en-comunicacion-politica-en-la-u-de-caldas\\\/#primaryimage\"},\"thumbnailUrl\":\"http:\\\/\\\/www.ucaldas.edu.co\\\/images\\\/tmp\\\/comunicacion_estrategica_gobierno.JPG\",\"articleSection\":[\"Actualidad\",\"Universidad al D\u00eda\"],\"inLanguage\":\"es\"},{\"@type\":\"WebPage\",\"@id\":\"https:\\\/\\\/www.ucaldas.edu.co\\\/portal\\\/experto-internacional-presento-diplomado-en-comunicacion-politica-en-la-u-de-caldas\\\/\",\"url\":\"https:\\\/\\\/www.ucaldas.edu.co\\\/portal\\\/experto-internacional-presento-diplomado-en-comunicacion-politica-en-la-u-de-caldas\\\/\",\"name\":\"Experto internacional present\u00f3 diplomado en comunicaci\u00f3n pol\u00edtica, en la U. de Caldas .\",\"isPartOf\":{\"@id\":\"https:\\\/\\\/www.ucaldas.edu.co\\\/portal\\\/#website\"},\"primaryImageOfPage\":{\"@id\":\"https:\\\/\\\/www.ucaldas.edu.co\\\/portal\\\/experto-internacional-presento-diplomado-en-comunicacion-politica-en-la-u-de-caldas\\\/#primaryimage\"},\"image\":{\"@id\":\"https:\\\/\\\/www.ucaldas.edu.co\\\/portal\\\/experto-internacional-presento-diplomado-en-comunicacion-politica-en-la-u-de-caldas\\\/#primaryimage\"},\"thumbnailUrl\":\"http:\\\/\\\/www.ucaldas.edu.co\\\/images\\\/tmp\\\/comunicacion_estrategica_gobierno.JPG\",\"datePublished\":\"2011-02-18T19:35:53+00:00\",\"breadcrumb\":{\"@id\":\"https:\\\/\\\/www.ucaldas.edu.co\\\/portal\\\/experto-internacional-presento-diplomado-en-comunicacion-politica-en-la-u-de-caldas\\\/#breadcrumb\"},\"inLanguage\":\"es\",\"potentialAction\":[{\"@type\":\"ReadAction\",\"target\":[\"https:\\\/\\\/www.ucaldas.edu.co\\\/portal\\\/experto-internacional-presento-diplomado-en-comunicacion-politica-en-la-u-de-caldas\\\/\"]}]},{\"@type\":\"ImageObject\",\"inLanguage\":\"es\",\"@id\":\"https:\\\/\\\/www.ucaldas.edu.co\\\/portal\\\/experto-internacional-presento-diplomado-en-comunicacion-politica-en-la-u-de-caldas\\\/#primaryimage\",\"url\":\"http:\\\/\\\/www.ucaldas.edu.co\\\/images\\\/tmp\\\/comunicacion_estrategica_gobierno.JPG\",\"contentUrl\":\"http:\\\/\\\/www.ucaldas.edu.co\\\/images\\\/tmp\\\/comunicacion_estrategica_gobierno.JPG\"},{\"@type\":\"BreadcrumbList\",\"@id\":\"https:\\\/\\\/www.ucaldas.edu.co\\\/portal\\\/experto-internacional-presento-diplomado-en-comunicacion-politica-en-la-u-de-caldas\\\/#breadcrumb\",\"itemListElement\":[{\"@type\":\"ListItem\",\"position\":1,\"name\":\"Portada\",\"item\":\"https:\\\/\\\/www.ucaldas.edu.co\\\/portal\\\/\"},{\"@type\":\"ListItem\",\"position\":2,\"name\":\"Experto internacional present\u00f3 diplomado en comunicaci\u00f3n pol\u00edtica, en la U. de Caldas\"}]},{\"@type\":\"WebSite\",\"@id\":\"https:\\\/\\\/www.ucaldas.edu.co\\\/portal\\\/#website\",\"url\":\"https:\\\/\\\/www.ucaldas.edu.co\\\/portal\\\/\",\"name\":\"Universidad de Caldas\",\"description\":\"\",\"publisher\":{\"@id\":\"https:\\\/\\\/www.ucaldas.edu.co\\\/portal\\\/#organization\"},\"alternateName\":\"U. de Caldas\",\"potentialAction\":[{\"@type\":\"SearchAction\",\"target\":{\"@type\":\"EntryPoint\",\"urlTemplate\":\"https:\\\/\\\/www.ucaldas.edu.co\\\/portal\\\/?s={search_term_string}\"},\"query-input\":{\"@type\":\"PropertyValueSpecification\",\"valueRequired\":true,\"valueName\":\"search_term_string\"}}],\"inLanguage\":\"es\"},{\"@type\":\"Organization\",\"@id\":\"https:\\\/\\\/www.ucaldas.edu.co\\\/portal\\\/#organization\",\"name\":\"Universidad de Caldas\",\"alternateName\":\"U. de Caldas\",\"url\":\"https:\\\/\\\/www.ucaldas.edu.co\\\/portal\\\/\",\"logo\":{\"@type\":\"ImageObject\",\"inLanguage\":\"es\",\"@id\":\"https:\\\/\\\/www.ucaldas.edu.co\\\/portal\\\/#\\\/schema\\\/logo\\\/image\\\/\",\"url\":\"https:\\\/\\\/www.ucaldas.edu.co\\\/portal\\\/wp-content\\\/uploads\\\/2023\\\/11\\\/Logo_horizontal_oscuroU-2023.png\",\"contentUrl\":\"https:\\\/\\\/www.ucaldas.edu.co\\\/portal\\\/wp-content\\\/uploads\\\/2023\\\/11\\\/Logo_horizontal_oscuroU-2023.png\",\"width\":263,\"height\":101,\"caption\":\"Universidad de Caldas\"},\"image\":{\"@id\":\"https:\\\/\\\/www.ucaldas.edu.co\\\/portal\\\/#\\\/schema\\\/logo\\\/image\\\/\"},\"sameAs\":[\"https:\\\/\\\/www.facebook.com\\\/udecaldas\",\"https:\\\/\\\/x.com\\\/udecaldas\",\"https:\\\/\\\/www.youtube.com\\\/universidadcaldas\",\"https:\\\/\\\/www.instagram.com\\\/udecaldas\\\/\"]},{\"@type\":\"Person\",\"@id\":\"https:\\\/\\\/www.ucaldas.edu.co\\\/portal\\\/#\\\/schema\\\/person\\\/a1b482e23449158b4bc319926c074fdf\",\"name\":\"ofiprensa\",\"image\":{\"@type\":\"ImageObject\",\"inLanguage\":\"es\",\"@id\":\"https:\\\/\\\/www.ucaldas.edu.co\\\/portal\\\/wp-content\\\/litespeed\\\/avatar\\\/09ea5085e600095a7a811142c6944527.jpg?ver=1777497608\",\"url\":\"https:\\\/\\\/www.ucaldas.edu.co\\\/portal\\\/wp-content\\\/litespeed\\\/avatar\\\/09ea5085e600095a7a811142c6944527.jpg?ver=1777497608\",\"contentUrl\":\"https:\\\/\\\/www.ucaldas.edu.co\\\/portal\\\/wp-content\\\/litespeed\\\/avatar\\\/09ea5085e600095a7a811142c6944527.jpg?ver=1777497608\",\"caption\":\"ofiprensa\"},\"url\":\"https:\\\/\\\/www.ucaldas.edu.co\\\/portal\\\/author\\\/ofiprensa\\\/\"}]}<\/script>\n<!-- \/ Yoast SEO plugin. -->","yoast_head_json":{"title":"Experto internacional present\u00f3 diplomado en comunicaci\u00f3n pol\u00edtica, en la U. de Caldas .","robots":{"index":"index","follow":"follow","max-snippet":"max-snippet:-1","max-image-preview":"max-image-preview:large","max-video-preview":"max-video-preview:-1"},"canonical":"https:\/\/www.ucaldas.edu.co\/portal\/experto-internacional-presento-diplomado-en-comunicacion-politica-en-la-u-de-caldas\/","schema":{"@context":"https:\/\/schema.org","@graph":[{"@type":"Article","@id":"https:\/\/www.ucaldas.edu.co\/portal\/experto-internacional-presento-diplomado-en-comunicacion-politica-en-la-u-de-caldas\/#article","isPartOf":{"@id":"https:\/\/www.ucaldas.edu.co\/portal\/experto-internacional-presento-diplomado-en-comunicacion-politica-en-la-u-de-caldas\/"},"author":{"name":"ofiprensa","@id":"https:\/\/www.ucaldas.edu.co\/portal\/#\/schema\/person\/a1b482e23449158b4bc319926c074fdf"},"headline":"Experto internacional present\u00f3 diplomado en comunicaci\u00f3n pol\u00edtica, en la U. de Caldas","datePublished":"2011-02-18T19:35:53+00:00","mainEntityOfPage":{"@id":"https:\/\/www.ucaldas.edu.co\/portal\/experto-internacional-presento-diplomado-en-comunicacion-politica-en-la-u-de-caldas\/"},"wordCount":482,"publisher":{"@id":"https:\/\/www.ucaldas.edu.co\/portal\/#organization"},"image":{"@id":"https:\/\/www.ucaldas.edu.co\/portal\/experto-internacional-presento-diplomado-en-comunicacion-politica-en-la-u-de-caldas\/#primaryimage"},"thumbnailUrl":"http:\/\/www.ucaldas.edu.co\/images\/tmp\/comunicacion_estrategica_gobierno.JPG","articleSection":["Actualidad","Universidad al D\u00eda"],"inLanguage":"es"},{"@type":"WebPage","@id":"https:\/\/www.ucaldas.edu.co\/portal\/experto-internacional-presento-diplomado-en-comunicacion-politica-en-la-u-de-caldas\/","url":"https:\/\/www.ucaldas.edu.co\/portal\/experto-internacional-presento-diplomado-en-comunicacion-politica-en-la-u-de-caldas\/","name":"Experto internacional present\u00f3 diplomado en comunicaci\u00f3n pol\u00edtica, en la U. de Caldas .","isPartOf":{"@id":"https:\/\/www.ucaldas.edu.co\/portal\/#website"},"primaryImageOfPage":{"@id":"https:\/\/www.ucaldas.edu.co\/portal\/experto-internacional-presento-diplomado-en-comunicacion-politica-en-la-u-de-caldas\/#primaryimage"},"image":{"@id":"https:\/\/www.ucaldas.edu.co\/portal\/experto-internacional-presento-diplomado-en-comunicacion-politica-en-la-u-de-caldas\/#primaryimage"},"thumbnailUrl":"http:\/\/www.ucaldas.edu.co\/images\/tmp\/comunicacion_estrategica_gobierno.JPG","datePublished":"2011-02-18T19:35:53+00:00","breadcrumb":{"@id":"https:\/\/www.ucaldas.edu.co\/portal\/experto-internacional-presento-diplomado-en-comunicacion-politica-en-la-u-de-caldas\/#breadcrumb"},"inLanguage":"es","potentialAction":[{"@type":"ReadAction","target":["https:\/\/www.ucaldas.edu.co\/portal\/experto-internacional-presento-diplomado-en-comunicacion-politica-en-la-u-de-caldas\/"]}]},{"@type":"ImageObject","inLanguage":"es","@id":"https:\/\/www.ucaldas.edu.co\/portal\/experto-internacional-presento-diplomado-en-comunicacion-politica-en-la-u-de-caldas\/#primaryimage","url":"http:\/\/www.ucaldas.edu.co\/images\/tmp\/comunicacion_estrategica_gobierno.JPG","contentUrl":"http:\/\/www.ucaldas.edu.co\/images\/tmp\/comunicacion_estrategica_gobierno.JPG"},{"@type":"BreadcrumbList","@id":"https:\/\/www.ucaldas.edu.co\/portal\/experto-internacional-presento-diplomado-en-comunicacion-politica-en-la-u-de-caldas\/#breadcrumb","itemListElement":[{"@type":"ListItem","position":1,"name":"Portada","item":"https:\/\/www.ucaldas.edu.co\/portal\/"},{"@type":"ListItem","position":2,"name":"Experto internacional present\u00f3 diplomado en comunicaci\u00f3n pol\u00edtica, en la U. de Caldas"}]},{"@type":"WebSite","@id":"https:\/\/www.ucaldas.edu.co\/portal\/#website","url":"https:\/\/www.ucaldas.edu.co\/portal\/","name":"Universidad de Caldas","description":"","publisher":{"@id":"https:\/\/www.ucaldas.edu.co\/portal\/#organization"},"alternateName":"U. de Caldas","potentialAction":[{"@type":"SearchAction","target":{"@type":"EntryPoint","urlTemplate":"https:\/\/www.ucaldas.edu.co\/portal\/?s={search_term_string}"},"query-input":{"@type":"PropertyValueSpecification","valueRequired":true,"valueName":"search_term_string"}}],"inLanguage":"es"},{"@type":"Organization","@id":"https:\/\/www.ucaldas.edu.co\/portal\/#organization","name":"Universidad de Caldas","alternateName":"U. de Caldas","url":"https:\/\/www.ucaldas.edu.co\/portal\/","logo":{"@type":"ImageObject","inLanguage":"es","@id":"https:\/\/www.ucaldas.edu.co\/portal\/#\/schema\/logo\/image\/","url":"https:\/\/www.ucaldas.edu.co\/portal\/wp-content\/uploads\/2023\/11\/Logo_horizontal_oscuroU-2023.png","contentUrl":"https:\/\/www.ucaldas.edu.co\/portal\/wp-content\/uploads\/2023\/11\/Logo_horizontal_oscuroU-2023.png","width":263,"height":101,"caption":"Universidad de Caldas"},"image":{"@id":"https:\/\/www.ucaldas.edu.co\/portal\/#\/schema\/logo\/image\/"},"sameAs":["https:\/\/www.facebook.com\/udecaldas","https:\/\/x.com\/udecaldas","https:\/\/www.youtube.com\/universidadcaldas","https:\/\/www.instagram.com\/udecaldas\/"]},{"@type":"Person","@id":"https:\/\/www.ucaldas.edu.co\/portal\/#\/schema\/person\/a1b482e23449158b4bc319926c074fdf","name":"ofiprensa","image":{"@type":"ImageObject","inLanguage":"es","@id":"https:\/\/www.ucaldas.edu.co\/portal\/wp-content\/litespeed\/avatar\/09ea5085e600095a7a811142c6944527.jpg?ver=1777497608","url":"https:\/\/www.ucaldas.edu.co\/portal\/wp-content\/litespeed\/avatar\/09ea5085e600095a7a811142c6944527.jpg?ver=1777497608","contentUrl":"https:\/\/www.ucaldas.edu.co\/portal\/wp-content\/litespeed\/avatar\/09ea5085e600095a7a811142c6944527.jpg?ver=1777497608","caption":"ofiprensa"},"url":"https:\/\/www.ucaldas.edu.co\/portal\/author\/ofiprensa\/"}]}},"_links":{"self":[{"href":"https:\/\/www.ucaldas.edu.co\/portal\/wp-json\/wp\/v2\/posts\/6512","targetHints":{"allow":["GET"]}}],"collection":[{"href":"https:\/\/www.ucaldas.edu.co\/portal\/wp-json\/wp\/v2\/posts"}],"about":[{"href":"https:\/\/www.ucaldas.edu.co\/portal\/wp-json\/wp\/v2\/types\/post"}],"author":[{"embeddable":true,"href":"https:\/\/www.ucaldas.edu.co\/portal\/wp-json\/wp\/v2\/users\/2"}],"replies":[{"embeddable":true,"href":"https:\/\/www.ucaldas.edu.co\/portal\/wp-json\/wp\/v2\/comments?post=6512"}],"version-history":[{"count":0,"href":"https:\/\/www.ucaldas.edu.co\/portal\/wp-json\/wp\/v2\/posts\/6512\/revisions"}],"wp:attachment":[{"href":"https:\/\/www.ucaldas.edu.co\/portal\/wp-json\/wp\/v2\/media?parent=6512"}],"wp:term":[{"taxonomy":"category","embeddable":true,"href":"https:\/\/www.ucaldas.edu.co\/portal\/wp-json\/wp\/v2\/categories?post=6512"},{"taxonomy":"post_tag","embeddable":true,"href":"https:\/\/www.ucaldas.edu.co\/portal\/wp-json\/wp\/v2\/tags?post=6512"}],"curies":[{"name":"wp","href":"https:\/\/api.w.org\/{rel}","templated":true}]}}