{"id":6510,"date":"2011-02-18T14:34:27","date_gmt":"2011-02-18T19:34:27","guid":{"rendered":"https:\/\/www.ucaldas.edu.co\/portal\/?p=6510"},"modified":"2011-02-18T14:34:27","modified_gmt":"2011-02-18T19:34:27","slug":"rectores-del-sue-piden-soluciones-ante-desfinanciamiento-de-universidades-publicas","status":"publish","type":"post","link":"https:\/\/www.ucaldas.edu.co\/portal\/rectores-del-sue-piden-soluciones-ante-desfinanciamiento-de-universidades-publicas\/","title":{"rendered":"Rectores del SUE piden soluciones ante desfinanciamiento de universidades p\u00fablicas"},"content":{"rendered":"<p>Solicitaron una cita con el presidente santos y su gabinete<\/p>\n<hr \/>\n<p align=\"center\">\n<p align=\"right\"><b>18\/02\/2011<\/b><\/p>\n<p>&nbsp;<\/p>\n<table border=\"0\">\n<tbody>\n<tr>\n<td><img loading=\"lazy\" decoding=\"async\" style=\"border: 0px\" alt=\"SUE\" src=\"http:\/\/www.ucaldas.edu.co\/images\/sue.jpg\" width=\"210\" height=\"150\" border=\"0\" \/><\/td>\n<td>\u201cNo podemos ser vistos solo como fuente de cobertura sino tambi\u00e9n de calidad\u201d, concluye Ricardo G\u00f3mez Giraldo, Rector de la Universidad de la Universidad de Caldas, ante una <b>carta abierta emitida este 17 de febrero por el Sistema Universitario Estatal (SUE)<\/b>.<\/p>\n<p>&nbsp;<\/p>\n<p>Nueve rectores -incluido G\u00f3mez Giraldo- de universidades p\u00fablicas pertenecientes al SUE firmaron dicha carta, <b>dirigida al Presidente de Colombia, Juan Manuel Santos Calder\u00f3n<\/b>. En el documento <b>solicitan una audiencia<\/b>, <b>abogan por m\u00e1s recursos del Gobierno Nacional<\/b> y por una <b>soluci\u00f3n de fondo<\/b> ante la <b>desfinanciaci\u00f3n de la educaci\u00f3n superior p\u00fablica y de calidad<\/b>.<\/td>\n<\/tr>\n<\/tbody>\n<\/table>\n<p>&nbsp;<\/p>\n<p>\u201cLos rectores, desde el 2007, hemos hecho estudios y hemos construido un argumento que demuestra\u00a0 que las universidades p\u00fablicas aumentamos cobertura, con los mismos recursos anuales que tenemos desde 1992, m\u00e1s los ajustes de la inflaci\u00f3n\u201d, dice G\u00f3mez Giraldo acerca de la carta.<\/p>\n<p>&nbsp;<\/p>\n<p>El Rector de la U. de Caldas tambi\u00e9n explic\u00f3: \u201cnuestra insistencia es la equidad. Es la primera necesidad de un pa\u00eds entre los m\u00e1s desiguales del mundo y los pa\u00edses de alto desarrollo social han construido equidad\u201d.<\/p>\n<p>&nbsp;<\/p>\n<p>\u201cComo rectores entendemos que la equidad se construye desde la educaci\u00f3n, porque las universidades p\u00fablicas de Colombia han generado movilidad social. Despu\u00e9s de estos a\u00f1os debemos insistir en que se les debe da una inyecci\u00f3n econ\u00f3mica a las universidades p\u00fablicas colombianas, para mantener la calidad\u201d, puntualiz\u00f3.<\/p>\n<p>&nbsp;<\/p>\n<p>Consulte la carta del SUE al presidente Santos <a href=\"http:\/\/desarrollo.ucaldas.edu.co\/archivo\/docs\/TranscripcionCartaSUE_4Feb2011.pdf\" target=\"_blank\">aqu\u00ed.<\/a><\/p>\n<p>&nbsp;<\/p>\n<p><b>Informes:<\/b> Oficina de Prensa de la Universidad de Caldas, tel\u00e9fono 878 15 00 extensi\u00f3n 12 167.<\/p>\n","protected":false},"excerpt":{"rendered":"<p>Solicitaron una cita con el presidente santos y su gabinete 18\/02\/2011 &nbsp; \u201cNo podemos ser vistos solo como fuente de cobertura sino tambi\u00e9n de calidad\u201d, concluye Ricardo G\u00f3mez Giraldo, Rector de la Universidad de la Universidad de Caldas, ante una carta abierta emitida este 17 de febrero por el Sistema Universitario Estatal (SUE). &nbsp; Nueve [&hellip;]<\/p>\n","protected":false},"author":2,"featured_media":0,"comment_status":"closed","ping_status":"closed","sticky":false,"template":"","format":"standard","meta":{"footnotes":""},"categories":[48,53],"tags":[],"class_list":["post-6510","post","type-post","status-publish","format-standard","hentry","category-actualidad","category-universidad-al-dia"],"yoast_head":"<!-- This site is optimized with the Yoast SEO plugin v27.5 - https:\/\/yoast.com\/product\/yoast-seo-wordpress\/ -->\n<title>Rectores del SUE piden soluciones ante desfinanciamiento de universidades p\u00fablicas .<\/title>\n<meta name=\"robots\" content=\"index, follow, max-snippet:-1, max-image-preview:large, max-video-preview:-1\" \/>\n<link rel=\"canonical\" href=\"https:\/\/www.ucaldas.edu.co\/portal\/rectores-del-sue-piden-soluciones-ante-desfinanciamiento-de-universidades-publicas\/\" \/>\n<script type=\"application\/ld+json\" class=\"yoast-schema-graph\">{\"@context\":\"https:\\\/\\\/schema.org\",\"@graph\":[{\"@type\":\"Article\",\"@id\":\"https:\\\/\\\/www.ucaldas.edu.co\\\/portal\\\/rectores-del-sue-piden-soluciones-ante-desfinanciamiento-de-universidades-publicas\\\/#article\",\"isPartOf\":{\"@id\":\"https:\\\/\\\/www.ucaldas.edu.co\\\/portal\\\/rectores-del-sue-piden-soluciones-ante-desfinanciamiento-de-universidades-publicas\\\/\"},\"author\":{\"name\":\"ofiprensa\",\"@id\":\"https:\\\/\\\/www.ucaldas.edu.co\\\/portal\\\/#\\\/schema\\\/person\\\/a1b482e23449158b4bc319926c074fdf\"},\"headline\":\"Rectores del SUE piden soluciones ante desfinanciamiento de universidades p\u00fablicas\",\"datePublished\":\"2011-02-18T19:34:27+00:00\",\"mainEntityOfPage\":{\"@id\":\"https:\\\/\\\/www.ucaldas.edu.co\\\/portal\\\/rectores-del-sue-piden-soluciones-ante-desfinanciamiento-de-universidades-publicas\\\/\"},\"wordCount\":292,\"publisher\":{\"@id\":\"https:\\\/\\\/www.ucaldas.edu.co\\\/portal\\\/#organization\"},\"image\":{\"@id\":\"https:\\\/\\\/www.ucaldas.edu.co\\\/portal\\\/rectores-del-sue-piden-soluciones-ante-desfinanciamiento-de-universidades-publicas\\\/#primaryimage\"},\"thumbnailUrl\":\"http:\\\/\\\/www.ucaldas.edu.co\\\/images\\\/sue.jpg\",\"articleSection\":[\"Actualidad\",\"Universidad al D\u00eda\"],\"inLanguage\":\"es\"},{\"@type\":\"WebPage\",\"@id\":\"https:\\\/\\\/www.ucaldas.edu.co\\\/portal\\\/rectores-del-sue-piden-soluciones-ante-desfinanciamiento-de-universidades-publicas\\\/\",\"url\":\"https:\\\/\\\/www.ucaldas.edu.co\\\/portal\\\/rectores-del-sue-piden-soluciones-ante-desfinanciamiento-de-universidades-publicas\\\/\",\"name\":\"Rectores del SUE piden soluciones ante desfinanciamiento de universidades p\u00fablicas .\",\"isPartOf\":{\"@id\":\"https:\\\/\\\/www.ucaldas.edu.co\\\/portal\\\/#website\"},\"primaryImageOfPage\":{\"@id\":\"https:\\\/\\\/www.ucaldas.edu.co\\\/portal\\\/rectores-del-sue-piden-soluciones-ante-desfinanciamiento-de-universidades-publicas\\\/#primaryimage\"},\"image\":{\"@id\":\"https:\\\/\\\/www.ucaldas.edu.co\\\/portal\\\/rectores-del-sue-piden-soluciones-ante-desfinanciamiento-de-universidades-publicas\\\/#primaryimage\"},\"thumbnailUrl\":\"http:\\\/\\\/www.ucaldas.edu.co\\\/images\\\/sue.jpg\",\"datePublished\":\"2011-02-18T19:34:27+00:00\",\"breadcrumb\":{\"@id\":\"https:\\\/\\\/www.ucaldas.edu.co\\\/portal\\\/rectores-del-sue-piden-soluciones-ante-desfinanciamiento-de-universidades-publicas\\\/#breadcrumb\"},\"inLanguage\":\"es\",\"potentialAction\":[{\"@type\":\"ReadAction\",\"target\":[\"https:\\\/\\\/www.ucaldas.edu.co\\\/portal\\\/rectores-del-sue-piden-soluciones-ante-desfinanciamiento-de-universidades-publicas\\\/\"]}]},{\"@type\":\"ImageObject\",\"inLanguage\":\"es\",\"@id\":\"https:\\\/\\\/www.ucaldas.edu.co\\\/portal\\\/rectores-del-sue-piden-soluciones-ante-desfinanciamiento-de-universidades-publicas\\\/#primaryimage\",\"url\":\"http:\\\/\\\/www.ucaldas.edu.co\\\/images\\\/sue.jpg\",\"contentUrl\":\"http:\\\/\\\/www.ucaldas.edu.co\\\/images\\\/sue.jpg\"},{\"@type\":\"BreadcrumbList\",\"@id\":\"https:\\\/\\\/www.ucaldas.edu.co\\\/portal\\\/rectores-del-sue-piden-soluciones-ante-desfinanciamiento-de-universidades-publicas\\\/#breadcrumb\",\"itemListElement\":[{\"@type\":\"ListItem\",\"position\":1,\"name\":\"Portada\",\"item\":\"https:\\\/\\\/www.ucaldas.edu.co\\\/portal\\\/\"},{\"@type\":\"ListItem\",\"position\":2,\"name\":\"Rectores del SUE piden soluciones ante desfinanciamiento de universidades p\u00fablicas\"}]},{\"@type\":\"WebSite\",\"@id\":\"https:\\\/\\\/www.ucaldas.edu.co\\\/portal\\\/#website\",\"url\":\"https:\\\/\\\/www.ucaldas.edu.co\\\/portal\\\/\",\"name\":\"Universidad de Caldas\",\"description\":\"\",\"publisher\":{\"@id\":\"https:\\\/\\\/www.ucaldas.edu.co\\\/portal\\\/#organization\"},\"alternateName\":\"U. de Caldas\",\"potentialAction\":[{\"@type\":\"SearchAction\",\"target\":{\"@type\":\"EntryPoint\",\"urlTemplate\":\"https:\\\/\\\/www.ucaldas.edu.co\\\/portal\\\/?s={search_term_string}\"},\"query-input\":{\"@type\":\"PropertyValueSpecification\",\"valueRequired\":true,\"valueName\":\"search_term_string\"}}],\"inLanguage\":\"es\"},{\"@type\":\"Organization\",\"@id\":\"https:\\\/\\\/www.ucaldas.edu.co\\\/portal\\\/#organization\",\"name\":\"Universidad de Caldas\",\"alternateName\":\"U. de Caldas\",\"url\":\"https:\\\/\\\/www.ucaldas.edu.co\\\/portal\\\/\",\"logo\":{\"@type\":\"ImageObject\",\"inLanguage\":\"es\",\"@id\":\"https:\\\/\\\/www.ucaldas.edu.co\\\/portal\\\/#\\\/schema\\\/logo\\\/image\\\/\",\"url\":\"https:\\\/\\\/www.ucaldas.edu.co\\\/portal\\\/wp-content\\\/uploads\\\/2023\\\/11\\\/Logo_horizontal_oscuroU-2023.png\",\"contentUrl\":\"https:\\\/\\\/www.ucaldas.edu.co\\\/portal\\\/wp-content\\\/uploads\\\/2023\\\/11\\\/Logo_horizontal_oscuroU-2023.png\",\"width\":263,\"height\":101,\"caption\":\"Universidad de Caldas\"},\"image\":{\"@id\":\"https:\\\/\\\/www.ucaldas.edu.co\\\/portal\\\/#\\\/schema\\\/logo\\\/image\\\/\"},\"sameAs\":[\"https:\\\/\\\/www.facebook.com\\\/udecaldas\",\"https:\\\/\\\/x.com\\\/udecaldas\",\"https:\\\/\\\/www.youtube.com\\\/universidadcaldas\",\"https:\\\/\\\/www.instagram.com\\\/udecaldas\\\/\"]},{\"@type\":\"Person\",\"@id\":\"https:\\\/\\\/www.ucaldas.edu.co\\\/portal\\\/#\\\/schema\\\/person\\\/a1b482e23449158b4bc319926c074fdf\",\"name\":\"ofiprensa\",\"image\":{\"@type\":\"ImageObject\",\"inLanguage\":\"es\",\"@id\":\"https:\\\/\\\/www.ucaldas.edu.co\\\/portal\\\/wp-content\\\/litespeed\\\/avatar\\\/09ea5085e600095a7a811142c6944527.jpg?ver=1777497608\",\"url\":\"https:\\\/\\\/www.ucaldas.edu.co\\\/portal\\\/wp-content\\\/litespeed\\\/avatar\\\/09ea5085e600095a7a811142c6944527.jpg?ver=1777497608\",\"contentUrl\":\"https:\\\/\\\/www.ucaldas.edu.co\\\/portal\\\/wp-content\\\/litespeed\\\/avatar\\\/09ea5085e600095a7a811142c6944527.jpg?ver=1777497608\",\"caption\":\"ofiprensa\"},\"url\":\"https:\\\/\\\/www.ucaldas.edu.co\\\/portal\\\/author\\\/ofiprensa\\\/\"}]}<\/script>\n<!-- \/ Yoast SEO plugin. -->","yoast_head_json":{"title":"Rectores del SUE piden soluciones ante desfinanciamiento de universidades p\u00fablicas .","robots":{"index":"index","follow":"follow","max-snippet":"max-snippet:-1","max-image-preview":"max-image-preview:large","max-video-preview":"max-video-preview:-1"},"canonical":"https:\/\/www.ucaldas.edu.co\/portal\/rectores-del-sue-piden-soluciones-ante-desfinanciamiento-de-universidades-publicas\/","schema":{"@context":"https:\/\/schema.org","@graph":[{"@type":"Article","@id":"https:\/\/www.ucaldas.edu.co\/portal\/rectores-del-sue-piden-soluciones-ante-desfinanciamiento-de-universidades-publicas\/#article","isPartOf":{"@id":"https:\/\/www.ucaldas.edu.co\/portal\/rectores-del-sue-piden-soluciones-ante-desfinanciamiento-de-universidades-publicas\/"},"author":{"name":"ofiprensa","@id":"https:\/\/www.ucaldas.edu.co\/portal\/#\/schema\/person\/a1b482e23449158b4bc319926c074fdf"},"headline":"Rectores del SUE piden soluciones ante desfinanciamiento de universidades p\u00fablicas","datePublished":"2011-02-18T19:34:27+00:00","mainEntityOfPage":{"@id":"https:\/\/www.ucaldas.edu.co\/portal\/rectores-del-sue-piden-soluciones-ante-desfinanciamiento-de-universidades-publicas\/"},"wordCount":292,"publisher":{"@id":"https:\/\/www.ucaldas.edu.co\/portal\/#organization"},"image":{"@id":"https:\/\/www.ucaldas.edu.co\/portal\/rectores-del-sue-piden-soluciones-ante-desfinanciamiento-de-universidades-publicas\/#primaryimage"},"thumbnailUrl":"http:\/\/www.ucaldas.edu.co\/images\/sue.jpg","articleSection":["Actualidad","Universidad al D\u00eda"],"inLanguage":"es"},{"@type":"WebPage","@id":"https:\/\/www.ucaldas.edu.co\/portal\/rectores-del-sue-piden-soluciones-ante-desfinanciamiento-de-universidades-publicas\/","url":"https:\/\/www.ucaldas.edu.co\/portal\/rectores-del-sue-piden-soluciones-ante-desfinanciamiento-de-universidades-publicas\/","name":"Rectores del SUE piden soluciones ante desfinanciamiento de universidades p\u00fablicas .","isPartOf":{"@id":"https:\/\/www.ucaldas.edu.co\/portal\/#website"},"primaryImageOfPage":{"@id":"https:\/\/www.ucaldas.edu.co\/portal\/rectores-del-sue-piden-soluciones-ante-desfinanciamiento-de-universidades-publicas\/#primaryimage"},"image":{"@id":"https:\/\/www.ucaldas.edu.co\/portal\/rectores-del-sue-piden-soluciones-ante-desfinanciamiento-de-universidades-publicas\/#primaryimage"},"thumbnailUrl":"http:\/\/www.ucaldas.edu.co\/images\/sue.jpg","datePublished":"2011-02-18T19:34:27+00:00","breadcrumb":{"@id":"https:\/\/www.ucaldas.edu.co\/portal\/rectores-del-sue-piden-soluciones-ante-desfinanciamiento-de-universidades-publicas\/#breadcrumb"},"inLanguage":"es","potentialAction":[{"@type":"ReadAction","target":["https:\/\/www.ucaldas.edu.co\/portal\/rectores-del-sue-piden-soluciones-ante-desfinanciamiento-de-universidades-publicas\/"]}]},{"@type":"ImageObject","inLanguage":"es","@id":"https:\/\/www.ucaldas.edu.co\/portal\/rectores-del-sue-piden-soluciones-ante-desfinanciamiento-de-universidades-publicas\/#primaryimage","url":"http:\/\/www.ucaldas.edu.co\/images\/sue.jpg","contentUrl":"http:\/\/www.ucaldas.edu.co\/images\/sue.jpg"},{"@type":"BreadcrumbList","@id":"https:\/\/www.ucaldas.edu.co\/portal\/rectores-del-sue-piden-soluciones-ante-desfinanciamiento-de-universidades-publicas\/#breadcrumb","itemListElement":[{"@type":"ListItem","position":1,"name":"Portada","item":"https:\/\/www.ucaldas.edu.co\/portal\/"},{"@type":"ListItem","position":2,"name":"Rectores del SUE piden soluciones ante desfinanciamiento de universidades p\u00fablicas"}]},{"@type":"WebSite","@id":"https:\/\/www.ucaldas.edu.co\/portal\/#website","url":"https:\/\/www.ucaldas.edu.co\/portal\/","name":"Universidad de Caldas","description":"","publisher":{"@id":"https:\/\/www.ucaldas.edu.co\/portal\/#organization"},"alternateName":"U. de Caldas","potentialAction":[{"@type":"SearchAction","target":{"@type":"EntryPoint","urlTemplate":"https:\/\/www.ucaldas.edu.co\/portal\/?s={search_term_string}"},"query-input":{"@type":"PropertyValueSpecification","valueRequired":true,"valueName":"search_term_string"}}],"inLanguage":"es"},{"@type":"Organization","@id":"https:\/\/www.ucaldas.edu.co\/portal\/#organization","name":"Universidad de Caldas","alternateName":"U. de Caldas","url":"https:\/\/www.ucaldas.edu.co\/portal\/","logo":{"@type":"ImageObject","inLanguage":"es","@id":"https:\/\/www.ucaldas.edu.co\/portal\/#\/schema\/logo\/image\/","url":"https:\/\/www.ucaldas.edu.co\/portal\/wp-content\/uploads\/2023\/11\/Logo_horizontal_oscuroU-2023.png","contentUrl":"https:\/\/www.ucaldas.edu.co\/portal\/wp-content\/uploads\/2023\/11\/Logo_horizontal_oscuroU-2023.png","width":263,"height":101,"caption":"Universidad de Caldas"},"image":{"@id":"https:\/\/www.ucaldas.edu.co\/portal\/#\/schema\/logo\/image\/"},"sameAs":["https:\/\/www.facebook.com\/udecaldas","https:\/\/x.com\/udecaldas","https:\/\/www.youtube.com\/universidadcaldas","https:\/\/www.instagram.com\/udecaldas\/"]},{"@type":"Person","@id":"https:\/\/www.ucaldas.edu.co\/portal\/#\/schema\/person\/a1b482e23449158b4bc319926c074fdf","name":"ofiprensa","image":{"@type":"ImageObject","inLanguage":"es","@id":"https:\/\/www.ucaldas.edu.co\/portal\/wp-content\/litespeed\/avatar\/09ea5085e600095a7a811142c6944527.jpg?ver=1777497608","url":"https:\/\/www.ucaldas.edu.co\/portal\/wp-content\/litespeed\/avatar\/09ea5085e600095a7a811142c6944527.jpg?ver=1777497608","contentUrl":"https:\/\/www.ucaldas.edu.co\/portal\/wp-content\/litespeed\/avatar\/09ea5085e600095a7a811142c6944527.jpg?ver=1777497608","caption":"ofiprensa"},"url":"https:\/\/www.ucaldas.edu.co\/portal\/author\/ofiprensa\/"}]}},"_links":{"self":[{"href":"https:\/\/www.ucaldas.edu.co\/portal\/wp-json\/wp\/v2\/posts\/6510","targetHints":{"allow":["GET"]}}],"collection":[{"href":"https:\/\/www.ucaldas.edu.co\/portal\/wp-json\/wp\/v2\/posts"}],"about":[{"href":"https:\/\/www.ucaldas.edu.co\/portal\/wp-json\/wp\/v2\/types\/post"}],"author":[{"embeddable":true,"href":"https:\/\/www.ucaldas.edu.co\/portal\/wp-json\/wp\/v2\/users\/2"}],"replies":[{"embeddable":true,"href":"https:\/\/www.ucaldas.edu.co\/portal\/wp-json\/wp\/v2\/comments?post=6510"}],"version-history":[{"count":0,"href":"https:\/\/www.ucaldas.edu.co\/portal\/wp-json\/wp\/v2\/posts\/6510\/revisions"}],"wp:attachment":[{"href":"https:\/\/www.ucaldas.edu.co\/portal\/wp-json\/wp\/v2\/media?parent=6510"}],"wp:term":[{"taxonomy":"category","embeddable":true,"href":"https:\/\/www.ucaldas.edu.co\/portal\/wp-json\/wp\/v2\/categories?post=6510"},{"taxonomy":"post_tag","embeddable":true,"href":"https:\/\/www.ucaldas.edu.co\/portal\/wp-json\/wp\/v2\/tags?post=6510"}],"curies":[{"name":"wp","href":"https:\/\/api.w.org\/{rel}","templated":true}]}}