{"id":6503,"date":"2011-02-18T11:22:07","date_gmt":"2011-02-18T16:22:07","guid":{"rendered":"https:\/\/www.ucaldas.edu.co\/portal\/?p=6503"},"modified":"2011-02-18T11:22:07","modified_gmt":"2011-02-18T16:22:07","slug":"recepcion-de-articulos-para-el-periodico-lumina-spargo-de-la-u-de-caldas","status":"publish","type":"post","link":"https:\/\/www.ucaldas.edu.co\/portal\/recepcion-de-articulos-para-el-periodico-lumina-spargo-de-la-u-de-caldas\/","title":{"rendered":"Recepci\u00f3n de art\u00edculos para el peri\u00f3dico L\u00famina Spargo de la U. de Caldas"},"content":{"rendered":"<p>hasta el viernes 25 de febrero del 2011<\/p>\n<hr \/>\n<p align=\"right\"><b>18\/02\/2011<\/b><\/p>\n<p align=\"center\">\n<table border=\"0\">\n<tbody>\n<tr>\n<td><img loading=\"lazy\" decoding=\"async\" style=\"border: 0px\" alt=\"Lumina Spargo\" src=\"http:\/\/www.ucaldas.edu.co\/images\/tmp\/lumina_spargo.jpg\" width=\"240\" height=\"150\" border=\"0\" \/><\/td>\n<td>El <b>n\u00famero 86<\/b> del peri\u00f3dico <b><i>L\u00famina Spargo<\/i><\/b><i> <\/i>de la Universidad de Caldas <b>tratar\u00e1<\/b> como tema <b>la miner\u00eda<\/b> en <b>Colombia.<\/b> Esta actividad se examinar\u00e1 desde el punto de vista econ\u00f3mico, social, cultural, ambiental, psicol\u00f3gico, legal, de salud p\u00fablica, entre otros.<\/p>\n<p>&nbsp;<\/p>\n<p>Por eso, hasta el pr\u00f3ximo <b>viernes 25 <\/b>de <b>febrero<\/b> del 2011 se <b>recibir\u00e1n<\/b> los <b>art\u00edculos<\/b> sobre el tema.<\/td>\n<\/tr>\n<\/tbody>\n<\/table>\n<p>&nbsp;<\/p>\n<p>Los art\u00edculos enviados deben tener las siguientes caracter\u00edsticas:<\/p>\n<p>&nbsp;<\/p>\n<p>&#8211; Tener relaci\u00f3n con el tema de la edici\u00f3n.<\/p>\n<p>&#8211; Tener 5 mil caracteres (con espacios), es decir, unas 800 palabras.E<\/p>\n<p>&#8211; Se debe entregar en archivo digital, formato .doc, con interlineado sencillo.<\/p>\n<p>&#8211; Adjuntar aparte im\u00e1genes o fotograf\u00edas, que considere representativas del art\u00edculo, en formato .jpg y resoluci\u00f3n igual o superior a 7 ppp y tama\u00f1o mayor a 1.024 x 768 pixeles. Tambi\u00e9n se debe especificar su autor o de d\u00f3nde fue tomada (internet).<\/p>\n<p>-En caso de no poseer las im\u00e1genes ilustrativas, favor solicitar su captura fotogr\u00e1fica al correo <a href=\"mailto:jefe.prensa@ucaldas.edu.co\" target=\"_blank\">jefe.prensa@ucaldas.edu.co<\/a><\/p>\n<p>&nbsp;<\/p>\n<p>Los art\u00edculos con las ilustraciones o fotograf\u00edas correspondientes deben ser enviados al correo electr\u00f3nico <a href=\"mailto:liliana.becerra@ucaldas.edu.co\" target=\"_blank\">liliana.becerra@ucaldas.edu.co<\/a><\/p>\n<p>&nbsp;<\/p>\n<p>En el mismo correo se resolver\u00e1n inquietudes.<\/p>\n<p>&nbsp;<\/p>\n<p>Los art\u00edculos propuestos ser\u00e1n revisados por el Comit\u00e9 Editorial, que tendr\u00e1 la responsabilidad de seleccionar los que se publicar\u00e1n y por el editor Carlos Eduardo Garc\u00eda, en lo concerniente al estilo.<\/p>\n<p>&nbsp;<\/p>\n<p><b>Informes: <\/b>en la Oficina de Prensa de la U. de Caldas. Tel\u00e9fono 878 15 00, extensi\u00f3n 12 167, tambi\u00e9n, en el tel\u00e9fono directo: 878 15 03.<\/p>\n","protected":false},"excerpt":{"rendered":"<p>hasta el viernes 25 de febrero del 2011 18\/02\/2011 El n\u00famero 86 del peri\u00f3dico L\u00famina Spargo de la Universidad de Caldas tratar\u00e1 como tema la miner\u00eda en Colombia. Esta actividad se examinar\u00e1 desde el punto de vista econ\u00f3mico, social, cultural, ambiental, psicol\u00f3gico, legal, de salud p\u00fablica, entre otros. &nbsp; Por eso, hasta el pr\u00f3ximo viernes [&hellip;]<\/p>\n","protected":false},"author":2,"featured_media":0,"comment_status":"closed","ping_status":"closed","sticky":false,"template":"","format":"standard","meta":{"footnotes":""},"categories":[48,53],"tags":[],"class_list":["post-6503","post","type-post","status-publish","format-standard","hentry","category-actualidad","category-universidad-al-dia"],"yoast_head":"<!-- This site is optimized with the Yoast SEO plugin v27.5 - https:\/\/yoast.com\/product\/yoast-seo-wordpress\/ -->\n<title>Recepci\u00f3n de art\u00edculos para el peri\u00f3dico L\u00famina Spargo de la U. de Caldas .<\/title>\n<meta name=\"robots\" content=\"index, follow, max-snippet:-1, max-image-preview:large, max-video-preview:-1\" \/>\n<link rel=\"canonical\" href=\"https:\/\/www.ucaldas.edu.co\/portal\/recepcion-de-articulos-para-el-periodico-lumina-spargo-de-la-u-de-caldas\/\" \/>\n<script type=\"application\/ld+json\" class=\"yoast-schema-graph\">{\"@context\":\"https:\\\/\\\/schema.org\",\"@graph\":[{\"@type\":\"Article\",\"@id\":\"https:\\\/\\\/www.ucaldas.edu.co\\\/portal\\\/recepcion-de-articulos-para-el-periodico-lumina-spargo-de-la-u-de-caldas\\\/#article\",\"isPartOf\":{\"@id\":\"https:\\\/\\\/www.ucaldas.edu.co\\\/portal\\\/recepcion-de-articulos-para-el-periodico-lumina-spargo-de-la-u-de-caldas\\\/\"},\"author\":{\"name\":\"ofiprensa\",\"@id\":\"https:\\\/\\\/www.ucaldas.edu.co\\\/portal\\\/#\\\/schema\\\/person\\\/a1b482e23449158b4bc319926c074fdf\"},\"headline\":\"Recepci\u00f3n de art\u00edculos para el peri\u00f3dico L\u00famina Spargo de la U. de Caldas\",\"datePublished\":\"2011-02-18T16:22:07+00:00\",\"mainEntityOfPage\":{\"@id\":\"https:\\\/\\\/www.ucaldas.edu.co\\\/portal\\\/recepcion-de-articulos-para-el-periodico-lumina-spargo-de-la-u-de-caldas\\\/\"},\"wordCount\":293,\"publisher\":{\"@id\":\"https:\\\/\\\/www.ucaldas.edu.co\\\/portal\\\/#organization\"},\"image\":{\"@id\":\"https:\\\/\\\/www.ucaldas.edu.co\\\/portal\\\/recepcion-de-articulos-para-el-periodico-lumina-spargo-de-la-u-de-caldas\\\/#primaryimage\"},\"thumbnailUrl\":\"http:\\\/\\\/www.ucaldas.edu.co\\\/images\\\/tmp\\\/lumina_spargo.jpg\",\"articleSection\":[\"Actualidad\",\"Universidad al D\u00eda\"],\"inLanguage\":\"es\"},{\"@type\":\"WebPage\",\"@id\":\"https:\\\/\\\/www.ucaldas.edu.co\\\/portal\\\/recepcion-de-articulos-para-el-periodico-lumina-spargo-de-la-u-de-caldas\\\/\",\"url\":\"https:\\\/\\\/www.ucaldas.edu.co\\\/portal\\\/recepcion-de-articulos-para-el-periodico-lumina-spargo-de-la-u-de-caldas\\\/\",\"name\":\"Recepci\u00f3n de art\u00edculos para el peri\u00f3dico L\u00famina Spargo de la U. de Caldas .\",\"isPartOf\":{\"@id\":\"https:\\\/\\\/www.ucaldas.edu.co\\\/portal\\\/#website\"},\"primaryImageOfPage\":{\"@id\":\"https:\\\/\\\/www.ucaldas.edu.co\\\/portal\\\/recepcion-de-articulos-para-el-periodico-lumina-spargo-de-la-u-de-caldas\\\/#primaryimage\"},\"image\":{\"@id\":\"https:\\\/\\\/www.ucaldas.edu.co\\\/portal\\\/recepcion-de-articulos-para-el-periodico-lumina-spargo-de-la-u-de-caldas\\\/#primaryimage\"},\"thumbnailUrl\":\"http:\\\/\\\/www.ucaldas.edu.co\\\/images\\\/tmp\\\/lumina_spargo.jpg\",\"datePublished\":\"2011-02-18T16:22:07+00:00\",\"breadcrumb\":{\"@id\":\"https:\\\/\\\/www.ucaldas.edu.co\\\/portal\\\/recepcion-de-articulos-para-el-periodico-lumina-spargo-de-la-u-de-caldas\\\/#breadcrumb\"},\"inLanguage\":\"es\",\"potentialAction\":[{\"@type\":\"ReadAction\",\"target\":[\"https:\\\/\\\/www.ucaldas.edu.co\\\/portal\\\/recepcion-de-articulos-para-el-periodico-lumina-spargo-de-la-u-de-caldas\\\/\"]}]},{\"@type\":\"ImageObject\",\"inLanguage\":\"es\",\"@id\":\"https:\\\/\\\/www.ucaldas.edu.co\\\/portal\\\/recepcion-de-articulos-para-el-periodico-lumina-spargo-de-la-u-de-caldas\\\/#primaryimage\",\"url\":\"http:\\\/\\\/www.ucaldas.edu.co\\\/images\\\/tmp\\\/lumina_spargo.jpg\",\"contentUrl\":\"http:\\\/\\\/www.ucaldas.edu.co\\\/images\\\/tmp\\\/lumina_spargo.jpg\"},{\"@type\":\"BreadcrumbList\",\"@id\":\"https:\\\/\\\/www.ucaldas.edu.co\\\/portal\\\/recepcion-de-articulos-para-el-periodico-lumina-spargo-de-la-u-de-caldas\\\/#breadcrumb\",\"itemListElement\":[{\"@type\":\"ListItem\",\"position\":1,\"name\":\"Portada\",\"item\":\"https:\\\/\\\/www.ucaldas.edu.co\\\/portal\\\/\"},{\"@type\":\"ListItem\",\"position\":2,\"name\":\"Recepci\u00f3n de art\u00edculos para el peri\u00f3dico L\u00famina Spargo de la U. de Caldas\"}]},{\"@type\":\"WebSite\",\"@id\":\"https:\\\/\\\/www.ucaldas.edu.co\\\/portal\\\/#website\",\"url\":\"https:\\\/\\\/www.ucaldas.edu.co\\\/portal\\\/\",\"name\":\"Universidad de Caldas\",\"description\":\"\",\"publisher\":{\"@id\":\"https:\\\/\\\/www.ucaldas.edu.co\\\/portal\\\/#organization\"},\"alternateName\":\"U. de Caldas\",\"potentialAction\":[{\"@type\":\"SearchAction\",\"target\":{\"@type\":\"EntryPoint\",\"urlTemplate\":\"https:\\\/\\\/www.ucaldas.edu.co\\\/portal\\\/?s={search_term_string}\"},\"query-input\":{\"@type\":\"PropertyValueSpecification\",\"valueRequired\":true,\"valueName\":\"search_term_string\"}}],\"inLanguage\":\"es\"},{\"@type\":\"Organization\",\"@id\":\"https:\\\/\\\/www.ucaldas.edu.co\\\/portal\\\/#organization\",\"name\":\"Universidad de Caldas\",\"alternateName\":\"U. de Caldas\",\"url\":\"https:\\\/\\\/www.ucaldas.edu.co\\\/portal\\\/\",\"logo\":{\"@type\":\"ImageObject\",\"inLanguage\":\"es\",\"@id\":\"https:\\\/\\\/www.ucaldas.edu.co\\\/portal\\\/#\\\/schema\\\/logo\\\/image\\\/\",\"url\":\"https:\\\/\\\/www.ucaldas.edu.co\\\/portal\\\/wp-content\\\/uploads\\\/2023\\\/11\\\/Logo_horizontal_oscuroU-2023.png\",\"contentUrl\":\"https:\\\/\\\/www.ucaldas.edu.co\\\/portal\\\/wp-content\\\/uploads\\\/2023\\\/11\\\/Logo_horizontal_oscuroU-2023.png\",\"width\":263,\"height\":101,\"caption\":\"Universidad de Caldas\"},\"image\":{\"@id\":\"https:\\\/\\\/www.ucaldas.edu.co\\\/portal\\\/#\\\/schema\\\/logo\\\/image\\\/\"},\"sameAs\":[\"https:\\\/\\\/www.facebook.com\\\/udecaldas\",\"https:\\\/\\\/x.com\\\/udecaldas\",\"https:\\\/\\\/www.youtube.com\\\/universidadcaldas\",\"https:\\\/\\\/www.instagram.com\\\/udecaldas\\\/\"]},{\"@type\":\"Person\",\"@id\":\"https:\\\/\\\/www.ucaldas.edu.co\\\/portal\\\/#\\\/schema\\\/person\\\/a1b482e23449158b4bc319926c074fdf\",\"name\":\"ofiprensa\",\"image\":{\"@type\":\"ImageObject\",\"inLanguage\":\"es\",\"@id\":\"https:\\\/\\\/www.ucaldas.edu.co\\\/portal\\\/wp-content\\\/litespeed\\\/avatar\\\/09ea5085e600095a7a811142c6944527.jpg?ver=1777497608\",\"url\":\"https:\\\/\\\/www.ucaldas.edu.co\\\/portal\\\/wp-content\\\/litespeed\\\/avatar\\\/09ea5085e600095a7a811142c6944527.jpg?ver=1777497608\",\"contentUrl\":\"https:\\\/\\\/www.ucaldas.edu.co\\\/portal\\\/wp-content\\\/litespeed\\\/avatar\\\/09ea5085e600095a7a811142c6944527.jpg?ver=1777497608\",\"caption\":\"ofiprensa\"},\"url\":\"https:\\\/\\\/www.ucaldas.edu.co\\\/portal\\\/author\\\/ofiprensa\\\/\"}]}<\/script>\n<!-- \/ Yoast SEO plugin. -->","yoast_head_json":{"title":"Recepci\u00f3n de art\u00edculos para el peri\u00f3dico L\u00famina Spargo de la U. de Caldas .","robots":{"index":"index","follow":"follow","max-snippet":"max-snippet:-1","max-image-preview":"max-image-preview:large","max-video-preview":"max-video-preview:-1"},"canonical":"https:\/\/www.ucaldas.edu.co\/portal\/recepcion-de-articulos-para-el-periodico-lumina-spargo-de-la-u-de-caldas\/","schema":{"@context":"https:\/\/schema.org","@graph":[{"@type":"Article","@id":"https:\/\/www.ucaldas.edu.co\/portal\/recepcion-de-articulos-para-el-periodico-lumina-spargo-de-la-u-de-caldas\/#article","isPartOf":{"@id":"https:\/\/www.ucaldas.edu.co\/portal\/recepcion-de-articulos-para-el-periodico-lumina-spargo-de-la-u-de-caldas\/"},"author":{"name":"ofiprensa","@id":"https:\/\/www.ucaldas.edu.co\/portal\/#\/schema\/person\/a1b482e23449158b4bc319926c074fdf"},"headline":"Recepci\u00f3n de art\u00edculos para el peri\u00f3dico L\u00famina Spargo de la U. de Caldas","datePublished":"2011-02-18T16:22:07+00:00","mainEntityOfPage":{"@id":"https:\/\/www.ucaldas.edu.co\/portal\/recepcion-de-articulos-para-el-periodico-lumina-spargo-de-la-u-de-caldas\/"},"wordCount":293,"publisher":{"@id":"https:\/\/www.ucaldas.edu.co\/portal\/#organization"},"image":{"@id":"https:\/\/www.ucaldas.edu.co\/portal\/recepcion-de-articulos-para-el-periodico-lumina-spargo-de-la-u-de-caldas\/#primaryimage"},"thumbnailUrl":"http:\/\/www.ucaldas.edu.co\/images\/tmp\/lumina_spargo.jpg","articleSection":["Actualidad","Universidad al D\u00eda"],"inLanguage":"es"},{"@type":"WebPage","@id":"https:\/\/www.ucaldas.edu.co\/portal\/recepcion-de-articulos-para-el-periodico-lumina-spargo-de-la-u-de-caldas\/","url":"https:\/\/www.ucaldas.edu.co\/portal\/recepcion-de-articulos-para-el-periodico-lumina-spargo-de-la-u-de-caldas\/","name":"Recepci\u00f3n de art\u00edculos para el peri\u00f3dico L\u00famina Spargo de la U. de Caldas .","isPartOf":{"@id":"https:\/\/www.ucaldas.edu.co\/portal\/#website"},"primaryImageOfPage":{"@id":"https:\/\/www.ucaldas.edu.co\/portal\/recepcion-de-articulos-para-el-periodico-lumina-spargo-de-la-u-de-caldas\/#primaryimage"},"image":{"@id":"https:\/\/www.ucaldas.edu.co\/portal\/recepcion-de-articulos-para-el-periodico-lumina-spargo-de-la-u-de-caldas\/#primaryimage"},"thumbnailUrl":"http:\/\/www.ucaldas.edu.co\/images\/tmp\/lumina_spargo.jpg","datePublished":"2011-02-18T16:22:07+00:00","breadcrumb":{"@id":"https:\/\/www.ucaldas.edu.co\/portal\/recepcion-de-articulos-para-el-periodico-lumina-spargo-de-la-u-de-caldas\/#breadcrumb"},"inLanguage":"es","potentialAction":[{"@type":"ReadAction","target":["https:\/\/www.ucaldas.edu.co\/portal\/recepcion-de-articulos-para-el-periodico-lumina-spargo-de-la-u-de-caldas\/"]}]},{"@type":"ImageObject","inLanguage":"es","@id":"https:\/\/www.ucaldas.edu.co\/portal\/recepcion-de-articulos-para-el-periodico-lumina-spargo-de-la-u-de-caldas\/#primaryimage","url":"http:\/\/www.ucaldas.edu.co\/images\/tmp\/lumina_spargo.jpg","contentUrl":"http:\/\/www.ucaldas.edu.co\/images\/tmp\/lumina_spargo.jpg"},{"@type":"BreadcrumbList","@id":"https:\/\/www.ucaldas.edu.co\/portal\/recepcion-de-articulos-para-el-periodico-lumina-spargo-de-la-u-de-caldas\/#breadcrumb","itemListElement":[{"@type":"ListItem","position":1,"name":"Portada","item":"https:\/\/www.ucaldas.edu.co\/portal\/"},{"@type":"ListItem","position":2,"name":"Recepci\u00f3n de art\u00edculos para el peri\u00f3dico L\u00famina Spargo de la U. de Caldas"}]},{"@type":"WebSite","@id":"https:\/\/www.ucaldas.edu.co\/portal\/#website","url":"https:\/\/www.ucaldas.edu.co\/portal\/","name":"Universidad de Caldas","description":"","publisher":{"@id":"https:\/\/www.ucaldas.edu.co\/portal\/#organization"},"alternateName":"U. de Caldas","potentialAction":[{"@type":"SearchAction","target":{"@type":"EntryPoint","urlTemplate":"https:\/\/www.ucaldas.edu.co\/portal\/?s={search_term_string}"},"query-input":{"@type":"PropertyValueSpecification","valueRequired":true,"valueName":"search_term_string"}}],"inLanguage":"es"},{"@type":"Organization","@id":"https:\/\/www.ucaldas.edu.co\/portal\/#organization","name":"Universidad de Caldas","alternateName":"U. de Caldas","url":"https:\/\/www.ucaldas.edu.co\/portal\/","logo":{"@type":"ImageObject","inLanguage":"es","@id":"https:\/\/www.ucaldas.edu.co\/portal\/#\/schema\/logo\/image\/","url":"https:\/\/www.ucaldas.edu.co\/portal\/wp-content\/uploads\/2023\/11\/Logo_horizontal_oscuroU-2023.png","contentUrl":"https:\/\/www.ucaldas.edu.co\/portal\/wp-content\/uploads\/2023\/11\/Logo_horizontal_oscuroU-2023.png","width":263,"height":101,"caption":"Universidad de Caldas"},"image":{"@id":"https:\/\/www.ucaldas.edu.co\/portal\/#\/schema\/logo\/image\/"},"sameAs":["https:\/\/www.facebook.com\/udecaldas","https:\/\/x.com\/udecaldas","https:\/\/www.youtube.com\/universidadcaldas","https:\/\/www.instagram.com\/udecaldas\/"]},{"@type":"Person","@id":"https:\/\/www.ucaldas.edu.co\/portal\/#\/schema\/person\/a1b482e23449158b4bc319926c074fdf","name":"ofiprensa","image":{"@type":"ImageObject","inLanguage":"es","@id":"https:\/\/www.ucaldas.edu.co\/portal\/wp-content\/litespeed\/avatar\/09ea5085e600095a7a811142c6944527.jpg?ver=1777497608","url":"https:\/\/www.ucaldas.edu.co\/portal\/wp-content\/litespeed\/avatar\/09ea5085e600095a7a811142c6944527.jpg?ver=1777497608","contentUrl":"https:\/\/www.ucaldas.edu.co\/portal\/wp-content\/litespeed\/avatar\/09ea5085e600095a7a811142c6944527.jpg?ver=1777497608","caption":"ofiprensa"},"url":"https:\/\/www.ucaldas.edu.co\/portal\/author\/ofiprensa\/"}]}},"_links":{"self":[{"href":"https:\/\/www.ucaldas.edu.co\/portal\/wp-json\/wp\/v2\/posts\/6503","targetHints":{"allow":["GET"]}}],"collection":[{"href":"https:\/\/www.ucaldas.edu.co\/portal\/wp-json\/wp\/v2\/posts"}],"about":[{"href":"https:\/\/www.ucaldas.edu.co\/portal\/wp-json\/wp\/v2\/types\/post"}],"author":[{"embeddable":true,"href":"https:\/\/www.ucaldas.edu.co\/portal\/wp-json\/wp\/v2\/users\/2"}],"replies":[{"embeddable":true,"href":"https:\/\/www.ucaldas.edu.co\/portal\/wp-json\/wp\/v2\/comments?post=6503"}],"version-history":[{"count":0,"href":"https:\/\/www.ucaldas.edu.co\/portal\/wp-json\/wp\/v2\/posts\/6503\/revisions"}],"wp:attachment":[{"href":"https:\/\/www.ucaldas.edu.co\/portal\/wp-json\/wp\/v2\/media?parent=6503"}],"wp:term":[{"taxonomy":"category","embeddable":true,"href":"https:\/\/www.ucaldas.edu.co\/portal\/wp-json\/wp\/v2\/categories?post=6503"},{"taxonomy":"post_tag","embeddable":true,"href":"https:\/\/www.ucaldas.edu.co\/portal\/wp-json\/wp\/v2\/tags?post=6503"}],"curies":[{"name":"wp","href":"https:\/\/api.w.org\/{rel}","templated":true}]}}