{"id":6501,"date":"2011-02-18T11:21:15","date_gmt":"2011-02-18T16:21:15","guid":{"rendered":"https:\/\/www.ucaldas.edu.co\/portal\/?p=6501"},"modified":"2011-02-18T11:21:15","modified_gmt":"2011-02-18T16:21:15","slug":"se-abre-convocatoria-de-monitorias-en-la-u-de-caldas","status":"publish","type":"post","link":"https:\/\/www.ucaldas.edu.co\/portal\/se-abre-convocatoria-de-monitorias-en-la-u-de-caldas\/","title":{"rendered":"Se abre convocatoria de  monitorias en la U. de Caldas"},"content":{"rendered":"<p>Del 17 de febrero hasta el 3 de marzo hay plazo para inscribirse<\/p>\n<hr \/>\n<p align=\"right\"><b>18\/02\/2011<\/b><\/p>\n<p align=\"center\">\n<p>Del <b>17 de Febrero hasta el 3 de marzo<\/b> estar\u00e1n <b>abiertas las inscripciones<\/b> para <b>monitorias acad\u00e9micas, <\/b>con <b>13 cupos<\/b> de programas acad\u00e9micos, entre asignaturas del Departamento de Ingenier\u00edas y el Departamento de Sistemas Inform\u00e1ticos. Adem\u00e1s, hay <b>42 cupos disponibles para las salas de c\u00f3mputo<\/b>.<\/p>\n<p>&nbsp;<\/p>\n<p>Para aplicar para las Monitorias acad\u00e9micas, el estudiante deber\u00e1 haber obtenido en la asignatura respectiva una nota definitiva\u00a0 igual \u00f3 superior a 4,0. La inscripci\u00f3n debe tramitarse en las secretarias de los programas o departamentos.<\/p>\n<p>&nbsp;<\/p>\n<p>Por otro lado, los estudiantes interesados en la monitoria de Salas de C\u00f3mputo deben tener en cuenta que la inscripci\u00f3n se realiza \u00fanicamente en el programa de Ingenier\u00eda de Sistemas y Computaci\u00f3n.<\/p>\n<p>&nbsp;<\/p>\n<p>Quienes se presenten para esta convocatoria deber\u00e1n presentar un examen, est\u00e9 ser\u00e1 el pr\u00f3ximo 4 de marzo a las 2:00 p.m. en el Campus Virtual de la U. de Caldas.<\/p>\n<p>&nbsp;<\/p>\n<p>La lista de los admitidos para ser monitores se publicar\u00e1 el 7 de marzo a las 5:00 p.m. en la cartelera de la Facultad de Ingenier\u00eda.<\/p>\n<p>&nbsp;<\/p>\n<p><b>Estos son los requisitos que deben tener en cuenta los estudiantes al momento de inscribirse a la monitoria de Salas de C\u00f3mputo. <\/b><\/p>\n<p>1.\u00a0\u00a0\u00a0\u00a0\u00a0 Que sea estudiante regular de la Universidad de Caldas y que tenga activa su matr\u00edcula.<\/p>\n<p>2.\u00a0\u00a0\u00a0\u00a0\u00a0 Que tenga un promedio acumulado igual o superior a\u00a0 tres punto siete (3.7).<\/p>\n<p>3.\u00a0\u00a0\u00a0\u00a0\u00a0 Que tenga aptitudes y competencias claramente demostradas en el \u00e1rea en la cual va a realizar su actividad, certificadas por el profesor y por el director de la dependencia a la\u00a0 que prestar\u00e1 sus servicios \u00f3 por el coordinador de las propuestas de investigaci\u00f3n \u00f3 proyecci\u00f3n.<\/p>\n<p>4.\u00a0\u00a0\u00a0\u00a0\u00a0 No tener sanciones disciplinarias.<\/p>\n<p>5.\u00a0\u00a0\u00a0\u00a0\u00a0 No haber presentado m\u00e1s de (2) memorandos durante el desarrollo de monitorias anteriores.<\/p>\n<p>6.\u00a0\u00a0\u00a0\u00a0\u00a0 Aceptaci\u00f3n previa del docente titular de la asignatura. (Anexar\u00a0 oficio de aceptaci\u00f3n firmado por el docente).<\/p>\n<p>7.\u00a0\u00a0\u00a0\u00a0\u00a0 Presentaci\u00f3n fotocopia de la C\u00e9dula.<\/p>\n<p>8.\u00a0\u00a0\u00a0\u00a0\u00a0 Tener disponibilidad m\u00ednima de 10 horas semanales.<\/p>\n<p>&nbsp;<\/p>\n<p>Para conocer las asignaturas disponibles para las monitorias acad\u00e9micas, haga clic <a href=\"http:\/\/desarrollo.ucaldas.edu.co\/archivo\/docs\/prensa\/tmp\/Asignaturas_Departamento_Ingenieria.pdf\" target=\"_blank\">aqu\u00ed<\/a>.<\/p>\n<p>&nbsp;<\/p>\n<p><b>Informes:<\/b> en la Facultad de Ingenier\u00edas. Tel\u00e9fono: 878 15 00, extensi\u00f3n 13 657.<\/p>\n","protected":false},"excerpt":{"rendered":"<p>Del 17 de febrero hasta el 3 de marzo hay plazo para inscribirse 18\/02\/2011 Del 17 de Febrero hasta el 3 de marzo estar\u00e1n abiertas las inscripciones para monitorias acad\u00e9micas, con 13 cupos de programas acad\u00e9micos, entre asignaturas del Departamento de Ingenier\u00edas y el Departamento de Sistemas Inform\u00e1ticos. Adem\u00e1s, hay 42 cupos disponibles para las [&hellip;]<\/p>\n","protected":false},"author":2,"featured_media":0,"comment_status":"closed","ping_status":"closed","sticky":false,"template":"","format":"standard","meta":{"footnotes":""},"categories":[48,53],"tags":[],"class_list":["post-6501","post","type-post","status-publish","format-standard","hentry","category-actualidad","category-universidad-al-dia"],"yoast_head":"<!-- This site is optimized with the Yoast SEO plugin v27.5 - https:\/\/yoast.com\/product\/yoast-seo-wordpress\/ -->\n<title>Se abre convocatoria de monitorias en la U. de Caldas .<\/title>\n<meta name=\"robots\" content=\"index, follow, max-snippet:-1, max-image-preview:large, max-video-preview:-1\" \/>\n<link rel=\"canonical\" href=\"https:\/\/www.ucaldas.edu.co\/portal\/se-abre-convocatoria-de-monitorias-en-la-u-de-caldas\/\" \/>\n<script type=\"application\/ld+json\" class=\"yoast-schema-graph\">{\"@context\":\"https:\\\/\\\/schema.org\",\"@graph\":[{\"@type\":\"Article\",\"@id\":\"https:\\\/\\\/www.ucaldas.edu.co\\\/portal\\\/se-abre-convocatoria-de-monitorias-en-la-u-de-caldas\\\/#article\",\"isPartOf\":{\"@id\":\"https:\\\/\\\/www.ucaldas.edu.co\\\/portal\\\/se-abre-convocatoria-de-monitorias-en-la-u-de-caldas\\\/\"},\"author\":{\"name\":\"ofiprensa\",\"@id\":\"https:\\\/\\\/www.ucaldas.edu.co\\\/portal\\\/#\\\/schema\\\/person\\\/a1b482e23449158b4bc319926c074fdf\"},\"headline\":\"Se abre convocatoria de monitorias en la U. de Caldas\",\"datePublished\":\"2011-02-18T16:21:15+00:00\",\"mainEntityOfPage\":{\"@id\":\"https:\\\/\\\/www.ucaldas.edu.co\\\/portal\\\/se-abre-convocatoria-de-monitorias-en-la-u-de-caldas\\\/\"},\"wordCount\":373,\"publisher\":{\"@id\":\"https:\\\/\\\/www.ucaldas.edu.co\\\/portal\\\/#organization\"},\"articleSection\":[\"Actualidad\",\"Universidad al D\u00eda\"],\"inLanguage\":\"es\"},{\"@type\":\"WebPage\",\"@id\":\"https:\\\/\\\/www.ucaldas.edu.co\\\/portal\\\/se-abre-convocatoria-de-monitorias-en-la-u-de-caldas\\\/\",\"url\":\"https:\\\/\\\/www.ucaldas.edu.co\\\/portal\\\/se-abre-convocatoria-de-monitorias-en-la-u-de-caldas\\\/\",\"name\":\"Se abre convocatoria de monitorias en la U. de Caldas .\",\"isPartOf\":{\"@id\":\"https:\\\/\\\/www.ucaldas.edu.co\\\/portal\\\/#website\"},\"datePublished\":\"2011-02-18T16:21:15+00:00\",\"breadcrumb\":{\"@id\":\"https:\\\/\\\/www.ucaldas.edu.co\\\/portal\\\/se-abre-convocatoria-de-monitorias-en-la-u-de-caldas\\\/#breadcrumb\"},\"inLanguage\":\"es\",\"potentialAction\":[{\"@type\":\"ReadAction\",\"target\":[\"https:\\\/\\\/www.ucaldas.edu.co\\\/portal\\\/se-abre-convocatoria-de-monitorias-en-la-u-de-caldas\\\/\"]}]},{\"@type\":\"BreadcrumbList\",\"@id\":\"https:\\\/\\\/www.ucaldas.edu.co\\\/portal\\\/se-abre-convocatoria-de-monitorias-en-la-u-de-caldas\\\/#breadcrumb\",\"itemListElement\":[{\"@type\":\"ListItem\",\"position\":1,\"name\":\"Portada\",\"item\":\"https:\\\/\\\/www.ucaldas.edu.co\\\/portal\\\/\"},{\"@type\":\"ListItem\",\"position\":2,\"name\":\"Se abre convocatoria de monitorias en la U. de Caldas\"}]},{\"@type\":\"WebSite\",\"@id\":\"https:\\\/\\\/www.ucaldas.edu.co\\\/portal\\\/#website\",\"url\":\"https:\\\/\\\/www.ucaldas.edu.co\\\/portal\\\/\",\"name\":\"Universidad de Caldas\",\"description\":\"\",\"publisher\":{\"@id\":\"https:\\\/\\\/www.ucaldas.edu.co\\\/portal\\\/#organization\"},\"alternateName\":\"U. de Caldas\",\"potentialAction\":[{\"@type\":\"SearchAction\",\"target\":{\"@type\":\"EntryPoint\",\"urlTemplate\":\"https:\\\/\\\/www.ucaldas.edu.co\\\/portal\\\/?s={search_term_string}\"},\"query-input\":{\"@type\":\"PropertyValueSpecification\",\"valueRequired\":true,\"valueName\":\"search_term_string\"}}],\"inLanguage\":\"es\"},{\"@type\":\"Organization\",\"@id\":\"https:\\\/\\\/www.ucaldas.edu.co\\\/portal\\\/#organization\",\"name\":\"Universidad de Caldas\",\"alternateName\":\"U. de Caldas\",\"url\":\"https:\\\/\\\/www.ucaldas.edu.co\\\/portal\\\/\",\"logo\":{\"@type\":\"ImageObject\",\"inLanguage\":\"es\",\"@id\":\"https:\\\/\\\/www.ucaldas.edu.co\\\/portal\\\/#\\\/schema\\\/logo\\\/image\\\/\",\"url\":\"https:\\\/\\\/www.ucaldas.edu.co\\\/portal\\\/wp-content\\\/uploads\\\/2023\\\/11\\\/Logo_horizontal_oscuroU-2023.png\",\"contentUrl\":\"https:\\\/\\\/www.ucaldas.edu.co\\\/portal\\\/wp-content\\\/uploads\\\/2023\\\/11\\\/Logo_horizontal_oscuroU-2023.png\",\"width\":263,\"height\":101,\"caption\":\"Universidad de Caldas\"},\"image\":{\"@id\":\"https:\\\/\\\/www.ucaldas.edu.co\\\/portal\\\/#\\\/schema\\\/logo\\\/image\\\/\"},\"sameAs\":[\"https:\\\/\\\/www.facebook.com\\\/udecaldas\",\"https:\\\/\\\/x.com\\\/udecaldas\",\"https:\\\/\\\/www.youtube.com\\\/universidadcaldas\",\"https:\\\/\\\/www.instagram.com\\\/udecaldas\\\/\"]},{\"@type\":\"Person\",\"@id\":\"https:\\\/\\\/www.ucaldas.edu.co\\\/portal\\\/#\\\/schema\\\/person\\\/a1b482e23449158b4bc319926c074fdf\",\"name\":\"ofiprensa\",\"image\":{\"@type\":\"ImageObject\",\"inLanguage\":\"es\",\"@id\":\"https:\\\/\\\/www.ucaldas.edu.co\\\/portal\\\/wp-content\\\/litespeed\\\/avatar\\\/09ea5085e600095a7a811142c6944527.jpg?ver=1777497608\",\"url\":\"https:\\\/\\\/www.ucaldas.edu.co\\\/portal\\\/wp-content\\\/litespeed\\\/avatar\\\/09ea5085e600095a7a811142c6944527.jpg?ver=1777497608\",\"contentUrl\":\"https:\\\/\\\/www.ucaldas.edu.co\\\/portal\\\/wp-content\\\/litespeed\\\/avatar\\\/09ea5085e600095a7a811142c6944527.jpg?ver=1777497608\",\"caption\":\"ofiprensa\"},\"url\":\"https:\\\/\\\/www.ucaldas.edu.co\\\/portal\\\/author\\\/ofiprensa\\\/\"}]}<\/script>\n<!-- \/ Yoast SEO plugin. -->","yoast_head_json":{"title":"Se abre convocatoria de monitorias en la U. de Caldas .","robots":{"index":"index","follow":"follow","max-snippet":"max-snippet:-1","max-image-preview":"max-image-preview:large","max-video-preview":"max-video-preview:-1"},"canonical":"https:\/\/www.ucaldas.edu.co\/portal\/se-abre-convocatoria-de-monitorias-en-la-u-de-caldas\/","schema":{"@context":"https:\/\/schema.org","@graph":[{"@type":"Article","@id":"https:\/\/www.ucaldas.edu.co\/portal\/se-abre-convocatoria-de-monitorias-en-la-u-de-caldas\/#article","isPartOf":{"@id":"https:\/\/www.ucaldas.edu.co\/portal\/se-abre-convocatoria-de-monitorias-en-la-u-de-caldas\/"},"author":{"name":"ofiprensa","@id":"https:\/\/www.ucaldas.edu.co\/portal\/#\/schema\/person\/a1b482e23449158b4bc319926c074fdf"},"headline":"Se abre convocatoria de monitorias en la U. de Caldas","datePublished":"2011-02-18T16:21:15+00:00","mainEntityOfPage":{"@id":"https:\/\/www.ucaldas.edu.co\/portal\/se-abre-convocatoria-de-monitorias-en-la-u-de-caldas\/"},"wordCount":373,"publisher":{"@id":"https:\/\/www.ucaldas.edu.co\/portal\/#organization"},"articleSection":["Actualidad","Universidad al D\u00eda"],"inLanguage":"es"},{"@type":"WebPage","@id":"https:\/\/www.ucaldas.edu.co\/portal\/se-abre-convocatoria-de-monitorias-en-la-u-de-caldas\/","url":"https:\/\/www.ucaldas.edu.co\/portal\/se-abre-convocatoria-de-monitorias-en-la-u-de-caldas\/","name":"Se abre convocatoria de monitorias en la U. de Caldas .","isPartOf":{"@id":"https:\/\/www.ucaldas.edu.co\/portal\/#website"},"datePublished":"2011-02-18T16:21:15+00:00","breadcrumb":{"@id":"https:\/\/www.ucaldas.edu.co\/portal\/se-abre-convocatoria-de-monitorias-en-la-u-de-caldas\/#breadcrumb"},"inLanguage":"es","potentialAction":[{"@type":"ReadAction","target":["https:\/\/www.ucaldas.edu.co\/portal\/se-abre-convocatoria-de-monitorias-en-la-u-de-caldas\/"]}]},{"@type":"BreadcrumbList","@id":"https:\/\/www.ucaldas.edu.co\/portal\/se-abre-convocatoria-de-monitorias-en-la-u-de-caldas\/#breadcrumb","itemListElement":[{"@type":"ListItem","position":1,"name":"Portada","item":"https:\/\/www.ucaldas.edu.co\/portal\/"},{"@type":"ListItem","position":2,"name":"Se abre convocatoria de monitorias en la U. de Caldas"}]},{"@type":"WebSite","@id":"https:\/\/www.ucaldas.edu.co\/portal\/#website","url":"https:\/\/www.ucaldas.edu.co\/portal\/","name":"Universidad de Caldas","description":"","publisher":{"@id":"https:\/\/www.ucaldas.edu.co\/portal\/#organization"},"alternateName":"U. de Caldas","potentialAction":[{"@type":"SearchAction","target":{"@type":"EntryPoint","urlTemplate":"https:\/\/www.ucaldas.edu.co\/portal\/?s={search_term_string}"},"query-input":{"@type":"PropertyValueSpecification","valueRequired":true,"valueName":"search_term_string"}}],"inLanguage":"es"},{"@type":"Organization","@id":"https:\/\/www.ucaldas.edu.co\/portal\/#organization","name":"Universidad de Caldas","alternateName":"U. de Caldas","url":"https:\/\/www.ucaldas.edu.co\/portal\/","logo":{"@type":"ImageObject","inLanguage":"es","@id":"https:\/\/www.ucaldas.edu.co\/portal\/#\/schema\/logo\/image\/","url":"https:\/\/www.ucaldas.edu.co\/portal\/wp-content\/uploads\/2023\/11\/Logo_horizontal_oscuroU-2023.png","contentUrl":"https:\/\/www.ucaldas.edu.co\/portal\/wp-content\/uploads\/2023\/11\/Logo_horizontal_oscuroU-2023.png","width":263,"height":101,"caption":"Universidad de Caldas"},"image":{"@id":"https:\/\/www.ucaldas.edu.co\/portal\/#\/schema\/logo\/image\/"},"sameAs":["https:\/\/www.facebook.com\/udecaldas","https:\/\/x.com\/udecaldas","https:\/\/www.youtube.com\/universidadcaldas","https:\/\/www.instagram.com\/udecaldas\/"]},{"@type":"Person","@id":"https:\/\/www.ucaldas.edu.co\/portal\/#\/schema\/person\/a1b482e23449158b4bc319926c074fdf","name":"ofiprensa","image":{"@type":"ImageObject","inLanguage":"es","@id":"https:\/\/www.ucaldas.edu.co\/portal\/wp-content\/litespeed\/avatar\/09ea5085e600095a7a811142c6944527.jpg?ver=1777497608","url":"https:\/\/www.ucaldas.edu.co\/portal\/wp-content\/litespeed\/avatar\/09ea5085e600095a7a811142c6944527.jpg?ver=1777497608","contentUrl":"https:\/\/www.ucaldas.edu.co\/portal\/wp-content\/litespeed\/avatar\/09ea5085e600095a7a811142c6944527.jpg?ver=1777497608","caption":"ofiprensa"},"url":"https:\/\/www.ucaldas.edu.co\/portal\/author\/ofiprensa\/"}]}},"_links":{"self":[{"href":"https:\/\/www.ucaldas.edu.co\/portal\/wp-json\/wp\/v2\/posts\/6501","targetHints":{"allow":["GET"]}}],"collection":[{"href":"https:\/\/www.ucaldas.edu.co\/portal\/wp-json\/wp\/v2\/posts"}],"about":[{"href":"https:\/\/www.ucaldas.edu.co\/portal\/wp-json\/wp\/v2\/types\/post"}],"author":[{"embeddable":true,"href":"https:\/\/www.ucaldas.edu.co\/portal\/wp-json\/wp\/v2\/users\/2"}],"replies":[{"embeddable":true,"href":"https:\/\/www.ucaldas.edu.co\/portal\/wp-json\/wp\/v2\/comments?post=6501"}],"version-history":[{"count":0,"href":"https:\/\/www.ucaldas.edu.co\/portal\/wp-json\/wp\/v2\/posts\/6501\/revisions"}],"wp:attachment":[{"href":"https:\/\/www.ucaldas.edu.co\/portal\/wp-json\/wp\/v2\/media?parent=6501"}],"wp:term":[{"taxonomy":"category","embeddable":true,"href":"https:\/\/www.ucaldas.edu.co\/portal\/wp-json\/wp\/v2\/categories?post=6501"},{"taxonomy":"post_tag","embeddable":true,"href":"https:\/\/www.ucaldas.edu.co\/portal\/wp-json\/wp\/v2\/tags?post=6501"}],"curies":[{"name":"wp","href":"https:\/\/api.w.org\/{rel}","templated":true}]}}