{"id":64993,"date":"2021-09-09T22:29:41","date_gmt":"2021-09-09T22:29:41","guid":{"rendered":"https:\/\/www.ucaldas.edu.co\/portal\/?p=64993"},"modified":"2021-09-09T22:29:41","modified_gmt":"2021-09-09T22:29:41","slug":"jardin-botanico-u-de-caldas-participa-en-el-desarrollo-de-la-politica-publica-de-agricultura-urbana-en-manizales","status":"publish","type":"post","link":"https:\/\/www.ucaldas.edu.co\/portal\/jardin-botanico-u-de-caldas-participa-en-el-desarrollo-de-la-politica-publica-de-agricultura-urbana-en-manizales\/","title":{"rendered":"Jard\u00edn Bot\u00e1nico U. de Caldas participa en el desarrollo de la pol\u00edtica p\u00fablica de Agricultura Urbana en Manizales"},"content":{"rendered":"<p style=\"text-align: center;\">SE REALIZAR\u00c1N 6 ENCUENTROS CON LA COMUNIDAD PARA CONOCER SUS IDEAS Y APORTES<br \/>\n<strong>Jard\u00edn Bot\u00e1nico U. de Caldas participa en el desarrollo<br \/>\nde la pol\u00edtica p\u00fablica de Agricultura Urbana en Manizales<\/strong><\/p>\n<p style=\"text-align: right;\">09\/09\/2021<\/p>\n<p><img loading=\"lazy\" decoding=\"async\" class=\"size-full wp-image-64994 aligncenter\" src=\"https:\/\/www.ucaldas.edu.co\/portal\/wp-content\/uploads\/2021\/09\/politica-agro-urbana.jpg\" alt=\"\" width=\"700\" height=\"400\" srcset=\"https:\/\/www.ucaldas.edu.co\/portal\/wp-content\/uploads\/2021\/09\/politica-agro-urbana.jpg 700w, https:\/\/www.ucaldas.edu.co\/portal\/wp-content\/uploads\/2021\/09\/politica-agro-urbana-300x171.jpg 300w\" sizes=\"auto, (max-width: 700px) 100vw, 700px\" \/><\/p>\n<p>Este viernes 10 de septiembre desde las 2:00 p.m. se llevar\u00e1 a cabo el primer di\u00e1logo para la formulaci\u00f3n de la pol\u00edtica p\u00fablica de agricultura urbana en Manizales, desarrollada por la Alcald\u00eda de Manizales a trav\u00e9s de \u00a0la Secretar\u00eda de Agricultura y el Jard\u00edn Bot\u00e1nico de la Universidad de Caldas.<\/p>\n<p><!--more--><\/p>\n<p>El desarrollo de la pol\u00edtica p\u00fablica de agricultura urbana en la ciudad, pretende promover la seguridad alimentaria y el fortalecimiento de experiencias institucionales, comunitarias e individuales que se vienen trabajando por la sostenibilidad y el medio ambiente en la ciudad.<\/p>\n<p>El director del Jard\u00edn Bot\u00e1nico, Jos\u00e9 Humberto Gallego Aristiz\u00e1bal, manifest\u00f3 que el desarrollo de la mencionada pol\u00edtica contar\u00e1 con 5 encuentros m\u00e1s de di\u00e1logo con las comunidades que quieran apostar a la propuesta de agricultura urbana en la ciudad, contando adem\u00e1s con la participaci\u00f3n de la institucionalidad y el sector p\u00fablico en este proceso.<\/p>\n<table style=\"height: 62px;\" width=\"741\">\n<tbody>\n<tr>\n<td style=\"width: 731px;\"><strong>PARA DESTACAR:<\/strong><\/p>\n<p>El primer di\u00e1logo se realizar\u00e1 en el sal\u00f3n Cumanday del Centro Cultural y de Convenciones Teatro los Fundadores.<\/td>\n<\/tr>\n<\/tbody>\n<\/table>\n<p>&nbsp;<\/p>\n<p><strong>Anexo:<\/strong><\/p>\n<p><strong><a href=\"https:\/\/www.ivoox.com\/jose-humberto-gallego-aristizabal-director-del-jardin-audios-mp3_rf_75238867_1.html\">Audio Jos\u00e9 Humberto Gallego Aristiz\u00e1bal. &#8211; director del Jard\u00edn Bot\u00e1nico.<\/a><br \/>\n<iframe loading=\"lazy\" src=\"https:\/\/co.ivoox.com\/es\/player_ek_75238867_2_1.html?data=mJqflZ2cepihhpywj5WVaZS1kpWah5yncZKhhpywj5WRaZi3jpWah5yncavj1IqwlYqlfYy81tLPx9fYs4y7wtHZx8zTb6Lmytjhy9-Jh5SZopbPw9GSb46fxc7fx8jYs9OfxcrZja_Fto6ZmKiapcbQqMLnjKbRz5C5cYarpJKh&amp;\" width=\"238\" height=\"48\" frameborder=\"0\" scrolling=\"no\" allowfullscreen=\"allowfullscreen\"><\/iframe><br \/>\n<\/strong><\/p>\n<p>&nbsp;<\/p>\n<p><strong>Informes: <\/strong>Oficina de Comunicaciones y Prensa Universidad de Caldas.<\/p>\n<p><strong>Redacci\u00f3n:<\/strong> Mateo Buritic\u00e1 Giraldo<\/p>\n<p>&nbsp;<\/p>\n","protected":false},"excerpt":{"rendered":"<p>SE REALIZAR\u00c1N 6 ENCUENTROS CON LA COMUNIDAD PARA CONOCER SUS IDEAS Y APORTES Jard\u00edn Bot\u00e1nico U. de Caldas participa en el desarrollo de la pol\u00edtica p\u00fablica de Agricultura Urbana en Manizales 09\/09\/2021 Este viernes 10 de septiembre desde las 2:00 p.m. se llevar\u00e1 a cabo el primer di\u00e1logo para la formulaci\u00f3n de la pol\u00edtica p\u00fablica [&hellip;]<\/p>\n","protected":false},"author":2,"featured_media":64994,"comment_status":"closed","ping_status":"open","sticky":false,"template":"","format":"standard","meta":{"footnotes":""},"categories":[48,53,617],"tags":[187,370,628,7134],"class_list":["post-64993","post","type-post","status-publish","format-standard","has-post-thumbnail","hentry","category-actualidad","category-universidad-al-dia","category-ucaldas-colaborativa","tag-vicerrectoria-de-proyeccion-universitaria","tag-jardin-botanico","tag-alcaldia-de-manizales","tag-politica-publica-agricultura-urbana"],"yoast_head":"<!-- This site is optimized with the Yoast SEO plugin v27.5 - https:\/\/yoast.com\/product\/yoast-seo-wordpress\/ -->\n<title>Jard\u00edn Bot\u00e1nico U. de Caldas participa en el desarrollo de la pol\u00edtica p\u00fablica de Agricultura Urbana en Manizales .<\/title>\n<meta name=\"robots\" content=\"index, follow, max-snippet:-1, max-image-preview:large, max-video-preview:-1\" \/>\n<link rel=\"canonical\" href=\"https:\/\/www.ucaldas.edu.co\/portal\/jardin-botanico-u-de-caldas-participa-en-el-desarrollo-de-la-politica-publica-de-agricultura-urbana-en-manizales\/\" \/>\n<script type=\"application\/ld+json\" class=\"yoast-schema-graph\">{\"@context\":\"https:\\\/\\\/schema.org\",\"@graph\":[{\"@type\":\"Article\",\"@id\":\"https:\\\/\\\/www.ucaldas.edu.co\\\/portal\\\/jardin-botanico-u-de-caldas-participa-en-el-desarrollo-de-la-politica-publica-de-agricultura-urbana-en-manizales\\\/#article\",\"isPartOf\":{\"@id\":\"https:\\\/\\\/www.ucaldas.edu.co\\\/portal\\\/jardin-botanico-u-de-caldas-participa-en-el-desarrollo-de-la-politica-publica-de-agricultura-urbana-en-manizales\\\/\"},\"author\":{\"name\":\"ofiprensa\",\"@id\":\"https:\\\/\\\/www.ucaldas.edu.co\\\/portal\\\/#\\\/schema\\\/person\\\/a1b482e23449158b4bc319926c074fdf\"},\"headline\":\"Jard\u00edn Bot\u00e1nico U. de Caldas participa en el desarrollo de la pol\u00edtica p\u00fablica de Agricultura Urbana en Manizales\",\"datePublished\":\"2021-09-09T22:29:41+00:00\",\"mainEntityOfPage\":{\"@id\":\"https:\\\/\\\/www.ucaldas.edu.co\\\/portal\\\/jardin-botanico-u-de-caldas-participa-en-el-desarrollo-de-la-politica-publica-de-agricultura-urbana-en-manizales\\\/\"},\"wordCount\":272,\"publisher\":{\"@id\":\"https:\\\/\\\/www.ucaldas.edu.co\\\/portal\\\/#organization\"},\"image\":{\"@id\":\"https:\\\/\\\/www.ucaldas.edu.co\\\/portal\\\/jardin-botanico-u-de-caldas-participa-en-el-desarrollo-de-la-politica-publica-de-agricultura-urbana-en-manizales\\\/#primaryimage\"},\"thumbnailUrl\":\"https:\\\/\\\/www.ucaldas.edu.co\\\/portal\\\/wp-content\\\/uploads\\\/2021\\\/09\\\/politica-agro-urbana.jpg\",\"keywords\":[\"vicerrector\u00eda de Proyecci\u00f3n Universitaria\",\"Jard\u00edn Bot\u00e1nico\",\"Alcald\u00eda de Manizales\",\"pol\u00edtica p\u00fablica agricultura urbana\"],\"articleSection\":[\"Actualidad\",\"Universidad al D\u00eda\",\"UCaldas Colaborativa\"],\"inLanguage\":\"es\"},{\"@type\":\"WebPage\",\"@id\":\"https:\\\/\\\/www.ucaldas.edu.co\\\/portal\\\/jardin-botanico-u-de-caldas-participa-en-el-desarrollo-de-la-politica-publica-de-agricultura-urbana-en-manizales\\\/\",\"url\":\"https:\\\/\\\/www.ucaldas.edu.co\\\/portal\\\/jardin-botanico-u-de-caldas-participa-en-el-desarrollo-de-la-politica-publica-de-agricultura-urbana-en-manizales\\\/\",\"name\":\"Jard\u00edn Bot\u00e1nico U. de Caldas participa en el desarrollo de la pol\u00edtica p\u00fablica de Agricultura Urbana en Manizales .\",\"isPartOf\":{\"@id\":\"https:\\\/\\\/www.ucaldas.edu.co\\\/portal\\\/#website\"},\"primaryImageOfPage\":{\"@id\":\"https:\\\/\\\/www.ucaldas.edu.co\\\/portal\\\/jardin-botanico-u-de-caldas-participa-en-el-desarrollo-de-la-politica-publica-de-agricultura-urbana-en-manizales\\\/#primaryimage\"},\"image\":{\"@id\":\"https:\\\/\\\/www.ucaldas.edu.co\\\/portal\\\/jardin-botanico-u-de-caldas-participa-en-el-desarrollo-de-la-politica-publica-de-agricultura-urbana-en-manizales\\\/#primaryimage\"},\"thumbnailUrl\":\"https:\\\/\\\/www.ucaldas.edu.co\\\/portal\\\/wp-content\\\/uploads\\\/2021\\\/09\\\/politica-agro-urbana.jpg\",\"datePublished\":\"2021-09-09T22:29:41+00:00\",\"breadcrumb\":{\"@id\":\"https:\\\/\\\/www.ucaldas.edu.co\\\/portal\\\/jardin-botanico-u-de-caldas-participa-en-el-desarrollo-de-la-politica-publica-de-agricultura-urbana-en-manizales\\\/#breadcrumb\"},\"inLanguage\":\"es\",\"potentialAction\":[{\"@type\":\"ReadAction\",\"target\":[\"https:\\\/\\\/www.ucaldas.edu.co\\\/portal\\\/jardin-botanico-u-de-caldas-participa-en-el-desarrollo-de-la-politica-publica-de-agricultura-urbana-en-manizales\\\/\"]}]},{\"@type\":\"ImageObject\",\"inLanguage\":\"es\",\"@id\":\"https:\\\/\\\/www.ucaldas.edu.co\\\/portal\\\/jardin-botanico-u-de-caldas-participa-en-el-desarrollo-de-la-politica-publica-de-agricultura-urbana-en-manizales\\\/#primaryimage\",\"url\":\"https:\\\/\\\/www.ucaldas.edu.co\\\/portal\\\/wp-content\\\/uploads\\\/2021\\\/09\\\/politica-agro-urbana.jpg\",\"contentUrl\":\"https:\\\/\\\/www.ucaldas.edu.co\\\/portal\\\/wp-content\\\/uploads\\\/2021\\\/09\\\/politica-agro-urbana.jpg\",\"width\":700,\"height\":400},{\"@type\":\"BreadcrumbList\",\"@id\":\"https:\\\/\\\/www.ucaldas.edu.co\\\/portal\\\/jardin-botanico-u-de-caldas-participa-en-el-desarrollo-de-la-politica-publica-de-agricultura-urbana-en-manizales\\\/#breadcrumb\",\"itemListElement\":[{\"@type\":\"ListItem\",\"position\":1,\"name\":\"Portada\",\"item\":\"https:\\\/\\\/www.ucaldas.edu.co\\\/portal\\\/\"},{\"@type\":\"ListItem\",\"position\":2,\"name\":\"Jard\u00edn Bot\u00e1nico U. de Caldas participa en el desarrollo de la pol\u00edtica p\u00fablica de Agricultura Urbana en Manizales\"}]},{\"@type\":\"WebSite\",\"@id\":\"https:\\\/\\\/www.ucaldas.edu.co\\\/portal\\\/#website\",\"url\":\"https:\\\/\\\/www.ucaldas.edu.co\\\/portal\\\/\",\"name\":\"Universidad de Caldas\",\"description\":\"\",\"publisher\":{\"@id\":\"https:\\\/\\\/www.ucaldas.edu.co\\\/portal\\\/#organization\"},\"alternateName\":\"U. de Caldas\",\"potentialAction\":[{\"@type\":\"SearchAction\",\"target\":{\"@type\":\"EntryPoint\",\"urlTemplate\":\"https:\\\/\\\/www.ucaldas.edu.co\\\/portal\\\/?s={search_term_string}\"},\"query-input\":{\"@type\":\"PropertyValueSpecification\",\"valueRequired\":true,\"valueName\":\"search_term_string\"}}],\"inLanguage\":\"es\"},{\"@type\":\"Organization\",\"@id\":\"https:\\\/\\\/www.ucaldas.edu.co\\\/portal\\\/#organization\",\"name\":\"Universidad de Caldas\",\"alternateName\":\"U. de Caldas\",\"url\":\"https:\\\/\\\/www.ucaldas.edu.co\\\/portal\\\/\",\"logo\":{\"@type\":\"ImageObject\",\"inLanguage\":\"es\",\"@id\":\"https:\\\/\\\/www.ucaldas.edu.co\\\/portal\\\/#\\\/schema\\\/logo\\\/image\\\/\",\"url\":\"https:\\\/\\\/www.ucaldas.edu.co\\\/portal\\\/wp-content\\\/uploads\\\/2023\\\/11\\\/Logo_horizontal_oscuroU-2023.png\",\"contentUrl\":\"https:\\\/\\\/www.ucaldas.edu.co\\\/portal\\\/wp-content\\\/uploads\\\/2023\\\/11\\\/Logo_horizontal_oscuroU-2023.png\",\"width\":263,\"height\":101,\"caption\":\"Universidad de Caldas\"},\"image\":{\"@id\":\"https:\\\/\\\/www.ucaldas.edu.co\\\/portal\\\/#\\\/schema\\\/logo\\\/image\\\/\"},\"sameAs\":[\"https:\\\/\\\/www.facebook.com\\\/udecaldas\",\"https:\\\/\\\/x.com\\\/udecaldas\",\"https:\\\/\\\/www.youtube.com\\\/universidadcaldas\",\"https:\\\/\\\/www.instagram.com\\\/udecaldas\\\/\"]},{\"@type\":\"Person\",\"@id\":\"https:\\\/\\\/www.ucaldas.edu.co\\\/portal\\\/#\\\/schema\\\/person\\\/a1b482e23449158b4bc319926c074fdf\",\"name\":\"ofiprensa\",\"image\":{\"@type\":\"ImageObject\",\"inLanguage\":\"es\",\"@id\":\"https:\\\/\\\/www.ucaldas.edu.co\\\/portal\\\/wp-content\\\/litespeed\\\/avatar\\\/09ea5085e600095a7a811142c6944527.jpg?ver=1777497608\",\"url\":\"https:\\\/\\\/www.ucaldas.edu.co\\\/portal\\\/wp-content\\\/litespeed\\\/avatar\\\/09ea5085e600095a7a811142c6944527.jpg?ver=1777497608\",\"contentUrl\":\"https:\\\/\\\/www.ucaldas.edu.co\\\/portal\\\/wp-content\\\/litespeed\\\/avatar\\\/09ea5085e600095a7a811142c6944527.jpg?ver=1777497608\",\"caption\":\"ofiprensa\"},\"url\":\"https:\\\/\\\/www.ucaldas.edu.co\\\/portal\\\/author\\\/ofiprensa\\\/\"}]}<\/script>\n<!-- \/ Yoast SEO plugin. -->","yoast_head_json":{"title":"Jard\u00edn Bot\u00e1nico U. de Caldas participa en el desarrollo de la pol\u00edtica p\u00fablica de Agricultura Urbana en Manizales .","robots":{"index":"index","follow":"follow","max-snippet":"max-snippet:-1","max-image-preview":"max-image-preview:large","max-video-preview":"max-video-preview:-1"},"canonical":"https:\/\/www.ucaldas.edu.co\/portal\/jardin-botanico-u-de-caldas-participa-en-el-desarrollo-de-la-politica-publica-de-agricultura-urbana-en-manizales\/","schema":{"@context":"https:\/\/schema.org","@graph":[{"@type":"Article","@id":"https:\/\/www.ucaldas.edu.co\/portal\/jardin-botanico-u-de-caldas-participa-en-el-desarrollo-de-la-politica-publica-de-agricultura-urbana-en-manizales\/#article","isPartOf":{"@id":"https:\/\/www.ucaldas.edu.co\/portal\/jardin-botanico-u-de-caldas-participa-en-el-desarrollo-de-la-politica-publica-de-agricultura-urbana-en-manizales\/"},"author":{"name":"ofiprensa","@id":"https:\/\/www.ucaldas.edu.co\/portal\/#\/schema\/person\/a1b482e23449158b4bc319926c074fdf"},"headline":"Jard\u00edn Bot\u00e1nico U. de Caldas participa en el desarrollo de la pol\u00edtica p\u00fablica de Agricultura Urbana en Manizales","datePublished":"2021-09-09T22:29:41+00:00","mainEntityOfPage":{"@id":"https:\/\/www.ucaldas.edu.co\/portal\/jardin-botanico-u-de-caldas-participa-en-el-desarrollo-de-la-politica-publica-de-agricultura-urbana-en-manizales\/"},"wordCount":272,"publisher":{"@id":"https:\/\/www.ucaldas.edu.co\/portal\/#organization"},"image":{"@id":"https:\/\/www.ucaldas.edu.co\/portal\/jardin-botanico-u-de-caldas-participa-en-el-desarrollo-de-la-politica-publica-de-agricultura-urbana-en-manizales\/#primaryimage"},"thumbnailUrl":"https:\/\/www.ucaldas.edu.co\/portal\/wp-content\/uploads\/2021\/09\/politica-agro-urbana.jpg","keywords":["vicerrector\u00eda de Proyecci\u00f3n Universitaria","Jard\u00edn Bot\u00e1nico","Alcald\u00eda de Manizales","pol\u00edtica p\u00fablica agricultura urbana"],"articleSection":["Actualidad","Universidad al D\u00eda","UCaldas Colaborativa"],"inLanguage":"es"},{"@type":"WebPage","@id":"https:\/\/www.ucaldas.edu.co\/portal\/jardin-botanico-u-de-caldas-participa-en-el-desarrollo-de-la-politica-publica-de-agricultura-urbana-en-manizales\/","url":"https:\/\/www.ucaldas.edu.co\/portal\/jardin-botanico-u-de-caldas-participa-en-el-desarrollo-de-la-politica-publica-de-agricultura-urbana-en-manizales\/","name":"Jard\u00edn Bot\u00e1nico U. de Caldas participa en el desarrollo de la pol\u00edtica p\u00fablica de Agricultura Urbana en Manizales .","isPartOf":{"@id":"https:\/\/www.ucaldas.edu.co\/portal\/#website"},"primaryImageOfPage":{"@id":"https:\/\/www.ucaldas.edu.co\/portal\/jardin-botanico-u-de-caldas-participa-en-el-desarrollo-de-la-politica-publica-de-agricultura-urbana-en-manizales\/#primaryimage"},"image":{"@id":"https:\/\/www.ucaldas.edu.co\/portal\/jardin-botanico-u-de-caldas-participa-en-el-desarrollo-de-la-politica-publica-de-agricultura-urbana-en-manizales\/#primaryimage"},"thumbnailUrl":"https:\/\/www.ucaldas.edu.co\/portal\/wp-content\/uploads\/2021\/09\/politica-agro-urbana.jpg","datePublished":"2021-09-09T22:29:41+00:00","breadcrumb":{"@id":"https:\/\/www.ucaldas.edu.co\/portal\/jardin-botanico-u-de-caldas-participa-en-el-desarrollo-de-la-politica-publica-de-agricultura-urbana-en-manizales\/#breadcrumb"},"inLanguage":"es","potentialAction":[{"@type":"ReadAction","target":["https:\/\/www.ucaldas.edu.co\/portal\/jardin-botanico-u-de-caldas-participa-en-el-desarrollo-de-la-politica-publica-de-agricultura-urbana-en-manizales\/"]}]},{"@type":"ImageObject","inLanguage":"es","@id":"https:\/\/www.ucaldas.edu.co\/portal\/jardin-botanico-u-de-caldas-participa-en-el-desarrollo-de-la-politica-publica-de-agricultura-urbana-en-manizales\/#primaryimage","url":"https:\/\/www.ucaldas.edu.co\/portal\/wp-content\/uploads\/2021\/09\/politica-agro-urbana.jpg","contentUrl":"https:\/\/www.ucaldas.edu.co\/portal\/wp-content\/uploads\/2021\/09\/politica-agro-urbana.jpg","width":700,"height":400},{"@type":"BreadcrumbList","@id":"https:\/\/www.ucaldas.edu.co\/portal\/jardin-botanico-u-de-caldas-participa-en-el-desarrollo-de-la-politica-publica-de-agricultura-urbana-en-manizales\/#breadcrumb","itemListElement":[{"@type":"ListItem","position":1,"name":"Portada","item":"https:\/\/www.ucaldas.edu.co\/portal\/"},{"@type":"ListItem","position":2,"name":"Jard\u00edn Bot\u00e1nico U. de Caldas participa en el desarrollo de la pol\u00edtica p\u00fablica de Agricultura Urbana en Manizales"}]},{"@type":"WebSite","@id":"https:\/\/www.ucaldas.edu.co\/portal\/#website","url":"https:\/\/www.ucaldas.edu.co\/portal\/","name":"Universidad de Caldas","description":"","publisher":{"@id":"https:\/\/www.ucaldas.edu.co\/portal\/#organization"},"alternateName":"U. de Caldas","potentialAction":[{"@type":"SearchAction","target":{"@type":"EntryPoint","urlTemplate":"https:\/\/www.ucaldas.edu.co\/portal\/?s={search_term_string}"},"query-input":{"@type":"PropertyValueSpecification","valueRequired":true,"valueName":"search_term_string"}}],"inLanguage":"es"},{"@type":"Organization","@id":"https:\/\/www.ucaldas.edu.co\/portal\/#organization","name":"Universidad de Caldas","alternateName":"U. de Caldas","url":"https:\/\/www.ucaldas.edu.co\/portal\/","logo":{"@type":"ImageObject","inLanguage":"es","@id":"https:\/\/www.ucaldas.edu.co\/portal\/#\/schema\/logo\/image\/","url":"https:\/\/www.ucaldas.edu.co\/portal\/wp-content\/uploads\/2023\/11\/Logo_horizontal_oscuroU-2023.png","contentUrl":"https:\/\/www.ucaldas.edu.co\/portal\/wp-content\/uploads\/2023\/11\/Logo_horizontal_oscuroU-2023.png","width":263,"height":101,"caption":"Universidad de Caldas"},"image":{"@id":"https:\/\/www.ucaldas.edu.co\/portal\/#\/schema\/logo\/image\/"},"sameAs":["https:\/\/www.facebook.com\/udecaldas","https:\/\/x.com\/udecaldas","https:\/\/www.youtube.com\/universidadcaldas","https:\/\/www.instagram.com\/udecaldas\/"]},{"@type":"Person","@id":"https:\/\/www.ucaldas.edu.co\/portal\/#\/schema\/person\/a1b482e23449158b4bc319926c074fdf","name":"ofiprensa","image":{"@type":"ImageObject","inLanguage":"es","@id":"https:\/\/www.ucaldas.edu.co\/portal\/wp-content\/litespeed\/avatar\/09ea5085e600095a7a811142c6944527.jpg?ver=1777497608","url":"https:\/\/www.ucaldas.edu.co\/portal\/wp-content\/litespeed\/avatar\/09ea5085e600095a7a811142c6944527.jpg?ver=1777497608","contentUrl":"https:\/\/www.ucaldas.edu.co\/portal\/wp-content\/litespeed\/avatar\/09ea5085e600095a7a811142c6944527.jpg?ver=1777497608","caption":"ofiprensa"},"url":"https:\/\/www.ucaldas.edu.co\/portal\/author\/ofiprensa\/"}]}},"_links":{"self":[{"href":"https:\/\/www.ucaldas.edu.co\/portal\/wp-json\/wp\/v2\/posts\/64993","targetHints":{"allow":["GET"]}}],"collection":[{"href":"https:\/\/www.ucaldas.edu.co\/portal\/wp-json\/wp\/v2\/posts"}],"about":[{"href":"https:\/\/www.ucaldas.edu.co\/portal\/wp-json\/wp\/v2\/types\/post"}],"author":[{"embeddable":true,"href":"https:\/\/www.ucaldas.edu.co\/portal\/wp-json\/wp\/v2\/users\/2"}],"replies":[{"embeddable":true,"href":"https:\/\/www.ucaldas.edu.co\/portal\/wp-json\/wp\/v2\/comments?post=64993"}],"version-history":[{"count":0,"href":"https:\/\/www.ucaldas.edu.co\/portal\/wp-json\/wp\/v2\/posts\/64993\/revisions"}],"wp:featuredmedia":[{"embeddable":true,"href":"https:\/\/www.ucaldas.edu.co\/portal\/wp-json\/wp\/v2\/media\/64994"}],"wp:attachment":[{"href":"https:\/\/www.ucaldas.edu.co\/portal\/wp-json\/wp\/v2\/media?parent=64993"}],"wp:term":[{"taxonomy":"category","embeddable":true,"href":"https:\/\/www.ucaldas.edu.co\/portal\/wp-json\/wp\/v2\/categories?post=64993"},{"taxonomy":"post_tag","embeddable":true,"href":"https:\/\/www.ucaldas.edu.co\/portal\/wp-json\/wp\/v2\/tags?post=64993"}],"curies":[{"name":"wp","href":"https:\/\/api.w.org\/{rel}","templated":true}]}}