{"id":64803,"date":"2021-09-03T21:47:47","date_gmt":"2021-09-03T21:47:47","guid":{"rendered":"https:\/\/www.ucaldas.edu.co\/portal\/?p=64803"},"modified":"2021-09-03T21:48:53","modified_gmt":"2021-09-03T21:48:53","slug":"inicia-la-travesia-del-museo-rodante","status":"publish","type":"post","link":"https:\/\/www.ucaldas.edu.co\/portal\/inicia-la-travesia-del-museo-rodante\/","title":{"rendered":"Inicia la traves\u00eda del Museo Rodante"},"content":{"rendered":"<p style=\"text-align: center;\">VISITAR\u00c1 14 MUNICIPIOS DE CALDAS<br \/>\n<strong>Inicia la traves\u00eda del Museo Rodante<\/strong><\/p>\n<p style=\"text-align: right;\">03\/09\/2021<\/p>\n<p><img loading=\"lazy\" decoding=\"async\" class=\"size-full wp-image-64804 aligncenter\" src=\"https:\/\/www.ucaldas.edu.co\/portal\/wp-content\/uploads\/2021\/09\/museo-rodante.jpg\" alt=\"\" width=\"700\" height=\"400\" srcset=\"https:\/\/www.ucaldas.edu.co\/portal\/wp-content\/uploads\/2021\/09\/museo-rodante.jpg 700w, https:\/\/www.ucaldas.edu.co\/portal\/wp-content\/uploads\/2021\/09\/museo-rodante-300x171.jpg 300w\" sizes=\"auto, (max-width: 700px) 100vw, 700px\" \/><\/p>\n<p>A partir del lunes\u00a0 6\u00a0 y hasta el 27 de septiembre se llevar\u00e1 a cabo la cuarta versi\u00f3n del Museo Rodante del Centro de Museos de la Universidad de Caldas, el cual recorrer\u00e1 14 municipios de Caldas con diversas exposiciones para toda la comunidad.<\/p>\n<p><!--more--><\/p>\n<p>Este a\u00f1o el Museo Rodante le apost\u00f3 a la reactivaci\u00f3n del sector cultural, para lo que se dispuso una muestra de paleontolog\u00eda, rocas y minerales que ser\u00e1 abierta al p\u00fablico para \u00a0su recorrido el pr\u00f3ximo lunes 6 \u00a0en el barrio San Jos\u00e9 de Manizales a las 10:00 a.m. con un acto inaugural que marca su partida por Caldas.<\/p>\n<p>&nbsp;<\/p>\n<p>La agenda prevista es la siguiente:<\/p>\n<p>&nbsp;<\/p>\n<table>\n<tbody>\n<tr>\n<td width=\"310\"><strong>MUNICIPIO<\/strong><\/td>\n<td width=\"279\"><strong>D\u00cdA<\/strong><\/td>\n<\/tr>\n<tr>\n<td width=\"310\">Manizales<\/td>\n<td width=\"279\">6 de septiembre<\/td>\n<\/tr>\n<tr>\n<td width=\"310\">Viterbo<\/td>\n<td width=\"279\">7 de septiembre<\/td>\n<\/tr>\n<tr>\n<td width=\"310\">Riosucio<\/td>\n<td width=\"279\">8 de septiembre<\/td>\n<\/tr>\n<tr>\n<td width=\"310\">Sup\u00eda<\/td>\n<td width=\"279\">9 de septiembre<\/td>\n<\/tr>\n<tr>\n<td width=\"310\">Marmato<\/td>\n<td width=\"279\">10 de septiembre<\/td>\n<\/tr>\n<tr>\n<td width=\"310\">La Merced<\/td>\n<td width=\"279\">11 de septiembre<\/td>\n<\/tr>\n<tr>\n<td width=\"310\">Marulanda<\/td>\n<td width=\"279\">12 y 13 de septiembre<\/td>\n<\/tr>\n<tr>\n<td width=\"310\">Manzanares<\/td>\n<td width=\"279\">14 y 15 de septiembre<\/td>\n<\/tr>\n<tr>\n<td width=\"310\">Pensilvania<\/td>\n<td width=\"279\">16 y 17 de septiembre<\/td>\n<\/tr>\n<tr>\n<td width=\"310\">Marquetalia<\/td>\n<td width=\"279\">18 y 19 de septiembre<\/td>\n<\/tr>\n<tr>\n<td width=\"310\">Saman\u00e1<\/td>\n<td width=\"279\">20 y 21 de septiembre<\/td>\n<\/tr>\n<tr>\n<td width=\"310\">Victoria<\/td>\n<td width=\"279\">22 y 23 de septiembre<\/td>\n<\/tr>\n<tr>\n<td width=\"310\">Norcasia<\/td>\n<td width=\"279\">24 y 25 de septiembre<\/td>\n<\/tr>\n<tr>\n<td width=\"310\">La Dorada<\/td>\n<td width=\"279\">26 y 27 de septiembre<\/td>\n<\/tr>\n<\/tbody>\n<\/table>\n<p>&nbsp;<\/p>\n<p>El principal objetivo del Museo Rodante es brindar a las comunidades del departamento, \u00a0espacios innovadores de conocimiento mediante el cual se haga posible la interacci\u00f3n directa para el aprendizaje del patrimonio biocultural de la regi\u00f3n por parte de sus propios habitantes.<\/p>\n<p>Esta experiencia llegar\u00e1 a los\u00a0 municipios gracias a la alianza entre la Universidad de Caldas y la Biblioteca Digital de Confa.<\/p>\n<p>&nbsp;<\/p>\n<p><strong><a href=\"https:\/\/ccusalmona.com\/cultura-arte-y-patrimonio\/centro-de-museos\/?fbclid=IwAR0iEWErhvBA160POEgEW8mNN4VwygEjdedwoO2BCYMbn7Dg-vXZOvxrXHM\">Conozca m\u00e1s del museo aqu\u00ed.<\/a><\/strong><\/p>\n<p>&nbsp;<\/p>\n<p><strong>Anexo:<br \/>\n<\/strong><strong><a href=\"https:\/\/www.ivoox.com\/carolina-aguirre-tapasco-8211-director-del-centro-de-audios-mp3_rf_74978457_1.html\">Audio Carolina Aguirre Tapasco \u2013 directora del Centro de Museos U. de Caldas.<\/a><br \/>\n<iframe loading=\"lazy\" src=\"https:\/\/co.ivoox.com\/es\/player_ek_74978457_2_1.html?data=mJmmmZ2YeZihhpywj5WUaZS1lZ2ah5yncZKhhpywj5WRaZi3jpWah5yncaTV09TZy9PFb6Lb1s7f1MqPmMLkwtjQ0ZCJdpeZk5illJaVaZS2jMnW1MrHuNDmjMnSzpCnqc_o09SYxsqRaZi3jqjOzsnFt4y1xdKYt5KJe6ShlQ..&amp;\" width=\"238\" height=\"48\" frameborder=\"0\" scrolling=\"no\" allowfullscreen=\"allowfullscreen\"><\/iframe><\/strong><\/p>\n<p>&nbsp;<\/p>\n<p><strong>\u00a0<\/strong><\/p>\n<p><strong>Informes: <\/strong>Oficina de Comunicaciones y Prensa Universidad de Caldas.<\/p>\n<p><strong>Redacci\u00f3n:<\/strong> Mateo Buritic\u00e1 Giraldo<\/p>\n<p>&nbsp;<\/p>\n","protected":false},"excerpt":{"rendered":"<p>VISITAR\u00c1 14 MUNICIPIOS DE CALDAS Inicia la traves\u00eda del Museo Rodante 03\/09\/2021 A partir del lunes\u00a0 6\u00a0 y hasta el 27 de septiembre se llevar\u00e1 a cabo la cuarta versi\u00f3n del Museo Rodante del Centro de Museos de la Universidad de Caldas, el cual recorrer\u00e1 14 municipios de Caldas con diversas exposiciones para toda la [&hellip;]<\/p>\n","protected":false},"author":2,"featured_media":64804,"comment_status":"closed","ping_status":"open","sticky":false,"template":"","format":"standard","meta":{"footnotes":""},"categories":[48,53,62],"tags":[187,371,3063,3098,7095],"class_list":["post-64803","post","type-post","status-publish","format-standard","has-post-thumbnail","hentry","category-actualidad","category-universidad-al-dia","category-eventos","tag-vicerrectoria-de-proyeccion-universitaria","tag-centro-de-museos","tag-museo-rodante","tag-confa","tag-exposiciones-caldas"],"yoast_head":"<!-- This site is optimized with the Yoast SEO plugin v27.5 - https:\/\/yoast.com\/product\/yoast-seo-wordpress\/ -->\n<title>Inicia la traves\u00eda del Museo Rodante .<\/title>\n<meta name=\"robots\" content=\"index, follow, max-snippet:-1, max-image-preview:large, max-video-preview:-1\" \/>\n<link rel=\"canonical\" href=\"https:\/\/www.ucaldas.edu.co\/portal\/inicia-la-travesia-del-museo-rodante\/\" \/>\n<script type=\"application\/ld+json\" class=\"yoast-schema-graph\">{\"@context\":\"https:\\\/\\\/schema.org\",\"@graph\":[{\"@type\":\"Article\",\"@id\":\"https:\\\/\\\/www.ucaldas.edu.co\\\/portal\\\/inicia-la-travesia-del-museo-rodante\\\/#article\",\"isPartOf\":{\"@id\":\"https:\\\/\\\/www.ucaldas.edu.co\\\/portal\\\/inicia-la-travesia-del-museo-rodante\\\/\"},\"author\":{\"name\":\"ofiprensa\",\"@id\":\"https:\\\/\\\/www.ucaldas.edu.co\\\/portal\\\/#\\\/schema\\\/person\\\/a1b482e23449158b4bc319926c074fdf\"},\"headline\":\"Inicia la traves\u00eda del Museo Rodante\",\"datePublished\":\"2021-09-03T21:47:47+00:00\",\"dateModified\":\"2021-09-03T21:48:53+00:00\",\"mainEntityOfPage\":{\"@id\":\"https:\\\/\\\/www.ucaldas.edu.co\\\/portal\\\/inicia-la-travesia-del-museo-rodante\\\/\"},\"wordCount\":288,\"publisher\":{\"@id\":\"https:\\\/\\\/www.ucaldas.edu.co\\\/portal\\\/#organization\"},\"image\":{\"@id\":\"https:\\\/\\\/www.ucaldas.edu.co\\\/portal\\\/inicia-la-travesia-del-museo-rodante\\\/#primaryimage\"},\"thumbnailUrl\":\"https:\\\/\\\/www.ucaldas.edu.co\\\/portal\\\/wp-content\\\/uploads\\\/2021\\\/09\\\/museo-rodante.jpg\",\"keywords\":[\"vicerrector\u00eda de Proyecci\u00f3n Universitaria\",\"Centro de Museos\",\"museo rodante\",\"CONFA\",\"exposiciones caldas\"],\"articleSection\":[\"Actualidad\",\"Universidad al D\u00eda\",\"Eventos\"],\"inLanguage\":\"es\"},{\"@type\":\"WebPage\",\"@id\":\"https:\\\/\\\/www.ucaldas.edu.co\\\/portal\\\/inicia-la-travesia-del-museo-rodante\\\/\",\"url\":\"https:\\\/\\\/www.ucaldas.edu.co\\\/portal\\\/inicia-la-travesia-del-museo-rodante\\\/\",\"name\":\"Inicia la traves\u00eda del Museo Rodante .\",\"isPartOf\":{\"@id\":\"https:\\\/\\\/www.ucaldas.edu.co\\\/portal\\\/#website\"},\"primaryImageOfPage\":{\"@id\":\"https:\\\/\\\/www.ucaldas.edu.co\\\/portal\\\/inicia-la-travesia-del-museo-rodante\\\/#primaryimage\"},\"image\":{\"@id\":\"https:\\\/\\\/www.ucaldas.edu.co\\\/portal\\\/inicia-la-travesia-del-museo-rodante\\\/#primaryimage\"},\"thumbnailUrl\":\"https:\\\/\\\/www.ucaldas.edu.co\\\/portal\\\/wp-content\\\/uploads\\\/2021\\\/09\\\/museo-rodante.jpg\",\"datePublished\":\"2021-09-03T21:47:47+00:00\",\"dateModified\":\"2021-09-03T21:48:53+00:00\",\"breadcrumb\":{\"@id\":\"https:\\\/\\\/www.ucaldas.edu.co\\\/portal\\\/inicia-la-travesia-del-museo-rodante\\\/#breadcrumb\"},\"inLanguage\":\"es\",\"potentialAction\":[{\"@type\":\"ReadAction\",\"target\":[\"https:\\\/\\\/www.ucaldas.edu.co\\\/portal\\\/inicia-la-travesia-del-museo-rodante\\\/\"]}]},{\"@type\":\"ImageObject\",\"inLanguage\":\"es\",\"@id\":\"https:\\\/\\\/www.ucaldas.edu.co\\\/portal\\\/inicia-la-travesia-del-museo-rodante\\\/#primaryimage\",\"url\":\"https:\\\/\\\/www.ucaldas.edu.co\\\/portal\\\/wp-content\\\/uploads\\\/2021\\\/09\\\/museo-rodante.jpg\",\"contentUrl\":\"https:\\\/\\\/www.ucaldas.edu.co\\\/portal\\\/wp-content\\\/uploads\\\/2021\\\/09\\\/museo-rodante.jpg\",\"width\":700,\"height\":400},{\"@type\":\"BreadcrumbList\",\"@id\":\"https:\\\/\\\/www.ucaldas.edu.co\\\/portal\\\/inicia-la-travesia-del-museo-rodante\\\/#breadcrumb\",\"itemListElement\":[{\"@type\":\"ListItem\",\"position\":1,\"name\":\"Portada\",\"item\":\"https:\\\/\\\/www.ucaldas.edu.co\\\/portal\\\/\"},{\"@type\":\"ListItem\",\"position\":2,\"name\":\"Inicia la traves\u00eda del Museo Rodante\"}]},{\"@type\":\"WebSite\",\"@id\":\"https:\\\/\\\/www.ucaldas.edu.co\\\/portal\\\/#website\",\"url\":\"https:\\\/\\\/www.ucaldas.edu.co\\\/portal\\\/\",\"name\":\"Universidad de Caldas\",\"description\":\"\",\"publisher\":{\"@id\":\"https:\\\/\\\/www.ucaldas.edu.co\\\/portal\\\/#organization\"},\"alternateName\":\"U. de Caldas\",\"potentialAction\":[{\"@type\":\"SearchAction\",\"target\":{\"@type\":\"EntryPoint\",\"urlTemplate\":\"https:\\\/\\\/www.ucaldas.edu.co\\\/portal\\\/?s={search_term_string}\"},\"query-input\":{\"@type\":\"PropertyValueSpecification\",\"valueRequired\":true,\"valueName\":\"search_term_string\"}}],\"inLanguage\":\"es\"},{\"@type\":\"Organization\",\"@id\":\"https:\\\/\\\/www.ucaldas.edu.co\\\/portal\\\/#organization\",\"name\":\"Universidad de Caldas\",\"alternateName\":\"U. de Caldas\",\"url\":\"https:\\\/\\\/www.ucaldas.edu.co\\\/portal\\\/\",\"logo\":{\"@type\":\"ImageObject\",\"inLanguage\":\"es\",\"@id\":\"https:\\\/\\\/www.ucaldas.edu.co\\\/portal\\\/#\\\/schema\\\/logo\\\/image\\\/\",\"url\":\"https:\\\/\\\/www.ucaldas.edu.co\\\/portal\\\/wp-content\\\/uploads\\\/2023\\\/11\\\/Logo_horizontal_oscuroU-2023.png\",\"contentUrl\":\"https:\\\/\\\/www.ucaldas.edu.co\\\/portal\\\/wp-content\\\/uploads\\\/2023\\\/11\\\/Logo_horizontal_oscuroU-2023.png\",\"width\":263,\"height\":101,\"caption\":\"Universidad de Caldas\"},\"image\":{\"@id\":\"https:\\\/\\\/www.ucaldas.edu.co\\\/portal\\\/#\\\/schema\\\/logo\\\/image\\\/\"},\"sameAs\":[\"https:\\\/\\\/www.facebook.com\\\/udecaldas\",\"https:\\\/\\\/x.com\\\/udecaldas\",\"https:\\\/\\\/www.youtube.com\\\/universidadcaldas\",\"https:\\\/\\\/www.instagram.com\\\/udecaldas\\\/\"]},{\"@type\":\"Person\",\"@id\":\"https:\\\/\\\/www.ucaldas.edu.co\\\/portal\\\/#\\\/schema\\\/person\\\/a1b482e23449158b4bc319926c074fdf\",\"name\":\"ofiprensa\",\"image\":{\"@type\":\"ImageObject\",\"inLanguage\":\"es\",\"@id\":\"https:\\\/\\\/www.ucaldas.edu.co\\\/portal\\\/wp-content\\\/litespeed\\\/avatar\\\/09ea5085e600095a7a811142c6944527.jpg?ver=1777497608\",\"url\":\"https:\\\/\\\/www.ucaldas.edu.co\\\/portal\\\/wp-content\\\/litespeed\\\/avatar\\\/09ea5085e600095a7a811142c6944527.jpg?ver=1777497608\",\"contentUrl\":\"https:\\\/\\\/www.ucaldas.edu.co\\\/portal\\\/wp-content\\\/litespeed\\\/avatar\\\/09ea5085e600095a7a811142c6944527.jpg?ver=1777497608\",\"caption\":\"ofiprensa\"},\"url\":\"https:\\\/\\\/www.ucaldas.edu.co\\\/portal\\\/author\\\/ofiprensa\\\/\"}]}<\/script>\n<!-- \/ Yoast SEO plugin. -->","yoast_head_json":{"title":"Inicia la traves\u00eda del Museo Rodante .","robots":{"index":"index","follow":"follow","max-snippet":"max-snippet:-1","max-image-preview":"max-image-preview:large","max-video-preview":"max-video-preview:-1"},"canonical":"https:\/\/www.ucaldas.edu.co\/portal\/inicia-la-travesia-del-museo-rodante\/","schema":{"@context":"https:\/\/schema.org","@graph":[{"@type":"Article","@id":"https:\/\/www.ucaldas.edu.co\/portal\/inicia-la-travesia-del-museo-rodante\/#article","isPartOf":{"@id":"https:\/\/www.ucaldas.edu.co\/portal\/inicia-la-travesia-del-museo-rodante\/"},"author":{"name":"ofiprensa","@id":"https:\/\/www.ucaldas.edu.co\/portal\/#\/schema\/person\/a1b482e23449158b4bc319926c074fdf"},"headline":"Inicia la traves\u00eda del Museo Rodante","datePublished":"2021-09-03T21:47:47+00:00","dateModified":"2021-09-03T21:48:53+00:00","mainEntityOfPage":{"@id":"https:\/\/www.ucaldas.edu.co\/portal\/inicia-la-travesia-del-museo-rodante\/"},"wordCount":288,"publisher":{"@id":"https:\/\/www.ucaldas.edu.co\/portal\/#organization"},"image":{"@id":"https:\/\/www.ucaldas.edu.co\/portal\/inicia-la-travesia-del-museo-rodante\/#primaryimage"},"thumbnailUrl":"https:\/\/www.ucaldas.edu.co\/portal\/wp-content\/uploads\/2021\/09\/museo-rodante.jpg","keywords":["vicerrector\u00eda de Proyecci\u00f3n Universitaria","Centro de Museos","museo rodante","CONFA","exposiciones caldas"],"articleSection":["Actualidad","Universidad al D\u00eda","Eventos"],"inLanguage":"es"},{"@type":"WebPage","@id":"https:\/\/www.ucaldas.edu.co\/portal\/inicia-la-travesia-del-museo-rodante\/","url":"https:\/\/www.ucaldas.edu.co\/portal\/inicia-la-travesia-del-museo-rodante\/","name":"Inicia la traves\u00eda del Museo Rodante .","isPartOf":{"@id":"https:\/\/www.ucaldas.edu.co\/portal\/#website"},"primaryImageOfPage":{"@id":"https:\/\/www.ucaldas.edu.co\/portal\/inicia-la-travesia-del-museo-rodante\/#primaryimage"},"image":{"@id":"https:\/\/www.ucaldas.edu.co\/portal\/inicia-la-travesia-del-museo-rodante\/#primaryimage"},"thumbnailUrl":"https:\/\/www.ucaldas.edu.co\/portal\/wp-content\/uploads\/2021\/09\/museo-rodante.jpg","datePublished":"2021-09-03T21:47:47+00:00","dateModified":"2021-09-03T21:48:53+00:00","breadcrumb":{"@id":"https:\/\/www.ucaldas.edu.co\/portal\/inicia-la-travesia-del-museo-rodante\/#breadcrumb"},"inLanguage":"es","potentialAction":[{"@type":"ReadAction","target":["https:\/\/www.ucaldas.edu.co\/portal\/inicia-la-travesia-del-museo-rodante\/"]}]},{"@type":"ImageObject","inLanguage":"es","@id":"https:\/\/www.ucaldas.edu.co\/portal\/inicia-la-travesia-del-museo-rodante\/#primaryimage","url":"https:\/\/www.ucaldas.edu.co\/portal\/wp-content\/uploads\/2021\/09\/museo-rodante.jpg","contentUrl":"https:\/\/www.ucaldas.edu.co\/portal\/wp-content\/uploads\/2021\/09\/museo-rodante.jpg","width":700,"height":400},{"@type":"BreadcrumbList","@id":"https:\/\/www.ucaldas.edu.co\/portal\/inicia-la-travesia-del-museo-rodante\/#breadcrumb","itemListElement":[{"@type":"ListItem","position":1,"name":"Portada","item":"https:\/\/www.ucaldas.edu.co\/portal\/"},{"@type":"ListItem","position":2,"name":"Inicia la traves\u00eda del Museo Rodante"}]},{"@type":"WebSite","@id":"https:\/\/www.ucaldas.edu.co\/portal\/#website","url":"https:\/\/www.ucaldas.edu.co\/portal\/","name":"Universidad de Caldas","description":"","publisher":{"@id":"https:\/\/www.ucaldas.edu.co\/portal\/#organization"},"alternateName":"U. de Caldas","potentialAction":[{"@type":"SearchAction","target":{"@type":"EntryPoint","urlTemplate":"https:\/\/www.ucaldas.edu.co\/portal\/?s={search_term_string}"},"query-input":{"@type":"PropertyValueSpecification","valueRequired":true,"valueName":"search_term_string"}}],"inLanguage":"es"},{"@type":"Organization","@id":"https:\/\/www.ucaldas.edu.co\/portal\/#organization","name":"Universidad de Caldas","alternateName":"U. de Caldas","url":"https:\/\/www.ucaldas.edu.co\/portal\/","logo":{"@type":"ImageObject","inLanguage":"es","@id":"https:\/\/www.ucaldas.edu.co\/portal\/#\/schema\/logo\/image\/","url":"https:\/\/www.ucaldas.edu.co\/portal\/wp-content\/uploads\/2023\/11\/Logo_horizontal_oscuroU-2023.png","contentUrl":"https:\/\/www.ucaldas.edu.co\/portal\/wp-content\/uploads\/2023\/11\/Logo_horizontal_oscuroU-2023.png","width":263,"height":101,"caption":"Universidad de Caldas"},"image":{"@id":"https:\/\/www.ucaldas.edu.co\/portal\/#\/schema\/logo\/image\/"},"sameAs":["https:\/\/www.facebook.com\/udecaldas","https:\/\/x.com\/udecaldas","https:\/\/www.youtube.com\/universidadcaldas","https:\/\/www.instagram.com\/udecaldas\/"]},{"@type":"Person","@id":"https:\/\/www.ucaldas.edu.co\/portal\/#\/schema\/person\/a1b482e23449158b4bc319926c074fdf","name":"ofiprensa","image":{"@type":"ImageObject","inLanguage":"es","@id":"https:\/\/www.ucaldas.edu.co\/portal\/wp-content\/litespeed\/avatar\/09ea5085e600095a7a811142c6944527.jpg?ver=1777497608","url":"https:\/\/www.ucaldas.edu.co\/portal\/wp-content\/litespeed\/avatar\/09ea5085e600095a7a811142c6944527.jpg?ver=1777497608","contentUrl":"https:\/\/www.ucaldas.edu.co\/portal\/wp-content\/litespeed\/avatar\/09ea5085e600095a7a811142c6944527.jpg?ver=1777497608","caption":"ofiprensa"},"url":"https:\/\/www.ucaldas.edu.co\/portal\/author\/ofiprensa\/"}]}},"_links":{"self":[{"href":"https:\/\/www.ucaldas.edu.co\/portal\/wp-json\/wp\/v2\/posts\/64803","targetHints":{"allow":["GET"]}}],"collection":[{"href":"https:\/\/www.ucaldas.edu.co\/portal\/wp-json\/wp\/v2\/posts"}],"about":[{"href":"https:\/\/www.ucaldas.edu.co\/portal\/wp-json\/wp\/v2\/types\/post"}],"author":[{"embeddable":true,"href":"https:\/\/www.ucaldas.edu.co\/portal\/wp-json\/wp\/v2\/users\/2"}],"replies":[{"embeddable":true,"href":"https:\/\/www.ucaldas.edu.co\/portal\/wp-json\/wp\/v2\/comments?post=64803"}],"version-history":[{"count":0,"href":"https:\/\/www.ucaldas.edu.co\/portal\/wp-json\/wp\/v2\/posts\/64803\/revisions"}],"wp:featuredmedia":[{"embeddable":true,"href":"https:\/\/www.ucaldas.edu.co\/portal\/wp-json\/wp\/v2\/media\/64804"}],"wp:attachment":[{"href":"https:\/\/www.ucaldas.edu.co\/portal\/wp-json\/wp\/v2\/media?parent=64803"}],"wp:term":[{"taxonomy":"category","embeddable":true,"href":"https:\/\/www.ucaldas.edu.co\/portal\/wp-json\/wp\/v2\/categories?post=64803"},{"taxonomy":"post_tag","embeddable":true,"href":"https:\/\/www.ucaldas.edu.co\/portal\/wp-json\/wp\/v2\/tags?post=64803"}],"curies":[{"name":"wp","href":"https:\/\/api.w.org\/{rel}","templated":true}]}}