{"id":64753,"date":"2021-09-02T20:58:59","date_gmt":"2021-09-02T20:58:59","guid":{"rendered":"https:\/\/www.ucaldas.edu.co\/portal\/?p=64753"},"modified":"2021-09-02T20:58:59","modified_gmt":"2021-09-02T20:58:59","slug":"inscripciones-abiertas-para-participar-en-el-festival-internacional-de-musica-cima-2021","status":"publish","type":"post","link":"https:\/\/www.ucaldas.edu.co\/portal\/inscripciones-abiertas-para-participar-en-el-festival-internacional-de-musica-cima-2021\/","title":{"rendered":"Inscripciones abiertas para participar en el Festival Internacional de M\u00fasica CiMa 2021"},"content":{"rendered":"<p style=\"text-align: center;\">ABIERTAS HASTA EL PR\u00d3XIMO 10 DE SEPTIEMBRE<br \/>\n<strong>Inscripciones abiertas para participar en el Festival Internacional de M\u00fasica CiMa 2021<\/strong><\/p>\n<p style=\"text-align: right;\">02\/09\/2021<\/p>\n<p><img loading=\"lazy\" decoding=\"async\" class=\"size-full wp-image-64754 aligncenter\" src=\"https:\/\/www.ucaldas.edu.co\/portal\/wp-content\/uploads\/2021\/09\/cima.jpg\" alt=\"\" width=\"700\" height=\"400\" srcset=\"https:\/\/www.ucaldas.edu.co\/portal\/wp-content\/uploads\/2021\/09\/cima.jpg 700w, https:\/\/www.ucaldas.edu.co\/portal\/wp-content\/uploads\/2021\/09\/cima-300x171.jpg 300w\" sizes=\"auto, (max-width: 700px) 100vw, 700px\" \/><\/p>\n<p>El departamento de M\u00fasica de la Universidad de Caldas invita a participar de la convocatoria para formar parte de los artistas invitados al sexto Festival Internacional de M\u00fasica CiMa 2021, que se realizar\u00e1 del 19 al 22 de octubre.<\/p>\n<p><!--more--><\/p>\n<p>El Festival celebra la sexta edici\u00f3n y a causa de las restricciones causadas por la situaci\u00f3n actual del Covid-19, en esta ocasi\u00f3n se desarrollar\u00e1 con espacios virtuales y presenciales con restricciones, con el fin de disfrutar de la mejor manera los artistas que presentar\u00e1n su m\u00fasica.<\/p>\n<p>La sexta versi\u00f3n de CIMa, que tiene como tema \u201cLa m\u00fasica y el medio ambiente\u201d homenaje al compositor colombiano Fabio Miguel Fuentes, se plantea desde la necesidad de comprobar que para abordar los graves problemas ambientales que vive la humanidad desde un pensamiento complejo, se necesita contar no solo con visiones cient\u00edficas rigurosas, sino con un tinte de creatividad que ayude a imaginar escenarios futuros de vida sostenible sobre el planeta.<\/p>\n<p>Las categor\u00edas de participaci\u00f3n son:<\/p>\n<ul>\n<li>Conciertos y repertorio: CiMa realizar\u00e1 conciertos presenciales con cupo limitado de acuerdo a la situaci\u00f3n actual presentada con el COVID- 19 y conciertos virtuales.<\/li>\n<li>Foro acad\u00e9mico virtual: CiMa convoca a la comunidad acad\u00e9mica a postular sus trabajos de investigaci\u00f3n y creaci\u00f3n con el fin de mostrar los resultados parciales o definitivos de dichos proyectos.<\/li>\n<\/ul>\n<p>La fecha l\u00edmite de inscripciones ser\u00e1 hasta el 10 de septiembre.<\/p>\n<p><strong><a href=\"https:\/\/artesyhumanidades.ucaldas.edu.co\/blog\/2020\/09\/26\/festival-internacional-de-musica-cima-2\/\">M\u00e1s informaci\u00f3n.<\/a><\/strong><\/p>\n<p>&nbsp;<\/p>\n<p><strong>Informes: <\/strong>Oficina de Comunicaciones y Prensa Universidad de Caldas.<\/p>\n<p><strong>Redacci\u00f3n:<\/strong> Mateo Buritic\u00e1 Giraldo<\/p>\n<p>&nbsp;<\/p>\n","protected":false},"excerpt":{"rendered":"<p>ABIERTAS HASTA EL PR\u00d3XIMO 10 DE SEPTIEMBRE Inscripciones abiertas para participar en el Festival Internacional de M\u00fasica CiMa 2021 02\/09\/2021 El departamento de M\u00fasica de la Universidad de Caldas invita a participar de la convocatoria para formar parte de los artistas invitados al sexto Festival Internacional de M\u00fasica CiMa 2021, que se realizar\u00e1 del 19 [&hellip;]<\/p>\n","protected":false},"author":2,"featured_media":64754,"comment_status":"closed","ping_status":"open","sticky":false,"template":"","format":"standard","meta":{"footnotes":""},"categories":[53,62,48],"tags":[3830,7086,2698],"class_list":["post-64753","post","type-post","status-publish","format-standard","has-post-thumbnail","hentry","category-universidad-al-dia","category-eventos","category-actualidad","tag-festival-cima","tag-ponencias-academicas","tag-festival-internacional-de-musica"],"yoast_head":"<!-- This site is optimized with the Yoast SEO plugin v27.5 - https:\/\/yoast.com\/product\/yoast-seo-wordpress\/ -->\n<title>Inscripciones abiertas para participar en el Festival Internacional de M\u00fasica CiMa 2021 .<\/title>\n<meta name=\"robots\" content=\"index, follow, max-snippet:-1, max-image-preview:large, max-video-preview:-1\" \/>\n<link rel=\"canonical\" href=\"https:\/\/www.ucaldas.edu.co\/portal\/inscripciones-abiertas-para-participar-en-el-festival-internacional-de-musica-cima-2021\/\" \/>\n<script type=\"application\/ld+json\" class=\"yoast-schema-graph\">{\"@context\":\"https:\\\/\\\/schema.org\",\"@graph\":[{\"@type\":\"Article\",\"@id\":\"https:\\\/\\\/www.ucaldas.edu.co\\\/portal\\\/inscripciones-abiertas-para-participar-en-el-festival-internacional-de-musica-cima-2021\\\/#article\",\"isPartOf\":{\"@id\":\"https:\\\/\\\/www.ucaldas.edu.co\\\/portal\\\/inscripciones-abiertas-para-participar-en-el-festival-internacional-de-musica-cima-2021\\\/\"},\"author\":{\"name\":\"ofiprensa\",\"@id\":\"https:\\\/\\\/www.ucaldas.edu.co\\\/portal\\\/#\\\/schema\\\/person\\\/a1b482e23449158b4bc319926c074fdf\"},\"headline\":\"Inscripciones abiertas para participar en el Festival Internacional de M\u00fasica CiMa 2021\",\"datePublished\":\"2021-09-02T20:58:59+00:00\",\"mainEntityOfPage\":{\"@id\":\"https:\\\/\\\/www.ucaldas.edu.co\\\/portal\\\/inscripciones-abiertas-para-participar-en-el-festival-internacional-de-musica-cima-2021\\\/\"},\"wordCount\":290,\"publisher\":{\"@id\":\"https:\\\/\\\/www.ucaldas.edu.co\\\/portal\\\/#organization\"},\"image\":{\"@id\":\"https:\\\/\\\/www.ucaldas.edu.co\\\/portal\\\/inscripciones-abiertas-para-participar-en-el-festival-internacional-de-musica-cima-2021\\\/#primaryimage\"},\"thumbnailUrl\":\"https:\\\/\\\/www.ucaldas.edu.co\\\/portal\\\/wp-content\\\/uploads\\\/2021\\\/09\\\/cima.jpg\",\"keywords\":[\"festival cima\",\"ponencias acad\u00e9micas\",\"Festival Internacional de M\u00fasica\"],\"articleSection\":[\"Universidad al D\u00eda\",\"Eventos\",\"Actualidad\"],\"inLanguage\":\"es\"},{\"@type\":\"WebPage\",\"@id\":\"https:\\\/\\\/www.ucaldas.edu.co\\\/portal\\\/inscripciones-abiertas-para-participar-en-el-festival-internacional-de-musica-cima-2021\\\/\",\"url\":\"https:\\\/\\\/www.ucaldas.edu.co\\\/portal\\\/inscripciones-abiertas-para-participar-en-el-festival-internacional-de-musica-cima-2021\\\/\",\"name\":\"Inscripciones abiertas para participar en el Festival Internacional de M\u00fasica CiMa 2021 .\",\"isPartOf\":{\"@id\":\"https:\\\/\\\/www.ucaldas.edu.co\\\/portal\\\/#website\"},\"primaryImageOfPage\":{\"@id\":\"https:\\\/\\\/www.ucaldas.edu.co\\\/portal\\\/inscripciones-abiertas-para-participar-en-el-festival-internacional-de-musica-cima-2021\\\/#primaryimage\"},\"image\":{\"@id\":\"https:\\\/\\\/www.ucaldas.edu.co\\\/portal\\\/inscripciones-abiertas-para-participar-en-el-festival-internacional-de-musica-cima-2021\\\/#primaryimage\"},\"thumbnailUrl\":\"https:\\\/\\\/www.ucaldas.edu.co\\\/portal\\\/wp-content\\\/uploads\\\/2021\\\/09\\\/cima.jpg\",\"datePublished\":\"2021-09-02T20:58:59+00:00\",\"breadcrumb\":{\"@id\":\"https:\\\/\\\/www.ucaldas.edu.co\\\/portal\\\/inscripciones-abiertas-para-participar-en-el-festival-internacional-de-musica-cima-2021\\\/#breadcrumb\"},\"inLanguage\":\"es\",\"potentialAction\":[{\"@type\":\"ReadAction\",\"target\":[\"https:\\\/\\\/www.ucaldas.edu.co\\\/portal\\\/inscripciones-abiertas-para-participar-en-el-festival-internacional-de-musica-cima-2021\\\/\"]}]},{\"@type\":\"ImageObject\",\"inLanguage\":\"es\",\"@id\":\"https:\\\/\\\/www.ucaldas.edu.co\\\/portal\\\/inscripciones-abiertas-para-participar-en-el-festival-internacional-de-musica-cima-2021\\\/#primaryimage\",\"url\":\"https:\\\/\\\/www.ucaldas.edu.co\\\/portal\\\/wp-content\\\/uploads\\\/2021\\\/09\\\/cima.jpg\",\"contentUrl\":\"https:\\\/\\\/www.ucaldas.edu.co\\\/portal\\\/wp-content\\\/uploads\\\/2021\\\/09\\\/cima.jpg\",\"width\":700,\"height\":400},{\"@type\":\"BreadcrumbList\",\"@id\":\"https:\\\/\\\/www.ucaldas.edu.co\\\/portal\\\/inscripciones-abiertas-para-participar-en-el-festival-internacional-de-musica-cima-2021\\\/#breadcrumb\",\"itemListElement\":[{\"@type\":\"ListItem\",\"position\":1,\"name\":\"Portada\",\"item\":\"https:\\\/\\\/www.ucaldas.edu.co\\\/portal\\\/\"},{\"@type\":\"ListItem\",\"position\":2,\"name\":\"Inscripciones abiertas para participar en el Festival Internacional de M\u00fasica CiMa 2021\"}]},{\"@type\":\"WebSite\",\"@id\":\"https:\\\/\\\/www.ucaldas.edu.co\\\/portal\\\/#website\",\"url\":\"https:\\\/\\\/www.ucaldas.edu.co\\\/portal\\\/\",\"name\":\"Universidad de Caldas\",\"description\":\"\",\"publisher\":{\"@id\":\"https:\\\/\\\/www.ucaldas.edu.co\\\/portal\\\/#organization\"},\"alternateName\":\"U. de Caldas\",\"potentialAction\":[{\"@type\":\"SearchAction\",\"target\":{\"@type\":\"EntryPoint\",\"urlTemplate\":\"https:\\\/\\\/www.ucaldas.edu.co\\\/portal\\\/?s={search_term_string}\"},\"query-input\":{\"@type\":\"PropertyValueSpecification\",\"valueRequired\":true,\"valueName\":\"search_term_string\"}}],\"inLanguage\":\"es\"},{\"@type\":\"Organization\",\"@id\":\"https:\\\/\\\/www.ucaldas.edu.co\\\/portal\\\/#organization\",\"name\":\"Universidad de Caldas\",\"alternateName\":\"U. de Caldas\",\"url\":\"https:\\\/\\\/www.ucaldas.edu.co\\\/portal\\\/\",\"logo\":{\"@type\":\"ImageObject\",\"inLanguage\":\"es\",\"@id\":\"https:\\\/\\\/www.ucaldas.edu.co\\\/portal\\\/#\\\/schema\\\/logo\\\/image\\\/\",\"url\":\"https:\\\/\\\/www.ucaldas.edu.co\\\/portal\\\/wp-content\\\/uploads\\\/2023\\\/11\\\/Logo_horizontal_oscuroU-2023.png\",\"contentUrl\":\"https:\\\/\\\/www.ucaldas.edu.co\\\/portal\\\/wp-content\\\/uploads\\\/2023\\\/11\\\/Logo_horizontal_oscuroU-2023.png\",\"width\":263,\"height\":101,\"caption\":\"Universidad de Caldas\"},\"image\":{\"@id\":\"https:\\\/\\\/www.ucaldas.edu.co\\\/portal\\\/#\\\/schema\\\/logo\\\/image\\\/\"},\"sameAs\":[\"https:\\\/\\\/www.facebook.com\\\/udecaldas\",\"https:\\\/\\\/x.com\\\/udecaldas\",\"https:\\\/\\\/www.youtube.com\\\/universidadcaldas\",\"https:\\\/\\\/www.instagram.com\\\/udecaldas\\\/\"]},{\"@type\":\"Person\",\"@id\":\"https:\\\/\\\/www.ucaldas.edu.co\\\/portal\\\/#\\\/schema\\\/person\\\/a1b482e23449158b4bc319926c074fdf\",\"name\":\"ofiprensa\",\"image\":{\"@type\":\"ImageObject\",\"inLanguage\":\"es\",\"@id\":\"https:\\\/\\\/www.ucaldas.edu.co\\\/portal\\\/wp-content\\\/litespeed\\\/avatar\\\/09ea5085e600095a7a811142c6944527.jpg?ver=1777497608\",\"url\":\"https:\\\/\\\/www.ucaldas.edu.co\\\/portal\\\/wp-content\\\/litespeed\\\/avatar\\\/09ea5085e600095a7a811142c6944527.jpg?ver=1777497608\",\"contentUrl\":\"https:\\\/\\\/www.ucaldas.edu.co\\\/portal\\\/wp-content\\\/litespeed\\\/avatar\\\/09ea5085e600095a7a811142c6944527.jpg?ver=1777497608\",\"caption\":\"ofiprensa\"},\"url\":\"https:\\\/\\\/www.ucaldas.edu.co\\\/portal\\\/author\\\/ofiprensa\\\/\"}]}<\/script>\n<!-- \/ Yoast SEO plugin. -->","yoast_head_json":{"title":"Inscripciones abiertas para participar en el Festival Internacional de M\u00fasica CiMa 2021 .","robots":{"index":"index","follow":"follow","max-snippet":"max-snippet:-1","max-image-preview":"max-image-preview:large","max-video-preview":"max-video-preview:-1"},"canonical":"https:\/\/www.ucaldas.edu.co\/portal\/inscripciones-abiertas-para-participar-en-el-festival-internacional-de-musica-cima-2021\/","schema":{"@context":"https:\/\/schema.org","@graph":[{"@type":"Article","@id":"https:\/\/www.ucaldas.edu.co\/portal\/inscripciones-abiertas-para-participar-en-el-festival-internacional-de-musica-cima-2021\/#article","isPartOf":{"@id":"https:\/\/www.ucaldas.edu.co\/portal\/inscripciones-abiertas-para-participar-en-el-festival-internacional-de-musica-cima-2021\/"},"author":{"name":"ofiprensa","@id":"https:\/\/www.ucaldas.edu.co\/portal\/#\/schema\/person\/a1b482e23449158b4bc319926c074fdf"},"headline":"Inscripciones abiertas para participar en el Festival Internacional de M\u00fasica CiMa 2021","datePublished":"2021-09-02T20:58:59+00:00","mainEntityOfPage":{"@id":"https:\/\/www.ucaldas.edu.co\/portal\/inscripciones-abiertas-para-participar-en-el-festival-internacional-de-musica-cima-2021\/"},"wordCount":290,"publisher":{"@id":"https:\/\/www.ucaldas.edu.co\/portal\/#organization"},"image":{"@id":"https:\/\/www.ucaldas.edu.co\/portal\/inscripciones-abiertas-para-participar-en-el-festival-internacional-de-musica-cima-2021\/#primaryimage"},"thumbnailUrl":"https:\/\/www.ucaldas.edu.co\/portal\/wp-content\/uploads\/2021\/09\/cima.jpg","keywords":["festival cima","ponencias acad\u00e9micas","Festival Internacional de M\u00fasica"],"articleSection":["Universidad al D\u00eda","Eventos","Actualidad"],"inLanguage":"es"},{"@type":"WebPage","@id":"https:\/\/www.ucaldas.edu.co\/portal\/inscripciones-abiertas-para-participar-en-el-festival-internacional-de-musica-cima-2021\/","url":"https:\/\/www.ucaldas.edu.co\/portal\/inscripciones-abiertas-para-participar-en-el-festival-internacional-de-musica-cima-2021\/","name":"Inscripciones abiertas para participar en el Festival Internacional de M\u00fasica CiMa 2021 .","isPartOf":{"@id":"https:\/\/www.ucaldas.edu.co\/portal\/#website"},"primaryImageOfPage":{"@id":"https:\/\/www.ucaldas.edu.co\/portal\/inscripciones-abiertas-para-participar-en-el-festival-internacional-de-musica-cima-2021\/#primaryimage"},"image":{"@id":"https:\/\/www.ucaldas.edu.co\/portal\/inscripciones-abiertas-para-participar-en-el-festival-internacional-de-musica-cima-2021\/#primaryimage"},"thumbnailUrl":"https:\/\/www.ucaldas.edu.co\/portal\/wp-content\/uploads\/2021\/09\/cima.jpg","datePublished":"2021-09-02T20:58:59+00:00","breadcrumb":{"@id":"https:\/\/www.ucaldas.edu.co\/portal\/inscripciones-abiertas-para-participar-en-el-festival-internacional-de-musica-cima-2021\/#breadcrumb"},"inLanguage":"es","potentialAction":[{"@type":"ReadAction","target":["https:\/\/www.ucaldas.edu.co\/portal\/inscripciones-abiertas-para-participar-en-el-festival-internacional-de-musica-cima-2021\/"]}]},{"@type":"ImageObject","inLanguage":"es","@id":"https:\/\/www.ucaldas.edu.co\/portal\/inscripciones-abiertas-para-participar-en-el-festival-internacional-de-musica-cima-2021\/#primaryimage","url":"https:\/\/www.ucaldas.edu.co\/portal\/wp-content\/uploads\/2021\/09\/cima.jpg","contentUrl":"https:\/\/www.ucaldas.edu.co\/portal\/wp-content\/uploads\/2021\/09\/cima.jpg","width":700,"height":400},{"@type":"BreadcrumbList","@id":"https:\/\/www.ucaldas.edu.co\/portal\/inscripciones-abiertas-para-participar-en-el-festival-internacional-de-musica-cima-2021\/#breadcrumb","itemListElement":[{"@type":"ListItem","position":1,"name":"Portada","item":"https:\/\/www.ucaldas.edu.co\/portal\/"},{"@type":"ListItem","position":2,"name":"Inscripciones abiertas para participar en el Festival Internacional de M\u00fasica CiMa 2021"}]},{"@type":"WebSite","@id":"https:\/\/www.ucaldas.edu.co\/portal\/#website","url":"https:\/\/www.ucaldas.edu.co\/portal\/","name":"Universidad de Caldas","description":"","publisher":{"@id":"https:\/\/www.ucaldas.edu.co\/portal\/#organization"},"alternateName":"U. de Caldas","potentialAction":[{"@type":"SearchAction","target":{"@type":"EntryPoint","urlTemplate":"https:\/\/www.ucaldas.edu.co\/portal\/?s={search_term_string}"},"query-input":{"@type":"PropertyValueSpecification","valueRequired":true,"valueName":"search_term_string"}}],"inLanguage":"es"},{"@type":"Organization","@id":"https:\/\/www.ucaldas.edu.co\/portal\/#organization","name":"Universidad de Caldas","alternateName":"U. de Caldas","url":"https:\/\/www.ucaldas.edu.co\/portal\/","logo":{"@type":"ImageObject","inLanguage":"es","@id":"https:\/\/www.ucaldas.edu.co\/portal\/#\/schema\/logo\/image\/","url":"https:\/\/www.ucaldas.edu.co\/portal\/wp-content\/uploads\/2023\/11\/Logo_horizontal_oscuroU-2023.png","contentUrl":"https:\/\/www.ucaldas.edu.co\/portal\/wp-content\/uploads\/2023\/11\/Logo_horizontal_oscuroU-2023.png","width":263,"height":101,"caption":"Universidad de Caldas"},"image":{"@id":"https:\/\/www.ucaldas.edu.co\/portal\/#\/schema\/logo\/image\/"},"sameAs":["https:\/\/www.facebook.com\/udecaldas","https:\/\/x.com\/udecaldas","https:\/\/www.youtube.com\/universidadcaldas","https:\/\/www.instagram.com\/udecaldas\/"]},{"@type":"Person","@id":"https:\/\/www.ucaldas.edu.co\/portal\/#\/schema\/person\/a1b482e23449158b4bc319926c074fdf","name":"ofiprensa","image":{"@type":"ImageObject","inLanguage":"es","@id":"https:\/\/www.ucaldas.edu.co\/portal\/wp-content\/litespeed\/avatar\/09ea5085e600095a7a811142c6944527.jpg?ver=1777497608","url":"https:\/\/www.ucaldas.edu.co\/portal\/wp-content\/litespeed\/avatar\/09ea5085e600095a7a811142c6944527.jpg?ver=1777497608","contentUrl":"https:\/\/www.ucaldas.edu.co\/portal\/wp-content\/litespeed\/avatar\/09ea5085e600095a7a811142c6944527.jpg?ver=1777497608","caption":"ofiprensa"},"url":"https:\/\/www.ucaldas.edu.co\/portal\/author\/ofiprensa\/"}]}},"_links":{"self":[{"href":"https:\/\/www.ucaldas.edu.co\/portal\/wp-json\/wp\/v2\/posts\/64753","targetHints":{"allow":["GET"]}}],"collection":[{"href":"https:\/\/www.ucaldas.edu.co\/portal\/wp-json\/wp\/v2\/posts"}],"about":[{"href":"https:\/\/www.ucaldas.edu.co\/portal\/wp-json\/wp\/v2\/types\/post"}],"author":[{"embeddable":true,"href":"https:\/\/www.ucaldas.edu.co\/portal\/wp-json\/wp\/v2\/users\/2"}],"replies":[{"embeddable":true,"href":"https:\/\/www.ucaldas.edu.co\/portal\/wp-json\/wp\/v2\/comments?post=64753"}],"version-history":[{"count":0,"href":"https:\/\/www.ucaldas.edu.co\/portal\/wp-json\/wp\/v2\/posts\/64753\/revisions"}],"wp:featuredmedia":[{"embeddable":true,"href":"https:\/\/www.ucaldas.edu.co\/portal\/wp-json\/wp\/v2\/media\/64754"}],"wp:attachment":[{"href":"https:\/\/www.ucaldas.edu.co\/portal\/wp-json\/wp\/v2\/media?parent=64753"}],"wp:term":[{"taxonomy":"category","embeddable":true,"href":"https:\/\/www.ucaldas.edu.co\/portal\/wp-json\/wp\/v2\/categories?post=64753"},{"taxonomy":"post_tag","embeddable":true,"href":"https:\/\/www.ucaldas.edu.co\/portal\/wp-json\/wp\/v2\/tags?post=64753"}],"curies":[{"name":"wp","href":"https:\/\/api.w.org\/{rel}","templated":true}]}}