{"id":64746,"date":"2021-09-02T20:51:50","date_gmt":"2021-09-02T20:51:50","guid":{"rendered":"https:\/\/www.ucaldas.edu.co\/portal\/?p=64746"},"modified":"2021-09-02T20:52:19","modified_gmt":"2021-09-02T20:52:19","slug":"inscripciones-a-la-decimo-primera-cohorte-del-doctorado-en-estudio-territoriales","status":"publish","type":"post","link":"https:\/\/www.ucaldas.edu.co\/portal\/inscripciones-a-la-decimo-primera-cohorte-del-doctorado-en-estudio-territoriales\/","title":{"rendered":"Inscripciones a la d\u00e9cimo primera cohorte del Doctorado en Estudio Territoriales"},"content":{"rendered":"<p style=\"text-align: center;\">PROGRAMA PARA PROFESIONALES EN ESTUDIOS TERRITORIALES,<br \/>\nCIENCIAS SOCIALES Y HUMANAS<br \/>\n<strong>Inscripciones a la d\u00e9cimo primera cohorte del Doctorado en Estudio Territoriales<\/strong><\/p>\n<p style=\"text-align: right;\">02\/09\/2021<\/p>\n<p><img loading=\"lazy\" decoding=\"async\" class=\"size-full wp-image-64747 aligncenter\" src=\"https:\/\/www.ucaldas.edu.co\/portal\/wp-content\/uploads\/2021\/09\/DET.jpg\" alt=\"\" width=\"700\" height=\"400\" srcset=\"https:\/\/www.ucaldas.edu.co\/portal\/wp-content\/uploads\/2021\/09\/DET.jpg 700w, https:\/\/www.ucaldas.edu.co\/portal\/wp-content\/uploads\/2021\/09\/DET-300x171.jpg 300w\" sizes=\"auto, (max-width: 700px) 100vw, 700px\" \/><\/p>\n<p>El Doctorado en Estudios Territoriales de la Universidad de Caldas tiene abiertas las inscripciones para su\u00a0 d\u00e9cima primera cohorte. Este programa dirigido a profesionales en\u00a0 \u00e1reas del conocimiento en Estudios Territoriales y Ciencias Sociales y Humanas con t\u00edtulo de maestr\u00eda o experiencia de investigaci\u00f3n demostrada.<\/p>\n<p><!--more--><\/p>\n<p>El programa\u00a0 aborda el estudio te\u00f3rico y emp\u00edrico del uso, manejo, ordenamiento, gesti\u00f3n y desarrollo de los territorios rurales, urbanos y periurbanos, con \u00e9nfasis en la comprensi\u00f3n del ordenamiento, manejo y gesti\u00f3n socio-cultural, pol\u00edtica y econ\u00f3mica del territorio, en el que confluyen diferentes disciplinas y perspectivas de an\u00e1lisis.<\/p>\n<p>La formaci\u00f3n del programa est\u00e1 articulada en tres ejes fundamentales que son: epistemolog\u00eda del territorio, representaciones socio-culturales y pol\u00edticas del territorio; lo cual se desarrolla por medio de seminarios, c\u00e1tedras de formaci\u00f3n, l\u00edneas y \u00e1reas de investigaci\u00f3n.<\/p>\n<p>Cronograma de la convocatoria:<\/p>\n<table>\n<tbody>\n<tr>\n<td width=\"330\">Venta de PIN: $317.984 (pago en l\u00ednea).<\/p>\n<p>Apertura y diligenciamiento de inscripciones en la plataforma.<\/p>\n<p>Formalizaci\u00f3n de la inscripci\u00f3n en la p\u00e1gina Web de la convocatoria institucional de Posgrados.<\/td>\n<td width=\"258\">Hasta el 19 de noviembre<\/td>\n<\/tr>\n<tr>\n<td width=\"330\">Entrevista<\/td>\n<td width=\"258\">2 de diciembre<\/td>\n<\/tr>\n<tr>\n<td width=\"330\">Prueba escrita: jornada completa<\/td>\n<td width=\"258\">3 de diciembre<\/td>\n<\/tr>\n<tr>\n<td width=\"330\">Publicaci\u00f3n de los resultados<\/td>\n<td width=\"258\">10 de diciembre<\/td>\n<\/tr>\n<tr>\n<td width=\"330\">Carga de documentos<\/td>\n<td width=\"258\">Del 10 al 17 de diciembre<\/td>\n<\/tr>\n<\/tbody>\n<\/table>\n<p>Los interesados podr\u00e1n pre-inscribirse enviado toda la documentaci\u00f3n requerida, lo que no implica admisi\u00f3n, pero s\u00ed la inclusi\u00f3n en la lista para el proceso de informaci\u00f3n de inscripci\u00f3n y pruebas.<\/p>\n<p><strong><a href=\"https:\/\/www.icsh.co\/APERTURA%20XI%20COHORTE%20DOCTORADO%20EN%20ESTUDIOS%20TERRITORIALES%202021%2019-08-2021.pdf\">Conozca aqu\u00ed la convocatoria completa.<\/a><\/strong><\/p>\n<p><strong>\u00a0<\/strong><\/p>\n<p><strong>Informes: <\/strong>Oficina de Comunicaciones y Prensa Universidad de Caldas.<\/p>\n<p><strong>Redacci\u00f3n:<\/strong> Mateo Buritic\u00e1 Giraldo<\/p>\n<p>&nbsp;<\/p>\n","protected":false},"excerpt":{"rendered":"<p>PROGRAMA PARA PROFESIONALES EN ESTUDIOS TERRITORIALES, CIENCIAS SOCIALES Y HUMANAS Inscripciones a la d\u00e9cimo primera cohorte del Doctorado en Estudio Territoriales 02\/09\/2021 El Doctorado en Estudios Territoriales de la Universidad de Caldas tiene abiertas las inscripciones para su\u00a0 d\u00e9cima primera cohorte. Este programa dirigido a profesionales en\u00a0 \u00e1reas del conocimiento en Estudios Territoriales y Ciencias [&hellip;]<\/p>\n","protected":false},"author":2,"featured_media":64747,"comment_status":"closed","ping_status":"open","sticky":false,"template":"","format":"standard","meta":{"footnotes":""},"categories":[48,53,243],"tags":[3726,5385,6527],"class_list":["post-64746","post","type-post","status-publish","format-standard","has-post-thumbnail","hentry","category-actualidad","category-universidad-al-dia","category-ucaldas-acreditada","tag-inscripciones-abiertas","tag-ciencias-sociales-y-humanas","tag-doctorado-estudios-territoriales"],"yoast_head":"<!-- This site is optimized with the Yoast SEO plugin v27.5 - https:\/\/yoast.com\/product\/yoast-seo-wordpress\/ -->\n<title>Inscripciones a la d\u00e9cimo primera cohorte del Doctorado en Estudio Territoriales .<\/title>\n<meta name=\"robots\" content=\"index, follow, max-snippet:-1, max-image-preview:large, max-video-preview:-1\" \/>\n<link rel=\"canonical\" href=\"https:\/\/www.ucaldas.edu.co\/portal\/inscripciones-a-la-decimo-primera-cohorte-del-doctorado-en-estudio-territoriales\/\" \/>\n<script type=\"application\/ld+json\" class=\"yoast-schema-graph\">{\"@context\":\"https:\\\/\\\/schema.org\",\"@graph\":[{\"@type\":\"Article\",\"@id\":\"https:\\\/\\\/www.ucaldas.edu.co\\\/portal\\\/inscripciones-a-la-decimo-primera-cohorte-del-doctorado-en-estudio-territoriales\\\/#article\",\"isPartOf\":{\"@id\":\"https:\\\/\\\/www.ucaldas.edu.co\\\/portal\\\/inscripciones-a-la-decimo-primera-cohorte-del-doctorado-en-estudio-territoriales\\\/\"},\"author\":{\"name\":\"ofiprensa\",\"@id\":\"https:\\\/\\\/www.ucaldas.edu.co\\\/portal\\\/#\\\/schema\\\/person\\\/a1b482e23449158b4bc319926c074fdf\"},\"headline\":\"Inscripciones a la d\u00e9cimo primera cohorte del Doctorado en Estudio Territoriales\",\"datePublished\":\"2021-09-02T20:51:50+00:00\",\"dateModified\":\"2021-09-02T20:52:19+00:00\",\"mainEntityOfPage\":{\"@id\":\"https:\\\/\\\/www.ucaldas.edu.co\\\/portal\\\/inscripciones-a-la-decimo-primera-cohorte-del-doctorado-en-estudio-territoriales\\\/\"},\"wordCount\":302,\"publisher\":{\"@id\":\"https:\\\/\\\/www.ucaldas.edu.co\\\/portal\\\/#organization\"},\"image\":{\"@id\":\"https:\\\/\\\/www.ucaldas.edu.co\\\/portal\\\/inscripciones-a-la-decimo-primera-cohorte-del-doctorado-en-estudio-territoriales\\\/#primaryimage\"},\"thumbnailUrl\":\"https:\\\/\\\/www.ucaldas.edu.co\\\/portal\\\/wp-content\\\/uploads\\\/2021\\\/09\\\/DET.jpg\",\"keywords\":[\"inscripciones abiertas\",\"ciencias sociales y humanas\",\"doctorado estudios territoriales\"],\"articleSection\":[\"Actualidad\",\"Universidad al D\u00eda\",\"Ucaldas Acreditada\"],\"inLanguage\":\"es\"},{\"@type\":\"WebPage\",\"@id\":\"https:\\\/\\\/www.ucaldas.edu.co\\\/portal\\\/inscripciones-a-la-decimo-primera-cohorte-del-doctorado-en-estudio-territoriales\\\/\",\"url\":\"https:\\\/\\\/www.ucaldas.edu.co\\\/portal\\\/inscripciones-a-la-decimo-primera-cohorte-del-doctorado-en-estudio-territoriales\\\/\",\"name\":\"Inscripciones a la d\u00e9cimo primera cohorte del Doctorado en Estudio Territoriales .\",\"isPartOf\":{\"@id\":\"https:\\\/\\\/www.ucaldas.edu.co\\\/portal\\\/#website\"},\"primaryImageOfPage\":{\"@id\":\"https:\\\/\\\/www.ucaldas.edu.co\\\/portal\\\/inscripciones-a-la-decimo-primera-cohorte-del-doctorado-en-estudio-territoriales\\\/#primaryimage\"},\"image\":{\"@id\":\"https:\\\/\\\/www.ucaldas.edu.co\\\/portal\\\/inscripciones-a-la-decimo-primera-cohorte-del-doctorado-en-estudio-territoriales\\\/#primaryimage\"},\"thumbnailUrl\":\"https:\\\/\\\/www.ucaldas.edu.co\\\/portal\\\/wp-content\\\/uploads\\\/2021\\\/09\\\/DET.jpg\",\"datePublished\":\"2021-09-02T20:51:50+00:00\",\"dateModified\":\"2021-09-02T20:52:19+00:00\",\"breadcrumb\":{\"@id\":\"https:\\\/\\\/www.ucaldas.edu.co\\\/portal\\\/inscripciones-a-la-decimo-primera-cohorte-del-doctorado-en-estudio-territoriales\\\/#breadcrumb\"},\"inLanguage\":\"es\",\"potentialAction\":[{\"@type\":\"ReadAction\",\"target\":[\"https:\\\/\\\/www.ucaldas.edu.co\\\/portal\\\/inscripciones-a-la-decimo-primera-cohorte-del-doctorado-en-estudio-territoriales\\\/\"]}]},{\"@type\":\"ImageObject\",\"inLanguage\":\"es\",\"@id\":\"https:\\\/\\\/www.ucaldas.edu.co\\\/portal\\\/inscripciones-a-la-decimo-primera-cohorte-del-doctorado-en-estudio-territoriales\\\/#primaryimage\",\"url\":\"https:\\\/\\\/www.ucaldas.edu.co\\\/portal\\\/wp-content\\\/uploads\\\/2021\\\/09\\\/DET.jpg\",\"contentUrl\":\"https:\\\/\\\/www.ucaldas.edu.co\\\/portal\\\/wp-content\\\/uploads\\\/2021\\\/09\\\/DET.jpg\",\"width\":700,\"height\":400},{\"@type\":\"BreadcrumbList\",\"@id\":\"https:\\\/\\\/www.ucaldas.edu.co\\\/portal\\\/inscripciones-a-la-decimo-primera-cohorte-del-doctorado-en-estudio-territoriales\\\/#breadcrumb\",\"itemListElement\":[{\"@type\":\"ListItem\",\"position\":1,\"name\":\"Portada\",\"item\":\"https:\\\/\\\/www.ucaldas.edu.co\\\/portal\\\/\"},{\"@type\":\"ListItem\",\"position\":2,\"name\":\"Inscripciones a la d\u00e9cimo primera cohorte del Doctorado en Estudio Territoriales\"}]},{\"@type\":\"WebSite\",\"@id\":\"https:\\\/\\\/www.ucaldas.edu.co\\\/portal\\\/#website\",\"url\":\"https:\\\/\\\/www.ucaldas.edu.co\\\/portal\\\/\",\"name\":\"Universidad de Caldas\",\"description\":\"\",\"publisher\":{\"@id\":\"https:\\\/\\\/www.ucaldas.edu.co\\\/portal\\\/#organization\"},\"alternateName\":\"U. de Caldas\",\"potentialAction\":[{\"@type\":\"SearchAction\",\"target\":{\"@type\":\"EntryPoint\",\"urlTemplate\":\"https:\\\/\\\/www.ucaldas.edu.co\\\/portal\\\/?s={search_term_string}\"},\"query-input\":{\"@type\":\"PropertyValueSpecification\",\"valueRequired\":true,\"valueName\":\"search_term_string\"}}],\"inLanguage\":\"es\"},{\"@type\":\"Organization\",\"@id\":\"https:\\\/\\\/www.ucaldas.edu.co\\\/portal\\\/#organization\",\"name\":\"Universidad de Caldas\",\"alternateName\":\"U. de Caldas\",\"url\":\"https:\\\/\\\/www.ucaldas.edu.co\\\/portal\\\/\",\"logo\":{\"@type\":\"ImageObject\",\"inLanguage\":\"es\",\"@id\":\"https:\\\/\\\/www.ucaldas.edu.co\\\/portal\\\/#\\\/schema\\\/logo\\\/image\\\/\",\"url\":\"https:\\\/\\\/www.ucaldas.edu.co\\\/portal\\\/wp-content\\\/uploads\\\/2023\\\/11\\\/Logo_horizontal_oscuroU-2023.png\",\"contentUrl\":\"https:\\\/\\\/www.ucaldas.edu.co\\\/portal\\\/wp-content\\\/uploads\\\/2023\\\/11\\\/Logo_horizontal_oscuroU-2023.png\",\"width\":263,\"height\":101,\"caption\":\"Universidad de Caldas\"},\"image\":{\"@id\":\"https:\\\/\\\/www.ucaldas.edu.co\\\/portal\\\/#\\\/schema\\\/logo\\\/image\\\/\"},\"sameAs\":[\"https:\\\/\\\/www.facebook.com\\\/udecaldas\",\"https:\\\/\\\/x.com\\\/udecaldas\",\"https:\\\/\\\/www.youtube.com\\\/universidadcaldas\",\"https:\\\/\\\/www.instagram.com\\\/udecaldas\\\/\"]},{\"@type\":\"Person\",\"@id\":\"https:\\\/\\\/www.ucaldas.edu.co\\\/portal\\\/#\\\/schema\\\/person\\\/a1b482e23449158b4bc319926c074fdf\",\"name\":\"ofiprensa\",\"image\":{\"@type\":\"ImageObject\",\"inLanguage\":\"es\",\"@id\":\"https:\\\/\\\/www.ucaldas.edu.co\\\/portal\\\/wp-content\\\/litespeed\\\/avatar\\\/09ea5085e600095a7a811142c6944527.jpg?ver=1777497608\",\"url\":\"https:\\\/\\\/www.ucaldas.edu.co\\\/portal\\\/wp-content\\\/litespeed\\\/avatar\\\/09ea5085e600095a7a811142c6944527.jpg?ver=1777497608\",\"contentUrl\":\"https:\\\/\\\/www.ucaldas.edu.co\\\/portal\\\/wp-content\\\/litespeed\\\/avatar\\\/09ea5085e600095a7a811142c6944527.jpg?ver=1777497608\",\"caption\":\"ofiprensa\"},\"url\":\"https:\\\/\\\/www.ucaldas.edu.co\\\/portal\\\/author\\\/ofiprensa\\\/\"}]}<\/script>\n<!-- \/ Yoast SEO plugin. -->","yoast_head_json":{"title":"Inscripciones a la d\u00e9cimo primera cohorte del Doctorado en Estudio Territoriales .","robots":{"index":"index","follow":"follow","max-snippet":"max-snippet:-1","max-image-preview":"max-image-preview:large","max-video-preview":"max-video-preview:-1"},"canonical":"https:\/\/www.ucaldas.edu.co\/portal\/inscripciones-a-la-decimo-primera-cohorte-del-doctorado-en-estudio-territoriales\/","schema":{"@context":"https:\/\/schema.org","@graph":[{"@type":"Article","@id":"https:\/\/www.ucaldas.edu.co\/portal\/inscripciones-a-la-decimo-primera-cohorte-del-doctorado-en-estudio-territoriales\/#article","isPartOf":{"@id":"https:\/\/www.ucaldas.edu.co\/portal\/inscripciones-a-la-decimo-primera-cohorte-del-doctorado-en-estudio-territoriales\/"},"author":{"name":"ofiprensa","@id":"https:\/\/www.ucaldas.edu.co\/portal\/#\/schema\/person\/a1b482e23449158b4bc319926c074fdf"},"headline":"Inscripciones a la d\u00e9cimo primera cohorte del Doctorado en Estudio Territoriales","datePublished":"2021-09-02T20:51:50+00:00","dateModified":"2021-09-02T20:52:19+00:00","mainEntityOfPage":{"@id":"https:\/\/www.ucaldas.edu.co\/portal\/inscripciones-a-la-decimo-primera-cohorte-del-doctorado-en-estudio-territoriales\/"},"wordCount":302,"publisher":{"@id":"https:\/\/www.ucaldas.edu.co\/portal\/#organization"},"image":{"@id":"https:\/\/www.ucaldas.edu.co\/portal\/inscripciones-a-la-decimo-primera-cohorte-del-doctorado-en-estudio-territoriales\/#primaryimage"},"thumbnailUrl":"https:\/\/www.ucaldas.edu.co\/portal\/wp-content\/uploads\/2021\/09\/DET.jpg","keywords":["inscripciones abiertas","ciencias sociales y humanas","doctorado estudios territoriales"],"articleSection":["Actualidad","Universidad al D\u00eda","Ucaldas Acreditada"],"inLanguage":"es"},{"@type":"WebPage","@id":"https:\/\/www.ucaldas.edu.co\/portal\/inscripciones-a-la-decimo-primera-cohorte-del-doctorado-en-estudio-territoriales\/","url":"https:\/\/www.ucaldas.edu.co\/portal\/inscripciones-a-la-decimo-primera-cohorte-del-doctorado-en-estudio-territoriales\/","name":"Inscripciones a la d\u00e9cimo primera cohorte del Doctorado en Estudio Territoriales .","isPartOf":{"@id":"https:\/\/www.ucaldas.edu.co\/portal\/#website"},"primaryImageOfPage":{"@id":"https:\/\/www.ucaldas.edu.co\/portal\/inscripciones-a-la-decimo-primera-cohorte-del-doctorado-en-estudio-territoriales\/#primaryimage"},"image":{"@id":"https:\/\/www.ucaldas.edu.co\/portal\/inscripciones-a-la-decimo-primera-cohorte-del-doctorado-en-estudio-territoriales\/#primaryimage"},"thumbnailUrl":"https:\/\/www.ucaldas.edu.co\/portal\/wp-content\/uploads\/2021\/09\/DET.jpg","datePublished":"2021-09-02T20:51:50+00:00","dateModified":"2021-09-02T20:52:19+00:00","breadcrumb":{"@id":"https:\/\/www.ucaldas.edu.co\/portal\/inscripciones-a-la-decimo-primera-cohorte-del-doctorado-en-estudio-territoriales\/#breadcrumb"},"inLanguage":"es","potentialAction":[{"@type":"ReadAction","target":["https:\/\/www.ucaldas.edu.co\/portal\/inscripciones-a-la-decimo-primera-cohorte-del-doctorado-en-estudio-territoriales\/"]}]},{"@type":"ImageObject","inLanguage":"es","@id":"https:\/\/www.ucaldas.edu.co\/portal\/inscripciones-a-la-decimo-primera-cohorte-del-doctorado-en-estudio-territoriales\/#primaryimage","url":"https:\/\/www.ucaldas.edu.co\/portal\/wp-content\/uploads\/2021\/09\/DET.jpg","contentUrl":"https:\/\/www.ucaldas.edu.co\/portal\/wp-content\/uploads\/2021\/09\/DET.jpg","width":700,"height":400},{"@type":"BreadcrumbList","@id":"https:\/\/www.ucaldas.edu.co\/portal\/inscripciones-a-la-decimo-primera-cohorte-del-doctorado-en-estudio-territoriales\/#breadcrumb","itemListElement":[{"@type":"ListItem","position":1,"name":"Portada","item":"https:\/\/www.ucaldas.edu.co\/portal\/"},{"@type":"ListItem","position":2,"name":"Inscripciones a la d\u00e9cimo primera cohorte del Doctorado en Estudio Territoriales"}]},{"@type":"WebSite","@id":"https:\/\/www.ucaldas.edu.co\/portal\/#website","url":"https:\/\/www.ucaldas.edu.co\/portal\/","name":"Universidad de Caldas","description":"","publisher":{"@id":"https:\/\/www.ucaldas.edu.co\/portal\/#organization"},"alternateName":"U. de Caldas","potentialAction":[{"@type":"SearchAction","target":{"@type":"EntryPoint","urlTemplate":"https:\/\/www.ucaldas.edu.co\/portal\/?s={search_term_string}"},"query-input":{"@type":"PropertyValueSpecification","valueRequired":true,"valueName":"search_term_string"}}],"inLanguage":"es"},{"@type":"Organization","@id":"https:\/\/www.ucaldas.edu.co\/portal\/#organization","name":"Universidad de Caldas","alternateName":"U. de Caldas","url":"https:\/\/www.ucaldas.edu.co\/portal\/","logo":{"@type":"ImageObject","inLanguage":"es","@id":"https:\/\/www.ucaldas.edu.co\/portal\/#\/schema\/logo\/image\/","url":"https:\/\/www.ucaldas.edu.co\/portal\/wp-content\/uploads\/2023\/11\/Logo_horizontal_oscuroU-2023.png","contentUrl":"https:\/\/www.ucaldas.edu.co\/portal\/wp-content\/uploads\/2023\/11\/Logo_horizontal_oscuroU-2023.png","width":263,"height":101,"caption":"Universidad de Caldas"},"image":{"@id":"https:\/\/www.ucaldas.edu.co\/portal\/#\/schema\/logo\/image\/"},"sameAs":["https:\/\/www.facebook.com\/udecaldas","https:\/\/x.com\/udecaldas","https:\/\/www.youtube.com\/universidadcaldas","https:\/\/www.instagram.com\/udecaldas\/"]},{"@type":"Person","@id":"https:\/\/www.ucaldas.edu.co\/portal\/#\/schema\/person\/a1b482e23449158b4bc319926c074fdf","name":"ofiprensa","image":{"@type":"ImageObject","inLanguage":"es","@id":"https:\/\/www.ucaldas.edu.co\/portal\/wp-content\/litespeed\/avatar\/09ea5085e600095a7a811142c6944527.jpg?ver=1777497608","url":"https:\/\/www.ucaldas.edu.co\/portal\/wp-content\/litespeed\/avatar\/09ea5085e600095a7a811142c6944527.jpg?ver=1777497608","contentUrl":"https:\/\/www.ucaldas.edu.co\/portal\/wp-content\/litespeed\/avatar\/09ea5085e600095a7a811142c6944527.jpg?ver=1777497608","caption":"ofiprensa"},"url":"https:\/\/www.ucaldas.edu.co\/portal\/author\/ofiprensa\/"}]}},"_links":{"self":[{"href":"https:\/\/www.ucaldas.edu.co\/portal\/wp-json\/wp\/v2\/posts\/64746","targetHints":{"allow":["GET"]}}],"collection":[{"href":"https:\/\/www.ucaldas.edu.co\/portal\/wp-json\/wp\/v2\/posts"}],"about":[{"href":"https:\/\/www.ucaldas.edu.co\/portal\/wp-json\/wp\/v2\/types\/post"}],"author":[{"embeddable":true,"href":"https:\/\/www.ucaldas.edu.co\/portal\/wp-json\/wp\/v2\/users\/2"}],"replies":[{"embeddable":true,"href":"https:\/\/www.ucaldas.edu.co\/portal\/wp-json\/wp\/v2\/comments?post=64746"}],"version-history":[{"count":0,"href":"https:\/\/www.ucaldas.edu.co\/portal\/wp-json\/wp\/v2\/posts\/64746\/revisions"}],"wp:featuredmedia":[{"embeddable":true,"href":"https:\/\/www.ucaldas.edu.co\/portal\/wp-json\/wp\/v2\/media\/64747"}],"wp:attachment":[{"href":"https:\/\/www.ucaldas.edu.co\/portal\/wp-json\/wp\/v2\/media?parent=64746"}],"wp:term":[{"taxonomy":"category","embeddable":true,"href":"https:\/\/www.ucaldas.edu.co\/portal\/wp-json\/wp\/v2\/categories?post=64746"},{"taxonomy":"post_tag","embeddable":true,"href":"https:\/\/www.ucaldas.edu.co\/portal\/wp-json\/wp\/v2\/tags?post=64746"}],"curies":[{"name":"wp","href":"https:\/\/api.w.org\/{rel}","templated":true}]}}