{"id":64681,"date":"2021-08-30T23:03:24","date_gmt":"2021-08-30T23:03:24","guid":{"rendered":"https:\/\/www.ucaldas.edu.co\/portal\/?p=64681"},"modified":"2021-08-31T13:39:39","modified_gmt":"2021-08-31T13:39:39","slug":"taller-teorico-practico-de-gpr-para-prospecciones-arqueologicas-y-forenses","status":"publish","type":"post","link":"https:\/\/www.ucaldas.edu.co\/portal\/taller-teorico-practico-de-gpr-para-prospecciones-arqueologicas-y-forenses\/","title":{"rendered":"Taller te\u00f3rico-pr\u00e1ctico de GPR para prospecciones Arqueol\u00f3gicas y Forenses"},"content":{"rendered":"<p style=\"text-align: center;\">ESPACIO QUE SE DESARROLLA POR PRIMERA VEZ EN LA UNIVERSIDAD DE CALDAS<br \/>\n<strong>Taller te\u00f3rico-pr\u00e1ctico de GPR para prospecciones Arqueol\u00f3gicas y Forenses<\/strong><\/p>\n<p style=\"text-align: right;\">30\/08\/2021<\/p>\n<p><img loading=\"lazy\" decoding=\"async\" class=\"size-full wp-image-64682 aligncenter\" src=\"https:\/\/www.ucaldas.edu.co\/portal\/wp-content\/uploads\/2021\/08\/taller-gpr.jpg\" alt=\"\" width=\"700\" height=\"400\" srcset=\"https:\/\/www.ucaldas.edu.co\/portal\/wp-content\/uploads\/2021\/08\/taller-gpr.jpg 700w, https:\/\/www.ucaldas.edu.co\/portal\/wp-content\/uploads\/2021\/08\/taller-gpr-300x171.jpg 300w\" sizes=\"auto, (max-width: 700px) 100vw, 700px\" \/><\/p>\n<p>Por primera vez la Universidad de Caldas llevar\u00e1 a cabo el taller te\u00f3rico-pr\u00e1ctico de GPR para prospecciones Arqueol\u00f3gicas y Forenses este martes 31 de agosto, en el cual participar\u00e1n estudiantes, docentes y egresados de las \u00e1reas de arqueolog\u00eda y antropolog\u00eda biol\u00f3gica<\/p>\n<p><!--more--><\/p>\n<p>El taller busca acercar a los asistentes a los m\u00e9todos y t\u00e9cnicas asociadas al uso de los georradares en el contexto de las investigaciones de estas disciplinas, teniendo en cuenta que estas herramientas sirven para localizar con alta precisi\u00f3n restos arqueol\u00f3gicos y forenses, evitando en primera instancia la alteraci\u00f3n de los contextos de estudio.<\/p>\n<p>Este espacio ser\u00e1 orientado por el ge\u00f3logo Diego Alejandro Gonz\u00e1les, quien cuenta con experiencia en adquisici\u00f3n, procesamiento e interpretaci\u00f3n de datos geof\u00edsicos como geoel\u00e9ctrica, electromagnetismo y radar de penetraci\u00f3n terrestre; adem\u00e1s es el encargado de brindar capacitaci\u00f3n de equipos de resistividad s\u00edsmica y georradares para entidades gubernamentales y privadas en pa\u00edses como Ecuador, Chile, Per\u00fa, Bolivia, Argentina, Espa\u00f1a, Italia, Ant\u00e1rtida, entre otros.<\/p>\n<p>&nbsp;<\/p>\n<p>Durante la capacitaci\u00f3n se desarrollar\u00e1n los siguientes temas:<\/p>\n<ul>\n<li>Conceptos b\u00e1sicos del m\u00e9todo del GPR.<\/li>\n<li>Tipos de equipos y aplicaciones.<\/li>\n<li>Uso del GPR en temas arqueol\u00f3gicos e investigaciones forenses.<\/li>\n<li>Practica de campos con GPR.<\/li>\n<li>An\u00e1lisis del procesamiento de datos e interpretaci\u00f3n.<\/li>\n<\/ul>\n<p><strong>Anexo:<\/strong><\/p>\n<p><strong><a href=\"https:\/\/www.ivoox.com\/angela-maria-cadena-munoz-8211-coordinadora-del-taller-audios-mp3_rf_74750821_1.html\">Audio \u00c1ngela Mar\u00eda Cadena Mu\u00f1oz \u2013<br \/>\ncoordinadora del taller y docente del programa de Antropolog\u00eda.<\/a><\/strong><\/p>\n<p><iframe loading=\"lazy\" src=\"https:\/\/co.ivoox.com\/es\/player_ek_74750821_2_1.html?data=mJmkl5WcdpKhhpywj5WUaZS1lZuah5yncZKhhpywj5WRaZi3jpWah5yncYa3lIqlk9PLqc3VjLLO1Iqnd4a1pcaYpcbIqc_VjLLih6iXaaOl0N-Yh5eaaZOnmZeek4qXhozX0NTfxs7SpcXj08aYxsrQb9Whhpywj6jFsMXV1JCuxtKPmY6ZmKialg..&amp;\" width=\"238\" height=\"48\" frameborder=\"0\" scrolling=\"no\" allowfullscreen=\"allowfullscreen\"><\/iframe><\/p>\n<p>&nbsp;<\/p>\n<p><strong>\u00a0<\/strong><\/p>\n<p><strong>Informes: <\/strong>Oficina de Comunicaciones y Prensa Universidad de Caldas.<\/p>\n<p><strong>Redacci\u00f3n:<\/strong> Mateo Buritic\u00e1 Giraldo<\/p>\n<p>&nbsp;<\/p>\n","protected":false},"excerpt":{"rendered":"<p>ESPACIO QUE SE DESARROLLA POR PRIMERA VEZ EN LA UNIVERSIDAD DE CALDAS Taller te\u00f3rico-pr\u00e1ctico de GPR para prospecciones Arqueol\u00f3gicas y Forenses 30\/08\/2021 Por primera vez la Universidad de Caldas llevar\u00e1 a cabo el taller te\u00f3rico-pr\u00e1ctico de GPR para prospecciones Arqueol\u00f3gicas y Forenses este martes 31 de agosto, en el cual participar\u00e1n estudiantes, docentes y egresados [&hellip;]<\/p>\n","protected":false},"author":2,"featured_media":64682,"comment_status":"closed","ping_status":"open","sticky":false,"template":"","format":"standard","meta":{"footnotes":""},"categories":[48,53,62],"tags":[7059,7060],"class_list":["post-64681","post","type-post","status-publish","format-standard","has-post-thumbnail","hentry","category-actualidad","category-universidad-al-dia","category-eventos","tag-taller-georradares","tag-antropologia-y-arqueologia-geologica"],"yoast_head":"<!-- This site is optimized with the Yoast SEO plugin v27.4 - https:\/\/yoast.com\/product\/yoast-seo-wordpress\/ -->\n<title>Taller te\u00f3rico-pr\u00e1ctico de GPR para prospecciones Arqueol\u00f3gicas y Forenses .<\/title>\n<meta name=\"robots\" content=\"index, follow, max-snippet:-1, max-image-preview:large, max-video-preview:-1\" \/>\n<link rel=\"canonical\" href=\"https:\/\/www.ucaldas.edu.co\/portal\/taller-teorico-practico-de-gpr-para-prospecciones-arqueologicas-y-forenses\/\" \/>\n<script type=\"application\/ld+json\" class=\"yoast-schema-graph\">{\"@context\":\"https:\\\/\\\/schema.org\",\"@graph\":[{\"@type\":\"Article\",\"@id\":\"https:\\\/\\\/www.ucaldas.edu.co\\\/portal\\\/taller-teorico-practico-de-gpr-para-prospecciones-arqueologicas-y-forenses\\\/#article\",\"isPartOf\":{\"@id\":\"https:\\\/\\\/www.ucaldas.edu.co\\\/portal\\\/taller-teorico-practico-de-gpr-para-prospecciones-arqueologicas-y-forenses\\\/\"},\"author\":{\"name\":\"ofiprensa\",\"@id\":\"https:\\\/\\\/www.ucaldas.edu.co\\\/portal\\\/#\\\/schema\\\/person\\\/a1b482e23449158b4bc319926c074fdf\"},\"headline\":\"Taller te\u00f3rico-pr\u00e1ctico de GPR para prospecciones Arqueol\u00f3gicas y Forenses\",\"datePublished\":\"2021-08-30T23:03:24+00:00\",\"dateModified\":\"2021-08-31T13:39:39+00:00\",\"mainEntityOfPage\":{\"@id\":\"https:\\\/\\\/www.ucaldas.edu.co\\\/portal\\\/taller-teorico-practico-de-gpr-para-prospecciones-arqueologicas-y-forenses\\\/\"},\"wordCount\":299,\"publisher\":{\"@id\":\"https:\\\/\\\/www.ucaldas.edu.co\\\/portal\\\/#organization\"},\"image\":{\"@id\":\"https:\\\/\\\/www.ucaldas.edu.co\\\/portal\\\/taller-teorico-practico-de-gpr-para-prospecciones-arqueologicas-y-forenses\\\/#primaryimage\"},\"thumbnailUrl\":\"https:\\\/\\\/www.ucaldas.edu.co\\\/portal\\\/wp-content\\\/uploads\\\/2021\\\/08\\\/taller-gpr.jpg\",\"keywords\":[\"taller georradares\",\"antropolog\u00eda y arqueolog\u00eda geol\u00f3gica\"],\"articleSection\":[\"Actualidad\",\"Universidad al D\u00eda\",\"Eventos\"],\"inLanguage\":\"es\"},{\"@type\":\"WebPage\",\"@id\":\"https:\\\/\\\/www.ucaldas.edu.co\\\/portal\\\/taller-teorico-practico-de-gpr-para-prospecciones-arqueologicas-y-forenses\\\/\",\"url\":\"https:\\\/\\\/www.ucaldas.edu.co\\\/portal\\\/taller-teorico-practico-de-gpr-para-prospecciones-arqueologicas-y-forenses\\\/\",\"name\":\"Taller te\u00f3rico-pr\u00e1ctico de GPR para prospecciones Arqueol\u00f3gicas y Forenses .\",\"isPartOf\":{\"@id\":\"https:\\\/\\\/www.ucaldas.edu.co\\\/portal\\\/#website\"},\"primaryImageOfPage\":{\"@id\":\"https:\\\/\\\/www.ucaldas.edu.co\\\/portal\\\/taller-teorico-practico-de-gpr-para-prospecciones-arqueologicas-y-forenses\\\/#primaryimage\"},\"image\":{\"@id\":\"https:\\\/\\\/www.ucaldas.edu.co\\\/portal\\\/taller-teorico-practico-de-gpr-para-prospecciones-arqueologicas-y-forenses\\\/#primaryimage\"},\"thumbnailUrl\":\"https:\\\/\\\/www.ucaldas.edu.co\\\/portal\\\/wp-content\\\/uploads\\\/2021\\\/08\\\/taller-gpr.jpg\",\"datePublished\":\"2021-08-30T23:03:24+00:00\",\"dateModified\":\"2021-08-31T13:39:39+00:00\",\"breadcrumb\":{\"@id\":\"https:\\\/\\\/www.ucaldas.edu.co\\\/portal\\\/taller-teorico-practico-de-gpr-para-prospecciones-arqueologicas-y-forenses\\\/#breadcrumb\"},\"inLanguage\":\"es\",\"potentialAction\":[{\"@type\":\"ReadAction\",\"target\":[\"https:\\\/\\\/www.ucaldas.edu.co\\\/portal\\\/taller-teorico-practico-de-gpr-para-prospecciones-arqueologicas-y-forenses\\\/\"]}]},{\"@type\":\"ImageObject\",\"inLanguage\":\"es\",\"@id\":\"https:\\\/\\\/www.ucaldas.edu.co\\\/portal\\\/taller-teorico-practico-de-gpr-para-prospecciones-arqueologicas-y-forenses\\\/#primaryimage\",\"url\":\"https:\\\/\\\/www.ucaldas.edu.co\\\/portal\\\/wp-content\\\/uploads\\\/2021\\\/08\\\/taller-gpr.jpg\",\"contentUrl\":\"https:\\\/\\\/www.ucaldas.edu.co\\\/portal\\\/wp-content\\\/uploads\\\/2021\\\/08\\\/taller-gpr.jpg\",\"width\":700,\"height\":400},{\"@type\":\"BreadcrumbList\",\"@id\":\"https:\\\/\\\/www.ucaldas.edu.co\\\/portal\\\/taller-teorico-practico-de-gpr-para-prospecciones-arqueologicas-y-forenses\\\/#breadcrumb\",\"itemListElement\":[{\"@type\":\"ListItem\",\"position\":1,\"name\":\"Portada\",\"item\":\"https:\\\/\\\/www.ucaldas.edu.co\\\/portal\\\/\"},{\"@type\":\"ListItem\",\"position\":2,\"name\":\"Taller te\u00f3rico-pr\u00e1ctico de GPR para prospecciones Arqueol\u00f3gicas y Forenses\"}]},{\"@type\":\"WebSite\",\"@id\":\"https:\\\/\\\/www.ucaldas.edu.co\\\/portal\\\/#website\",\"url\":\"https:\\\/\\\/www.ucaldas.edu.co\\\/portal\\\/\",\"name\":\"Universidad de Caldas\",\"description\":\"\",\"publisher\":{\"@id\":\"https:\\\/\\\/www.ucaldas.edu.co\\\/portal\\\/#organization\"},\"alternateName\":\"U. de Caldas\",\"potentialAction\":[{\"@type\":\"SearchAction\",\"target\":{\"@type\":\"EntryPoint\",\"urlTemplate\":\"https:\\\/\\\/www.ucaldas.edu.co\\\/portal\\\/?s={search_term_string}\"},\"query-input\":{\"@type\":\"PropertyValueSpecification\",\"valueRequired\":true,\"valueName\":\"search_term_string\"}}],\"inLanguage\":\"es\"},{\"@type\":\"Organization\",\"@id\":\"https:\\\/\\\/www.ucaldas.edu.co\\\/portal\\\/#organization\",\"name\":\"Universidad de Caldas\",\"alternateName\":\"U. de Caldas\",\"url\":\"https:\\\/\\\/www.ucaldas.edu.co\\\/portal\\\/\",\"logo\":{\"@type\":\"ImageObject\",\"inLanguage\":\"es\",\"@id\":\"https:\\\/\\\/www.ucaldas.edu.co\\\/portal\\\/#\\\/schema\\\/logo\\\/image\\\/\",\"url\":\"https:\\\/\\\/www.ucaldas.edu.co\\\/portal\\\/wp-content\\\/uploads\\\/2023\\\/11\\\/Logo_horizontal_oscuroU-2023.png\",\"contentUrl\":\"https:\\\/\\\/www.ucaldas.edu.co\\\/portal\\\/wp-content\\\/uploads\\\/2023\\\/11\\\/Logo_horizontal_oscuroU-2023.png\",\"width\":263,\"height\":101,\"caption\":\"Universidad de Caldas\"},\"image\":{\"@id\":\"https:\\\/\\\/www.ucaldas.edu.co\\\/portal\\\/#\\\/schema\\\/logo\\\/image\\\/\"},\"sameAs\":[\"https:\\\/\\\/www.facebook.com\\\/udecaldas\",\"https:\\\/\\\/x.com\\\/udecaldas\",\"https:\\\/\\\/www.youtube.com\\\/universidadcaldas\",\"https:\\\/\\\/www.instagram.com\\\/udecaldas\\\/\"]},{\"@type\":\"Person\",\"@id\":\"https:\\\/\\\/www.ucaldas.edu.co\\\/portal\\\/#\\\/schema\\\/person\\\/a1b482e23449158b4bc319926c074fdf\",\"name\":\"ofiprensa\",\"image\":{\"@type\":\"ImageObject\",\"inLanguage\":\"es\",\"@id\":\"https:\\\/\\\/www.ucaldas.edu.co\\\/portal\\\/wp-content\\\/litespeed\\\/avatar\\\/09ea5085e600095a7a811142c6944527.jpg?ver=1776892805\",\"url\":\"https:\\\/\\\/www.ucaldas.edu.co\\\/portal\\\/wp-content\\\/litespeed\\\/avatar\\\/09ea5085e600095a7a811142c6944527.jpg?ver=1776892805\",\"contentUrl\":\"https:\\\/\\\/www.ucaldas.edu.co\\\/portal\\\/wp-content\\\/litespeed\\\/avatar\\\/09ea5085e600095a7a811142c6944527.jpg?ver=1776892805\",\"caption\":\"ofiprensa\"},\"url\":\"https:\\\/\\\/www.ucaldas.edu.co\\\/portal\\\/author\\\/ofiprensa\\\/\"}]}<\/script>\n<!-- \/ Yoast SEO plugin. -->","yoast_head_json":{"title":"Taller te\u00f3rico-pr\u00e1ctico de GPR para prospecciones Arqueol\u00f3gicas y Forenses .","robots":{"index":"index","follow":"follow","max-snippet":"max-snippet:-1","max-image-preview":"max-image-preview:large","max-video-preview":"max-video-preview:-1"},"canonical":"https:\/\/www.ucaldas.edu.co\/portal\/taller-teorico-practico-de-gpr-para-prospecciones-arqueologicas-y-forenses\/","schema":{"@context":"https:\/\/schema.org","@graph":[{"@type":"Article","@id":"https:\/\/www.ucaldas.edu.co\/portal\/taller-teorico-practico-de-gpr-para-prospecciones-arqueologicas-y-forenses\/#article","isPartOf":{"@id":"https:\/\/www.ucaldas.edu.co\/portal\/taller-teorico-practico-de-gpr-para-prospecciones-arqueologicas-y-forenses\/"},"author":{"name":"ofiprensa","@id":"https:\/\/www.ucaldas.edu.co\/portal\/#\/schema\/person\/a1b482e23449158b4bc319926c074fdf"},"headline":"Taller te\u00f3rico-pr\u00e1ctico de GPR para prospecciones Arqueol\u00f3gicas y Forenses","datePublished":"2021-08-30T23:03:24+00:00","dateModified":"2021-08-31T13:39:39+00:00","mainEntityOfPage":{"@id":"https:\/\/www.ucaldas.edu.co\/portal\/taller-teorico-practico-de-gpr-para-prospecciones-arqueologicas-y-forenses\/"},"wordCount":299,"publisher":{"@id":"https:\/\/www.ucaldas.edu.co\/portal\/#organization"},"image":{"@id":"https:\/\/www.ucaldas.edu.co\/portal\/taller-teorico-practico-de-gpr-para-prospecciones-arqueologicas-y-forenses\/#primaryimage"},"thumbnailUrl":"https:\/\/www.ucaldas.edu.co\/portal\/wp-content\/uploads\/2021\/08\/taller-gpr.jpg","keywords":["taller georradares","antropolog\u00eda y arqueolog\u00eda geol\u00f3gica"],"articleSection":["Actualidad","Universidad al D\u00eda","Eventos"],"inLanguage":"es"},{"@type":"WebPage","@id":"https:\/\/www.ucaldas.edu.co\/portal\/taller-teorico-practico-de-gpr-para-prospecciones-arqueologicas-y-forenses\/","url":"https:\/\/www.ucaldas.edu.co\/portal\/taller-teorico-practico-de-gpr-para-prospecciones-arqueologicas-y-forenses\/","name":"Taller te\u00f3rico-pr\u00e1ctico de GPR para prospecciones Arqueol\u00f3gicas y Forenses .","isPartOf":{"@id":"https:\/\/www.ucaldas.edu.co\/portal\/#website"},"primaryImageOfPage":{"@id":"https:\/\/www.ucaldas.edu.co\/portal\/taller-teorico-practico-de-gpr-para-prospecciones-arqueologicas-y-forenses\/#primaryimage"},"image":{"@id":"https:\/\/www.ucaldas.edu.co\/portal\/taller-teorico-practico-de-gpr-para-prospecciones-arqueologicas-y-forenses\/#primaryimage"},"thumbnailUrl":"https:\/\/www.ucaldas.edu.co\/portal\/wp-content\/uploads\/2021\/08\/taller-gpr.jpg","datePublished":"2021-08-30T23:03:24+00:00","dateModified":"2021-08-31T13:39:39+00:00","breadcrumb":{"@id":"https:\/\/www.ucaldas.edu.co\/portal\/taller-teorico-practico-de-gpr-para-prospecciones-arqueologicas-y-forenses\/#breadcrumb"},"inLanguage":"es","potentialAction":[{"@type":"ReadAction","target":["https:\/\/www.ucaldas.edu.co\/portal\/taller-teorico-practico-de-gpr-para-prospecciones-arqueologicas-y-forenses\/"]}]},{"@type":"ImageObject","inLanguage":"es","@id":"https:\/\/www.ucaldas.edu.co\/portal\/taller-teorico-practico-de-gpr-para-prospecciones-arqueologicas-y-forenses\/#primaryimage","url":"https:\/\/www.ucaldas.edu.co\/portal\/wp-content\/uploads\/2021\/08\/taller-gpr.jpg","contentUrl":"https:\/\/www.ucaldas.edu.co\/portal\/wp-content\/uploads\/2021\/08\/taller-gpr.jpg","width":700,"height":400},{"@type":"BreadcrumbList","@id":"https:\/\/www.ucaldas.edu.co\/portal\/taller-teorico-practico-de-gpr-para-prospecciones-arqueologicas-y-forenses\/#breadcrumb","itemListElement":[{"@type":"ListItem","position":1,"name":"Portada","item":"https:\/\/www.ucaldas.edu.co\/portal\/"},{"@type":"ListItem","position":2,"name":"Taller te\u00f3rico-pr\u00e1ctico de GPR para prospecciones Arqueol\u00f3gicas y Forenses"}]},{"@type":"WebSite","@id":"https:\/\/www.ucaldas.edu.co\/portal\/#website","url":"https:\/\/www.ucaldas.edu.co\/portal\/","name":"Universidad de Caldas","description":"","publisher":{"@id":"https:\/\/www.ucaldas.edu.co\/portal\/#organization"},"alternateName":"U. de Caldas","potentialAction":[{"@type":"SearchAction","target":{"@type":"EntryPoint","urlTemplate":"https:\/\/www.ucaldas.edu.co\/portal\/?s={search_term_string}"},"query-input":{"@type":"PropertyValueSpecification","valueRequired":true,"valueName":"search_term_string"}}],"inLanguage":"es"},{"@type":"Organization","@id":"https:\/\/www.ucaldas.edu.co\/portal\/#organization","name":"Universidad de Caldas","alternateName":"U. de Caldas","url":"https:\/\/www.ucaldas.edu.co\/portal\/","logo":{"@type":"ImageObject","inLanguage":"es","@id":"https:\/\/www.ucaldas.edu.co\/portal\/#\/schema\/logo\/image\/","url":"https:\/\/www.ucaldas.edu.co\/portal\/wp-content\/uploads\/2023\/11\/Logo_horizontal_oscuroU-2023.png","contentUrl":"https:\/\/www.ucaldas.edu.co\/portal\/wp-content\/uploads\/2023\/11\/Logo_horizontal_oscuroU-2023.png","width":263,"height":101,"caption":"Universidad de Caldas"},"image":{"@id":"https:\/\/www.ucaldas.edu.co\/portal\/#\/schema\/logo\/image\/"},"sameAs":["https:\/\/www.facebook.com\/udecaldas","https:\/\/x.com\/udecaldas","https:\/\/www.youtube.com\/universidadcaldas","https:\/\/www.instagram.com\/udecaldas\/"]},{"@type":"Person","@id":"https:\/\/www.ucaldas.edu.co\/portal\/#\/schema\/person\/a1b482e23449158b4bc319926c074fdf","name":"ofiprensa","image":{"@type":"ImageObject","inLanguage":"es","@id":"https:\/\/www.ucaldas.edu.co\/portal\/wp-content\/litespeed\/avatar\/09ea5085e600095a7a811142c6944527.jpg?ver=1776892805","url":"https:\/\/www.ucaldas.edu.co\/portal\/wp-content\/litespeed\/avatar\/09ea5085e600095a7a811142c6944527.jpg?ver=1776892805","contentUrl":"https:\/\/www.ucaldas.edu.co\/portal\/wp-content\/litespeed\/avatar\/09ea5085e600095a7a811142c6944527.jpg?ver=1776892805","caption":"ofiprensa"},"url":"https:\/\/www.ucaldas.edu.co\/portal\/author\/ofiprensa\/"}]}},"_links":{"self":[{"href":"https:\/\/www.ucaldas.edu.co\/portal\/wp-json\/wp\/v2\/posts\/64681","targetHints":{"allow":["GET"]}}],"collection":[{"href":"https:\/\/www.ucaldas.edu.co\/portal\/wp-json\/wp\/v2\/posts"}],"about":[{"href":"https:\/\/www.ucaldas.edu.co\/portal\/wp-json\/wp\/v2\/types\/post"}],"author":[{"embeddable":true,"href":"https:\/\/www.ucaldas.edu.co\/portal\/wp-json\/wp\/v2\/users\/2"}],"replies":[{"embeddable":true,"href":"https:\/\/www.ucaldas.edu.co\/portal\/wp-json\/wp\/v2\/comments?post=64681"}],"version-history":[{"count":0,"href":"https:\/\/www.ucaldas.edu.co\/portal\/wp-json\/wp\/v2\/posts\/64681\/revisions"}],"wp:featuredmedia":[{"embeddable":true,"href":"https:\/\/www.ucaldas.edu.co\/portal\/wp-json\/wp\/v2\/media\/64682"}],"wp:attachment":[{"href":"https:\/\/www.ucaldas.edu.co\/portal\/wp-json\/wp\/v2\/media?parent=64681"}],"wp:term":[{"taxonomy":"category","embeddable":true,"href":"https:\/\/www.ucaldas.edu.co\/portal\/wp-json\/wp\/v2\/categories?post=64681"},{"taxonomy":"post_tag","embeddable":true,"href":"https:\/\/www.ucaldas.edu.co\/portal\/wp-json\/wp\/v2\/tags?post=64681"}],"curies":[{"name":"wp","href":"https:\/\/api.w.org\/{rel}","templated":true}]}}