{"id":6462,"date":"2011-02-11T10:50:36","date_gmt":"2011-02-11T15:50:36","guid":{"rendered":"https:\/\/www.ucaldas.edu.co\/portal\/?p=6462"},"modified":"2011-02-11T10:50:36","modified_gmt":"2011-02-11T15:50:36","slug":"cuatro-exposiciones-tienen-abiertas-sus-puertas-en-el-centro-de-museos-de-la-u-de-caldas","status":"publish","type":"post","link":"https:\/\/www.ucaldas.edu.co\/portal\/cuatro-exposiciones-tienen-abiertas-sus-puertas-en-el-centro-de-museos-de-la-u-de-caldas\/","title":{"rendered":"Cuatro exposiciones tienen abiertas sus puertas en el Centro de Museos de la U. de Caldas"},"content":{"rendered":"<p>Se trata de las muestras muros, libro arte, arqueolog\u00eda y geolog\u00eda<\/p>\n<hr \/>\n<p align=\"right\"><b>11\/02\/2011<\/b><\/p>\n<p>&nbsp;<\/p>\n<table border=\"0\">\n<tbody>\n<tr>\n<td>\u00a0<img loading=\"lazy\" decoding=\"async\" style=\"border: 0px\" alt=\"Museos\" src=\"http:\/\/www.ucaldas.edu.co\/images\/tmp\/museos_exposicion.JPG\" width=\"240\" height=\"150\" border=\"0\" \/><\/td>\n<td><span style=\"font-family: Calibri\">Conozca las exposiciones de la Universidad de Caldas que estar\u00e1n abiertas al p\u00fablico en el Centro de Museos de la Instituci\u00f3n.\u00a0 <\/span><\/td>\n<\/tr>\n<\/tbody>\n<\/table>\n<p>&nbsp;<\/p>\n<p><b>Libro arte<\/b><\/p>\n<p>El 18 de noviembre del 2010 se inaugur\u00f3 esta exposici\u00f3n en el Centro de Museos de la U. de Caldas y estar\u00e1 abierta hasta el 11 de marzo del 2011. Esta es una iniciativa de Jorge Lagos y Daniel G\u00f3mez, docentes del Programa de \u00a0Artes Pl\u00e1sticas de la Instituci\u00f3n.}<\/p>\n<p>&nbsp;<\/p>\n<p>Los docentes recopilaron 22 obras de artistas nacionales e internacionales, de las cuales seleccionaron 9, de 7 artistas de M\u00e9xico, Brasil, Holanda y Colombia.<\/p>\n<p><b>\u00a0<\/b><\/p>\n<p><b>Muros<\/b><\/p>\n<p>Alexandra Novosseloff y Frank Neisse son los autores de esta exposici\u00f3n que tambi\u00e9n se inaugur\u00f3 en noviembre del 2010 y fue expuesta en el 2007 en Francia.<\/p>\n<p>Este conjunto de fotograf\u00edas muestra la realidad de los muros en el mundo e incluso algunos siguen vigentes. Tambi\u00e9n estar\u00e1 abierta al p\u00fablico hasta el 11 de marzo del 2011.<\/p>\n<p><b>\u00a0<\/b><\/p>\n<p><b>Exposici\u00f3n permanente, Arqueolog\u00eda<\/b><\/p>\n<p><b><i>Pobladores Prehisp\u00e1nicos del Cauca Medio<\/i><\/b><\/p>\n<p>La historia prehisp\u00e1nica del Valle Medio del R\u00edo Cauca est\u00e1 representada por un conjunto de evidencias materiales asociadas a diferentes periodos de ocupaci\u00f3n y pr\u00e1cticas culturales, que se inician\u00a0 hacia finales del holoceno y contin\u00faan hasta el periodo de la conquista.<\/p>\n<p><b>\u00a0<\/b><\/p>\n<p><b>Exposici\u00f3n permanente, Geolog\u00eda<\/b><\/p>\n<p><b><i>El presente es la clave del pasado<\/i><\/b><\/p>\n<p>En la sala de exposici\u00f3n se presentan los conceptos b\u00e1sicos del origen de la tierra y los procesos geol\u00f3gicos asociados a la g\u00e9nesis de rocas, minerales y f\u00f3siles, de los que el visitante encontrar\u00e1 una alta gama.<\/p>\n<p>&nbsp;<\/p>\n<p>Las exposiciones temporales brindan la posibilidad de dinamizar permanentemente el museo ofreciendo a los visitantes, nuevas experiencias.<\/p>\n<p>Estar\u00e1n abiertas al p\u00fablico de las 8:30 a.m. a 12:00 m. y de 2:15p.m. a 6:00p.m.<\/p>\n<p><b>\u00a0<\/b><\/p>\n<p><b>Informes:<\/b> en el Centro de Museos. Tel\u00e9fono: 886 27 20,\u00a0 extensi\u00f3n 24 132.<\/p>\n","protected":false},"excerpt":{"rendered":"<p>Se trata de las muestras muros, libro arte, arqueolog\u00eda y geolog\u00eda 11\/02\/2011 &nbsp; \u00a0 Conozca las exposiciones de la Universidad de Caldas que estar\u00e1n abiertas al p\u00fablico en el Centro de Museos de la Instituci\u00f3n.\u00a0 &nbsp; Libro arte El 18 de noviembre del 2010 se inaugur\u00f3 esta exposici\u00f3n en el Centro de Museos de la [&hellip;]<\/p>\n","protected":false},"author":2,"featured_media":0,"comment_status":"closed","ping_status":"closed","sticky":false,"template":"","format":"standard","meta":{"footnotes":""},"categories":[48,53],"tags":[],"class_list":["post-6462","post","type-post","status-publish","format-standard","hentry","category-actualidad","category-universidad-al-dia"],"yoast_head":"<!-- This site is optimized with the Yoast SEO plugin v27.5 - https:\/\/yoast.com\/product\/yoast-seo-wordpress\/ -->\n<title>Cuatro exposiciones tienen abiertas sus puertas en el Centro de Museos de la U. de Caldas .<\/title>\n<meta name=\"robots\" content=\"index, follow, max-snippet:-1, max-image-preview:large, max-video-preview:-1\" \/>\n<link rel=\"canonical\" href=\"https:\/\/www.ucaldas.edu.co\/portal\/cuatro-exposiciones-tienen-abiertas-sus-puertas-en-el-centro-de-museos-de-la-u-de-caldas\/\" \/>\n<script type=\"application\/ld+json\" class=\"yoast-schema-graph\">{\"@context\":\"https:\\\/\\\/schema.org\",\"@graph\":[{\"@type\":\"Article\",\"@id\":\"https:\\\/\\\/www.ucaldas.edu.co\\\/portal\\\/cuatro-exposiciones-tienen-abiertas-sus-puertas-en-el-centro-de-museos-de-la-u-de-caldas\\\/#article\",\"isPartOf\":{\"@id\":\"https:\\\/\\\/www.ucaldas.edu.co\\\/portal\\\/cuatro-exposiciones-tienen-abiertas-sus-puertas-en-el-centro-de-museos-de-la-u-de-caldas\\\/\"},\"author\":{\"name\":\"ofiprensa\",\"@id\":\"https:\\\/\\\/www.ucaldas.edu.co\\\/portal\\\/#\\\/schema\\\/person\\\/a1b482e23449158b4bc319926c074fdf\"},\"headline\":\"Cuatro exposiciones tienen abiertas sus puertas en el Centro de Museos de la U. de Caldas\",\"datePublished\":\"2011-02-11T15:50:36+00:00\",\"mainEntityOfPage\":{\"@id\":\"https:\\\/\\\/www.ucaldas.edu.co\\\/portal\\\/cuatro-exposiciones-tienen-abiertas-sus-puertas-en-el-centro-de-museos-de-la-u-de-caldas\\\/\"},\"wordCount\":346,\"publisher\":{\"@id\":\"https:\\\/\\\/www.ucaldas.edu.co\\\/portal\\\/#organization\"},\"image\":{\"@id\":\"https:\\\/\\\/www.ucaldas.edu.co\\\/portal\\\/cuatro-exposiciones-tienen-abiertas-sus-puertas-en-el-centro-de-museos-de-la-u-de-caldas\\\/#primaryimage\"},\"thumbnailUrl\":\"http:\\\/\\\/www.ucaldas.edu.co\\\/images\\\/tmp\\\/museos_exposicion.JPG\",\"articleSection\":[\"Actualidad\",\"Universidad al D\u00eda\"],\"inLanguage\":\"es\"},{\"@type\":\"WebPage\",\"@id\":\"https:\\\/\\\/www.ucaldas.edu.co\\\/portal\\\/cuatro-exposiciones-tienen-abiertas-sus-puertas-en-el-centro-de-museos-de-la-u-de-caldas\\\/\",\"url\":\"https:\\\/\\\/www.ucaldas.edu.co\\\/portal\\\/cuatro-exposiciones-tienen-abiertas-sus-puertas-en-el-centro-de-museos-de-la-u-de-caldas\\\/\",\"name\":\"Cuatro exposiciones tienen abiertas sus puertas en el Centro de Museos de la U. de Caldas .\",\"isPartOf\":{\"@id\":\"https:\\\/\\\/www.ucaldas.edu.co\\\/portal\\\/#website\"},\"primaryImageOfPage\":{\"@id\":\"https:\\\/\\\/www.ucaldas.edu.co\\\/portal\\\/cuatro-exposiciones-tienen-abiertas-sus-puertas-en-el-centro-de-museos-de-la-u-de-caldas\\\/#primaryimage\"},\"image\":{\"@id\":\"https:\\\/\\\/www.ucaldas.edu.co\\\/portal\\\/cuatro-exposiciones-tienen-abiertas-sus-puertas-en-el-centro-de-museos-de-la-u-de-caldas\\\/#primaryimage\"},\"thumbnailUrl\":\"http:\\\/\\\/www.ucaldas.edu.co\\\/images\\\/tmp\\\/museos_exposicion.JPG\",\"datePublished\":\"2011-02-11T15:50:36+00:00\",\"breadcrumb\":{\"@id\":\"https:\\\/\\\/www.ucaldas.edu.co\\\/portal\\\/cuatro-exposiciones-tienen-abiertas-sus-puertas-en-el-centro-de-museos-de-la-u-de-caldas\\\/#breadcrumb\"},\"inLanguage\":\"es\",\"potentialAction\":[{\"@type\":\"ReadAction\",\"target\":[\"https:\\\/\\\/www.ucaldas.edu.co\\\/portal\\\/cuatro-exposiciones-tienen-abiertas-sus-puertas-en-el-centro-de-museos-de-la-u-de-caldas\\\/\"]}]},{\"@type\":\"ImageObject\",\"inLanguage\":\"es\",\"@id\":\"https:\\\/\\\/www.ucaldas.edu.co\\\/portal\\\/cuatro-exposiciones-tienen-abiertas-sus-puertas-en-el-centro-de-museos-de-la-u-de-caldas\\\/#primaryimage\",\"url\":\"http:\\\/\\\/www.ucaldas.edu.co\\\/images\\\/tmp\\\/museos_exposicion.JPG\",\"contentUrl\":\"http:\\\/\\\/www.ucaldas.edu.co\\\/images\\\/tmp\\\/museos_exposicion.JPG\"},{\"@type\":\"BreadcrumbList\",\"@id\":\"https:\\\/\\\/www.ucaldas.edu.co\\\/portal\\\/cuatro-exposiciones-tienen-abiertas-sus-puertas-en-el-centro-de-museos-de-la-u-de-caldas\\\/#breadcrumb\",\"itemListElement\":[{\"@type\":\"ListItem\",\"position\":1,\"name\":\"Portada\",\"item\":\"https:\\\/\\\/www.ucaldas.edu.co\\\/portal\\\/\"},{\"@type\":\"ListItem\",\"position\":2,\"name\":\"Cuatro exposiciones tienen abiertas sus puertas en el Centro de Museos de la U. de Caldas\"}]},{\"@type\":\"WebSite\",\"@id\":\"https:\\\/\\\/www.ucaldas.edu.co\\\/portal\\\/#website\",\"url\":\"https:\\\/\\\/www.ucaldas.edu.co\\\/portal\\\/\",\"name\":\"Universidad de Caldas\",\"description\":\"\",\"publisher\":{\"@id\":\"https:\\\/\\\/www.ucaldas.edu.co\\\/portal\\\/#organization\"},\"alternateName\":\"U. de Caldas\",\"potentialAction\":[{\"@type\":\"SearchAction\",\"target\":{\"@type\":\"EntryPoint\",\"urlTemplate\":\"https:\\\/\\\/www.ucaldas.edu.co\\\/portal\\\/?s={search_term_string}\"},\"query-input\":{\"@type\":\"PropertyValueSpecification\",\"valueRequired\":true,\"valueName\":\"search_term_string\"}}],\"inLanguage\":\"es\"},{\"@type\":\"Organization\",\"@id\":\"https:\\\/\\\/www.ucaldas.edu.co\\\/portal\\\/#organization\",\"name\":\"Universidad de Caldas\",\"alternateName\":\"U. de Caldas\",\"url\":\"https:\\\/\\\/www.ucaldas.edu.co\\\/portal\\\/\",\"logo\":{\"@type\":\"ImageObject\",\"inLanguage\":\"es\",\"@id\":\"https:\\\/\\\/www.ucaldas.edu.co\\\/portal\\\/#\\\/schema\\\/logo\\\/image\\\/\",\"url\":\"https:\\\/\\\/www.ucaldas.edu.co\\\/portal\\\/wp-content\\\/uploads\\\/2023\\\/11\\\/Logo_horizontal_oscuroU-2023.png\",\"contentUrl\":\"https:\\\/\\\/www.ucaldas.edu.co\\\/portal\\\/wp-content\\\/uploads\\\/2023\\\/11\\\/Logo_horizontal_oscuroU-2023.png\",\"width\":263,\"height\":101,\"caption\":\"Universidad de Caldas\"},\"image\":{\"@id\":\"https:\\\/\\\/www.ucaldas.edu.co\\\/portal\\\/#\\\/schema\\\/logo\\\/image\\\/\"},\"sameAs\":[\"https:\\\/\\\/www.facebook.com\\\/udecaldas\",\"https:\\\/\\\/x.com\\\/udecaldas\",\"https:\\\/\\\/www.youtube.com\\\/universidadcaldas\",\"https:\\\/\\\/www.instagram.com\\\/udecaldas\\\/\"]},{\"@type\":\"Person\",\"@id\":\"https:\\\/\\\/www.ucaldas.edu.co\\\/portal\\\/#\\\/schema\\\/person\\\/a1b482e23449158b4bc319926c074fdf\",\"name\":\"ofiprensa\",\"image\":{\"@type\":\"ImageObject\",\"inLanguage\":\"es\",\"@id\":\"https:\\\/\\\/www.ucaldas.edu.co\\\/portal\\\/wp-content\\\/litespeed\\\/avatar\\\/09ea5085e600095a7a811142c6944527.jpg?ver=1777497608\",\"url\":\"https:\\\/\\\/www.ucaldas.edu.co\\\/portal\\\/wp-content\\\/litespeed\\\/avatar\\\/09ea5085e600095a7a811142c6944527.jpg?ver=1777497608\",\"contentUrl\":\"https:\\\/\\\/www.ucaldas.edu.co\\\/portal\\\/wp-content\\\/litespeed\\\/avatar\\\/09ea5085e600095a7a811142c6944527.jpg?ver=1777497608\",\"caption\":\"ofiprensa\"},\"url\":\"https:\\\/\\\/www.ucaldas.edu.co\\\/portal\\\/author\\\/ofiprensa\\\/\"}]}<\/script>\n<!-- \/ Yoast SEO plugin. -->","yoast_head_json":{"title":"Cuatro exposiciones tienen abiertas sus puertas en el Centro de Museos de la U. de Caldas .","robots":{"index":"index","follow":"follow","max-snippet":"max-snippet:-1","max-image-preview":"max-image-preview:large","max-video-preview":"max-video-preview:-1"},"canonical":"https:\/\/www.ucaldas.edu.co\/portal\/cuatro-exposiciones-tienen-abiertas-sus-puertas-en-el-centro-de-museos-de-la-u-de-caldas\/","schema":{"@context":"https:\/\/schema.org","@graph":[{"@type":"Article","@id":"https:\/\/www.ucaldas.edu.co\/portal\/cuatro-exposiciones-tienen-abiertas-sus-puertas-en-el-centro-de-museos-de-la-u-de-caldas\/#article","isPartOf":{"@id":"https:\/\/www.ucaldas.edu.co\/portal\/cuatro-exposiciones-tienen-abiertas-sus-puertas-en-el-centro-de-museos-de-la-u-de-caldas\/"},"author":{"name":"ofiprensa","@id":"https:\/\/www.ucaldas.edu.co\/portal\/#\/schema\/person\/a1b482e23449158b4bc319926c074fdf"},"headline":"Cuatro exposiciones tienen abiertas sus puertas en el Centro de Museos de la U. de Caldas","datePublished":"2011-02-11T15:50:36+00:00","mainEntityOfPage":{"@id":"https:\/\/www.ucaldas.edu.co\/portal\/cuatro-exposiciones-tienen-abiertas-sus-puertas-en-el-centro-de-museos-de-la-u-de-caldas\/"},"wordCount":346,"publisher":{"@id":"https:\/\/www.ucaldas.edu.co\/portal\/#organization"},"image":{"@id":"https:\/\/www.ucaldas.edu.co\/portal\/cuatro-exposiciones-tienen-abiertas-sus-puertas-en-el-centro-de-museos-de-la-u-de-caldas\/#primaryimage"},"thumbnailUrl":"http:\/\/www.ucaldas.edu.co\/images\/tmp\/museos_exposicion.JPG","articleSection":["Actualidad","Universidad al D\u00eda"],"inLanguage":"es"},{"@type":"WebPage","@id":"https:\/\/www.ucaldas.edu.co\/portal\/cuatro-exposiciones-tienen-abiertas-sus-puertas-en-el-centro-de-museos-de-la-u-de-caldas\/","url":"https:\/\/www.ucaldas.edu.co\/portal\/cuatro-exposiciones-tienen-abiertas-sus-puertas-en-el-centro-de-museos-de-la-u-de-caldas\/","name":"Cuatro exposiciones tienen abiertas sus puertas en el Centro de Museos de la U. de Caldas .","isPartOf":{"@id":"https:\/\/www.ucaldas.edu.co\/portal\/#website"},"primaryImageOfPage":{"@id":"https:\/\/www.ucaldas.edu.co\/portal\/cuatro-exposiciones-tienen-abiertas-sus-puertas-en-el-centro-de-museos-de-la-u-de-caldas\/#primaryimage"},"image":{"@id":"https:\/\/www.ucaldas.edu.co\/portal\/cuatro-exposiciones-tienen-abiertas-sus-puertas-en-el-centro-de-museos-de-la-u-de-caldas\/#primaryimage"},"thumbnailUrl":"http:\/\/www.ucaldas.edu.co\/images\/tmp\/museos_exposicion.JPG","datePublished":"2011-02-11T15:50:36+00:00","breadcrumb":{"@id":"https:\/\/www.ucaldas.edu.co\/portal\/cuatro-exposiciones-tienen-abiertas-sus-puertas-en-el-centro-de-museos-de-la-u-de-caldas\/#breadcrumb"},"inLanguage":"es","potentialAction":[{"@type":"ReadAction","target":["https:\/\/www.ucaldas.edu.co\/portal\/cuatro-exposiciones-tienen-abiertas-sus-puertas-en-el-centro-de-museos-de-la-u-de-caldas\/"]}]},{"@type":"ImageObject","inLanguage":"es","@id":"https:\/\/www.ucaldas.edu.co\/portal\/cuatro-exposiciones-tienen-abiertas-sus-puertas-en-el-centro-de-museos-de-la-u-de-caldas\/#primaryimage","url":"http:\/\/www.ucaldas.edu.co\/images\/tmp\/museos_exposicion.JPG","contentUrl":"http:\/\/www.ucaldas.edu.co\/images\/tmp\/museos_exposicion.JPG"},{"@type":"BreadcrumbList","@id":"https:\/\/www.ucaldas.edu.co\/portal\/cuatro-exposiciones-tienen-abiertas-sus-puertas-en-el-centro-de-museos-de-la-u-de-caldas\/#breadcrumb","itemListElement":[{"@type":"ListItem","position":1,"name":"Portada","item":"https:\/\/www.ucaldas.edu.co\/portal\/"},{"@type":"ListItem","position":2,"name":"Cuatro exposiciones tienen abiertas sus puertas en el Centro de Museos de la U. de Caldas"}]},{"@type":"WebSite","@id":"https:\/\/www.ucaldas.edu.co\/portal\/#website","url":"https:\/\/www.ucaldas.edu.co\/portal\/","name":"Universidad de Caldas","description":"","publisher":{"@id":"https:\/\/www.ucaldas.edu.co\/portal\/#organization"},"alternateName":"U. de Caldas","potentialAction":[{"@type":"SearchAction","target":{"@type":"EntryPoint","urlTemplate":"https:\/\/www.ucaldas.edu.co\/portal\/?s={search_term_string}"},"query-input":{"@type":"PropertyValueSpecification","valueRequired":true,"valueName":"search_term_string"}}],"inLanguage":"es"},{"@type":"Organization","@id":"https:\/\/www.ucaldas.edu.co\/portal\/#organization","name":"Universidad de Caldas","alternateName":"U. de Caldas","url":"https:\/\/www.ucaldas.edu.co\/portal\/","logo":{"@type":"ImageObject","inLanguage":"es","@id":"https:\/\/www.ucaldas.edu.co\/portal\/#\/schema\/logo\/image\/","url":"https:\/\/www.ucaldas.edu.co\/portal\/wp-content\/uploads\/2023\/11\/Logo_horizontal_oscuroU-2023.png","contentUrl":"https:\/\/www.ucaldas.edu.co\/portal\/wp-content\/uploads\/2023\/11\/Logo_horizontal_oscuroU-2023.png","width":263,"height":101,"caption":"Universidad de Caldas"},"image":{"@id":"https:\/\/www.ucaldas.edu.co\/portal\/#\/schema\/logo\/image\/"},"sameAs":["https:\/\/www.facebook.com\/udecaldas","https:\/\/x.com\/udecaldas","https:\/\/www.youtube.com\/universidadcaldas","https:\/\/www.instagram.com\/udecaldas\/"]},{"@type":"Person","@id":"https:\/\/www.ucaldas.edu.co\/portal\/#\/schema\/person\/a1b482e23449158b4bc319926c074fdf","name":"ofiprensa","image":{"@type":"ImageObject","inLanguage":"es","@id":"https:\/\/www.ucaldas.edu.co\/portal\/wp-content\/litespeed\/avatar\/09ea5085e600095a7a811142c6944527.jpg?ver=1777497608","url":"https:\/\/www.ucaldas.edu.co\/portal\/wp-content\/litespeed\/avatar\/09ea5085e600095a7a811142c6944527.jpg?ver=1777497608","contentUrl":"https:\/\/www.ucaldas.edu.co\/portal\/wp-content\/litespeed\/avatar\/09ea5085e600095a7a811142c6944527.jpg?ver=1777497608","caption":"ofiprensa"},"url":"https:\/\/www.ucaldas.edu.co\/portal\/author\/ofiprensa\/"}]}},"_links":{"self":[{"href":"https:\/\/www.ucaldas.edu.co\/portal\/wp-json\/wp\/v2\/posts\/6462","targetHints":{"allow":["GET"]}}],"collection":[{"href":"https:\/\/www.ucaldas.edu.co\/portal\/wp-json\/wp\/v2\/posts"}],"about":[{"href":"https:\/\/www.ucaldas.edu.co\/portal\/wp-json\/wp\/v2\/types\/post"}],"author":[{"embeddable":true,"href":"https:\/\/www.ucaldas.edu.co\/portal\/wp-json\/wp\/v2\/users\/2"}],"replies":[{"embeddable":true,"href":"https:\/\/www.ucaldas.edu.co\/portal\/wp-json\/wp\/v2\/comments?post=6462"}],"version-history":[{"count":0,"href":"https:\/\/www.ucaldas.edu.co\/portal\/wp-json\/wp\/v2\/posts\/6462\/revisions"}],"wp:attachment":[{"href":"https:\/\/www.ucaldas.edu.co\/portal\/wp-json\/wp\/v2\/media?parent=6462"}],"wp:term":[{"taxonomy":"category","embeddable":true,"href":"https:\/\/www.ucaldas.edu.co\/portal\/wp-json\/wp\/v2\/categories?post=6462"},{"taxonomy":"post_tag","embeddable":true,"href":"https:\/\/www.ucaldas.edu.co\/portal\/wp-json\/wp\/v2\/tags?post=6462"}],"curies":[{"name":"wp","href":"https:\/\/api.w.org\/{rel}","templated":true}]}}