{"id":6452,"date":"2011-02-09T10:42:53","date_gmt":"2011-02-09T15:42:53","guid":{"rendered":"https:\/\/www.ucaldas.edu.co\/portal\/?p=6452"},"modified":"2011-02-09T10:42:53","modified_gmt":"2011-02-09T15:42:53","slug":"luz-amalia-rios-vasquez-asumio-la-vicerrectoria-academica-de-la-u-de-caldas","status":"publish","type":"post","link":"https:\/\/www.ucaldas.edu.co\/portal\/luz-amalia-rios-vasquez-asumio-la-vicerrectoria-academica-de-la-u-de-caldas\/","title":{"rendered":"Luz Amalia R\u00edos V\u00e1squez asumi\u00f3 la  Vicerrector\u00eda Acad\u00e9mica de la U. de Caldas"},"content":{"rendered":"<p>El acto de posesi\u00f3n estuvo presidido por el rector Ricardo G\u00f3mez Giraldo<\/p>\n<hr \/>\n<p align=\"right\"><b>09\/02\/2011<\/b><\/p>\n<p><b>\u00a0<\/b><\/p>\n<table border=\"0\">\n<tbody>\n<tr>\n<td>\u00a0<img loading=\"lazy\" decoding=\"async\" style=\"border: 0px\" alt=\"Luz Amalia\" src=\"http:\/\/www.ucaldas.edu.co\/images\/tmp\/Posesion_Luz_Amalia_Rios_Vasquez.JPG\" width=\"240\" height=\"150\" border=\"0\" \/><\/td>\n<td>Durante una ceremonia especial, <b>presidida<\/b> por <b>Ricardo G\u00f3mez Giraldo<\/b>, Rector de la Universidad de Caldas, se realiz\u00f3 este <b>mi\u00e9rcoles 9<\/b> de <b>febrero<\/b> del 2011 la <b>posesi\u00f3n<\/b> de <b>Luz Amalia R\u00edos V\u00e1squez<\/b> como nueva <b>Vicerrectora Acad\u00e9mica<\/b> de la Instituci\u00f3n.<\/td>\n<\/tr>\n<\/tbody>\n<\/table>\n<p>&nbsp;<\/p>\n<p>\u201cEstoy muy feliz. Este es un momento muy especial para mi vida profesional. Gracias por este reto, que acepto con cari\u00f1o y responsabilidad. Todo lo que hago, lo hago con dedicaci\u00f3n, amor y empe\u00f1o. Seguir\u00e9 fomentando el desarrollo de la investigaci\u00f3n y creo que haremos una excelente combinaci\u00f3n\u201d, afirm\u00f3 R\u00edos V\u00e1squez.<\/p>\n<p>&nbsp;<\/p>\n<p>Este cambio se dio debido al retiro de Germ\u00e1n G\u00f3mez Londo\u00f1o, quien se desempe\u00f1aba en este cargo. Su dimisi\u00f3n se debi\u00f3 al inicio de sus estudios de Doctorado en Ciencias Agrarias, en la U. de Caldas.<\/p>\n<p>&nbsp;<\/p>\n<p>El rector Ricardo G\u00f3mez Giraldo le agradeci\u00f3 a G\u00f3mez Londo\u00f1o por el tiempo que trabaj\u00f3 en la Vicerrector\u00eda Acad\u00e9mica. Adem\u00e1s, expres\u00f3: \u201cGerm\u00e1n ha demostrado compromiso y liderazgo con la U. de Caldas y merece todo el reconocimiento de la Instituci\u00f3n por su labor\u201d.<\/p>\n<p>&nbsp;<\/p>\n<p>Respecto al nuevo rol de R\u00edos V\u00e1squez, el rector dijo: \u201ctodo mi reconocimiento y apoyo para Luz Amalia. Espero que ponga a so\u00f1ar esta Universidad, pero tambi\u00e9n a hacer las reformas y facilitar los procesos prontamente, pues lo necesitamos\u201d.<\/p>\n<p>&nbsp;<\/p>\n<p>En el evento<b> tambi\u00e9n<\/b> se <b>posesion\u00f3<\/b> <b>Carlos Emilio Hern\u00e1ndez Pineda<\/b>, como <b>encargado del Sistema de Acreditaci\u00f3n de la Educaci\u00f3n Superior (Saces) en la U. de Caldas<\/b>. Hern\u00e1ndez Pineda ya hac\u00eda parte de la Vicerrector\u00eda Acad\u00e9mica.<\/p>\n<p>&nbsp;<\/p>\n<p><b>Retos para la U. de Caldas en el 2011<\/b><\/p>\n<p>El rector Ricardo G\u00f3mez Giraldo aprovech\u00f3 este espacio para hablar de los retos de la Instituci\u00f3n para el 2011.<\/p>\n<p>&nbsp;<\/p>\n<p>\u201cLlevamos 22 a\u00f1os o m\u00e1s hablando de la evaluaci\u00f3n docente de la Instituci\u00f3n. Es claro que esta no es una evaluaci\u00f3n pertinente hacia la mejora de los procesos\u201d, coment\u00f3 G\u00f3mez Giraldo.<\/p>\n<p>&nbsp;<\/p>\n<p>Adem\u00e1s, inform\u00f3 que \u201cla pr\u00f3xima semana anunciaremos un grupo de personas que nos orientar\u00e1, para tener un norte estrat\u00e9gico mucho m\u00e1s definido\u201d.<\/p>\n<p>&nbsp;<\/p>\n<p>Por otra parte, coment\u00f3 que uno de los retos es lograr la renovaci\u00f3n de la Acreditaci\u00f3n Institucional de la U. de Caldas y lograr ajustar la estructura acad\u00e9mico-administrativa de la Universidad, para identificar \u00e1reas estrat\u00e9gicas en nuevas pregrados, postgrados, entre otros, con el fin de lograr que los programas y los departamentos sean unidades cada vez m\u00e1s din\u00e1micas.<\/p>\n<p>&nbsp;<\/p>\n<p>Tambi\u00e9n dijo: \u201cla actualizaci\u00f3n del reglamento estudiantil es un punto clave. Tenemos muchas dificultades en la graduaci\u00f3n de los estudiantes, pues se est\u00e1n demorando mucho para obtener el t\u00edtulo profesional. Habr\u00e1 que crear unas directrices del Consejo Acad\u00e9mico de la U. de Caldas que faciliten la vida acad\u00e9mica y sea m\u00e1s exigente\u201d.<\/p>\n<p>&nbsp;<\/p>\n<p><b>Informes:<\/b> Oficina de Prensa de la U. de Caldas. Tel\u00e9fono 878 15 00, extensi\u00f3n 12 167.<\/p>\n","protected":false},"excerpt":{"rendered":"<p>El acto de posesi\u00f3n estuvo presidido por el rector Ricardo G\u00f3mez Giraldo 09\/02\/2011 \u00a0 \u00a0 Durante una ceremonia especial, presidida por Ricardo G\u00f3mez Giraldo, Rector de la Universidad de Caldas, se realiz\u00f3 este mi\u00e9rcoles 9 de febrero del 2011 la posesi\u00f3n de Luz Amalia R\u00edos V\u00e1squez como nueva Vicerrectora Acad\u00e9mica de la Instituci\u00f3n. &nbsp; \u201cEstoy [&hellip;]<\/p>\n","protected":false},"author":2,"featured_media":0,"comment_status":"closed","ping_status":"closed","sticky":false,"template":"","format":"standard","meta":{"footnotes":""},"categories":[48,53],"tags":[],"class_list":["post-6452","post","type-post","status-publish","format-standard","hentry","category-actualidad","category-universidad-al-dia"],"yoast_head":"<!-- This site is optimized with the Yoast SEO plugin v27.5 - https:\/\/yoast.com\/product\/yoast-seo-wordpress\/ -->\n<title>Luz Amalia R\u00edos V\u00e1squez asumi\u00f3 la Vicerrector\u00eda Acad\u00e9mica de la U. de Caldas .<\/title>\n<meta name=\"robots\" content=\"index, follow, max-snippet:-1, max-image-preview:large, max-video-preview:-1\" \/>\n<link rel=\"canonical\" href=\"https:\/\/www.ucaldas.edu.co\/portal\/luz-amalia-rios-vasquez-asumio-la-vicerrectoria-academica-de-la-u-de-caldas\/\" \/>\n<script type=\"application\/ld+json\" class=\"yoast-schema-graph\">{\"@context\":\"https:\\\/\\\/schema.org\",\"@graph\":[{\"@type\":\"Article\",\"@id\":\"https:\\\/\\\/www.ucaldas.edu.co\\\/portal\\\/luz-amalia-rios-vasquez-asumio-la-vicerrectoria-academica-de-la-u-de-caldas\\\/#article\",\"isPartOf\":{\"@id\":\"https:\\\/\\\/www.ucaldas.edu.co\\\/portal\\\/luz-amalia-rios-vasquez-asumio-la-vicerrectoria-academica-de-la-u-de-caldas\\\/\"},\"author\":{\"name\":\"ofiprensa\",\"@id\":\"https:\\\/\\\/www.ucaldas.edu.co\\\/portal\\\/#\\\/schema\\\/person\\\/a1b482e23449158b4bc319926c074fdf\"},\"headline\":\"Luz Amalia R\u00edos V\u00e1squez asumi\u00f3 la Vicerrector\u00eda Acad\u00e9mica de la U. de Caldas\",\"datePublished\":\"2011-02-09T15:42:53+00:00\",\"mainEntityOfPage\":{\"@id\":\"https:\\\/\\\/www.ucaldas.edu.co\\\/portal\\\/luz-amalia-rios-vasquez-asumio-la-vicerrectoria-academica-de-la-u-de-caldas\\\/\"},\"wordCount\":548,\"publisher\":{\"@id\":\"https:\\\/\\\/www.ucaldas.edu.co\\\/portal\\\/#organization\"},\"image\":{\"@id\":\"https:\\\/\\\/www.ucaldas.edu.co\\\/portal\\\/luz-amalia-rios-vasquez-asumio-la-vicerrectoria-academica-de-la-u-de-caldas\\\/#primaryimage\"},\"thumbnailUrl\":\"http:\\\/\\\/www.ucaldas.edu.co\\\/images\\\/tmp\\\/Posesion_Luz_Amalia_Rios_Vasquez.JPG\",\"articleSection\":[\"Actualidad\",\"Universidad al D\u00eda\"],\"inLanguage\":\"es\"},{\"@type\":\"WebPage\",\"@id\":\"https:\\\/\\\/www.ucaldas.edu.co\\\/portal\\\/luz-amalia-rios-vasquez-asumio-la-vicerrectoria-academica-de-la-u-de-caldas\\\/\",\"url\":\"https:\\\/\\\/www.ucaldas.edu.co\\\/portal\\\/luz-amalia-rios-vasquez-asumio-la-vicerrectoria-academica-de-la-u-de-caldas\\\/\",\"name\":\"Luz Amalia R\u00edos V\u00e1squez asumi\u00f3 la Vicerrector\u00eda Acad\u00e9mica de la U. de Caldas .\",\"isPartOf\":{\"@id\":\"https:\\\/\\\/www.ucaldas.edu.co\\\/portal\\\/#website\"},\"primaryImageOfPage\":{\"@id\":\"https:\\\/\\\/www.ucaldas.edu.co\\\/portal\\\/luz-amalia-rios-vasquez-asumio-la-vicerrectoria-academica-de-la-u-de-caldas\\\/#primaryimage\"},\"image\":{\"@id\":\"https:\\\/\\\/www.ucaldas.edu.co\\\/portal\\\/luz-amalia-rios-vasquez-asumio-la-vicerrectoria-academica-de-la-u-de-caldas\\\/#primaryimage\"},\"thumbnailUrl\":\"http:\\\/\\\/www.ucaldas.edu.co\\\/images\\\/tmp\\\/Posesion_Luz_Amalia_Rios_Vasquez.JPG\",\"datePublished\":\"2011-02-09T15:42:53+00:00\",\"breadcrumb\":{\"@id\":\"https:\\\/\\\/www.ucaldas.edu.co\\\/portal\\\/luz-amalia-rios-vasquez-asumio-la-vicerrectoria-academica-de-la-u-de-caldas\\\/#breadcrumb\"},\"inLanguage\":\"es\",\"potentialAction\":[{\"@type\":\"ReadAction\",\"target\":[\"https:\\\/\\\/www.ucaldas.edu.co\\\/portal\\\/luz-amalia-rios-vasquez-asumio-la-vicerrectoria-academica-de-la-u-de-caldas\\\/\"]}]},{\"@type\":\"ImageObject\",\"inLanguage\":\"es\",\"@id\":\"https:\\\/\\\/www.ucaldas.edu.co\\\/portal\\\/luz-amalia-rios-vasquez-asumio-la-vicerrectoria-academica-de-la-u-de-caldas\\\/#primaryimage\",\"url\":\"http:\\\/\\\/www.ucaldas.edu.co\\\/images\\\/tmp\\\/Posesion_Luz_Amalia_Rios_Vasquez.JPG\",\"contentUrl\":\"http:\\\/\\\/www.ucaldas.edu.co\\\/images\\\/tmp\\\/Posesion_Luz_Amalia_Rios_Vasquez.JPG\"},{\"@type\":\"BreadcrumbList\",\"@id\":\"https:\\\/\\\/www.ucaldas.edu.co\\\/portal\\\/luz-amalia-rios-vasquez-asumio-la-vicerrectoria-academica-de-la-u-de-caldas\\\/#breadcrumb\",\"itemListElement\":[{\"@type\":\"ListItem\",\"position\":1,\"name\":\"Portada\",\"item\":\"https:\\\/\\\/www.ucaldas.edu.co\\\/portal\\\/\"},{\"@type\":\"ListItem\",\"position\":2,\"name\":\"Luz Amalia R\u00edos V\u00e1squez asumi\u00f3 la Vicerrector\u00eda Acad\u00e9mica de la U. de Caldas\"}]},{\"@type\":\"WebSite\",\"@id\":\"https:\\\/\\\/www.ucaldas.edu.co\\\/portal\\\/#website\",\"url\":\"https:\\\/\\\/www.ucaldas.edu.co\\\/portal\\\/\",\"name\":\"Universidad de Caldas\",\"description\":\"\",\"publisher\":{\"@id\":\"https:\\\/\\\/www.ucaldas.edu.co\\\/portal\\\/#organization\"},\"alternateName\":\"U. de Caldas\",\"potentialAction\":[{\"@type\":\"SearchAction\",\"target\":{\"@type\":\"EntryPoint\",\"urlTemplate\":\"https:\\\/\\\/www.ucaldas.edu.co\\\/portal\\\/?s={search_term_string}\"},\"query-input\":{\"@type\":\"PropertyValueSpecification\",\"valueRequired\":true,\"valueName\":\"search_term_string\"}}],\"inLanguage\":\"es\"},{\"@type\":\"Organization\",\"@id\":\"https:\\\/\\\/www.ucaldas.edu.co\\\/portal\\\/#organization\",\"name\":\"Universidad de Caldas\",\"alternateName\":\"U. de Caldas\",\"url\":\"https:\\\/\\\/www.ucaldas.edu.co\\\/portal\\\/\",\"logo\":{\"@type\":\"ImageObject\",\"inLanguage\":\"es\",\"@id\":\"https:\\\/\\\/www.ucaldas.edu.co\\\/portal\\\/#\\\/schema\\\/logo\\\/image\\\/\",\"url\":\"https:\\\/\\\/www.ucaldas.edu.co\\\/portal\\\/wp-content\\\/uploads\\\/2023\\\/11\\\/Logo_horizontal_oscuroU-2023.png\",\"contentUrl\":\"https:\\\/\\\/www.ucaldas.edu.co\\\/portal\\\/wp-content\\\/uploads\\\/2023\\\/11\\\/Logo_horizontal_oscuroU-2023.png\",\"width\":263,\"height\":101,\"caption\":\"Universidad de Caldas\"},\"image\":{\"@id\":\"https:\\\/\\\/www.ucaldas.edu.co\\\/portal\\\/#\\\/schema\\\/logo\\\/image\\\/\"},\"sameAs\":[\"https:\\\/\\\/www.facebook.com\\\/udecaldas\",\"https:\\\/\\\/x.com\\\/udecaldas\",\"https:\\\/\\\/www.youtube.com\\\/universidadcaldas\",\"https:\\\/\\\/www.instagram.com\\\/udecaldas\\\/\"]},{\"@type\":\"Person\",\"@id\":\"https:\\\/\\\/www.ucaldas.edu.co\\\/portal\\\/#\\\/schema\\\/person\\\/a1b482e23449158b4bc319926c074fdf\",\"name\":\"ofiprensa\",\"image\":{\"@type\":\"ImageObject\",\"inLanguage\":\"es\",\"@id\":\"https:\\\/\\\/www.ucaldas.edu.co\\\/portal\\\/wp-content\\\/litespeed\\\/avatar\\\/09ea5085e600095a7a811142c6944527.jpg?ver=1777497608\",\"url\":\"https:\\\/\\\/www.ucaldas.edu.co\\\/portal\\\/wp-content\\\/litespeed\\\/avatar\\\/09ea5085e600095a7a811142c6944527.jpg?ver=1777497608\",\"contentUrl\":\"https:\\\/\\\/www.ucaldas.edu.co\\\/portal\\\/wp-content\\\/litespeed\\\/avatar\\\/09ea5085e600095a7a811142c6944527.jpg?ver=1777497608\",\"caption\":\"ofiprensa\"},\"url\":\"https:\\\/\\\/www.ucaldas.edu.co\\\/portal\\\/author\\\/ofiprensa\\\/\"}]}<\/script>\n<!-- \/ Yoast SEO plugin. -->","yoast_head_json":{"title":"Luz Amalia R\u00edos V\u00e1squez asumi\u00f3 la Vicerrector\u00eda Acad\u00e9mica de la U. de Caldas .","robots":{"index":"index","follow":"follow","max-snippet":"max-snippet:-1","max-image-preview":"max-image-preview:large","max-video-preview":"max-video-preview:-1"},"canonical":"https:\/\/www.ucaldas.edu.co\/portal\/luz-amalia-rios-vasquez-asumio-la-vicerrectoria-academica-de-la-u-de-caldas\/","schema":{"@context":"https:\/\/schema.org","@graph":[{"@type":"Article","@id":"https:\/\/www.ucaldas.edu.co\/portal\/luz-amalia-rios-vasquez-asumio-la-vicerrectoria-academica-de-la-u-de-caldas\/#article","isPartOf":{"@id":"https:\/\/www.ucaldas.edu.co\/portal\/luz-amalia-rios-vasquez-asumio-la-vicerrectoria-academica-de-la-u-de-caldas\/"},"author":{"name":"ofiprensa","@id":"https:\/\/www.ucaldas.edu.co\/portal\/#\/schema\/person\/a1b482e23449158b4bc319926c074fdf"},"headline":"Luz Amalia R\u00edos V\u00e1squez asumi\u00f3 la Vicerrector\u00eda Acad\u00e9mica de la U. de Caldas","datePublished":"2011-02-09T15:42:53+00:00","mainEntityOfPage":{"@id":"https:\/\/www.ucaldas.edu.co\/portal\/luz-amalia-rios-vasquez-asumio-la-vicerrectoria-academica-de-la-u-de-caldas\/"},"wordCount":548,"publisher":{"@id":"https:\/\/www.ucaldas.edu.co\/portal\/#organization"},"image":{"@id":"https:\/\/www.ucaldas.edu.co\/portal\/luz-amalia-rios-vasquez-asumio-la-vicerrectoria-academica-de-la-u-de-caldas\/#primaryimage"},"thumbnailUrl":"http:\/\/www.ucaldas.edu.co\/images\/tmp\/Posesion_Luz_Amalia_Rios_Vasquez.JPG","articleSection":["Actualidad","Universidad al D\u00eda"],"inLanguage":"es"},{"@type":"WebPage","@id":"https:\/\/www.ucaldas.edu.co\/portal\/luz-amalia-rios-vasquez-asumio-la-vicerrectoria-academica-de-la-u-de-caldas\/","url":"https:\/\/www.ucaldas.edu.co\/portal\/luz-amalia-rios-vasquez-asumio-la-vicerrectoria-academica-de-la-u-de-caldas\/","name":"Luz Amalia R\u00edos V\u00e1squez asumi\u00f3 la Vicerrector\u00eda Acad\u00e9mica de la U. de Caldas .","isPartOf":{"@id":"https:\/\/www.ucaldas.edu.co\/portal\/#website"},"primaryImageOfPage":{"@id":"https:\/\/www.ucaldas.edu.co\/portal\/luz-amalia-rios-vasquez-asumio-la-vicerrectoria-academica-de-la-u-de-caldas\/#primaryimage"},"image":{"@id":"https:\/\/www.ucaldas.edu.co\/portal\/luz-amalia-rios-vasquez-asumio-la-vicerrectoria-academica-de-la-u-de-caldas\/#primaryimage"},"thumbnailUrl":"http:\/\/www.ucaldas.edu.co\/images\/tmp\/Posesion_Luz_Amalia_Rios_Vasquez.JPG","datePublished":"2011-02-09T15:42:53+00:00","breadcrumb":{"@id":"https:\/\/www.ucaldas.edu.co\/portal\/luz-amalia-rios-vasquez-asumio-la-vicerrectoria-academica-de-la-u-de-caldas\/#breadcrumb"},"inLanguage":"es","potentialAction":[{"@type":"ReadAction","target":["https:\/\/www.ucaldas.edu.co\/portal\/luz-amalia-rios-vasquez-asumio-la-vicerrectoria-academica-de-la-u-de-caldas\/"]}]},{"@type":"ImageObject","inLanguage":"es","@id":"https:\/\/www.ucaldas.edu.co\/portal\/luz-amalia-rios-vasquez-asumio-la-vicerrectoria-academica-de-la-u-de-caldas\/#primaryimage","url":"http:\/\/www.ucaldas.edu.co\/images\/tmp\/Posesion_Luz_Amalia_Rios_Vasquez.JPG","contentUrl":"http:\/\/www.ucaldas.edu.co\/images\/tmp\/Posesion_Luz_Amalia_Rios_Vasquez.JPG"},{"@type":"BreadcrumbList","@id":"https:\/\/www.ucaldas.edu.co\/portal\/luz-amalia-rios-vasquez-asumio-la-vicerrectoria-academica-de-la-u-de-caldas\/#breadcrumb","itemListElement":[{"@type":"ListItem","position":1,"name":"Portada","item":"https:\/\/www.ucaldas.edu.co\/portal\/"},{"@type":"ListItem","position":2,"name":"Luz Amalia R\u00edos V\u00e1squez asumi\u00f3 la Vicerrector\u00eda Acad\u00e9mica de la U. de Caldas"}]},{"@type":"WebSite","@id":"https:\/\/www.ucaldas.edu.co\/portal\/#website","url":"https:\/\/www.ucaldas.edu.co\/portal\/","name":"Universidad de Caldas","description":"","publisher":{"@id":"https:\/\/www.ucaldas.edu.co\/portal\/#organization"},"alternateName":"U. de Caldas","potentialAction":[{"@type":"SearchAction","target":{"@type":"EntryPoint","urlTemplate":"https:\/\/www.ucaldas.edu.co\/portal\/?s={search_term_string}"},"query-input":{"@type":"PropertyValueSpecification","valueRequired":true,"valueName":"search_term_string"}}],"inLanguage":"es"},{"@type":"Organization","@id":"https:\/\/www.ucaldas.edu.co\/portal\/#organization","name":"Universidad de Caldas","alternateName":"U. de Caldas","url":"https:\/\/www.ucaldas.edu.co\/portal\/","logo":{"@type":"ImageObject","inLanguage":"es","@id":"https:\/\/www.ucaldas.edu.co\/portal\/#\/schema\/logo\/image\/","url":"https:\/\/www.ucaldas.edu.co\/portal\/wp-content\/uploads\/2023\/11\/Logo_horizontal_oscuroU-2023.png","contentUrl":"https:\/\/www.ucaldas.edu.co\/portal\/wp-content\/uploads\/2023\/11\/Logo_horizontal_oscuroU-2023.png","width":263,"height":101,"caption":"Universidad de Caldas"},"image":{"@id":"https:\/\/www.ucaldas.edu.co\/portal\/#\/schema\/logo\/image\/"},"sameAs":["https:\/\/www.facebook.com\/udecaldas","https:\/\/x.com\/udecaldas","https:\/\/www.youtube.com\/universidadcaldas","https:\/\/www.instagram.com\/udecaldas\/"]},{"@type":"Person","@id":"https:\/\/www.ucaldas.edu.co\/portal\/#\/schema\/person\/a1b482e23449158b4bc319926c074fdf","name":"ofiprensa","image":{"@type":"ImageObject","inLanguage":"es","@id":"https:\/\/www.ucaldas.edu.co\/portal\/wp-content\/litespeed\/avatar\/09ea5085e600095a7a811142c6944527.jpg?ver=1777497608","url":"https:\/\/www.ucaldas.edu.co\/portal\/wp-content\/litespeed\/avatar\/09ea5085e600095a7a811142c6944527.jpg?ver=1777497608","contentUrl":"https:\/\/www.ucaldas.edu.co\/portal\/wp-content\/litespeed\/avatar\/09ea5085e600095a7a811142c6944527.jpg?ver=1777497608","caption":"ofiprensa"},"url":"https:\/\/www.ucaldas.edu.co\/portal\/author\/ofiprensa\/"}]}},"_links":{"self":[{"href":"https:\/\/www.ucaldas.edu.co\/portal\/wp-json\/wp\/v2\/posts\/6452","targetHints":{"allow":["GET"]}}],"collection":[{"href":"https:\/\/www.ucaldas.edu.co\/portal\/wp-json\/wp\/v2\/posts"}],"about":[{"href":"https:\/\/www.ucaldas.edu.co\/portal\/wp-json\/wp\/v2\/types\/post"}],"author":[{"embeddable":true,"href":"https:\/\/www.ucaldas.edu.co\/portal\/wp-json\/wp\/v2\/users\/2"}],"replies":[{"embeddable":true,"href":"https:\/\/www.ucaldas.edu.co\/portal\/wp-json\/wp\/v2\/comments?post=6452"}],"version-history":[{"count":0,"href":"https:\/\/www.ucaldas.edu.co\/portal\/wp-json\/wp\/v2\/posts\/6452\/revisions"}],"wp:attachment":[{"href":"https:\/\/www.ucaldas.edu.co\/portal\/wp-json\/wp\/v2\/media?parent=6452"}],"wp:term":[{"taxonomy":"category","embeddable":true,"href":"https:\/\/www.ucaldas.edu.co\/portal\/wp-json\/wp\/v2\/categories?post=6452"},{"taxonomy":"post_tag","embeddable":true,"href":"https:\/\/www.ucaldas.edu.co\/portal\/wp-json\/wp\/v2\/tags?post=6452"}],"curies":[{"name":"wp","href":"https:\/\/api.w.org\/{rel}","templated":true}]}}