{"id":6450,"date":"2011-02-09T10:41:26","date_gmt":"2011-02-09T15:41:26","guid":{"rendered":"https:\/\/www.ucaldas.edu.co\/portal\/?p=6450"},"modified":"2011-02-09T10:41:26","modified_gmt":"2011-02-09T15:41:26","slug":"u-de-caldas-amplio-su-canal-de-internet-de-11-a-25-megabytes","status":"publish","type":"post","link":"https:\/\/www.ucaldas.edu.co\/portal\/u-de-caldas-amplio-su-canal-de-internet-de-11-a-25-megabytes\/","title":{"rendered":"U. de Caldas ampli\u00f3 su canal de internet,   de 11 a 25 megabytes"},"content":{"rendered":"<p>Permitir\u00e1 un mayor flujo de informaci\u00f3n desde y hacia la instituci\u00f3n<\/p>\n<hr \/>\n<p align=\"right\"><b>09\/02\/2011<\/b><\/p>\n<p>&nbsp;<\/p>\n<table border=\"0\">\n<tbody>\n<tr>\n<td>\u00a0<img loading=\"lazy\" decoding=\"async\" style=\"border: 0px\" alt=\"Internet\" src=\"http:\/\/www.ucaldas.edu.co\/images\/tmp\/internet.jpg\" width=\"240\" height=\"150\" border=\"0\" \/><\/td>\n<td>La Universidad de Caldas <b>ampli\u00f3<\/b> su <b>canal<\/b> de <b>internet<\/b> de <b>11 <\/b>a <b>25<\/b> <b>megabytes<\/b>, luego de la convocatoria del servicio de internet para la Red Acad\u00e9mica de Alta Velocidad Regional (Radar), conformada por las 27 universidades de Manizales, Pereira, Armenia e Ibagu\u00e9.<\/p>\n<p>&nbsp;<\/p>\n<p>Este logro se llev\u00f3 a cabo con los <b>mismos recursos econ\u00f3micos<\/b> que se destinaban para el <b>2010<\/b>, es decir, por un valor de <b>$10 millones<\/b>. Permitir\u00e1 un mayor flujo de informaci\u00f3n desde y hacia la U. de Caldas. Adem\u00e1s, mejorar\u00e1 los tiempos de respuesta, ofrecer\u00e1 un mejor servicio de conectividad y una mayor cobertura.<\/td>\n<\/tr>\n<\/tbody>\n<\/table>\n<p>\u201cMayor canal es mayor nivel de comunicaci\u00f3n. Desde el punto de vista de la comunicaci\u00f3n interna y externa, la U. de Caldas tendr\u00e1 un mejor nivel, pues mejorar\u00e1 su nivel de reporte, los contenidos transmitidos en este canal, entre otros\u201d, coment\u00f3 Abelardo Rodr\u00edguez Giraldo, Jefe de la Oficina de Sistemas de la Instituci\u00f3n.<\/p>\n<p>&nbsp;<\/p>\n<p>La convocatoria se realiz\u00f3 en junio del 2010 y en diciembre del mismo a\u00f1o se dio respuesta.<\/p>\n<p>&nbsp;<\/p>\n<p>Se continuar\u00e1 realizando un estudio y an\u00e1lisis del uso que se hace del canal de internet, con el fin de mejorar cada vez m\u00e1s los servicios virtuales y ofrecer mayor oportunidad y agilidad de la informaci\u00f3n que por all\u00ed se trasmite.<\/p>\n<p>&nbsp;<\/p>\n<p><b>Red Radar<\/b><\/p>\n<p>La Red Radar se cre\u00f3 desde el 2006 y ya hace parte de la <a href=\"http:\/\/www.renata.edu.co\/\" target=\"_blank\">Red Nacional Acad\u00e9mica de Tecnolog\u00eda Avanzada<\/a> (Renata), de los ministerios de Educaci\u00f3n, y de Tecnolog\u00edas de la Informaci\u00f3n y las Comunicaciones, al igual que de Colciencias.<\/p>\n<p>&nbsp;<\/p>\n<p>Renata es la red de tecnolog\u00eda avanzada que conecta, comunica y propicia la colaboraci\u00f3n entre la comunidad acad\u00e9mica y cient\u00edfica de Colombia con la comunidad acad\u00e9mica internacional y los centros de investigaci\u00f3n m\u00e1s desarrollados del mundo.<\/p>\n<p>&nbsp;<\/p>\n<p><b>Informes:<\/b> Oficina de Prensa de la U. de Caldas. Tel\u00e9fono 878 15 00, extensi\u00f3n 12 167.<\/p>\n","protected":false},"excerpt":{"rendered":"<p>Permitir\u00e1 un mayor flujo de informaci\u00f3n desde y hacia la instituci\u00f3n 09\/02\/2011 &nbsp; \u00a0 La Universidad de Caldas ampli\u00f3 su canal de internet de 11 a 25 megabytes, luego de la convocatoria del servicio de internet para la Red Acad\u00e9mica de Alta Velocidad Regional (Radar), conformada por las 27 universidades de Manizales, Pereira, Armenia e [&hellip;]<\/p>\n","protected":false},"author":2,"featured_media":0,"comment_status":"closed","ping_status":"closed","sticky":false,"template":"","format":"standard","meta":{"footnotes":""},"categories":[48,53],"tags":[],"class_list":["post-6450","post","type-post","status-publish","format-standard","hentry","category-actualidad","category-universidad-al-dia"],"yoast_head":"<!-- This site is optimized with the Yoast SEO plugin v27.5 - https:\/\/yoast.com\/product\/yoast-seo-wordpress\/ -->\n<title>U. de Caldas ampli\u00f3 su canal de internet,  de 11 a 25 megabytes .<\/title>\n<meta name=\"robots\" content=\"index, follow, max-snippet:-1, max-image-preview:large, max-video-preview:-1\" \/>\n<link rel=\"canonical\" href=\"https:\/\/www.ucaldas.edu.co\/portal\/u-de-caldas-amplio-su-canal-de-internet-de-11-a-25-megabytes\/\" \/>\n<script type=\"application\/ld+json\" class=\"yoast-schema-graph\">{\"@context\":\"https:\\\/\\\/schema.org\",\"@graph\":[{\"@type\":\"Article\",\"@id\":\"https:\\\/\\\/www.ucaldas.edu.co\\\/portal\\\/u-de-caldas-amplio-su-canal-de-internet-de-11-a-25-megabytes\\\/#article\",\"isPartOf\":{\"@id\":\"https:\\\/\\\/www.ucaldas.edu.co\\\/portal\\\/u-de-caldas-amplio-su-canal-de-internet-de-11-a-25-megabytes\\\/\"},\"author\":{\"name\":\"ofiprensa\",\"@id\":\"https:\\\/\\\/www.ucaldas.edu.co\\\/portal\\\/#\\\/schema\\\/person\\\/a1b482e23449158b4bc319926c074fdf\"},\"headline\":\"U. de Caldas ampli\u00f3 su canal de internet, de 11 a 25 megabytes\",\"datePublished\":\"2011-02-09T15:41:26+00:00\",\"mainEntityOfPage\":{\"@id\":\"https:\\\/\\\/www.ucaldas.edu.co\\\/portal\\\/u-de-caldas-amplio-su-canal-de-internet-de-11-a-25-megabytes\\\/\"},\"wordCount\":346,\"publisher\":{\"@id\":\"https:\\\/\\\/www.ucaldas.edu.co\\\/portal\\\/#organization\"},\"image\":{\"@id\":\"https:\\\/\\\/www.ucaldas.edu.co\\\/portal\\\/u-de-caldas-amplio-su-canal-de-internet-de-11-a-25-megabytes\\\/#primaryimage\"},\"thumbnailUrl\":\"http:\\\/\\\/www.ucaldas.edu.co\\\/images\\\/tmp\\\/internet.jpg\",\"articleSection\":[\"Actualidad\",\"Universidad al D\u00eda\"],\"inLanguage\":\"es\"},{\"@type\":\"WebPage\",\"@id\":\"https:\\\/\\\/www.ucaldas.edu.co\\\/portal\\\/u-de-caldas-amplio-su-canal-de-internet-de-11-a-25-megabytes\\\/\",\"url\":\"https:\\\/\\\/www.ucaldas.edu.co\\\/portal\\\/u-de-caldas-amplio-su-canal-de-internet-de-11-a-25-megabytes\\\/\",\"name\":\"U. de Caldas ampli\u00f3 su canal de internet, de 11 a 25 megabytes .\",\"isPartOf\":{\"@id\":\"https:\\\/\\\/www.ucaldas.edu.co\\\/portal\\\/#website\"},\"primaryImageOfPage\":{\"@id\":\"https:\\\/\\\/www.ucaldas.edu.co\\\/portal\\\/u-de-caldas-amplio-su-canal-de-internet-de-11-a-25-megabytes\\\/#primaryimage\"},\"image\":{\"@id\":\"https:\\\/\\\/www.ucaldas.edu.co\\\/portal\\\/u-de-caldas-amplio-su-canal-de-internet-de-11-a-25-megabytes\\\/#primaryimage\"},\"thumbnailUrl\":\"http:\\\/\\\/www.ucaldas.edu.co\\\/images\\\/tmp\\\/internet.jpg\",\"datePublished\":\"2011-02-09T15:41:26+00:00\",\"breadcrumb\":{\"@id\":\"https:\\\/\\\/www.ucaldas.edu.co\\\/portal\\\/u-de-caldas-amplio-su-canal-de-internet-de-11-a-25-megabytes\\\/#breadcrumb\"},\"inLanguage\":\"es\",\"potentialAction\":[{\"@type\":\"ReadAction\",\"target\":[\"https:\\\/\\\/www.ucaldas.edu.co\\\/portal\\\/u-de-caldas-amplio-su-canal-de-internet-de-11-a-25-megabytes\\\/\"]}]},{\"@type\":\"ImageObject\",\"inLanguage\":\"es\",\"@id\":\"https:\\\/\\\/www.ucaldas.edu.co\\\/portal\\\/u-de-caldas-amplio-su-canal-de-internet-de-11-a-25-megabytes\\\/#primaryimage\",\"url\":\"http:\\\/\\\/www.ucaldas.edu.co\\\/images\\\/tmp\\\/internet.jpg\",\"contentUrl\":\"http:\\\/\\\/www.ucaldas.edu.co\\\/images\\\/tmp\\\/internet.jpg\"},{\"@type\":\"BreadcrumbList\",\"@id\":\"https:\\\/\\\/www.ucaldas.edu.co\\\/portal\\\/u-de-caldas-amplio-su-canal-de-internet-de-11-a-25-megabytes\\\/#breadcrumb\",\"itemListElement\":[{\"@type\":\"ListItem\",\"position\":1,\"name\":\"Portada\",\"item\":\"https:\\\/\\\/www.ucaldas.edu.co\\\/portal\\\/\"},{\"@type\":\"ListItem\",\"position\":2,\"name\":\"U. de Caldas ampli\u00f3 su canal de internet, de 11 a 25 megabytes\"}]},{\"@type\":\"WebSite\",\"@id\":\"https:\\\/\\\/www.ucaldas.edu.co\\\/portal\\\/#website\",\"url\":\"https:\\\/\\\/www.ucaldas.edu.co\\\/portal\\\/\",\"name\":\"Universidad de Caldas\",\"description\":\"\",\"publisher\":{\"@id\":\"https:\\\/\\\/www.ucaldas.edu.co\\\/portal\\\/#organization\"},\"alternateName\":\"U. de Caldas\",\"potentialAction\":[{\"@type\":\"SearchAction\",\"target\":{\"@type\":\"EntryPoint\",\"urlTemplate\":\"https:\\\/\\\/www.ucaldas.edu.co\\\/portal\\\/?s={search_term_string}\"},\"query-input\":{\"@type\":\"PropertyValueSpecification\",\"valueRequired\":true,\"valueName\":\"search_term_string\"}}],\"inLanguage\":\"es\"},{\"@type\":\"Organization\",\"@id\":\"https:\\\/\\\/www.ucaldas.edu.co\\\/portal\\\/#organization\",\"name\":\"Universidad de Caldas\",\"alternateName\":\"U. de Caldas\",\"url\":\"https:\\\/\\\/www.ucaldas.edu.co\\\/portal\\\/\",\"logo\":{\"@type\":\"ImageObject\",\"inLanguage\":\"es\",\"@id\":\"https:\\\/\\\/www.ucaldas.edu.co\\\/portal\\\/#\\\/schema\\\/logo\\\/image\\\/\",\"url\":\"https:\\\/\\\/www.ucaldas.edu.co\\\/portal\\\/wp-content\\\/uploads\\\/2023\\\/11\\\/Logo_horizontal_oscuroU-2023.png\",\"contentUrl\":\"https:\\\/\\\/www.ucaldas.edu.co\\\/portal\\\/wp-content\\\/uploads\\\/2023\\\/11\\\/Logo_horizontal_oscuroU-2023.png\",\"width\":263,\"height\":101,\"caption\":\"Universidad de Caldas\"},\"image\":{\"@id\":\"https:\\\/\\\/www.ucaldas.edu.co\\\/portal\\\/#\\\/schema\\\/logo\\\/image\\\/\"},\"sameAs\":[\"https:\\\/\\\/www.facebook.com\\\/udecaldas\",\"https:\\\/\\\/x.com\\\/udecaldas\",\"https:\\\/\\\/www.youtube.com\\\/universidadcaldas\",\"https:\\\/\\\/www.instagram.com\\\/udecaldas\\\/\"]},{\"@type\":\"Person\",\"@id\":\"https:\\\/\\\/www.ucaldas.edu.co\\\/portal\\\/#\\\/schema\\\/person\\\/a1b482e23449158b4bc319926c074fdf\",\"name\":\"ofiprensa\",\"image\":{\"@type\":\"ImageObject\",\"inLanguage\":\"es\",\"@id\":\"https:\\\/\\\/www.ucaldas.edu.co\\\/portal\\\/wp-content\\\/litespeed\\\/avatar\\\/09ea5085e600095a7a811142c6944527.jpg?ver=1777497608\",\"url\":\"https:\\\/\\\/www.ucaldas.edu.co\\\/portal\\\/wp-content\\\/litespeed\\\/avatar\\\/09ea5085e600095a7a811142c6944527.jpg?ver=1777497608\",\"contentUrl\":\"https:\\\/\\\/www.ucaldas.edu.co\\\/portal\\\/wp-content\\\/litespeed\\\/avatar\\\/09ea5085e600095a7a811142c6944527.jpg?ver=1777497608\",\"caption\":\"ofiprensa\"},\"url\":\"https:\\\/\\\/www.ucaldas.edu.co\\\/portal\\\/author\\\/ofiprensa\\\/\"}]}<\/script>\n<!-- \/ Yoast SEO plugin. -->","yoast_head_json":{"title":"U. de Caldas ampli\u00f3 su canal de internet,  de 11 a 25 megabytes .","robots":{"index":"index","follow":"follow","max-snippet":"max-snippet:-1","max-image-preview":"max-image-preview:large","max-video-preview":"max-video-preview:-1"},"canonical":"https:\/\/www.ucaldas.edu.co\/portal\/u-de-caldas-amplio-su-canal-de-internet-de-11-a-25-megabytes\/","schema":{"@context":"https:\/\/schema.org","@graph":[{"@type":"Article","@id":"https:\/\/www.ucaldas.edu.co\/portal\/u-de-caldas-amplio-su-canal-de-internet-de-11-a-25-megabytes\/#article","isPartOf":{"@id":"https:\/\/www.ucaldas.edu.co\/portal\/u-de-caldas-amplio-su-canal-de-internet-de-11-a-25-megabytes\/"},"author":{"name":"ofiprensa","@id":"https:\/\/www.ucaldas.edu.co\/portal\/#\/schema\/person\/a1b482e23449158b4bc319926c074fdf"},"headline":"U. de Caldas ampli\u00f3 su canal de internet, de 11 a 25 megabytes","datePublished":"2011-02-09T15:41:26+00:00","mainEntityOfPage":{"@id":"https:\/\/www.ucaldas.edu.co\/portal\/u-de-caldas-amplio-su-canal-de-internet-de-11-a-25-megabytes\/"},"wordCount":346,"publisher":{"@id":"https:\/\/www.ucaldas.edu.co\/portal\/#organization"},"image":{"@id":"https:\/\/www.ucaldas.edu.co\/portal\/u-de-caldas-amplio-su-canal-de-internet-de-11-a-25-megabytes\/#primaryimage"},"thumbnailUrl":"http:\/\/www.ucaldas.edu.co\/images\/tmp\/internet.jpg","articleSection":["Actualidad","Universidad al D\u00eda"],"inLanguage":"es"},{"@type":"WebPage","@id":"https:\/\/www.ucaldas.edu.co\/portal\/u-de-caldas-amplio-su-canal-de-internet-de-11-a-25-megabytes\/","url":"https:\/\/www.ucaldas.edu.co\/portal\/u-de-caldas-amplio-su-canal-de-internet-de-11-a-25-megabytes\/","name":"U. de Caldas ampli\u00f3 su canal de internet, de 11 a 25 megabytes .","isPartOf":{"@id":"https:\/\/www.ucaldas.edu.co\/portal\/#website"},"primaryImageOfPage":{"@id":"https:\/\/www.ucaldas.edu.co\/portal\/u-de-caldas-amplio-su-canal-de-internet-de-11-a-25-megabytes\/#primaryimage"},"image":{"@id":"https:\/\/www.ucaldas.edu.co\/portal\/u-de-caldas-amplio-su-canal-de-internet-de-11-a-25-megabytes\/#primaryimage"},"thumbnailUrl":"http:\/\/www.ucaldas.edu.co\/images\/tmp\/internet.jpg","datePublished":"2011-02-09T15:41:26+00:00","breadcrumb":{"@id":"https:\/\/www.ucaldas.edu.co\/portal\/u-de-caldas-amplio-su-canal-de-internet-de-11-a-25-megabytes\/#breadcrumb"},"inLanguage":"es","potentialAction":[{"@type":"ReadAction","target":["https:\/\/www.ucaldas.edu.co\/portal\/u-de-caldas-amplio-su-canal-de-internet-de-11-a-25-megabytes\/"]}]},{"@type":"ImageObject","inLanguage":"es","@id":"https:\/\/www.ucaldas.edu.co\/portal\/u-de-caldas-amplio-su-canal-de-internet-de-11-a-25-megabytes\/#primaryimage","url":"http:\/\/www.ucaldas.edu.co\/images\/tmp\/internet.jpg","contentUrl":"http:\/\/www.ucaldas.edu.co\/images\/tmp\/internet.jpg"},{"@type":"BreadcrumbList","@id":"https:\/\/www.ucaldas.edu.co\/portal\/u-de-caldas-amplio-su-canal-de-internet-de-11-a-25-megabytes\/#breadcrumb","itemListElement":[{"@type":"ListItem","position":1,"name":"Portada","item":"https:\/\/www.ucaldas.edu.co\/portal\/"},{"@type":"ListItem","position":2,"name":"U. de Caldas ampli\u00f3 su canal de internet, de 11 a 25 megabytes"}]},{"@type":"WebSite","@id":"https:\/\/www.ucaldas.edu.co\/portal\/#website","url":"https:\/\/www.ucaldas.edu.co\/portal\/","name":"Universidad de Caldas","description":"","publisher":{"@id":"https:\/\/www.ucaldas.edu.co\/portal\/#organization"},"alternateName":"U. de Caldas","potentialAction":[{"@type":"SearchAction","target":{"@type":"EntryPoint","urlTemplate":"https:\/\/www.ucaldas.edu.co\/portal\/?s={search_term_string}"},"query-input":{"@type":"PropertyValueSpecification","valueRequired":true,"valueName":"search_term_string"}}],"inLanguage":"es"},{"@type":"Organization","@id":"https:\/\/www.ucaldas.edu.co\/portal\/#organization","name":"Universidad de Caldas","alternateName":"U. de Caldas","url":"https:\/\/www.ucaldas.edu.co\/portal\/","logo":{"@type":"ImageObject","inLanguage":"es","@id":"https:\/\/www.ucaldas.edu.co\/portal\/#\/schema\/logo\/image\/","url":"https:\/\/www.ucaldas.edu.co\/portal\/wp-content\/uploads\/2023\/11\/Logo_horizontal_oscuroU-2023.png","contentUrl":"https:\/\/www.ucaldas.edu.co\/portal\/wp-content\/uploads\/2023\/11\/Logo_horizontal_oscuroU-2023.png","width":263,"height":101,"caption":"Universidad de Caldas"},"image":{"@id":"https:\/\/www.ucaldas.edu.co\/portal\/#\/schema\/logo\/image\/"},"sameAs":["https:\/\/www.facebook.com\/udecaldas","https:\/\/x.com\/udecaldas","https:\/\/www.youtube.com\/universidadcaldas","https:\/\/www.instagram.com\/udecaldas\/"]},{"@type":"Person","@id":"https:\/\/www.ucaldas.edu.co\/portal\/#\/schema\/person\/a1b482e23449158b4bc319926c074fdf","name":"ofiprensa","image":{"@type":"ImageObject","inLanguage":"es","@id":"https:\/\/www.ucaldas.edu.co\/portal\/wp-content\/litespeed\/avatar\/09ea5085e600095a7a811142c6944527.jpg?ver=1777497608","url":"https:\/\/www.ucaldas.edu.co\/portal\/wp-content\/litespeed\/avatar\/09ea5085e600095a7a811142c6944527.jpg?ver=1777497608","contentUrl":"https:\/\/www.ucaldas.edu.co\/portal\/wp-content\/litespeed\/avatar\/09ea5085e600095a7a811142c6944527.jpg?ver=1777497608","caption":"ofiprensa"},"url":"https:\/\/www.ucaldas.edu.co\/portal\/author\/ofiprensa\/"}]}},"_links":{"self":[{"href":"https:\/\/www.ucaldas.edu.co\/portal\/wp-json\/wp\/v2\/posts\/6450","targetHints":{"allow":["GET"]}}],"collection":[{"href":"https:\/\/www.ucaldas.edu.co\/portal\/wp-json\/wp\/v2\/posts"}],"about":[{"href":"https:\/\/www.ucaldas.edu.co\/portal\/wp-json\/wp\/v2\/types\/post"}],"author":[{"embeddable":true,"href":"https:\/\/www.ucaldas.edu.co\/portal\/wp-json\/wp\/v2\/users\/2"}],"replies":[{"embeddable":true,"href":"https:\/\/www.ucaldas.edu.co\/portal\/wp-json\/wp\/v2\/comments?post=6450"}],"version-history":[{"count":0,"href":"https:\/\/www.ucaldas.edu.co\/portal\/wp-json\/wp\/v2\/posts\/6450\/revisions"}],"wp:attachment":[{"href":"https:\/\/www.ucaldas.edu.co\/portal\/wp-json\/wp\/v2\/media?parent=6450"}],"wp:term":[{"taxonomy":"category","embeddable":true,"href":"https:\/\/www.ucaldas.edu.co\/portal\/wp-json\/wp\/v2\/categories?post=6450"},{"taxonomy":"post_tag","embeddable":true,"href":"https:\/\/www.ucaldas.edu.co\/portal\/wp-json\/wp\/v2\/tags?post=6450"}],"curies":[{"name":"wp","href":"https:\/\/api.w.org\/{rel}","templated":true}]}}