{"id":6448,"date":"2011-02-09T10:40:20","date_gmt":"2011-02-09T15:40:20","guid":{"rendered":"https:\/\/www.ucaldas.edu.co\/portal\/?p=6448"},"modified":"2011-02-09T10:40:20","modified_gmt":"2011-02-09T15:40:20","slug":"en-la-u-de-caldas-comenzo-el-programa-de-iniciacion-a-la-vida-universitaria","status":"publish","type":"post","link":"https:\/\/www.ucaldas.edu.co\/portal\/en-la-u-de-caldas-comenzo-el-programa-de-iniciacion-a-la-vida-universitaria\/","title":{"rendered":"En la U. de Caldas comenz\u00f3 el Programa de Iniciaci\u00f3n a la Vida Universitaria"},"content":{"rendered":"<p>106 estudiantes realizan este curso<\/p>\n<hr \/>\n<p align=\"right\"><b>09\/02\/2011<\/b><\/p>\n<table border=\"0\">\n<tbody>\n<tr>\n<td>\u00a0<img loading=\"lazy\" decoding=\"async\" style=\"border: 0px\" alt=\"Ucaldas\" src=\"http:\/\/www.ucaldas.edu.co\/images\/tmp\/ucaldas.jpg\" width=\"160\" height=\"100\" border=\"0\" \/><\/td>\n<td>Con el objetivo de elevar el logro acad\u00e9mico de los estudiantes para el inicio de la vida universitaria, mediante el desarrollo de estrategias b\u00e1sicas de formaci\u00f3n, <b>comenz\u00f3<\/b> el pasado <b>lunes 7 de febrero<\/b> del 2011 en la Universidad de Caldas, el <b>Programa de Iniciaci\u00f3n a la Vida Universitaria Pruebas Saber 11<\/b>.<\/td>\n<\/tr>\n<\/tbody>\n<\/table>\n<p>&nbsp;<\/p>\n<p>&nbsp;<\/p>\n<p>En total, 106 estudiantes de diferentes instituciones locales y nacionales comenzaron este Programa, de 130 horas, que finalizar\u00e1 el 7 de abril de este a\u00f1o. El 10 de abril ser\u00e1 la prueba.<\/p>\n<p>&nbsp;<\/p>\n<p>Por otra parte, est\u00e1n abiertas las inscripciones para el segundo curso del Programa. Comenzar\u00e1 el 11 de julio y ser\u00e1 hasta el 1 de septiembre.<\/p>\n<p>&nbsp;<\/p>\n<p>Los horarios son los de lunes a jueves, de 6:00 pm a 9:30 p.m. Tambi\u00e9n se trabajar\u00e1n tres s\u00e1bados (laboratorios).<\/p>\n<p>&nbsp;<\/p>\n<p>El curso tiene un costo de $180 mil, que se deben consignar en la Cuenta de ahorros Davivienda n\u00famero 084500007459.<\/p>\n<p>&nbsp;<\/p>\n<p><b>Informes: <\/b>en la Oficina de Programas Especiales. Tel\u00e9fono: 878 15 00, extensi\u00f3n 11 261, o en el celular: 321 800 1038.<\/p>\n","protected":false},"excerpt":{"rendered":"<p>106 estudiantes realizan este curso 09\/02\/2011 \u00a0 Con el objetivo de elevar el logro acad\u00e9mico de los estudiantes para el inicio de la vida universitaria, mediante el desarrollo de estrategias b\u00e1sicas de formaci\u00f3n, comenz\u00f3 el pasado lunes 7 de febrero del 2011 en la Universidad de Caldas, el Programa de Iniciaci\u00f3n a la Vida Universitaria [&hellip;]<\/p>\n","protected":false},"author":2,"featured_media":0,"comment_status":"closed","ping_status":"closed","sticky":false,"template":"","format":"standard","meta":{"footnotes":""},"categories":[48,53],"tags":[],"class_list":["post-6448","post","type-post","status-publish","format-standard","hentry","category-actualidad","category-universidad-al-dia"],"yoast_head":"<!-- This site is optimized with the Yoast SEO plugin v27.5 - https:\/\/yoast.com\/product\/yoast-seo-wordpress\/ -->\n<title>En la U. de Caldas comenz\u00f3 el Programa de Iniciaci\u00f3n a la Vida Universitaria .<\/title>\n<meta name=\"robots\" content=\"index, follow, max-snippet:-1, max-image-preview:large, max-video-preview:-1\" \/>\n<link rel=\"canonical\" href=\"https:\/\/www.ucaldas.edu.co\/portal\/en-la-u-de-caldas-comenzo-el-programa-de-iniciacion-a-la-vida-universitaria\/\" \/>\n<script type=\"application\/ld+json\" class=\"yoast-schema-graph\">{\"@context\":\"https:\\\/\\\/schema.org\",\"@graph\":[{\"@type\":\"Article\",\"@id\":\"https:\\\/\\\/www.ucaldas.edu.co\\\/portal\\\/en-la-u-de-caldas-comenzo-el-programa-de-iniciacion-a-la-vida-universitaria\\\/#article\",\"isPartOf\":{\"@id\":\"https:\\\/\\\/www.ucaldas.edu.co\\\/portal\\\/en-la-u-de-caldas-comenzo-el-programa-de-iniciacion-a-la-vida-universitaria\\\/\"},\"author\":{\"name\":\"ofiprensa\",\"@id\":\"https:\\\/\\\/www.ucaldas.edu.co\\\/portal\\\/#\\\/schema\\\/person\\\/a1b482e23449158b4bc319926c074fdf\"},\"headline\":\"En la U. de Caldas comenz\u00f3 el Programa de Iniciaci\u00f3n a la Vida Universitaria\",\"datePublished\":\"2011-02-09T15:40:20+00:00\",\"mainEntityOfPage\":{\"@id\":\"https:\\\/\\\/www.ucaldas.edu.co\\\/portal\\\/en-la-u-de-caldas-comenzo-el-programa-de-iniciacion-a-la-vida-universitaria\\\/\"},\"wordCount\":186,\"publisher\":{\"@id\":\"https:\\\/\\\/www.ucaldas.edu.co\\\/portal\\\/#organization\"},\"image\":{\"@id\":\"https:\\\/\\\/www.ucaldas.edu.co\\\/portal\\\/en-la-u-de-caldas-comenzo-el-programa-de-iniciacion-a-la-vida-universitaria\\\/#primaryimage\"},\"thumbnailUrl\":\"http:\\\/\\\/www.ucaldas.edu.co\\\/images\\\/tmp\\\/ucaldas.jpg\",\"articleSection\":[\"Actualidad\",\"Universidad al D\u00eda\"],\"inLanguage\":\"es\"},{\"@type\":\"WebPage\",\"@id\":\"https:\\\/\\\/www.ucaldas.edu.co\\\/portal\\\/en-la-u-de-caldas-comenzo-el-programa-de-iniciacion-a-la-vida-universitaria\\\/\",\"url\":\"https:\\\/\\\/www.ucaldas.edu.co\\\/portal\\\/en-la-u-de-caldas-comenzo-el-programa-de-iniciacion-a-la-vida-universitaria\\\/\",\"name\":\"En la U. de Caldas comenz\u00f3 el Programa de Iniciaci\u00f3n a la Vida Universitaria .\",\"isPartOf\":{\"@id\":\"https:\\\/\\\/www.ucaldas.edu.co\\\/portal\\\/#website\"},\"primaryImageOfPage\":{\"@id\":\"https:\\\/\\\/www.ucaldas.edu.co\\\/portal\\\/en-la-u-de-caldas-comenzo-el-programa-de-iniciacion-a-la-vida-universitaria\\\/#primaryimage\"},\"image\":{\"@id\":\"https:\\\/\\\/www.ucaldas.edu.co\\\/portal\\\/en-la-u-de-caldas-comenzo-el-programa-de-iniciacion-a-la-vida-universitaria\\\/#primaryimage\"},\"thumbnailUrl\":\"http:\\\/\\\/www.ucaldas.edu.co\\\/images\\\/tmp\\\/ucaldas.jpg\",\"datePublished\":\"2011-02-09T15:40:20+00:00\",\"breadcrumb\":{\"@id\":\"https:\\\/\\\/www.ucaldas.edu.co\\\/portal\\\/en-la-u-de-caldas-comenzo-el-programa-de-iniciacion-a-la-vida-universitaria\\\/#breadcrumb\"},\"inLanguage\":\"es\",\"potentialAction\":[{\"@type\":\"ReadAction\",\"target\":[\"https:\\\/\\\/www.ucaldas.edu.co\\\/portal\\\/en-la-u-de-caldas-comenzo-el-programa-de-iniciacion-a-la-vida-universitaria\\\/\"]}]},{\"@type\":\"ImageObject\",\"inLanguage\":\"es\",\"@id\":\"https:\\\/\\\/www.ucaldas.edu.co\\\/portal\\\/en-la-u-de-caldas-comenzo-el-programa-de-iniciacion-a-la-vida-universitaria\\\/#primaryimage\",\"url\":\"http:\\\/\\\/www.ucaldas.edu.co\\\/images\\\/tmp\\\/ucaldas.jpg\",\"contentUrl\":\"http:\\\/\\\/www.ucaldas.edu.co\\\/images\\\/tmp\\\/ucaldas.jpg\"},{\"@type\":\"BreadcrumbList\",\"@id\":\"https:\\\/\\\/www.ucaldas.edu.co\\\/portal\\\/en-la-u-de-caldas-comenzo-el-programa-de-iniciacion-a-la-vida-universitaria\\\/#breadcrumb\",\"itemListElement\":[{\"@type\":\"ListItem\",\"position\":1,\"name\":\"Portada\",\"item\":\"https:\\\/\\\/www.ucaldas.edu.co\\\/portal\\\/\"},{\"@type\":\"ListItem\",\"position\":2,\"name\":\"En la U. de Caldas comenz\u00f3 el Programa de Iniciaci\u00f3n a la Vida Universitaria\"}]},{\"@type\":\"WebSite\",\"@id\":\"https:\\\/\\\/www.ucaldas.edu.co\\\/portal\\\/#website\",\"url\":\"https:\\\/\\\/www.ucaldas.edu.co\\\/portal\\\/\",\"name\":\"Universidad de Caldas\",\"description\":\"\",\"publisher\":{\"@id\":\"https:\\\/\\\/www.ucaldas.edu.co\\\/portal\\\/#organization\"},\"alternateName\":\"U. de Caldas\",\"potentialAction\":[{\"@type\":\"SearchAction\",\"target\":{\"@type\":\"EntryPoint\",\"urlTemplate\":\"https:\\\/\\\/www.ucaldas.edu.co\\\/portal\\\/?s={search_term_string}\"},\"query-input\":{\"@type\":\"PropertyValueSpecification\",\"valueRequired\":true,\"valueName\":\"search_term_string\"}}],\"inLanguage\":\"es\"},{\"@type\":\"Organization\",\"@id\":\"https:\\\/\\\/www.ucaldas.edu.co\\\/portal\\\/#organization\",\"name\":\"Universidad de Caldas\",\"alternateName\":\"U. de Caldas\",\"url\":\"https:\\\/\\\/www.ucaldas.edu.co\\\/portal\\\/\",\"logo\":{\"@type\":\"ImageObject\",\"inLanguage\":\"es\",\"@id\":\"https:\\\/\\\/www.ucaldas.edu.co\\\/portal\\\/#\\\/schema\\\/logo\\\/image\\\/\",\"url\":\"https:\\\/\\\/www.ucaldas.edu.co\\\/portal\\\/wp-content\\\/uploads\\\/2023\\\/11\\\/Logo_horizontal_oscuroU-2023.png\",\"contentUrl\":\"https:\\\/\\\/www.ucaldas.edu.co\\\/portal\\\/wp-content\\\/uploads\\\/2023\\\/11\\\/Logo_horizontal_oscuroU-2023.png\",\"width\":263,\"height\":101,\"caption\":\"Universidad de Caldas\"},\"image\":{\"@id\":\"https:\\\/\\\/www.ucaldas.edu.co\\\/portal\\\/#\\\/schema\\\/logo\\\/image\\\/\"},\"sameAs\":[\"https:\\\/\\\/www.facebook.com\\\/udecaldas\",\"https:\\\/\\\/x.com\\\/udecaldas\",\"https:\\\/\\\/www.youtube.com\\\/universidadcaldas\",\"https:\\\/\\\/www.instagram.com\\\/udecaldas\\\/\"]},{\"@type\":\"Person\",\"@id\":\"https:\\\/\\\/www.ucaldas.edu.co\\\/portal\\\/#\\\/schema\\\/person\\\/a1b482e23449158b4bc319926c074fdf\",\"name\":\"ofiprensa\",\"image\":{\"@type\":\"ImageObject\",\"inLanguage\":\"es\",\"@id\":\"https:\\\/\\\/www.ucaldas.edu.co\\\/portal\\\/wp-content\\\/litespeed\\\/avatar\\\/09ea5085e600095a7a811142c6944527.jpg?ver=1777497608\",\"url\":\"https:\\\/\\\/www.ucaldas.edu.co\\\/portal\\\/wp-content\\\/litespeed\\\/avatar\\\/09ea5085e600095a7a811142c6944527.jpg?ver=1777497608\",\"contentUrl\":\"https:\\\/\\\/www.ucaldas.edu.co\\\/portal\\\/wp-content\\\/litespeed\\\/avatar\\\/09ea5085e600095a7a811142c6944527.jpg?ver=1777497608\",\"caption\":\"ofiprensa\"},\"url\":\"https:\\\/\\\/www.ucaldas.edu.co\\\/portal\\\/author\\\/ofiprensa\\\/\"}]}<\/script>\n<!-- \/ Yoast SEO plugin. -->","yoast_head_json":{"title":"En la U. de Caldas comenz\u00f3 el Programa de Iniciaci\u00f3n a la Vida Universitaria .","robots":{"index":"index","follow":"follow","max-snippet":"max-snippet:-1","max-image-preview":"max-image-preview:large","max-video-preview":"max-video-preview:-1"},"canonical":"https:\/\/www.ucaldas.edu.co\/portal\/en-la-u-de-caldas-comenzo-el-programa-de-iniciacion-a-la-vida-universitaria\/","schema":{"@context":"https:\/\/schema.org","@graph":[{"@type":"Article","@id":"https:\/\/www.ucaldas.edu.co\/portal\/en-la-u-de-caldas-comenzo-el-programa-de-iniciacion-a-la-vida-universitaria\/#article","isPartOf":{"@id":"https:\/\/www.ucaldas.edu.co\/portal\/en-la-u-de-caldas-comenzo-el-programa-de-iniciacion-a-la-vida-universitaria\/"},"author":{"name":"ofiprensa","@id":"https:\/\/www.ucaldas.edu.co\/portal\/#\/schema\/person\/a1b482e23449158b4bc319926c074fdf"},"headline":"En la U. de Caldas comenz\u00f3 el Programa de Iniciaci\u00f3n a la Vida Universitaria","datePublished":"2011-02-09T15:40:20+00:00","mainEntityOfPage":{"@id":"https:\/\/www.ucaldas.edu.co\/portal\/en-la-u-de-caldas-comenzo-el-programa-de-iniciacion-a-la-vida-universitaria\/"},"wordCount":186,"publisher":{"@id":"https:\/\/www.ucaldas.edu.co\/portal\/#organization"},"image":{"@id":"https:\/\/www.ucaldas.edu.co\/portal\/en-la-u-de-caldas-comenzo-el-programa-de-iniciacion-a-la-vida-universitaria\/#primaryimage"},"thumbnailUrl":"http:\/\/www.ucaldas.edu.co\/images\/tmp\/ucaldas.jpg","articleSection":["Actualidad","Universidad al D\u00eda"],"inLanguage":"es"},{"@type":"WebPage","@id":"https:\/\/www.ucaldas.edu.co\/portal\/en-la-u-de-caldas-comenzo-el-programa-de-iniciacion-a-la-vida-universitaria\/","url":"https:\/\/www.ucaldas.edu.co\/portal\/en-la-u-de-caldas-comenzo-el-programa-de-iniciacion-a-la-vida-universitaria\/","name":"En la U. de Caldas comenz\u00f3 el Programa de Iniciaci\u00f3n a la Vida Universitaria .","isPartOf":{"@id":"https:\/\/www.ucaldas.edu.co\/portal\/#website"},"primaryImageOfPage":{"@id":"https:\/\/www.ucaldas.edu.co\/portal\/en-la-u-de-caldas-comenzo-el-programa-de-iniciacion-a-la-vida-universitaria\/#primaryimage"},"image":{"@id":"https:\/\/www.ucaldas.edu.co\/portal\/en-la-u-de-caldas-comenzo-el-programa-de-iniciacion-a-la-vida-universitaria\/#primaryimage"},"thumbnailUrl":"http:\/\/www.ucaldas.edu.co\/images\/tmp\/ucaldas.jpg","datePublished":"2011-02-09T15:40:20+00:00","breadcrumb":{"@id":"https:\/\/www.ucaldas.edu.co\/portal\/en-la-u-de-caldas-comenzo-el-programa-de-iniciacion-a-la-vida-universitaria\/#breadcrumb"},"inLanguage":"es","potentialAction":[{"@type":"ReadAction","target":["https:\/\/www.ucaldas.edu.co\/portal\/en-la-u-de-caldas-comenzo-el-programa-de-iniciacion-a-la-vida-universitaria\/"]}]},{"@type":"ImageObject","inLanguage":"es","@id":"https:\/\/www.ucaldas.edu.co\/portal\/en-la-u-de-caldas-comenzo-el-programa-de-iniciacion-a-la-vida-universitaria\/#primaryimage","url":"http:\/\/www.ucaldas.edu.co\/images\/tmp\/ucaldas.jpg","contentUrl":"http:\/\/www.ucaldas.edu.co\/images\/tmp\/ucaldas.jpg"},{"@type":"BreadcrumbList","@id":"https:\/\/www.ucaldas.edu.co\/portal\/en-la-u-de-caldas-comenzo-el-programa-de-iniciacion-a-la-vida-universitaria\/#breadcrumb","itemListElement":[{"@type":"ListItem","position":1,"name":"Portada","item":"https:\/\/www.ucaldas.edu.co\/portal\/"},{"@type":"ListItem","position":2,"name":"En la U. de Caldas comenz\u00f3 el Programa de Iniciaci\u00f3n a la Vida Universitaria"}]},{"@type":"WebSite","@id":"https:\/\/www.ucaldas.edu.co\/portal\/#website","url":"https:\/\/www.ucaldas.edu.co\/portal\/","name":"Universidad de Caldas","description":"","publisher":{"@id":"https:\/\/www.ucaldas.edu.co\/portal\/#organization"},"alternateName":"U. de Caldas","potentialAction":[{"@type":"SearchAction","target":{"@type":"EntryPoint","urlTemplate":"https:\/\/www.ucaldas.edu.co\/portal\/?s={search_term_string}"},"query-input":{"@type":"PropertyValueSpecification","valueRequired":true,"valueName":"search_term_string"}}],"inLanguage":"es"},{"@type":"Organization","@id":"https:\/\/www.ucaldas.edu.co\/portal\/#organization","name":"Universidad de Caldas","alternateName":"U. de Caldas","url":"https:\/\/www.ucaldas.edu.co\/portal\/","logo":{"@type":"ImageObject","inLanguage":"es","@id":"https:\/\/www.ucaldas.edu.co\/portal\/#\/schema\/logo\/image\/","url":"https:\/\/www.ucaldas.edu.co\/portal\/wp-content\/uploads\/2023\/11\/Logo_horizontal_oscuroU-2023.png","contentUrl":"https:\/\/www.ucaldas.edu.co\/portal\/wp-content\/uploads\/2023\/11\/Logo_horizontal_oscuroU-2023.png","width":263,"height":101,"caption":"Universidad de Caldas"},"image":{"@id":"https:\/\/www.ucaldas.edu.co\/portal\/#\/schema\/logo\/image\/"},"sameAs":["https:\/\/www.facebook.com\/udecaldas","https:\/\/x.com\/udecaldas","https:\/\/www.youtube.com\/universidadcaldas","https:\/\/www.instagram.com\/udecaldas\/"]},{"@type":"Person","@id":"https:\/\/www.ucaldas.edu.co\/portal\/#\/schema\/person\/a1b482e23449158b4bc319926c074fdf","name":"ofiprensa","image":{"@type":"ImageObject","inLanguage":"es","@id":"https:\/\/www.ucaldas.edu.co\/portal\/wp-content\/litespeed\/avatar\/09ea5085e600095a7a811142c6944527.jpg?ver=1777497608","url":"https:\/\/www.ucaldas.edu.co\/portal\/wp-content\/litespeed\/avatar\/09ea5085e600095a7a811142c6944527.jpg?ver=1777497608","contentUrl":"https:\/\/www.ucaldas.edu.co\/portal\/wp-content\/litespeed\/avatar\/09ea5085e600095a7a811142c6944527.jpg?ver=1777497608","caption":"ofiprensa"},"url":"https:\/\/www.ucaldas.edu.co\/portal\/author\/ofiprensa\/"}]}},"_links":{"self":[{"href":"https:\/\/www.ucaldas.edu.co\/portal\/wp-json\/wp\/v2\/posts\/6448","targetHints":{"allow":["GET"]}}],"collection":[{"href":"https:\/\/www.ucaldas.edu.co\/portal\/wp-json\/wp\/v2\/posts"}],"about":[{"href":"https:\/\/www.ucaldas.edu.co\/portal\/wp-json\/wp\/v2\/types\/post"}],"author":[{"embeddable":true,"href":"https:\/\/www.ucaldas.edu.co\/portal\/wp-json\/wp\/v2\/users\/2"}],"replies":[{"embeddable":true,"href":"https:\/\/www.ucaldas.edu.co\/portal\/wp-json\/wp\/v2\/comments?post=6448"}],"version-history":[{"count":0,"href":"https:\/\/www.ucaldas.edu.co\/portal\/wp-json\/wp\/v2\/posts\/6448\/revisions"}],"wp:attachment":[{"href":"https:\/\/www.ucaldas.edu.co\/portal\/wp-json\/wp\/v2\/media?parent=6448"}],"wp:term":[{"taxonomy":"category","embeddable":true,"href":"https:\/\/www.ucaldas.edu.co\/portal\/wp-json\/wp\/v2\/categories?post=6448"},{"taxonomy":"post_tag","embeddable":true,"href":"https:\/\/www.ucaldas.edu.co\/portal\/wp-json\/wp\/v2\/tags?post=6448"}],"curies":[{"name":"wp","href":"https:\/\/api.w.org\/{rel}","templated":true}]}}