{"id":6446,"date":"2011-02-09T10:39:21","date_gmt":"2011-02-09T15:39:21","guid":{"rendered":"https:\/\/www.ucaldas.edu.co\/portal\/?p=6446"},"modified":"2011-02-09T10:39:21","modified_gmt":"2011-02-09T15:39:21","slug":"inscribase-a-la-tecnologia-en-logistica-de-la-u-de-caldas","status":"publish","type":"post","link":"https:\/\/www.ucaldas.edu.co\/portal\/inscribase-a-la-tecnologia-en-logistica-de-la-u-de-caldas\/","title":{"rendered":"Inscr\u00edbase a la Tecnolog\u00eda en Log\u00edstica  de la U. de Caldas"},"content":{"rendered":"<p>Hasta el pr\u00f3ximo lunes 14 de febrero del 2011<\/p>\n<hr \/>\n<p align=\"right\"><b>09\/02\/2011<\/b><\/p>\n<p><b>\u00a0<\/b><\/p>\n<table border=\"0\">\n<tbody>\n<tr>\n<td><img loading=\"lazy\" decoding=\"async\" style=\"border: 0px\" alt=\"Tecnologia\" src=\"http:\/\/www.ucaldas.edu.co\/images\/tmp\/TecnologiaEnLogisticaFoto.jpg\" width=\"240\" height=\"150\" border=\"0\" \/><\/td>\n<td>Hasta el pr\u00f3ximo <b>lunes 14 de febrero <\/b>del 2011 estar\u00e1n <b>abiertas<\/b> las <b>inscripciones<\/b> para la <b>Tecnolog\u00eda<\/b><b> en Log\u00edstica <\/b>de la Universidad de Caldas, que est\u00e1 adscrito a la Facultad de Ingenier\u00edas de la Instituci\u00f3n.<\/p>\n<p>&nbsp;<\/p>\n<p>Tiene una duraci\u00f3n es de 6 semestres y la modalidad es a distancia.<\/td>\n<\/tr>\n<\/tbody>\n<\/table>\n<p>&nbsp;<\/p>\n<p>&nbsp;<\/p>\n<p>Las inscripciones tienen un costo del 0.015 de un salario m\u00ednimo mensual legal vigente. Se debe consignar en la cuenta de Davivienda n\u00famero 084500007558, C\u00f3digo OG8A002.<\/p>\n<p>&nbsp;<\/p>\n<p>Cada semestre tiene un costo de 1.5 salario m\u00ednimo mensual legal vigente.<\/p>\n<p>&nbsp;<\/p>\n<p>Este programa recibi\u00f3 el registro calificado por 7 a\u00f1os mediante las resoluciones 7934 y 7935 del 2010 del Ministerio de Educaci\u00f3n Nacional.<\/p>\n<p>&nbsp;<\/p>\n<p><b>Informes: <\/b>en la Facultad de Ingenier\u00edas. Tel\u00e9fono 878 15 40, extensi\u00f3n 13436, o en el correo electr\u00f3nico <a href=\"mailto:leperez@ucaldas.edu.co\" target=\"_blank\">leperez@ucaldas.edu.co<\/a><\/p>\n","protected":false},"excerpt":{"rendered":"<p>Hasta el pr\u00f3ximo lunes 14 de febrero del 2011 09\/02\/2011 \u00a0 Hasta el pr\u00f3ximo lunes 14 de febrero del 2011 estar\u00e1n abiertas las inscripciones para la Tecnolog\u00eda en Log\u00edstica de la Universidad de Caldas, que est\u00e1 adscrito a la Facultad de Ingenier\u00edas de la Instituci\u00f3n. &nbsp; Tiene una duraci\u00f3n es de 6 semestres y la [&hellip;]<\/p>\n","protected":false},"author":2,"featured_media":0,"comment_status":"closed","ping_status":"closed","sticky":false,"template":"","format":"standard","meta":{"footnotes":""},"categories":[48,53],"tags":[],"class_list":["post-6446","post","type-post","status-publish","format-standard","hentry","category-actualidad","category-universidad-al-dia"],"yoast_head":"<!-- This site is optimized with the Yoast SEO plugin v27.5 - https:\/\/yoast.com\/product\/yoast-seo-wordpress\/ -->\n<title>Inscr\u00edbase a la Tecnolog\u00eda en Log\u00edstica de la U. de Caldas .<\/title>\n<meta name=\"robots\" content=\"index, follow, max-snippet:-1, max-image-preview:large, max-video-preview:-1\" \/>\n<link rel=\"canonical\" href=\"https:\/\/www.ucaldas.edu.co\/portal\/inscribase-a-la-tecnologia-en-logistica-de-la-u-de-caldas\/\" \/>\n<script type=\"application\/ld+json\" class=\"yoast-schema-graph\">{\"@context\":\"https:\\\/\\\/schema.org\",\"@graph\":[{\"@type\":\"Article\",\"@id\":\"https:\\\/\\\/www.ucaldas.edu.co\\\/portal\\\/inscribase-a-la-tecnologia-en-logistica-de-la-u-de-caldas\\\/#article\",\"isPartOf\":{\"@id\":\"https:\\\/\\\/www.ucaldas.edu.co\\\/portal\\\/inscribase-a-la-tecnologia-en-logistica-de-la-u-de-caldas\\\/\"},\"author\":{\"name\":\"ofiprensa\",\"@id\":\"https:\\\/\\\/www.ucaldas.edu.co\\\/portal\\\/#\\\/schema\\\/person\\\/a1b482e23449158b4bc319926c074fdf\"},\"headline\":\"Inscr\u00edbase a la Tecnolog\u00eda en Log\u00edstica de la U. de Caldas\",\"datePublished\":\"2011-02-09T15:39:21+00:00\",\"mainEntityOfPage\":{\"@id\":\"https:\\\/\\\/www.ucaldas.edu.co\\\/portal\\\/inscribase-a-la-tecnologia-en-logistica-de-la-u-de-caldas\\\/\"},\"wordCount\":160,\"publisher\":{\"@id\":\"https:\\\/\\\/www.ucaldas.edu.co\\\/portal\\\/#organization\"},\"image\":{\"@id\":\"https:\\\/\\\/www.ucaldas.edu.co\\\/portal\\\/inscribase-a-la-tecnologia-en-logistica-de-la-u-de-caldas\\\/#primaryimage\"},\"thumbnailUrl\":\"http:\\\/\\\/www.ucaldas.edu.co\\\/images\\\/tmp\\\/TecnologiaEnLogisticaFoto.jpg\",\"articleSection\":[\"Actualidad\",\"Universidad al D\u00eda\"],\"inLanguage\":\"es\"},{\"@type\":\"WebPage\",\"@id\":\"https:\\\/\\\/www.ucaldas.edu.co\\\/portal\\\/inscribase-a-la-tecnologia-en-logistica-de-la-u-de-caldas\\\/\",\"url\":\"https:\\\/\\\/www.ucaldas.edu.co\\\/portal\\\/inscribase-a-la-tecnologia-en-logistica-de-la-u-de-caldas\\\/\",\"name\":\"Inscr\u00edbase a la Tecnolog\u00eda en Log\u00edstica de la U. de Caldas .\",\"isPartOf\":{\"@id\":\"https:\\\/\\\/www.ucaldas.edu.co\\\/portal\\\/#website\"},\"primaryImageOfPage\":{\"@id\":\"https:\\\/\\\/www.ucaldas.edu.co\\\/portal\\\/inscribase-a-la-tecnologia-en-logistica-de-la-u-de-caldas\\\/#primaryimage\"},\"image\":{\"@id\":\"https:\\\/\\\/www.ucaldas.edu.co\\\/portal\\\/inscribase-a-la-tecnologia-en-logistica-de-la-u-de-caldas\\\/#primaryimage\"},\"thumbnailUrl\":\"http:\\\/\\\/www.ucaldas.edu.co\\\/images\\\/tmp\\\/TecnologiaEnLogisticaFoto.jpg\",\"datePublished\":\"2011-02-09T15:39:21+00:00\",\"breadcrumb\":{\"@id\":\"https:\\\/\\\/www.ucaldas.edu.co\\\/portal\\\/inscribase-a-la-tecnologia-en-logistica-de-la-u-de-caldas\\\/#breadcrumb\"},\"inLanguage\":\"es\",\"potentialAction\":[{\"@type\":\"ReadAction\",\"target\":[\"https:\\\/\\\/www.ucaldas.edu.co\\\/portal\\\/inscribase-a-la-tecnologia-en-logistica-de-la-u-de-caldas\\\/\"]}]},{\"@type\":\"ImageObject\",\"inLanguage\":\"es\",\"@id\":\"https:\\\/\\\/www.ucaldas.edu.co\\\/portal\\\/inscribase-a-la-tecnologia-en-logistica-de-la-u-de-caldas\\\/#primaryimage\",\"url\":\"http:\\\/\\\/www.ucaldas.edu.co\\\/images\\\/tmp\\\/TecnologiaEnLogisticaFoto.jpg\",\"contentUrl\":\"http:\\\/\\\/www.ucaldas.edu.co\\\/images\\\/tmp\\\/TecnologiaEnLogisticaFoto.jpg\"},{\"@type\":\"BreadcrumbList\",\"@id\":\"https:\\\/\\\/www.ucaldas.edu.co\\\/portal\\\/inscribase-a-la-tecnologia-en-logistica-de-la-u-de-caldas\\\/#breadcrumb\",\"itemListElement\":[{\"@type\":\"ListItem\",\"position\":1,\"name\":\"Portada\",\"item\":\"https:\\\/\\\/www.ucaldas.edu.co\\\/portal\\\/\"},{\"@type\":\"ListItem\",\"position\":2,\"name\":\"Inscr\u00edbase a la Tecnolog\u00eda en Log\u00edstica de la U. de Caldas\"}]},{\"@type\":\"WebSite\",\"@id\":\"https:\\\/\\\/www.ucaldas.edu.co\\\/portal\\\/#website\",\"url\":\"https:\\\/\\\/www.ucaldas.edu.co\\\/portal\\\/\",\"name\":\"Universidad de Caldas\",\"description\":\"\",\"publisher\":{\"@id\":\"https:\\\/\\\/www.ucaldas.edu.co\\\/portal\\\/#organization\"},\"alternateName\":\"U. de Caldas\",\"potentialAction\":[{\"@type\":\"SearchAction\",\"target\":{\"@type\":\"EntryPoint\",\"urlTemplate\":\"https:\\\/\\\/www.ucaldas.edu.co\\\/portal\\\/?s={search_term_string}\"},\"query-input\":{\"@type\":\"PropertyValueSpecification\",\"valueRequired\":true,\"valueName\":\"search_term_string\"}}],\"inLanguage\":\"es\"},{\"@type\":\"Organization\",\"@id\":\"https:\\\/\\\/www.ucaldas.edu.co\\\/portal\\\/#organization\",\"name\":\"Universidad de Caldas\",\"alternateName\":\"U. de Caldas\",\"url\":\"https:\\\/\\\/www.ucaldas.edu.co\\\/portal\\\/\",\"logo\":{\"@type\":\"ImageObject\",\"inLanguage\":\"es\",\"@id\":\"https:\\\/\\\/www.ucaldas.edu.co\\\/portal\\\/#\\\/schema\\\/logo\\\/image\\\/\",\"url\":\"https:\\\/\\\/www.ucaldas.edu.co\\\/portal\\\/wp-content\\\/uploads\\\/2023\\\/11\\\/Logo_horizontal_oscuroU-2023.png\",\"contentUrl\":\"https:\\\/\\\/www.ucaldas.edu.co\\\/portal\\\/wp-content\\\/uploads\\\/2023\\\/11\\\/Logo_horizontal_oscuroU-2023.png\",\"width\":263,\"height\":101,\"caption\":\"Universidad de Caldas\"},\"image\":{\"@id\":\"https:\\\/\\\/www.ucaldas.edu.co\\\/portal\\\/#\\\/schema\\\/logo\\\/image\\\/\"},\"sameAs\":[\"https:\\\/\\\/www.facebook.com\\\/udecaldas\",\"https:\\\/\\\/x.com\\\/udecaldas\",\"https:\\\/\\\/www.youtube.com\\\/universidadcaldas\",\"https:\\\/\\\/www.instagram.com\\\/udecaldas\\\/\"]},{\"@type\":\"Person\",\"@id\":\"https:\\\/\\\/www.ucaldas.edu.co\\\/portal\\\/#\\\/schema\\\/person\\\/a1b482e23449158b4bc319926c074fdf\",\"name\":\"ofiprensa\",\"image\":{\"@type\":\"ImageObject\",\"inLanguage\":\"es\",\"@id\":\"https:\\\/\\\/www.ucaldas.edu.co\\\/portal\\\/wp-content\\\/litespeed\\\/avatar\\\/09ea5085e600095a7a811142c6944527.jpg?ver=1777497608\",\"url\":\"https:\\\/\\\/www.ucaldas.edu.co\\\/portal\\\/wp-content\\\/litespeed\\\/avatar\\\/09ea5085e600095a7a811142c6944527.jpg?ver=1777497608\",\"contentUrl\":\"https:\\\/\\\/www.ucaldas.edu.co\\\/portal\\\/wp-content\\\/litespeed\\\/avatar\\\/09ea5085e600095a7a811142c6944527.jpg?ver=1777497608\",\"caption\":\"ofiprensa\"},\"url\":\"https:\\\/\\\/www.ucaldas.edu.co\\\/portal\\\/author\\\/ofiprensa\\\/\"}]}<\/script>\n<!-- \/ Yoast SEO plugin. -->","yoast_head_json":{"title":"Inscr\u00edbase a la Tecnolog\u00eda en Log\u00edstica de la U. de Caldas .","robots":{"index":"index","follow":"follow","max-snippet":"max-snippet:-1","max-image-preview":"max-image-preview:large","max-video-preview":"max-video-preview:-1"},"canonical":"https:\/\/www.ucaldas.edu.co\/portal\/inscribase-a-la-tecnologia-en-logistica-de-la-u-de-caldas\/","schema":{"@context":"https:\/\/schema.org","@graph":[{"@type":"Article","@id":"https:\/\/www.ucaldas.edu.co\/portal\/inscribase-a-la-tecnologia-en-logistica-de-la-u-de-caldas\/#article","isPartOf":{"@id":"https:\/\/www.ucaldas.edu.co\/portal\/inscribase-a-la-tecnologia-en-logistica-de-la-u-de-caldas\/"},"author":{"name":"ofiprensa","@id":"https:\/\/www.ucaldas.edu.co\/portal\/#\/schema\/person\/a1b482e23449158b4bc319926c074fdf"},"headline":"Inscr\u00edbase a la Tecnolog\u00eda en Log\u00edstica de la U. de Caldas","datePublished":"2011-02-09T15:39:21+00:00","mainEntityOfPage":{"@id":"https:\/\/www.ucaldas.edu.co\/portal\/inscribase-a-la-tecnologia-en-logistica-de-la-u-de-caldas\/"},"wordCount":160,"publisher":{"@id":"https:\/\/www.ucaldas.edu.co\/portal\/#organization"},"image":{"@id":"https:\/\/www.ucaldas.edu.co\/portal\/inscribase-a-la-tecnologia-en-logistica-de-la-u-de-caldas\/#primaryimage"},"thumbnailUrl":"http:\/\/www.ucaldas.edu.co\/images\/tmp\/TecnologiaEnLogisticaFoto.jpg","articleSection":["Actualidad","Universidad al D\u00eda"],"inLanguage":"es"},{"@type":"WebPage","@id":"https:\/\/www.ucaldas.edu.co\/portal\/inscribase-a-la-tecnologia-en-logistica-de-la-u-de-caldas\/","url":"https:\/\/www.ucaldas.edu.co\/portal\/inscribase-a-la-tecnologia-en-logistica-de-la-u-de-caldas\/","name":"Inscr\u00edbase a la Tecnolog\u00eda en Log\u00edstica de la U. de Caldas .","isPartOf":{"@id":"https:\/\/www.ucaldas.edu.co\/portal\/#website"},"primaryImageOfPage":{"@id":"https:\/\/www.ucaldas.edu.co\/portal\/inscribase-a-la-tecnologia-en-logistica-de-la-u-de-caldas\/#primaryimage"},"image":{"@id":"https:\/\/www.ucaldas.edu.co\/portal\/inscribase-a-la-tecnologia-en-logistica-de-la-u-de-caldas\/#primaryimage"},"thumbnailUrl":"http:\/\/www.ucaldas.edu.co\/images\/tmp\/TecnologiaEnLogisticaFoto.jpg","datePublished":"2011-02-09T15:39:21+00:00","breadcrumb":{"@id":"https:\/\/www.ucaldas.edu.co\/portal\/inscribase-a-la-tecnologia-en-logistica-de-la-u-de-caldas\/#breadcrumb"},"inLanguage":"es","potentialAction":[{"@type":"ReadAction","target":["https:\/\/www.ucaldas.edu.co\/portal\/inscribase-a-la-tecnologia-en-logistica-de-la-u-de-caldas\/"]}]},{"@type":"ImageObject","inLanguage":"es","@id":"https:\/\/www.ucaldas.edu.co\/portal\/inscribase-a-la-tecnologia-en-logistica-de-la-u-de-caldas\/#primaryimage","url":"http:\/\/www.ucaldas.edu.co\/images\/tmp\/TecnologiaEnLogisticaFoto.jpg","contentUrl":"http:\/\/www.ucaldas.edu.co\/images\/tmp\/TecnologiaEnLogisticaFoto.jpg"},{"@type":"BreadcrumbList","@id":"https:\/\/www.ucaldas.edu.co\/portal\/inscribase-a-la-tecnologia-en-logistica-de-la-u-de-caldas\/#breadcrumb","itemListElement":[{"@type":"ListItem","position":1,"name":"Portada","item":"https:\/\/www.ucaldas.edu.co\/portal\/"},{"@type":"ListItem","position":2,"name":"Inscr\u00edbase a la Tecnolog\u00eda en Log\u00edstica de la U. de Caldas"}]},{"@type":"WebSite","@id":"https:\/\/www.ucaldas.edu.co\/portal\/#website","url":"https:\/\/www.ucaldas.edu.co\/portal\/","name":"Universidad de Caldas","description":"","publisher":{"@id":"https:\/\/www.ucaldas.edu.co\/portal\/#organization"},"alternateName":"U. de Caldas","potentialAction":[{"@type":"SearchAction","target":{"@type":"EntryPoint","urlTemplate":"https:\/\/www.ucaldas.edu.co\/portal\/?s={search_term_string}"},"query-input":{"@type":"PropertyValueSpecification","valueRequired":true,"valueName":"search_term_string"}}],"inLanguage":"es"},{"@type":"Organization","@id":"https:\/\/www.ucaldas.edu.co\/portal\/#organization","name":"Universidad de Caldas","alternateName":"U. de Caldas","url":"https:\/\/www.ucaldas.edu.co\/portal\/","logo":{"@type":"ImageObject","inLanguage":"es","@id":"https:\/\/www.ucaldas.edu.co\/portal\/#\/schema\/logo\/image\/","url":"https:\/\/www.ucaldas.edu.co\/portal\/wp-content\/uploads\/2023\/11\/Logo_horizontal_oscuroU-2023.png","contentUrl":"https:\/\/www.ucaldas.edu.co\/portal\/wp-content\/uploads\/2023\/11\/Logo_horizontal_oscuroU-2023.png","width":263,"height":101,"caption":"Universidad de Caldas"},"image":{"@id":"https:\/\/www.ucaldas.edu.co\/portal\/#\/schema\/logo\/image\/"},"sameAs":["https:\/\/www.facebook.com\/udecaldas","https:\/\/x.com\/udecaldas","https:\/\/www.youtube.com\/universidadcaldas","https:\/\/www.instagram.com\/udecaldas\/"]},{"@type":"Person","@id":"https:\/\/www.ucaldas.edu.co\/portal\/#\/schema\/person\/a1b482e23449158b4bc319926c074fdf","name":"ofiprensa","image":{"@type":"ImageObject","inLanguage":"es","@id":"https:\/\/www.ucaldas.edu.co\/portal\/wp-content\/litespeed\/avatar\/09ea5085e600095a7a811142c6944527.jpg?ver=1777497608","url":"https:\/\/www.ucaldas.edu.co\/portal\/wp-content\/litespeed\/avatar\/09ea5085e600095a7a811142c6944527.jpg?ver=1777497608","contentUrl":"https:\/\/www.ucaldas.edu.co\/portal\/wp-content\/litespeed\/avatar\/09ea5085e600095a7a811142c6944527.jpg?ver=1777497608","caption":"ofiprensa"},"url":"https:\/\/www.ucaldas.edu.co\/portal\/author\/ofiprensa\/"}]}},"_links":{"self":[{"href":"https:\/\/www.ucaldas.edu.co\/portal\/wp-json\/wp\/v2\/posts\/6446","targetHints":{"allow":["GET"]}}],"collection":[{"href":"https:\/\/www.ucaldas.edu.co\/portal\/wp-json\/wp\/v2\/posts"}],"about":[{"href":"https:\/\/www.ucaldas.edu.co\/portal\/wp-json\/wp\/v2\/types\/post"}],"author":[{"embeddable":true,"href":"https:\/\/www.ucaldas.edu.co\/portal\/wp-json\/wp\/v2\/users\/2"}],"replies":[{"embeddable":true,"href":"https:\/\/www.ucaldas.edu.co\/portal\/wp-json\/wp\/v2\/comments?post=6446"}],"version-history":[{"count":0,"href":"https:\/\/www.ucaldas.edu.co\/portal\/wp-json\/wp\/v2\/posts\/6446\/revisions"}],"wp:attachment":[{"href":"https:\/\/www.ucaldas.edu.co\/portal\/wp-json\/wp\/v2\/media?parent=6446"}],"wp:term":[{"taxonomy":"category","embeddable":true,"href":"https:\/\/www.ucaldas.edu.co\/portal\/wp-json\/wp\/v2\/categories?post=6446"},{"taxonomy":"post_tag","embeddable":true,"href":"https:\/\/www.ucaldas.edu.co\/portal\/wp-json\/wp\/v2\/tags?post=6446"}],"curies":[{"name":"wp","href":"https:\/\/api.w.org\/{rel}","templated":true}]}}