{"id":64421,"date":"2021-08-18T21:36:40","date_gmt":"2021-08-18T21:36:40","guid":{"rendered":"https:\/\/www.ucaldas.edu.co\/portal\/?p=64421"},"modified":"2021-08-18T21:36:40","modified_gmt":"2021-08-18T21:36:40","slug":"presentacion-del-informe-de-calidad-de-vida-en-manizales-2020","status":"publish","type":"post","link":"https:\/\/www.ucaldas.edu.co\/portal\/presentacion-del-informe-de-calidad-de-vida-en-manizales-2020\/","title":{"rendered":"Presentaci\u00f3n del Informe de Calidad de Vida en Manizales 2020"},"content":{"rendered":"<p style=\"text-align: center;\">INVITADO ESPECIAL: JUAN DANIEL OVIEDO ARANGO<br \/>\n<strong>Presentaci\u00f3n del Informe de Calidad de Vida en Manizales 2020<\/strong><\/p>\n<p style=\"text-align: right;\">18\/08\/2021<\/p>\n<p><img loading=\"lazy\" decoding=\"async\" class=\"size-full wp-image-64422 aligncenter\" src=\"https:\/\/www.ucaldas.edu.co\/portal\/wp-content\/uploads\/2021\/08\/manizales-como-vamos.jpg\" alt=\"\" width=\"700\" height=\"400\" srcset=\"https:\/\/www.ucaldas.edu.co\/portal\/wp-content\/uploads\/2021\/08\/manizales-como-vamos.jpg 700w, https:\/\/www.ucaldas.edu.co\/portal\/wp-content\/uploads\/2021\/08\/manizales-como-vamos-300x171.jpg 300w\" sizes=\"auto, (max-width: 700px) 100vw, 700px\" \/><\/p>\n<p>Este jueves 19 de agosto desde las 2:30 p.m. a trav\u00e9s de Facebook Live de Radio La Patria, se llevar\u00e1 a cabo la presentaci\u00f3n del Informe de Calidad de Vida en Manizales 2020, organizado por Manizales C\u00f3mo Vamos.<\/p>\n<p><!--more--><\/p>\n<p>Los asistentes al evento virtual, tendr\u00e1n la oportunidad de conocer una descripci\u00f3n y an\u00e1lisis de diversas dimensiones de la ciudad, tales como: demograf\u00eda, pobreza y desigualdad, salud, educaci\u00f3n, empleo, seguridad ciudadana, vivienda, servicios y espacio p\u00fablico, medio ambiente, movilidad, cultura-recreaci\u00f3n y deporte, gesti\u00f3n y finanzas p\u00fablicas, entorno econ\u00f3mico y competitividad.<\/p>\n<p>El Informe hace referencia a la situaci\u00f3n vivida durante el a\u00f1o 2020, el cual fue un periodo at\u00edpico en la ciudad debido a la emergencia sanitaria, donde se buscar\u00e1 entender c\u00f3mo toda la situaci\u00f3n afecto los factores de estudio y as\u00ed entender la ruta que se debe seguir.<\/p>\n<p>La presentaci\u00f3n\u00a0 contar\u00e1 con la participaci\u00f3n especial\u00a0 del director general del Departamento Administrativo Nacional de Estad\u00edstica \u2013DANE-, Juan Daniel Oviedo Arango, quien en compa\u00f1\u00eda del director de Manizales C\u00f3mo Vamos Daniel Hurtado Cano emitir\u00e1n el informe desde el Centro Cultural Universitario Rogelio Salmona de la Universidad de Caldas.<\/p>\n<p>&nbsp;<\/p>\n<p><strong><a href=\"https:\/\/manizalescomovamos.org\/agendate-con-la-presentacion-del-informe-de-calidad-de-vida-de-manizales-2020\/\">Link del evento.<\/a><\/strong><\/p>\n<p><strong>Informes: <\/strong>Oficina de Comunicaciones y Prensa Universidad de Caldas.<\/p>\n<p><strong>Redacci\u00f3n:<\/strong> Mateo Buritic\u00e1 Giraldo<\/p>\n<p>&nbsp;<\/p>\n","protected":false},"excerpt":{"rendered":"<p>INVITADO ESPECIAL: JUAN DANIEL OVIEDO ARANGO Presentaci\u00f3n del Informe de Calidad de Vida en Manizales 2020 18\/08\/2021 Este jueves 19 de agosto desde las 2:30 p.m. a trav\u00e9s de Facebook Live de Radio La Patria, se llevar\u00e1 a cabo la presentaci\u00f3n del Informe de Calidad de Vida en Manizales 2020, organizado por Manizales C\u00f3mo Vamos.<\/p>\n","protected":false},"author":2,"featured_media":64422,"comment_status":"closed","ping_status":"open","sticky":false,"template":"","format":"standard","meta":{"footnotes":""},"categories":[62,48,53],"tags":[6981,161,6980],"class_list":["post-64421","post","type-post","status-publish","format-standard","has-post-thumbnail","hentry","category-eventos","category-actualidad","category-universidad-al-dia","tag-director-dane","tag-manizales-como-vamos","tag-informe-de-vida"],"yoast_head":"<!-- This site is optimized with the Yoast SEO plugin v27.5 - https:\/\/yoast.com\/product\/yoast-seo-wordpress\/ -->\n<title>Presentaci\u00f3n del Informe de Calidad de Vida en Manizales 2020 .<\/title>\n<meta name=\"robots\" content=\"index, follow, max-snippet:-1, max-image-preview:large, max-video-preview:-1\" \/>\n<link rel=\"canonical\" href=\"https:\/\/www.ucaldas.edu.co\/portal\/presentacion-del-informe-de-calidad-de-vida-en-manizales-2020\/\" \/>\n<script type=\"application\/ld+json\" class=\"yoast-schema-graph\">{\"@context\":\"https:\\\/\\\/schema.org\",\"@graph\":[{\"@type\":\"Article\",\"@id\":\"https:\\\/\\\/www.ucaldas.edu.co\\\/portal\\\/presentacion-del-informe-de-calidad-de-vida-en-manizales-2020\\\/#article\",\"isPartOf\":{\"@id\":\"https:\\\/\\\/www.ucaldas.edu.co\\\/portal\\\/presentacion-del-informe-de-calidad-de-vida-en-manizales-2020\\\/\"},\"author\":{\"name\":\"ofiprensa\",\"@id\":\"https:\\\/\\\/www.ucaldas.edu.co\\\/portal\\\/#\\\/schema\\\/person\\\/a1b482e23449158b4bc319926c074fdf\"},\"headline\":\"Presentaci\u00f3n del Informe de Calidad de Vida en Manizales 2020\",\"datePublished\":\"2021-08-18T21:36:40+00:00\",\"mainEntityOfPage\":{\"@id\":\"https:\\\/\\\/www.ucaldas.edu.co\\\/portal\\\/presentacion-del-informe-de-calidad-de-vida-en-manizales-2020\\\/\"},\"wordCount\":250,\"publisher\":{\"@id\":\"https:\\\/\\\/www.ucaldas.edu.co\\\/portal\\\/#organization\"},\"image\":{\"@id\":\"https:\\\/\\\/www.ucaldas.edu.co\\\/portal\\\/presentacion-del-informe-de-calidad-de-vida-en-manizales-2020\\\/#primaryimage\"},\"thumbnailUrl\":\"https:\\\/\\\/www.ucaldas.edu.co\\\/portal\\\/wp-content\\\/uploads\\\/2021\\\/08\\\/manizales-como-vamos.jpg\",\"keywords\":[\"director dane\",\"Manizales C\u00f3mo Vamos\",\"informe de vida\"],\"articleSection\":[\"Eventos\",\"Actualidad\",\"Universidad al D\u00eda\"],\"inLanguage\":\"es\"},{\"@type\":\"WebPage\",\"@id\":\"https:\\\/\\\/www.ucaldas.edu.co\\\/portal\\\/presentacion-del-informe-de-calidad-de-vida-en-manizales-2020\\\/\",\"url\":\"https:\\\/\\\/www.ucaldas.edu.co\\\/portal\\\/presentacion-del-informe-de-calidad-de-vida-en-manizales-2020\\\/\",\"name\":\"Presentaci\u00f3n del Informe de Calidad de Vida en Manizales 2020 .\",\"isPartOf\":{\"@id\":\"https:\\\/\\\/www.ucaldas.edu.co\\\/portal\\\/#website\"},\"primaryImageOfPage\":{\"@id\":\"https:\\\/\\\/www.ucaldas.edu.co\\\/portal\\\/presentacion-del-informe-de-calidad-de-vida-en-manizales-2020\\\/#primaryimage\"},\"image\":{\"@id\":\"https:\\\/\\\/www.ucaldas.edu.co\\\/portal\\\/presentacion-del-informe-de-calidad-de-vida-en-manizales-2020\\\/#primaryimage\"},\"thumbnailUrl\":\"https:\\\/\\\/www.ucaldas.edu.co\\\/portal\\\/wp-content\\\/uploads\\\/2021\\\/08\\\/manizales-como-vamos.jpg\",\"datePublished\":\"2021-08-18T21:36:40+00:00\",\"breadcrumb\":{\"@id\":\"https:\\\/\\\/www.ucaldas.edu.co\\\/portal\\\/presentacion-del-informe-de-calidad-de-vida-en-manizales-2020\\\/#breadcrumb\"},\"inLanguage\":\"es\",\"potentialAction\":[{\"@type\":\"ReadAction\",\"target\":[\"https:\\\/\\\/www.ucaldas.edu.co\\\/portal\\\/presentacion-del-informe-de-calidad-de-vida-en-manizales-2020\\\/\"]}]},{\"@type\":\"ImageObject\",\"inLanguage\":\"es\",\"@id\":\"https:\\\/\\\/www.ucaldas.edu.co\\\/portal\\\/presentacion-del-informe-de-calidad-de-vida-en-manizales-2020\\\/#primaryimage\",\"url\":\"https:\\\/\\\/www.ucaldas.edu.co\\\/portal\\\/wp-content\\\/uploads\\\/2021\\\/08\\\/manizales-como-vamos.jpg\",\"contentUrl\":\"https:\\\/\\\/www.ucaldas.edu.co\\\/portal\\\/wp-content\\\/uploads\\\/2021\\\/08\\\/manizales-como-vamos.jpg\",\"width\":700,\"height\":400},{\"@type\":\"BreadcrumbList\",\"@id\":\"https:\\\/\\\/www.ucaldas.edu.co\\\/portal\\\/presentacion-del-informe-de-calidad-de-vida-en-manizales-2020\\\/#breadcrumb\",\"itemListElement\":[{\"@type\":\"ListItem\",\"position\":1,\"name\":\"Portada\",\"item\":\"https:\\\/\\\/www.ucaldas.edu.co\\\/portal\\\/\"},{\"@type\":\"ListItem\",\"position\":2,\"name\":\"Presentaci\u00f3n del Informe de Calidad de Vida en Manizales 2020\"}]},{\"@type\":\"WebSite\",\"@id\":\"https:\\\/\\\/www.ucaldas.edu.co\\\/portal\\\/#website\",\"url\":\"https:\\\/\\\/www.ucaldas.edu.co\\\/portal\\\/\",\"name\":\"Universidad de Caldas\",\"description\":\"\",\"publisher\":{\"@id\":\"https:\\\/\\\/www.ucaldas.edu.co\\\/portal\\\/#organization\"},\"alternateName\":\"U. de Caldas\",\"potentialAction\":[{\"@type\":\"SearchAction\",\"target\":{\"@type\":\"EntryPoint\",\"urlTemplate\":\"https:\\\/\\\/www.ucaldas.edu.co\\\/portal\\\/?s={search_term_string}\"},\"query-input\":{\"@type\":\"PropertyValueSpecification\",\"valueRequired\":true,\"valueName\":\"search_term_string\"}}],\"inLanguage\":\"es\"},{\"@type\":\"Organization\",\"@id\":\"https:\\\/\\\/www.ucaldas.edu.co\\\/portal\\\/#organization\",\"name\":\"Universidad de Caldas\",\"alternateName\":\"U. de Caldas\",\"url\":\"https:\\\/\\\/www.ucaldas.edu.co\\\/portal\\\/\",\"logo\":{\"@type\":\"ImageObject\",\"inLanguage\":\"es\",\"@id\":\"https:\\\/\\\/www.ucaldas.edu.co\\\/portal\\\/#\\\/schema\\\/logo\\\/image\\\/\",\"url\":\"https:\\\/\\\/www.ucaldas.edu.co\\\/portal\\\/wp-content\\\/uploads\\\/2023\\\/11\\\/Logo_horizontal_oscuroU-2023.png\",\"contentUrl\":\"https:\\\/\\\/www.ucaldas.edu.co\\\/portal\\\/wp-content\\\/uploads\\\/2023\\\/11\\\/Logo_horizontal_oscuroU-2023.png\",\"width\":263,\"height\":101,\"caption\":\"Universidad de Caldas\"},\"image\":{\"@id\":\"https:\\\/\\\/www.ucaldas.edu.co\\\/portal\\\/#\\\/schema\\\/logo\\\/image\\\/\"},\"sameAs\":[\"https:\\\/\\\/www.facebook.com\\\/udecaldas\",\"https:\\\/\\\/x.com\\\/udecaldas\",\"https:\\\/\\\/www.youtube.com\\\/universidadcaldas\",\"https:\\\/\\\/www.instagram.com\\\/udecaldas\\\/\"]},{\"@type\":\"Person\",\"@id\":\"https:\\\/\\\/www.ucaldas.edu.co\\\/portal\\\/#\\\/schema\\\/person\\\/a1b482e23449158b4bc319926c074fdf\",\"name\":\"ofiprensa\",\"image\":{\"@type\":\"ImageObject\",\"inLanguage\":\"es\",\"@id\":\"https:\\\/\\\/www.ucaldas.edu.co\\\/portal\\\/wp-content\\\/litespeed\\\/avatar\\\/09ea5085e600095a7a811142c6944527.jpg?ver=1777497608\",\"url\":\"https:\\\/\\\/www.ucaldas.edu.co\\\/portal\\\/wp-content\\\/litespeed\\\/avatar\\\/09ea5085e600095a7a811142c6944527.jpg?ver=1777497608\",\"contentUrl\":\"https:\\\/\\\/www.ucaldas.edu.co\\\/portal\\\/wp-content\\\/litespeed\\\/avatar\\\/09ea5085e600095a7a811142c6944527.jpg?ver=1777497608\",\"caption\":\"ofiprensa\"},\"url\":\"https:\\\/\\\/www.ucaldas.edu.co\\\/portal\\\/author\\\/ofiprensa\\\/\"}]}<\/script>\n<!-- \/ Yoast SEO plugin. -->","yoast_head_json":{"title":"Presentaci\u00f3n del Informe de Calidad de Vida en Manizales 2020 .","robots":{"index":"index","follow":"follow","max-snippet":"max-snippet:-1","max-image-preview":"max-image-preview:large","max-video-preview":"max-video-preview:-1"},"canonical":"https:\/\/www.ucaldas.edu.co\/portal\/presentacion-del-informe-de-calidad-de-vida-en-manizales-2020\/","schema":{"@context":"https:\/\/schema.org","@graph":[{"@type":"Article","@id":"https:\/\/www.ucaldas.edu.co\/portal\/presentacion-del-informe-de-calidad-de-vida-en-manizales-2020\/#article","isPartOf":{"@id":"https:\/\/www.ucaldas.edu.co\/portal\/presentacion-del-informe-de-calidad-de-vida-en-manizales-2020\/"},"author":{"name":"ofiprensa","@id":"https:\/\/www.ucaldas.edu.co\/portal\/#\/schema\/person\/a1b482e23449158b4bc319926c074fdf"},"headline":"Presentaci\u00f3n del Informe de Calidad de Vida en Manizales 2020","datePublished":"2021-08-18T21:36:40+00:00","mainEntityOfPage":{"@id":"https:\/\/www.ucaldas.edu.co\/portal\/presentacion-del-informe-de-calidad-de-vida-en-manizales-2020\/"},"wordCount":250,"publisher":{"@id":"https:\/\/www.ucaldas.edu.co\/portal\/#organization"},"image":{"@id":"https:\/\/www.ucaldas.edu.co\/portal\/presentacion-del-informe-de-calidad-de-vida-en-manizales-2020\/#primaryimage"},"thumbnailUrl":"https:\/\/www.ucaldas.edu.co\/portal\/wp-content\/uploads\/2021\/08\/manizales-como-vamos.jpg","keywords":["director dane","Manizales C\u00f3mo Vamos","informe de vida"],"articleSection":["Eventos","Actualidad","Universidad al D\u00eda"],"inLanguage":"es"},{"@type":"WebPage","@id":"https:\/\/www.ucaldas.edu.co\/portal\/presentacion-del-informe-de-calidad-de-vida-en-manizales-2020\/","url":"https:\/\/www.ucaldas.edu.co\/portal\/presentacion-del-informe-de-calidad-de-vida-en-manizales-2020\/","name":"Presentaci\u00f3n del Informe de Calidad de Vida en Manizales 2020 .","isPartOf":{"@id":"https:\/\/www.ucaldas.edu.co\/portal\/#website"},"primaryImageOfPage":{"@id":"https:\/\/www.ucaldas.edu.co\/portal\/presentacion-del-informe-de-calidad-de-vida-en-manizales-2020\/#primaryimage"},"image":{"@id":"https:\/\/www.ucaldas.edu.co\/portal\/presentacion-del-informe-de-calidad-de-vida-en-manizales-2020\/#primaryimage"},"thumbnailUrl":"https:\/\/www.ucaldas.edu.co\/portal\/wp-content\/uploads\/2021\/08\/manizales-como-vamos.jpg","datePublished":"2021-08-18T21:36:40+00:00","breadcrumb":{"@id":"https:\/\/www.ucaldas.edu.co\/portal\/presentacion-del-informe-de-calidad-de-vida-en-manizales-2020\/#breadcrumb"},"inLanguage":"es","potentialAction":[{"@type":"ReadAction","target":["https:\/\/www.ucaldas.edu.co\/portal\/presentacion-del-informe-de-calidad-de-vida-en-manizales-2020\/"]}]},{"@type":"ImageObject","inLanguage":"es","@id":"https:\/\/www.ucaldas.edu.co\/portal\/presentacion-del-informe-de-calidad-de-vida-en-manizales-2020\/#primaryimage","url":"https:\/\/www.ucaldas.edu.co\/portal\/wp-content\/uploads\/2021\/08\/manizales-como-vamos.jpg","contentUrl":"https:\/\/www.ucaldas.edu.co\/portal\/wp-content\/uploads\/2021\/08\/manizales-como-vamos.jpg","width":700,"height":400},{"@type":"BreadcrumbList","@id":"https:\/\/www.ucaldas.edu.co\/portal\/presentacion-del-informe-de-calidad-de-vida-en-manizales-2020\/#breadcrumb","itemListElement":[{"@type":"ListItem","position":1,"name":"Portada","item":"https:\/\/www.ucaldas.edu.co\/portal\/"},{"@type":"ListItem","position":2,"name":"Presentaci\u00f3n del Informe de Calidad de Vida en Manizales 2020"}]},{"@type":"WebSite","@id":"https:\/\/www.ucaldas.edu.co\/portal\/#website","url":"https:\/\/www.ucaldas.edu.co\/portal\/","name":"Universidad de Caldas","description":"","publisher":{"@id":"https:\/\/www.ucaldas.edu.co\/portal\/#organization"},"alternateName":"U. de Caldas","potentialAction":[{"@type":"SearchAction","target":{"@type":"EntryPoint","urlTemplate":"https:\/\/www.ucaldas.edu.co\/portal\/?s={search_term_string}"},"query-input":{"@type":"PropertyValueSpecification","valueRequired":true,"valueName":"search_term_string"}}],"inLanguage":"es"},{"@type":"Organization","@id":"https:\/\/www.ucaldas.edu.co\/portal\/#organization","name":"Universidad de Caldas","alternateName":"U. de Caldas","url":"https:\/\/www.ucaldas.edu.co\/portal\/","logo":{"@type":"ImageObject","inLanguage":"es","@id":"https:\/\/www.ucaldas.edu.co\/portal\/#\/schema\/logo\/image\/","url":"https:\/\/www.ucaldas.edu.co\/portal\/wp-content\/uploads\/2023\/11\/Logo_horizontal_oscuroU-2023.png","contentUrl":"https:\/\/www.ucaldas.edu.co\/portal\/wp-content\/uploads\/2023\/11\/Logo_horizontal_oscuroU-2023.png","width":263,"height":101,"caption":"Universidad de Caldas"},"image":{"@id":"https:\/\/www.ucaldas.edu.co\/portal\/#\/schema\/logo\/image\/"},"sameAs":["https:\/\/www.facebook.com\/udecaldas","https:\/\/x.com\/udecaldas","https:\/\/www.youtube.com\/universidadcaldas","https:\/\/www.instagram.com\/udecaldas\/"]},{"@type":"Person","@id":"https:\/\/www.ucaldas.edu.co\/portal\/#\/schema\/person\/a1b482e23449158b4bc319926c074fdf","name":"ofiprensa","image":{"@type":"ImageObject","inLanguage":"es","@id":"https:\/\/www.ucaldas.edu.co\/portal\/wp-content\/litespeed\/avatar\/09ea5085e600095a7a811142c6944527.jpg?ver=1777497608","url":"https:\/\/www.ucaldas.edu.co\/portal\/wp-content\/litespeed\/avatar\/09ea5085e600095a7a811142c6944527.jpg?ver=1777497608","contentUrl":"https:\/\/www.ucaldas.edu.co\/portal\/wp-content\/litespeed\/avatar\/09ea5085e600095a7a811142c6944527.jpg?ver=1777497608","caption":"ofiprensa"},"url":"https:\/\/www.ucaldas.edu.co\/portal\/author\/ofiprensa\/"}]}},"_links":{"self":[{"href":"https:\/\/www.ucaldas.edu.co\/portal\/wp-json\/wp\/v2\/posts\/64421","targetHints":{"allow":["GET"]}}],"collection":[{"href":"https:\/\/www.ucaldas.edu.co\/portal\/wp-json\/wp\/v2\/posts"}],"about":[{"href":"https:\/\/www.ucaldas.edu.co\/portal\/wp-json\/wp\/v2\/types\/post"}],"author":[{"embeddable":true,"href":"https:\/\/www.ucaldas.edu.co\/portal\/wp-json\/wp\/v2\/users\/2"}],"replies":[{"embeddable":true,"href":"https:\/\/www.ucaldas.edu.co\/portal\/wp-json\/wp\/v2\/comments?post=64421"}],"version-history":[{"count":0,"href":"https:\/\/www.ucaldas.edu.co\/portal\/wp-json\/wp\/v2\/posts\/64421\/revisions"}],"wp:featuredmedia":[{"embeddable":true,"href":"https:\/\/www.ucaldas.edu.co\/portal\/wp-json\/wp\/v2\/media\/64422"}],"wp:attachment":[{"href":"https:\/\/www.ucaldas.edu.co\/portal\/wp-json\/wp\/v2\/media?parent=64421"}],"wp:term":[{"taxonomy":"category","embeddable":true,"href":"https:\/\/www.ucaldas.edu.co\/portal\/wp-json\/wp\/v2\/categories?post=64421"},{"taxonomy":"post_tag","embeddable":true,"href":"https:\/\/www.ucaldas.edu.co\/portal\/wp-json\/wp\/v2\/tags?post=64421"}],"curies":[{"name":"wp","href":"https:\/\/api.w.org\/{rel}","templated":true}]}}