{"id":6442,"date":"2011-02-09T10:36:44","date_gmt":"2011-02-09T15:36:44","guid":{"rendered":"https:\/\/www.ucaldas.edu.co\/portal\/?p=6442"},"modified":"2011-02-09T10:36:44","modified_gmt":"2011-02-09T15:36:44","slug":"u-de-caldas-lidera-en-anserma-caldas-brigada-de-cancer-de-cuello-uterino-y-de-mama","status":"publish","type":"post","link":"https:\/\/www.ucaldas.edu.co\/portal\/u-de-caldas-lidera-en-anserma-caldas-brigada-de-cancer-de-cuello-uterino-y-de-mama\/","title":{"rendered":"U. de Caldas lidera en Anserma (Caldas) brigada de c\u00e1ncer de cuello uterino y de mama"},"content":{"rendered":"<p>8 docentes y estudiantes de la U. hicieron ex\u00e1menes en fundaci\u00f3n luz de la esperanza<\/p>\n<hr \/>\n<table border=\"0\">\n<tbody>\n<tr>\n<td>\u00a0<img loading=\"lazy\" decoding=\"async\" style=\"border: 0px\" alt=\"Cancer\" src=\"http:\/\/www.ucaldas.edu.co\/images\/tmp\/Brigada_Cancer_Cuello_Uterino_Cancer_Mama_Anserma.jpg\" width=\"240\" height=\"150\" border=\"0\" \/><\/td>\n<td><b>8 estudiantes <\/b>y<b> docentes<\/b> de la Universidad de Caldas, que hacen parte del <b>Grupo de Investigaci\u00f3n en C\u00e1ncer de Cuello Uterino y C\u00e1ncer de Mama<\/b>, adscrito a la Facultad de Ciencias para la Salud de la Instituci\u00f3n, <b>realizaron<\/b> el pasado viernes 4 de febrero del 2011, la <b>Brigada<\/b><b> de C\u00e1ncer de Cuello Uterino y C\u00e1ncer de Mama<\/b>, en la Fundaci\u00f3n Luz de la Esperanza, en <b>Anserma<\/b> (Caldas).<\/td>\n<\/tr>\n<\/tbody>\n<\/table>\n<p>&nbsp;<\/p>\n<p align=\"right\"><b>08\/02\/2011<\/b><\/p>\n<p><b>\u00a0<\/b><\/p>\n<p>En total, fueron <b>10 horas<\/b> de trabajo en las que se <b>atendieron<\/b> unas <b>45 personas<\/b> de <b>bajos recursos<\/b> y se les practicaron ex\u00e1menes de colposcop\u00eda y espectroscop\u00eda de impedancia el\u00e9ctrica.<\/p>\n<p>&nbsp;<\/p>\n<p>Esta es una t\u00e9cnica de biopsia virtual que sirve para observar, medir y tratar, de modo que quienes lo requieran, reciben tratamientos como cauterizaci\u00f3n, vaporizaci\u00f3n, extirpaci\u00f3n local amplia, entre otros.<\/p>\n<p>&nbsp;<\/p>\n<p>\u201cEsta jornada se realiz\u00f3 el D\u00eda Mundial contra el C\u00e1ncer, por invitaci\u00f3n de Ligia Matilde Arias Garrido, Directora de la Fundaci\u00f3n Luz de la Esperanza. El viaje fue financiado por nosotros mismos, con los equipos de la U. de Caldas\u201d coment\u00f3 William Aristizabal, docente del Departamento de F\u00edsica y miembro del Grupo de Investigaci\u00f3n en C\u00e1ncer de Cuello Uterino y C\u00e1ncer de Mama de la Instituci\u00f3n.<\/p>\n<p>&nbsp;<\/p>\n<p>Adem\u00e1s, Aristizabal explic\u00f3 que: \u201cdebido al cierre temporal del Programa de Investigaci\u00f3n en C\u00e1ncer de Cuello Uterino y C\u00e1ncer de Mama de la Universidad, decidimos <b>crear<\/b> el <b>Grupo de Investigaci\u00f3n en Biof\u00edsica del C\u00e1ncer<\/b>, que estar\u00e1 adscrito al Departamento de F\u00edsica de la U. de Caldas, en el Programa Sistemas F\u00edsicos y Biol\u00f3gicos, l\u00ednea Biof\u00edsica del C\u00e1ncer\u201d.<\/p>\n<p>&nbsp;<\/p>\n<p>Estas visitas se han realizado en los municipios caldenses de Neira, Aranzazu, Salamina, P\u00e1cora, Aguadas y Riosucio. Tambi\u00e9n en municipios de Risaralda.<\/p>\n<p>&nbsp;<\/p>\n<p>El grupo de trabajo lo conformaron los docentes William Aristizabal, Jer\u00f3nimo Rojas D\u00edaz y Germ\u00e1n Olarte Echeverry (docente <i>ad honorem)<\/i> del Departamento de F\u00edsica de la U. de Caldas; Paula Gallego, docente del Departamento Ginecobtetricia de la Instituci\u00f3n, y Luis Hildebrando Alzate, Director del Departamento de F\u00edsica de la Universidad.<\/p>\n<p>&nbsp;<\/p>\n<p>Tambi\u00e9n particip\u00f3 Jenny Paola Quintero, estudiante del Programa de Enfermer\u00eda de la U. de Caldas.<\/p>\n<p>&nbsp;<\/p>\n<p>Este viaje\u00a0 fue autorizado por la Direcci\u00f3n Territorial de Salud de Caldas.<\/p>\n<p>&nbsp;<\/p>\n<p><b>Investigaciones de este Grupo<\/b><\/p>\n<p>\u201cEl semestre pasado finalizamos una investigaci\u00f3n sobre la t\u00e9cnica bioelectrocolposcop\u00eda. Se trata de la uni\u00f3n entre la colposcop\u00eda y la espectroscop\u00eda de impedancia el\u00e9ctrica\u201d, afirm\u00f3 Aristizabal.<\/p>\n<p>&nbsp;<\/p>\n<p>Actualmente la U. de Caldas adelanta una investigaci\u00f3n con la U. Nacional y la Fundaci\u00f3n Onc\u00f3logos de Occidente, sobre medici\u00f3n de las alteraciones de un tejido despu\u00e9s de haber sido radiado, usando como seguimiento la t\u00e9cnica de la espectroscop\u00eda de impedancia el\u00e9ctrica.<\/p>\n<p>&nbsp;<\/p>\n<p><b>Informes: <\/b>con William Aristizabal, docente del Departamento de F\u00edsica y miembro del Grupo de Investigaci\u00f3n en C\u00e1ncer de Cuello Uterino y C\u00e1ncer de Mama de la U. de Caldas, en el celular: 321 641 9871.<\/p>\n","protected":false},"excerpt":{"rendered":"<p>8 docentes y estudiantes de la U. hicieron ex\u00e1menes en fundaci\u00f3n luz de la esperanza \u00a0 8 estudiantes y docentes de la Universidad de Caldas, que hacen parte del Grupo de Investigaci\u00f3n en C\u00e1ncer de Cuello Uterino y C\u00e1ncer de Mama, adscrito a la Facultad de Ciencias para la Salud de la Instituci\u00f3n, realizaron el [&hellip;]<\/p>\n","protected":false},"author":2,"featured_media":0,"comment_status":"closed","ping_status":"closed","sticky":false,"template":"","format":"standard","meta":{"footnotes":""},"categories":[48,53],"tags":[],"class_list":["post-6442","post","type-post","status-publish","format-standard","hentry","category-actualidad","category-universidad-al-dia"],"yoast_head":"<!-- This site is optimized with the Yoast SEO plugin v27.5 - https:\/\/yoast.com\/product\/yoast-seo-wordpress\/ -->\n<title>U. de Caldas lidera en Anserma (Caldas) brigada de c\u00e1ncer de cuello uterino y de mama .<\/title>\n<meta name=\"robots\" content=\"index, follow, max-snippet:-1, max-image-preview:large, max-video-preview:-1\" \/>\n<link rel=\"canonical\" href=\"https:\/\/www.ucaldas.edu.co\/portal\/u-de-caldas-lidera-en-anserma-caldas-brigada-de-cancer-de-cuello-uterino-y-de-mama\/\" \/>\n<script type=\"application\/ld+json\" class=\"yoast-schema-graph\">{\"@context\":\"https:\\\/\\\/schema.org\",\"@graph\":[{\"@type\":\"Article\",\"@id\":\"https:\\\/\\\/www.ucaldas.edu.co\\\/portal\\\/u-de-caldas-lidera-en-anserma-caldas-brigada-de-cancer-de-cuello-uterino-y-de-mama\\\/#article\",\"isPartOf\":{\"@id\":\"https:\\\/\\\/www.ucaldas.edu.co\\\/portal\\\/u-de-caldas-lidera-en-anserma-caldas-brigada-de-cancer-de-cuello-uterino-y-de-mama\\\/\"},\"author\":{\"name\":\"ofiprensa\",\"@id\":\"https:\\\/\\\/www.ucaldas.edu.co\\\/portal\\\/#\\\/schema\\\/person\\\/a1b482e23449158b4bc319926c074fdf\"},\"headline\":\"U. de Caldas lidera en Anserma (Caldas) brigada de c\u00e1ncer de cuello uterino y de mama\",\"datePublished\":\"2011-02-09T15:36:44+00:00\",\"mainEntityOfPage\":{\"@id\":\"https:\\\/\\\/www.ucaldas.edu.co\\\/portal\\\/u-de-caldas-lidera-en-anserma-caldas-brigada-de-cancer-de-cuello-uterino-y-de-mama\\\/\"},\"wordCount\":559,\"publisher\":{\"@id\":\"https:\\\/\\\/www.ucaldas.edu.co\\\/portal\\\/#organization\"},\"image\":{\"@id\":\"https:\\\/\\\/www.ucaldas.edu.co\\\/portal\\\/u-de-caldas-lidera-en-anserma-caldas-brigada-de-cancer-de-cuello-uterino-y-de-mama\\\/#primaryimage\"},\"thumbnailUrl\":\"http:\\\/\\\/www.ucaldas.edu.co\\\/images\\\/tmp\\\/Brigada_Cancer_Cuello_Uterino_Cancer_Mama_Anserma.jpg\",\"articleSection\":[\"Actualidad\",\"Universidad al D\u00eda\"],\"inLanguage\":\"es\"},{\"@type\":\"WebPage\",\"@id\":\"https:\\\/\\\/www.ucaldas.edu.co\\\/portal\\\/u-de-caldas-lidera-en-anserma-caldas-brigada-de-cancer-de-cuello-uterino-y-de-mama\\\/\",\"url\":\"https:\\\/\\\/www.ucaldas.edu.co\\\/portal\\\/u-de-caldas-lidera-en-anserma-caldas-brigada-de-cancer-de-cuello-uterino-y-de-mama\\\/\",\"name\":\"U. de Caldas lidera en Anserma (Caldas) brigada de c\u00e1ncer de cuello uterino y de mama .\",\"isPartOf\":{\"@id\":\"https:\\\/\\\/www.ucaldas.edu.co\\\/portal\\\/#website\"},\"primaryImageOfPage\":{\"@id\":\"https:\\\/\\\/www.ucaldas.edu.co\\\/portal\\\/u-de-caldas-lidera-en-anserma-caldas-brigada-de-cancer-de-cuello-uterino-y-de-mama\\\/#primaryimage\"},\"image\":{\"@id\":\"https:\\\/\\\/www.ucaldas.edu.co\\\/portal\\\/u-de-caldas-lidera-en-anserma-caldas-brigada-de-cancer-de-cuello-uterino-y-de-mama\\\/#primaryimage\"},\"thumbnailUrl\":\"http:\\\/\\\/www.ucaldas.edu.co\\\/images\\\/tmp\\\/Brigada_Cancer_Cuello_Uterino_Cancer_Mama_Anserma.jpg\",\"datePublished\":\"2011-02-09T15:36:44+00:00\",\"breadcrumb\":{\"@id\":\"https:\\\/\\\/www.ucaldas.edu.co\\\/portal\\\/u-de-caldas-lidera-en-anserma-caldas-brigada-de-cancer-de-cuello-uterino-y-de-mama\\\/#breadcrumb\"},\"inLanguage\":\"es\",\"potentialAction\":[{\"@type\":\"ReadAction\",\"target\":[\"https:\\\/\\\/www.ucaldas.edu.co\\\/portal\\\/u-de-caldas-lidera-en-anserma-caldas-brigada-de-cancer-de-cuello-uterino-y-de-mama\\\/\"]}]},{\"@type\":\"ImageObject\",\"inLanguage\":\"es\",\"@id\":\"https:\\\/\\\/www.ucaldas.edu.co\\\/portal\\\/u-de-caldas-lidera-en-anserma-caldas-brigada-de-cancer-de-cuello-uterino-y-de-mama\\\/#primaryimage\",\"url\":\"http:\\\/\\\/www.ucaldas.edu.co\\\/images\\\/tmp\\\/Brigada_Cancer_Cuello_Uterino_Cancer_Mama_Anserma.jpg\",\"contentUrl\":\"http:\\\/\\\/www.ucaldas.edu.co\\\/images\\\/tmp\\\/Brigada_Cancer_Cuello_Uterino_Cancer_Mama_Anserma.jpg\"},{\"@type\":\"BreadcrumbList\",\"@id\":\"https:\\\/\\\/www.ucaldas.edu.co\\\/portal\\\/u-de-caldas-lidera-en-anserma-caldas-brigada-de-cancer-de-cuello-uterino-y-de-mama\\\/#breadcrumb\",\"itemListElement\":[{\"@type\":\"ListItem\",\"position\":1,\"name\":\"Portada\",\"item\":\"https:\\\/\\\/www.ucaldas.edu.co\\\/portal\\\/\"},{\"@type\":\"ListItem\",\"position\":2,\"name\":\"U. de Caldas lidera en Anserma (Caldas) brigada de c\u00e1ncer de cuello uterino y de mama\"}]},{\"@type\":\"WebSite\",\"@id\":\"https:\\\/\\\/www.ucaldas.edu.co\\\/portal\\\/#website\",\"url\":\"https:\\\/\\\/www.ucaldas.edu.co\\\/portal\\\/\",\"name\":\"Universidad de Caldas\",\"description\":\"\",\"publisher\":{\"@id\":\"https:\\\/\\\/www.ucaldas.edu.co\\\/portal\\\/#organization\"},\"alternateName\":\"U. de Caldas\",\"potentialAction\":[{\"@type\":\"SearchAction\",\"target\":{\"@type\":\"EntryPoint\",\"urlTemplate\":\"https:\\\/\\\/www.ucaldas.edu.co\\\/portal\\\/?s={search_term_string}\"},\"query-input\":{\"@type\":\"PropertyValueSpecification\",\"valueRequired\":true,\"valueName\":\"search_term_string\"}}],\"inLanguage\":\"es\"},{\"@type\":\"Organization\",\"@id\":\"https:\\\/\\\/www.ucaldas.edu.co\\\/portal\\\/#organization\",\"name\":\"Universidad de Caldas\",\"alternateName\":\"U. de Caldas\",\"url\":\"https:\\\/\\\/www.ucaldas.edu.co\\\/portal\\\/\",\"logo\":{\"@type\":\"ImageObject\",\"inLanguage\":\"es\",\"@id\":\"https:\\\/\\\/www.ucaldas.edu.co\\\/portal\\\/#\\\/schema\\\/logo\\\/image\\\/\",\"url\":\"https:\\\/\\\/www.ucaldas.edu.co\\\/portal\\\/wp-content\\\/uploads\\\/2023\\\/11\\\/Logo_horizontal_oscuroU-2023.png\",\"contentUrl\":\"https:\\\/\\\/www.ucaldas.edu.co\\\/portal\\\/wp-content\\\/uploads\\\/2023\\\/11\\\/Logo_horizontal_oscuroU-2023.png\",\"width\":263,\"height\":101,\"caption\":\"Universidad de Caldas\"},\"image\":{\"@id\":\"https:\\\/\\\/www.ucaldas.edu.co\\\/portal\\\/#\\\/schema\\\/logo\\\/image\\\/\"},\"sameAs\":[\"https:\\\/\\\/www.facebook.com\\\/udecaldas\",\"https:\\\/\\\/x.com\\\/udecaldas\",\"https:\\\/\\\/www.youtube.com\\\/universidadcaldas\",\"https:\\\/\\\/www.instagram.com\\\/udecaldas\\\/\"]},{\"@type\":\"Person\",\"@id\":\"https:\\\/\\\/www.ucaldas.edu.co\\\/portal\\\/#\\\/schema\\\/person\\\/a1b482e23449158b4bc319926c074fdf\",\"name\":\"ofiprensa\",\"image\":{\"@type\":\"ImageObject\",\"inLanguage\":\"es\",\"@id\":\"https:\\\/\\\/www.ucaldas.edu.co\\\/portal\\\/wp-content\\\/litespeed\\\/avatar\\\/09ea5085e600095a7a811142c6944527.jpg?ver=1777497608\",\"url\":\"https:\\\/\\\/www.ucaldas.edu.co\\\/portal\\\/wp-content\\\/litespeed\\\/avatar\\\/09ea5085e600095a7a811142c6944527.jpg?ver=1777497608\",\"contentUrl\":\"https:\\\/\\\/www.ucaldas.edu.co\\\/portal\\\/wp-content\\\/litespeed\\\/avatar\\\/09ea5085e600095a7a811142c6944527.jpg?ver=1777497608\",\"caption\":\"ofiprensa\"},\"url\":\"https:\\\/\\\/www.ucaldas.edu.co\\\/portal\\\/author\\\/ofiprensa\\\/\"}]}<\/script>\n<!-- \/ Yoast SEO plugin. -->","yoast_head_json":{"title":"U. de Caldas lidera en Anserma (Caldas) brigada de c\u00e1ncer de cuello uterino y de mama .","robots":{"index":"index","follow":"follow","max-snippet":"max-snippet:-1","max-image-preview":"max-image-preview:large","max-video-preview":"max-video-preview:-1"},"canonical":"https:\/\/www.ucaldas.edu.co\/portal\/u-de-caldas-lidera-en-anserma-caldas-brigada-de-cancer-de-cuello-uterino-y-de-mama\/","schema":{"@context":"https:\/\/schema.org","@graph":[{"@type":"Article","@id":"https:\/\/www.ucaldas.edu.co\/portal\/u-de-caldas-lidera-en-anserma-caldas-brigada-de-cancer-de-cuello-uterino-y-de-mama\/#article","isPartOf":{"@id":"https:\/\/www.ucaldas.edu.co\/portal\/u-de-caldas-lidera-en-anserma-caldas-brigada-de-cancer-de-cuello-uterino-y-de-mama\/"},"author":{"name":"ofiprensa","@id":"https:\/\/www.ucaldas.edu.co\/portal\/#\/schema\/person\/a1b482e23449158b4bc319926c074fdf"},"headline":"U. de Caldas lidera en Anserma (Caldas) brigada de c\u00e1ncer de cuello uterino y de mama","datePublished":"2011-02-09T15:36:44+00:00","mainEntityOfPage":{"@id":"https:\/\/www.ucaldas.edu.co\/portal\/u-de-caldas-lidera-en-anserma-caldas-brigada-de-cancer-de-cuello-uterino-y-de-mama\/"},"wordCount":559,"publisher":{"@id":"https:\/\/www.ucaldas.edu.co\/portal\/#organization"},"image":{"@id":"https:\/\/www.ucaldas.edu.co\/portal\/u-de-caldas-lidera-en-anserma-caldas-brigada-de-cancer-de-cuello-uterino-y-de-mama\/#primaryimage"},"thumbnailUrl":"http:\/\/www.ucaldas.edu.co\/images\/tmp\/Brigada_Cancer_Cuello_Uterino_Cancer_Mama_Anserma.jpg","articleSection":["Actualidad","Universidad al D\u00eda"],"inLanguage":"es"},{"@type":"WebPage","@id":"https:\/\/www.ucaldas.edu.co\/portal\/u-de-caldas-lidera-en-anserma-caldas-brigada-de-cancer-de-cuello-uterino-y-de-mama\/","url":"https:\/\/www.ucaldas.edu.co\/portal\/u-de-caldas-lidera-en-anserma-caldas-brigada-de-cancer-de-cuello-uterino-y-de-mama\/","name":"U. de Caldas lidera en Anserma (Caldas) brigada de c\u00e1ncer de cuello uterino y de mama .","isPartOf":{"@id":"https:\/\/www.ucaldas.edu.co\/portal\/#website"},"primaryImageOfPage":{"@id":"https:\/\/www.ucaldas.edu.co\/portal\/u-de-caldas-lidera-en-anserma-caldas-brigada-de-cancer-de-cuello-uterino-y-de-mama\/#primaryimage"},"image":{"@id":"https:\/\/www.ucaldas.edu.co\/portal\/u-de-caldas-lidera-en-anserma-caldas-brigada-de-cancer-de-cuello-uterino-y-de-mama\/#primaryimage"},"thumbnailUrl":"http:\/\/www.ucaldas.edu.co\/images\/tmp\/Brigada_Cancer_Cuello_Uterino_Cancer_Mama_Anserma.jpg","datePublished":"2011-02-09T15:36:44+00:00","breadcrumb":{"@id":"https:\/\/www.ucaldas.edu.co\/portal\/u-de-caldas-lidera-en-anserma-caldas-brigada-de-cancer-de-cuello-uterino-y-de-mama\/#breadcrumb"},"inLanguage":"es","potentialAction":[{"@type":"ReadAction","target":["https:\/\/www.ucaldas.edu.co\/portal\/u-de-caldas-lidera-en-anserma-caldas-brigada-de-cancer-de-cuello-uterino-y-de-mama\/"]}]},{"@type":"ImageObject","inLanguage":"es","@id":"https:\/\/www.ucaldas.edu.co\/portal\/u-de-caldas-lidera-en-anserma-caldas-brigada-de-cancer-de-cuello-uterino-y-de-mama\/#primaryimage","url":"http:\/\/www.ucaldas.edu.co\/images\/tmp\/Brigada_Cancer_Cuello_Uterino_Cancer_Mama_Anserma.jpg","contentUrl":"http:\/\/www.ucaldas.edu.co\/images\/tmp\/Brigada_Cancer_Cuello_Uterino_Cancer_Mama_Anserma.jpg"},{"@type":"BreadcrumbList","@id":"https:\/\/www.ucaldas.edu.co\/portal\/u-de-caldas-lidera-en-anserma-caldas-brigada-de-cancer-de-cuello-uterino-y-de-mama\/#breadcrumb","itemListElement":[{"@type":"ListItem","position":1,"name":"Portada","item":"https:\/\/www.ucaldas.edu.co\/portal\/"},{"@type":"ListItem","position":2,"name":"U. de Caldas lidera en Anserma (Caldas) brigada de c\u00e1ncer de cuello uterino y de mama"}]},{"@type":"WebSite","@id":"https:\/\/www.ucaldas.edu.co\/portal\/#website","url":"https:\/\/www.ucaldas.edu.co\/portal\/","name":"Universidad de Caldas","description":"","publisher":{"@id":"https:\/\/www.ucaldas.edu.co\/portal\/#organization"},"alternateName":"U. de Caldas","potentialAction":[{"@type":"SearchAction","target":{"@type":"EntryPoint","urlTemplate":"https:\/\/www.ucaldas.edu.co\/portal\/?s={search_term_string}"},"query-input":{"@type":"PropertyValueSpecification","valueRequired":true,"valueName":"search_term_string"}}],"inLanguage":"es"},{"@type":"Organization","@id":"https:\/\/www.ucaldas.edu.co\/portal\/#organization","name":"Universidad de Caldas","alternateName":"U. de Caldas","url":"https:\/\/www.ucaldas.edu.co\/portal\/","logo":{"@type":"ImageObject","inLanguage":"es","@id":"https:\/\/www.ucaldas.edu.co\/portal\/#\/schema\/logo\/image\/","url":"https:\/\/www.ucaldas.edu.co\/portal\/wp-content\/uploads\/2023\/11\/Logo_horizontal_oscuroU-2023.png","contentUrl":"https:\/\/www.ucaldas.edu.co\/portal\/wp-content\/uploads\/2023\/11\/Logo_horizontal_oscuroU-2023.png","width":263,"height":101,"caption":"Universidad de Caldas"},"image":{"@id":"https:\/\/www.ucaldas.edu.co\/portal\/#\/schema\/logo\/image\/"},"sameAs":["https:\/\/www.facebook.com\/udecaldas","https:\/\/x.com\/udecaldas","https:\/\/www.youtube.com\/universidadcaldas","https:\/\/www.instagram.com\/udecaldas\/"]},{"@type":"Person","@id":"https:\/\/www.ucaldas.edu.co\/portal\/#\/schema\/person\/a1b482e23449158b4bc319926c074fdf","name":"ofiprensa","image":{"@type":"ImageObject","inLanguage":"es","@id":"https:\/\/www.ucaldas.edu.co\/portal\/wp-content\/litespeed\/avatar\/09ea5085e600095a7a811142c6944527.jpg?ver=1777497608","url":"https:\/\/www.ucaldas.edu.co\/portal\/wp-content\/litespeed\/avatar\/09ea5085e600095a7a811142c6944527.jpg?ver=1777497608","contentUrl":"https:\/\/www.ucaldas.edu.co\/portal\/wp-content\/litespeed\/avatar\/09ea5085e600095a7a811142c6944527.jpg?ver=1777497608","caption":"ofiprensa"},"url":"https:\/\/www.ucaldas.edu.co\/portal\/author\/ofiprensa\/"}]}},"_links":{"self":[{"href":"https:\/\/www.ucaldas.edu.co\/portal\/wp-json\/wp\/v2\/posts\/6442","targetHints":{"allow":["GET"]}}],"collection":[{"href":"https:\/\/www.ucaldas.edu.co\/portal\/wp-json\/wp\/v2\/posts"}],"about":[{"href":"https:\/\/www.ucaldas.edu.co\/portal\/wp-json\/wp\/v2\/types\/post"}],"author":[{"embeddable":true,"href":"https:\/\/www.ucaldas.edu.co\/portal\/wp-json\/wp\/v2\/users\/2"}],"replies":[{"embeddable":true,"href":"https:\/\/www.ucaldas.edu.co\/portal\/wp-json\/wp\/v2\/comments?post=6442"}],"version-history":[{"count":0,"href":"https:\/\/www.ucaldas.edu.co\/portal\/wp-json\/wp\/v2\/posts\/6442\/revisions"}],"wp:attachment":[{"href":"https:\/\/www.ucaldas.edu.co\/portal\/wp-json\/wp\/v2\/media?parent=6442"}],"wp:term":[{"taxonomy":"category","embeddable":true,"href":"https:\/\/www.ucaldas.edu.co\/portal\/wp-json\/wp\/v2\/categories?post=6442"},{"taxonomy":"post_tag","embeddable":true,"href":"https:\/\/www.ucaldas.edu.co\/portal\/wp-json\/wp\/v2\/tags?post=6442"}],"curies":[{"name":"wp","href":"https:\/\/api.w.org\/{rel}","templated":true}]}}