{"id":64321,"date":"2021-08-11T22:33:37","date_gmt":"2021-08-11T22:33:37","guid":{"rendered":"https:\/\/www.ucaldas.edu.co\/portal\/?p=64321"},"modified":"2021-08-11T22:33:37","modified_gmt":"2021-08-11T22:33:37","slug":"convocatoria-creacion-de-empresas-de-base-tecnologica","status":"publish","type":"post","link":"https:\/\/www.ucaldas.edu.co\/portal\/convocatoria-creacion-de-empresas-de-base-tecnologica\/","title":{"rendered":"Convocatoria \u2018Creaci\u00f3n de empresas de base tecnol\u00f3gica\u2019"},"content":{"rendered":"<p style=\"text-align: center;\">PLAZO DE INSCRIPCIONES HASTA EL 15 DE AGOSTO<br \/>\n<strong>Convocatoria \u2018Creaci\u00f3n de empresas de base tecnol\u00f3gica\u2019<\/strong><\/p>\n<p style=\"text-align: right;\">11\/08\/2021<\/p>\n<p><img loading=\"lazy\" decoding=\"async\" class=\"size-full wp-image-64322 aligncenter\" src=\"https:\/\/www.ucaldas.edu.co\/portal\/wp-content\/uploads\/2021\/08\/minciencias.jpg\" alt=\"\" width=\"700\" height=\"400\" srcset=\"https:\/\/www.ucaldas.edu.co\/portal\/wp-content\/uploads\/2021\/08\/minciencias.jpg 700w, https:\/\/www.ucaldas.edu.co\/portal\/wp-content\/uploads\/2021\/08\/minciencias-300x171.jpg 300w\" sizes=\"auto, (max-width: 700px) 100vw, 700px\" \/><\/p>\n<p>Hasta el 15 de agosto se encuentran abiertas inscripciones a la convocatoria de Minciencias \u2018Creaci\u00f3n de empresas de base tecnol\u00f3gica\u2019, dirigida a empresas tipo Spin-Off basadas en biotecnolog\u00eda, bioeconom\u00eda o tecnolog\u00edas similares.<\/p>\n<p><!--more--><\/p>\n<p>Esta convocatoria busca fomentar y apoyar la creaci\u00f3n emprendimientos de base tecnol\u00f3gica tipo Spin-Off que logren impulsar una econom\u00eda sostenible, mediante un acompa\u00f1amiento especializado que les permita tener un acceso r\u00e1pido al mercado y crear estructuras empresariales s\u00f3lidas.<\/p>\n<p>&nbsp;<\/p>\n<p>En la convocatoria pueden participar:<\/p>\n<ul>\n<li>Instituciones de Educaci\u00f3n Superior P\u00fablicas y Privadas (IES).<\/li>\n<li>Empresas<\/li>\n<li>Centros e Institutos de investigaci\u00f3n y desarrollo tecnol\u00f3gico.<\/li>\n<li>Docentes y\/o investigadores independientes o pertenecientes a las IES P\u00fablicas y Privadas de Colombia.<\/li>\n<\/ul>\n<p>&nbsp;<\/p>\n<p>Las Spin-Off de base biotecnol\u00f3gica seleccionadas, tendr\u00e1n acceso a un programa de acompa\u00f1amiento especializado durante 15 meses, que les permitir\u00e1 obtener nuevos conocimientos para fortalecer sus capacidades, acelerar su crecimiento y generar conexiones de valor.<\/p>\n<p>El programa contar\u00e1 con tres fases:<\/p>\n<table style=\"width: 854px;\">\n<tbody>\n<tr>\n<td style=\"width: 179px;\"><strong>Fase 1<\/strong><\/p>\n<p><strong>Creaci\u00f3n<\/strong><\/td>\n<td style=\"width: 306px;\"><strong>Fase 2<\/strong><\/p>\n<p><strong>Fortalecimiento <\/strong><\/td>\n<td style=\"width: 347px;\"><strong>Fase 3<\/strong><\/p>\n<p><strong>Consolidaci\u00f3n y escalamiento<\/strong><\/td>\n<\/tr>\n<tr>\n<td style=\"width: 179px;\">Enfocada en la creaci\u00f3n de nuevos modelos de negocio con alto diferencial en el mercado.<\/td>\n<td style=\"width: 306px;\">Enfocada en el fortalecimiento de la cadena de calor y estructura para el acceso a mercados.<\/td>\n<td style=\"width: 347px;\">Enfocada en lograr la consolidaci\u00f3n de la operaci\u00f3n y el acceso a nuevos mercados.<\/td>\n<\/tr>\n<\/tbody>\n<\/table>\n<p>&nbsp;<\/p>\n<p>El apoyo financiero para cada propuesta de Spin-Off seleccionada ser\u00e1 por un monto de hasta 40 millones de pesos, los cuales podr\u00e1n ser invertidos exclusivamente en la mejora y perfeccionamiento de la tecnolog\u00eda postulada y se entregar\u00e1 v\u00eda pago a proveedores.<\/p>\n<p>&nbsp;<\/p>\n<p><strong><a href=\"https:\/\/14c74758-3c5c-4394-b035-fd337226cb45.filesusr.com\/ugd\/b81507_44c659c2484a40918a2ee597018ef513.pdf\">T\u00e9rminos y condiciones.<\/a><\/strong><\/p>\n<p><strong><a href=\"https:\/\/forms.office.com\/pages\/responsepage.aspx?id=WugsQsNKyEuEKceatdhpMMleLZt2_opAjhZUdugsKptUMUJFT1pJVVkzNVRTUzlMRDM3TTlaOUg3NC4u\">Inscripciones.<\/a><\/strong><\/p>\n<p>&nbsp;<\/p>\n<p><strong>Informes: <\/strong>Oficina de Comunicaciones y Prensa Universidad de Caldas.<\/p>\n<p><strong>Redacci\u00f3n:<\/strong> Mateo Buritic\u00e1 Giraldo<\/p>\n<p>&nbsp;<\/p>\n","protected":false},"excerpt":{"rendered":"<p>PLAZO DE INSCRIPCIONES HASTA EL 15 DE AGOSTO Convocatoria \u2018Creaci\u00f3n de empresas de base tecnol\u00f3gica\u2019 11\/08\/2021 Hasta el 15 de agosto se encuentran abiertas inscripciones a la convocatoria de Minciencias \u2018Creaci\u00f3n de empresas de base tecnol\u00f3gica\u2019, dirigida a empresas tipo Spin-Off basadas en biotecnolog\u00eda, bioeconom\u00eda o tecnolog\u00edas similares.<\/p>\n","protected":false},"author":2,"featured_media":64322,"comment_status":"closed","ping_status":"open","sticky":false,"template":"","format":"standard","meta":{"footnotes":""},"categories":[48,53,620],"tags":[141,4543,6947,6948],"class_list":["post-64321","post","type-post","status-publish","format-standard","has-post-thumbnail","hentry","category-actualidad","category-universidad-al-dia","category-ucaldas-transparente","tag-convocatoria","tag-minciencias","tag-creacion-de-empresas","tag-negocios-spin-off"],"yoast_head":"<!-- This site is optimized with the Yoast SEO plugin v27.5 - https:\/\/yoast.com\/product\/yoast-seo-wordpress\/ -->\n<title>Convocatoria \u2018Creaci\u00f3n de empresas de base tecnol\u00f3gica\u2019 .<\/title>\n<meta name=\"robots\" content=\"index, follow, max-snippet:-1, max-image-preview:large, max-video-preview:-1\" \/>\n<link rel=\"canonical\" href=\"https:\/\/www.ucaldas.edu.co\/portal\/convocatoria-creacion-de-empresas-de-base-tecnologica\/\" \/>\n<script type=\"application\/ld+json\" class=\"yoast-schema-graph\">{\"@context\":\"https:\\\/\\\/schema.org\",\"@graph\":[{\"@type\":\"Article\",\"@id\":\"https:\\\/\\\/www.ucaldas.edu.co\\\/portal\\\/convocatoria-creacion-de-empresas-de-base-tecnologica\\\/#article\",\"isPartOf\":{\"@id\":\"https:\\\/\\\/www.ucaldas.edu.co\\\/portal\\\/convocatoria-creacion-de-empresas-de-base-tecnologica\\\/\"},\"author\":{\"name\":\"ofiprensa\",\"@id\":\"https:\\\/\\\/www.ucaldas.edu.co\\\/portal\\\/#\\\/schema\\\/person\\\/a1b482e23449158b4bc319926c074fdf\"},\"headline\":\"Convocatoria \u2018Creaci\u00f3n de empresas de base tecnol\u00f3gica\u2019\",\"datePublished\":\"2021-08-11T22:33:37+00:00\",\"mainEntityOfPage\":{\"@id\":\"https:\\\/\\\/www.ucaldas.edu.co\\\/portal\\\/convocatoria-creacion-de-empresas-de-base-tecnologica\\\/\"},\"wordCount\":316,\"publisher\":{\"@id\":\"https:\\\/\\\/www.ucaldas.edu.co\\\/portal\\\/#organization\"},\"image\":{\"@id\":\"https:\\\/\\\/www.ucaldas.edu.co\\\/portal\\\/convocatoria-creacion-de-empresas-de-base-tecnologica\\\/#primaryimage\"},\"thumbnailUrl\":\"https:\\\/\\\/www.ucaldas.edu.co\\\/portal\\\/wp-content\\\/uploads\\\/2021\\\/08\\\/minciencias.jpg\",\"keywords\":[\"Convocatoria\",\"Minciencias\",\"creaci\u00f3n de empresas\",\"negocios spin off\"],\"articleSection\":[\"Actualidad\",\"Universidad al D\u00eda\",\"UCaldas Transparente\"],\"inLanguage\":\"es\"},{\"@type\":\"WebPage\",\"@id\":\"https:\\\/\\\/www.ucaldas.edu.co\\\/portal\\\/convocatoria-creacion-de-empresas-de-base-tecnologica\\\/\",\"url\":\"https:\\\/\\\/www.ucaldas.edu.co\\\/portal\\\/convocatoria-creacion-de-empresas-de-base-tecnologica\\\/\",\"name\":\"Convocatoria \u2018Creaci\u00f3n de empresas de base tecnol\u00f3gica\u2019 .\",\"isPartOf\":{\"@id\":\"https:\\\/\\\/www.ucaldas.edu.co\\\/portal\\\/#website\"},\"primaryImageOfPage\":{\"@id\":\"https:\\\/\\\/www.ucaldas.edu.co\\\/portal\\\/convocatoria-creacion-de-empresas-de-base-tecnologica\\\/#primaryimage\"},\"image\":{\"@id\":\"https:\\\/\\\/www.ucaldas.edu.co\\\/portal\\\/convocatoria-creacion-de-empresas-de-base-tecnologica\\\/#primaryimage\"},\"thumbnailUrl\":\"https:\\\/\\\/www.ucaldas.edu.co\\\/portal\\\/wp-content\\\/uploads\\\/2021\\\/08\\\/minciencias.jpg\",\"datePublished\":\"2021-08-11T22:33:37+00:00\",\"breadcrumb\":{\"@id\":\"https:\\\/\\\/www.ucaldas.edu.co\\\/portal\\\/convocatoria-creacion-de-empresas-de-base-tecnologica\\\/#breadcrumb\"},\"inLanguage\":\"es\",\"potentialAction\":[{\"@type\":\"ReadAction\",\"target\":[\"https:\\\/\\\/www.ucaldas.edu.co\\\/portal\\\/convocatoria-creacion-de-empresas-de-base-tecnologica\\\/\"]}]},{\"@type\":\"ImageObject\",\"inLanguage\":\"es\",\"@id\":\"https:\\\/\\\/www.ucaldas.edu.co\\\/portal\\\/convocatoria-creacion-de-empresas-de-base-tecnologica\\\/#primaryimage\",\"url\":\"https:\\\/\\\/www.ucaldas.edu.co\\\/portal\\\/wp-content\\\/uploads\\\/2021\\\/08\\\/minciencias.jpg\",\"contentUrl\":\"https:\\\/\\\/www.ucaldas.edu.co\\\/portal\\\/wp-content\\\/uploads\\\/2021\\\/08\\\/minciencias.jpg\",\"width\":700,\"height\":400},{\"@type\":\"BreadcrumbList\",\"@id\":\"https:\\\/\\\/www.ucaldas.edu.co\\\/portal\\\/convocatoria-creacion-de-empresas-de-base-tecnologica\\\/#breadcrumb\",\"itemListElement\":[{\"@type\":\"ListItem\",\"position\":1,\"name\":\"Portada\",\"item\":\"https:\\\/\\\/www.ucaldas.edu.co\\\/portal\\\/\"},{\"@type\":\"ListItem\",\"position\":2,\"name\":\"Convocatoria \u2018Creaci\u00f3n de empresas de base tecnol\u00f3gica\u2019\"}]},{\"@type\":\"WebSite\",\"@id\":\"https:\\\/\\\/www.ucaldas.edu.co\\\/portal\\\/#website\",\"url\":\"https:\\\/\\\/www.ucaldas.edu.co\\\/portal\\\/\",\"name\":\"Universidad de Caldas\",\"description\":\"\",\"publisher\":{\"@id\":\"https:\\\/\\\/www.ucaldas.edu.co\\\/portal\\\/#organization\"},\"alternateName\":\"U. de Caldas\",\"potentialAction\":[{\"@type\":\"SearchAction\",\"target\":{\"@type\":\"EntryPoint\",\"urlTemplate\":\"https:\\\/\\\/www.ucaldas.edu.co\\\/portal\\\/?s={search_term_string}\"},\"query-input\":{\"@type\":\"PropertyValueSpecification\",\"valueRequired\":true,\"valueName\":\"search_term_string\"}}],\"inLanguage\":\"es\"},{\"@type\":\"Organization\",\"@id\":\"https:\\\/\\\/www.ucaldas.edu.co\\\/portal\\\/#organization\",\"name\":\"Universidad de Caldas\",\"alternateName\":\"U. de Caldas\",\"url\":\"https:\\\/\\\/www.ucaldas.edu.co\\\/portal\\\/\",\"logo\":{\"@type\":\"ImageObject\",\"inLanguage\":\"es\",\"@id\":\"https:\\\/\\\/www.ucaldas.edu.co\\\/portal\\\/#\\\/schema\\\/logo\\\/image\\\/\",\"url\":\"https:\\\/\\\/www.ucaldas.edu.co\\\/portal\\\/wp-content\\\/uploads\\\/2023\\\/11\\\/Logo_horizontal_oscuroU-2023.png\",\"contentUrl\":\"https:\\\/\\\/www.ucaldas.edu.co\\\/portal\\\/wp-content\\\/uploads\\\/2023\\\/11\\\/Logo_horizontal_oscuroU-2023.png\",\"width\":263,\"height\":101,\"caption\":\"Universidad de Caldas\"},\"image\":{\"@id\":\"https:\\\/\\\/www.ucaldas.edu.co\\\/portal\\\/#\\\/schema\\\/logo\\\/image\\\/\"},\"sameAs\":[\"https:\\\/\\\/www.facebook.com\\\/udecaldas\",\"https:\\\/\\\/x.com\\\/udecaldas\",\"https:\\\/\\\/www.youtube.com\\\/universidadcaldas\",\"https:\\\/\\\/www.instagram.com\\\/udecaldas\\\/\"]},{\"@type\":\"Person\",\"@id\":\"https:\\\/\\\/www.ucaldas.edu.co\\\/portal\\\/#\\\/schema\\\/person\\\/a1b482e23449158b4bc319926c074fdf\",\"name\":\"ofiprensa\",\"image\":{\"@type\":\"ImageObject\",\"inLanguage\":\"es\",\"@id\":\"https:\\\/\\\/www.ucaldas.edu.co\\\/portal\\\/wp-content\\\/litespeed\\\/avatar\\\/09ea5085e600095a7a811142c6944527.jpg?ver=1777497608\",\"url\":\"https:\\\/\\\/www.ucaldas.edu.co\\\/portal\\\/wp-content\\\/litespeed\\\/avatar\\\/09ea5085e600095a7a811142c6944527.jpg?ver=1777497608\",\"contentUrl\":\"https:\\\/\\\/www.ucaldas.edu.co\\\/portal\\\/wp-content\\\/litespeed\\\/avatar\\\/09ea5085e600095a7a811142c6944527.jpg?ver=1777497608\",\"caption\":\"ofiprensa\"},\"url\":\"https:\\\/\\\/www.ucaldas.edu.co\\\/portal\\\/author\\\/ofiprensa\\\/\"}]}<\/script>\n<!-- \/ Yoast SEO plugin. -->","yoast_head_json":{"title":"Convocatoria \u2018Creaci\u00f3n de empresas de base tecnol\u00f3gica\u2019 .","robots":{"index":"index","follow":"follow","max-snippet":"max-snippet:-1","max-image-preview":"max-image-preview:large","max-video-preview":"max-video-preview:-1"},"canonical":"https:\/\/www.ucaldas.edu.co\/portal\/convocatoria-creacion-de-empresas-de-base-tecnologica\/","schema":{"@context":"https:\/\/schema.org","@graph":[{"@type":"Article","@id":"https:\/\/www.ucaldas.edu.co\/portal\/convocatoria-creacion-de-empresas-de-base-tecnologica\/#article","isPartOf":{"@id":"https:\/\/www.ucaldas.edu.co\/portal\/convocatoria-creacion-de-empresas-de-base-tecnologica\/"},"author":{"name":"ofiprensa","@id":"https:\/\/www.ucaldas.edu.co\/portal\/#\/schema\/person\/a1b482e23449158b4bc319926c074fdf"},"headline":"Convocatoria \u2018Creaci\u00f3n de empresas de base tecnol\u00f3gica\u2019","datePublished":"2021-08-11T22:33:37+00:00","mainEntityOfPage":{"@id":"https:\/\/www.ucaldas.edu.co\/portal\/convocatoria-creacion-de-empresas-de-base-tecnologica\/"},"wordCount":316,"publisher":{"@id":"https:\/\/www.ucaldas.edu.co\/portal\/#organization"},"image":{"@id":"https:\/\/www.ucaldas.edu.co\/portal\/convocatoria-creacion-de-empresas-de-base-tecnologica\/#primaryimage"},"thumbnailUrl":"https:\/\/www.ucaldas.edu.co\/portal\/wp-content\/uploads\/2021\/08\/minciencias.jpg","keywords":["Convocatoria","Minciencias","creaci\u00f3n de empresas","negocios spin off"],"articleSection":["Actualidad","Universidad al D\u00eda","UCaldas Transparente"],"inLanguage":"es"},{"@type":"WebPage","@id":"https:\/\/www.ucaldas.edu.co\/portal\/convocatoria-creacion-de-empresas-de-base-tecnologica\/","url":"https:\/\/www.ucaldas.edu.co\/portal\/convocatoria-creacion-de-empresas-de-base-tecnologica\/","name":"Convocatoria \u2018Creaci\u00f3n de empresas de base tecnol\u00f3gica\u2019 .","isPartOf":{"@id":"https:\/\/www.ucaldas.edu.co\/portal\/#website"},"primaryImageOfPage":{"@id":"https:\/\/www.ucaldas.edu.co\/portal\/convocatoria-creacion-de-empresas-de-base-tecnologica\/#primaryimage"},"image":{"@id":"https:\/\/www.ucaldas.edu.co\/portal\/convocatoria-creacion-de-empresas-de-base-tecnologica\/#primaryimage"},"thumbnailUrl":"https:\/\/www.ucaldas.edu.co\/portal\/wp-content\/uploads\/2021\/08\/minciencias.jpg","datePublished":"2021-08-11T22:33:37+00:00","breadcrumb":{"@id":"https:\/\/www.ucaldas.edu.co\/portal\/convocatoria-creacion-de-empresas-de-base-tecnologica\/#breadcrumb"},"inLanguage":"es","potentialAction":[{"@type":"ReadAction","target":["https:\/\/www.ucaldas.edu.co\/portal\/convocatoria-creacion-de-empresas-de-base-tecnologica\/"]}]},{"@type":"ImageObject","inLanguage":"es","@id":"https:\/\/www.ucaldas.edu.co\/portal\/convocatoria-creacion-de-empresas-de-base-tecnologica\/#primaryimage","url":"https:\/\/www.ucaldas.edu.co\/portal\/wp-content\/uploads\/2021\/08\/minciencias.jpg","contentUrl":"https:\/\/www.ucaldas.edu.co\/portal\/wp-content\/uploads\/2021\/08\/minciencias.jpg","width":700,"height":400},{"@type":"BreadcrumbList","@id":"https:\/\/www.ucaldas.edu.co\/portal\/convocatoria-creacion-de-empresas-de-base-tecnologica\/#breadcrumb","itemListElement":[{"@type":"ListItem","position":1,"name":"Portada","item":"https:\/\/www.ucaldas.edu.co\/portal\/"},{"@type":"ListItem","position":2,"name":"Convocatoria \u2018Creaci\u00f3n de empresas de base tecnol\u00f3gica\u2019"}]},{"@type":"WebSite","@id":"https:\/\/www.ucaldas.edu.co\/portal\/#website","url":"https:\/\/www.ucaldas.edu.co\/portal\/","name":"Universidad de Caldas","description":"","publisher":{"@id":"https:\/\/www.ucaldas.edu.co\/portal\/#organization"},"alternateName":"U. de Caldas","potentialAction":[{"@type":"SearchAction","target":{"@type":"EntryPoint","urlTemplate":"https:\/\/www.ucaldas.edu.co\/portal\/?s={search_term_string}"},"query-input":{"@type":"PropertyValueSpecification","valueRequired":true,"valueName":"search_term_string"}}],"inLanguage":"es"},{"@type":"Organization","@id":"https:\/\/www.ucaldas.edu.co\/portal\/#organization","name":"Universidad de Caldas","alternateName":"U. de Caldas","url":"https:\/\/www.ucaldas.edu.co\/portal\/","logo":{"@type":"ImageObject","inLanguage":"es","@id":"https:\/\/www.ucaldas.edu.co\/portal\/#\/schema\/logo\/image\/","url":"https:\/\/www.ucaldas.edu.co\/portal\/wp-content\/uploads\/2023\/11\/Logo_horizontal_oscuroU-2023.png","contentUrl":"https:\/\/www.ucaldas.edu.co\/portal\/wp-content\/uploads\/2023\/11\/Logo_horizontal_oscuroU-2023.png","width":263,"height":101,"caption":"Universidad de Caldas"},"image":{"@id":"https:\/\/www.ucaldas.edu.co\/portal\/#\/schema\/logo\/image\/"},"sameAs":["https:\/\/www.facebook.com\/udecaldas","https:\/\/x.com\/udecaldas","https:\/\/www.youtube.com\/universidadcaldas","https:\/\/www.instagram.com\/udecaldas\/"]},{"@type":"Person","@id":"https:\/\/www.ucaldas.edu.co\/portal\/#\/schema\/person\/a1b482e23449158b4bc319926c074fdf","name":"ofiprensa","image":{"@type":"ImageObject","inLanguage":"es","@id":"https:\/\/www.ucaldas.edu.co\/portal\/wp-content\/litespeed\/avatar\/09ea5085e600095a7a811142c6944527.jpg?ver=1777497608","url":"https:\/\/www.ucaldas.edu.co\/portal\/wp-content\/litespeed\/avatar\/09ea5085e600095a7a811142c6944527.jpg?ver=1777497608","contentUrl":"https:\/\/www.ucaldas.edu.co\/portal\/wp-content\/litespeed\/avatar\/09ea5085e600095a7a811142c6944527.jpg?ver=1777497608","caption":"ofiprensa"},"url":"https:\/\/www.ucaldas.edu.co\/portal\/author\/ofiprensa\/"}]}},"_links":{"self":[{"href":"https:\/\/www.ucaldas.edu.co\/portal\/wp-json\/wp\/v2\/posts\/64321","targetHints":{"allow":["GET"]}}],"collection":[{"href":"https:\/\/www.ucaldas.edu.co\/portal\/wp-json\/wp\/v2\/posts"}],"about":[{"href":"https:\/\/www.ucaldas.edu.co\/portal\/wp-json\/wp\/v2\/types\/post"}],"author":[{"embeddable":true,"href":"https:\/\/www.ucaldas.edu.co\/portal\/wp-json\/wp\/v2\/users\/2"}],"replies":[{"embeddable":true,"href":"https:\/\/www.ucaldas.edu.co\/portal\/wp-json\/wp\/v2\/comments?post=64321"}],"version-history":[{"count":0,"href":"https:\/\/www.ucaldas.edu.co\/portal\/wp-json\/wp\/v2\/posts\/64321\/revisions"}],"wp:featuredmedia":[{"embeddable":true,"href":"https:\/\/www.ucaldas.edu.co\/portal\/wp-json\/wp\/v2\/media\/64322"}],"wp:attachment":[{"href":"https:\/\/www.ucaldas.edu.co\/portal\/wp-json\/wp\/v2\/media?parent=64321"}],"wp:term":[{"taxonomy":"category","embeddable":true,"href":"https:\/\/www.ucaldas.edu.co\/portal\/wp-json\/wp\/v2\/categories?post=64321"},{"taxonomy":"post_tag","embeddable":true,"href":"https:\/\/www.ucaldas.edu.co\/portal\/wp-json\/wp\/v2\/tags?post=64321"}],"curies":[{"name":"wp","href":"https:\/\/api.w.org\/{rel}","templated":true}]}}