{"id":64253,"date":"2021-08-09T22:00:32","date_gmt":"2021-08-09T22:00:32","guid":{"rendered":"https:\/\/www.ucaldas.edu.co\/portal\/?p=64253"},"modified":"2021-08-09T23:06:30","modified_gmt":"2021-08-09T23:06:30","slug":"convocatoria-nacional-para-el-reconocimiento-y-medicion-de-grupos-de-investigacion-desarrollo-tecnologico-o-de-innovacion-2","status":"publish","type":"post","link":"https:\/\/www.ucaldas.edu.co\/portal\/convocatoria-nacional-para-el-reconocimiento-y-medicion-de-grupos-de-investigacion-desarrollo-tecnologico-o-de-innovacion-2\/","title":{"rendered":"Convocatoria nacional para el reconocimiento y medici\u00f3n de grupos de investigaci\u00f3n, desarrollo tecnol\u00f3gico o de innovaci\u00f3n"},"content":{"rendered":"<p style=\"text-align: center;\">PLAZO DE CIERRE 20 DE OCTUBRE DE 2021<br \/>\n<strong>Convocatoria nacional para el reconocimiento y medici\u00f3n de grupos de investigaci\u00f3n, desarrollo tecnol\u00f3gico o de innovaci\u00f3n <\/strong><\/p>\n<p style=\"text-align: right;\">09\/08\/2021<\/p>\n<p><img loading=\"lazy\" decoding=\"async\" class=\"size-full wp-image-54205 aligncenter\" src=\"https:\/\/www.ucaldas.edu.co\/portal\/wp-content\/uploads\/2020\/02\/MINCIENCIAS-compressor.png\" alt=\"\" width=\"700\" height=\"400\" srcset=\"https:\/\/www.ucaldas.edu.co\/portal\/wp-content\/uploads\/2020\/02\/MINCIENCIAS-compressor.png 700w, https:\/\/www.ucaldas.edu.co\/portal\/wp-content\/uploads\/2020\/02\/MINCIENCIAS-compressor-300x171.png 300w\" sizes=\"auto, (max-width: 700px) 100vw, 700px\" \/><\/p>\n<p>Minciencias tiene abierta la convocatoria 894 para el reconocimiento y medici\u00f3n de Grupos de Investigaci\u00f3n, desarrollo tecnol\u00f3gico o de innovaci\u00f3n y para el Reconocimiento de Investigadores del Sistema Nacional de Ciencia, Tecnolog\u00eda e Innovaci\u00f3n &#8211; SNCTI 2021.<\/p>\n<p><!--more--><\/p>\n<p>El objetivo de es contar con informaci\u00f3n actualizada de los Grupos de Investigaci\u00f3n, Desarrollo Tecnol\u00f3gico o de Innovaci\u00f3n y los investigadores del pa\u00eds, sus actividades y los resultados logrados para generar conocimiento sobre las capacidades, fortalezas, debilidades y potencialidades de quienes integran el SNCTI.<\/p>\n<p>Pueden participar colombianos que tengan un v\u00ednculo legal, reglamentario o contractual con instituciones colombianas que hagan parte del Sistema Nacional de Ciencia, Tecnolog\u00eda e Innovaci\u00f3n, extranjeros residentes en Colombia, que tengan un v\u00ednculo legal, reglamentario o contractual con instituciones colombianas que hagan parte del Sistema Nacional de Ciencia, Tecnolog\u00eda e Innovaci\u00f3n.<\/p>\n<p>As\u00ed mismo colombianos residentes fuera del pa\u00eds \u00a0(Di\u00e1spora) que desarrollen actividades de CTeI, con CvLAC certificado e inscrito para el proceso de la Convocatoria y\u00a0 grupos colombianos de Investigaci\u00f3n, Desarrollo Tecnol\u00f3gico o de Innovaci\u00f3n que est\u00e9n avalados por cualquier instituci\u00f3n, entidad o persona jur\u00eddica en Colombia que ejecute actividades de Ciencia, Tecnolog\u00eda e Innovaci\u00f3n.<\/p>\n<p>Los requisitos generales y las bases espec\u00edficas de la participaci\u00f3n de la convocatoria se encuentran establecidos en los T\u00e9rminos de Referencia publicados en la p\u00e1gina web del Ministerio de Ciencia, Tecnolog\u00eda e Innovaci\u00f3n <strong><a href=\"www.minciencias.gov.co\">www.minciencias.gov.co<\/a><\/strong><\/p>\n<p><strong>\u00a0<\/strong><\/p>\n<p><strong>Informes: <\/strong>Oficina de Comunicaciones y Prensa Universidad de Caldas.<\/p>\n<p><strong>Redacci\u00f3n:<\/strong> Adriana Salazar Villegas <span style=\"font-size: 8pt;\"><strong>*Con informaci\u00f3n de Minciencias<\/strong><\/span><\/p>\n<p>&nbsp;<\/p>\n","protected":false},"excerpt":{"rendered":"<p>PLAZO DE CIERRE 20 DE OCTUBRE DE 2021 Convocatoria nacional para el reconocimiento y medici\u00f3n de grupos de investigaci\u00f3n, desarrollo tecnol\u00f3gico o de innovaci\u00f3n 09\/08\/2021 Minciencias tiene abierta la convocatoria 894 para el reconocimiento y medici\u00f3n de Grupos de Investigaci\u00f3n, desarrollo tecnol\u00f3gico o de innovaci\u00f3n y para el Reconocimiento de Investigadores del Sistema Nacional de [&hellip;]<\/p>\n","protected":false},"author":2,"featured_media":54205,"comment_status":"closed","ping_status":"open","sticky":false,"template":"","format":"standard","meta":{"footnotes":""},"categories":[48,53,620],"tags":[642,4543,130,141,191,363],"class_list":["post-64253","post","type-post","status-publish","format-standard","has-post-thumbnail","hentry","category-actualidad","category-universidad-al-dia","category-ucaldas-transparente","tag-tecnologia","tag-minciencias","tag-ciencia","tag-convocatoria","tag-investigacion","tag-innovacion"],"yoast_head":"<!-- This site is optimized with the Yoast SEO plugin v27.5 - https:\/\/yoast.com\/product\/yoast-seo-wordpress\/ -->\n<title>Convocatoria nacional para el reconocimiento y medici\u00f3n de grupos de investigaci\u00f3n, desarrollo tecnol\u00f3gico o de innovaci\u00f3n .<\/title>\n<meta name=\"robots\" content=\"index, follow, max-snippet:-1, max-image-preview:large, max-video-preview:-1\" \/>\n<link rel=\"canonical\" href=\"https:\/\/www.ucaldas.edu.co\/portal\/convocatoria-nacional-para-el-reconocimiento-y-medicion-de-grupos-de-investigacion-desarrollo-tecnologico-o-de-innovacion-2\/\" \/>\n<script type=\"application\/ld+json\" class=\"yoast-schema-graph\">{\"@context\":\"https:\\\/\\\/schema.org\",\"@graph\":[{\"@type\":\"Article\",\"@id\":\"https:\\\/\\\/www.ucaldas.edu.co\\\/portal\\\/convocatoria-nacional-para-el-reconocimiento-y-medicion-de-grupos-de-investigacion-desarrollo-tecnologico-o-de-innovacion-2\\\/#article\",\"isPartOf\":{\"@id\":\"https:\\\/\\\/www.ucaldas.edu.co\\\/portal\\\/convocatoria-nacional-para-el-reconocimiento-y-medicion-de-grupos-de-investigacion-desarrollo-tecnologico-o-de-innovacion-2\\\/\"},\"author\":{\"name\":\"ofiprensa\",\"@id\":\"https:\\\/\\\/www.ucaldas.edu.co\\\/portal\\\/#\\\/schema\\\/person\\\/a1b482e23449158b4bc319926c074fdf\"},\"headline\":\"Convocatoria nacional para el reconocimiento y medici\u00f3n de grupos de investigaci\u00f3n, desarrollo tecnol\u00f3gico o de innovaci\u00f3n\",\"datePublished\":\"2021-08-09T22:00:32+00:00\",\"dateModified\":\"2021-08-09T23:06:30+00:00\",\"mainEntityOfPage\":{\"@id\":\"https:\\\/\\\/www.ucaldas.edu.co\\\/portal\\\/convocatoria-nacional-para-el-reconocimiento-y-medicion-de-grupos-de-investigacion-desarrollo-tecnologico-o-de-innovacion-2\\\/\"},\"wordCount\":320,\"publisher\":{\"@id\":\"https:\\\/\\\/www.ucaldas.edu.co\\\/portal\\\/#organization\"},\"image\":{\"@id\":\"https:\\\/\\\/www.ucaldas.edu.co\\\/portal\\\/convocatoria-nacional-para-el-reconocimiento-y-medicion-de-grupos-de-investigacion-desarrollo-tecnologico-o-de-innovacion-2\\\/#primaryimage\"},\"thumbnailUrl\":\"https:\\\/\\\/www.ucaldas.edu.co\\\/portal\\\/wp-content\\\/uploads\\\/2020\\\/02\\\/MINCIENCIAS-compressor.png\",\"keywords\":[\"tecnolog\u00eda\",\"Minciencias\",\"ciencia\",\"Convocatoria\",\"investigaci\u00f3n\",\"innovaci\u00f3n\"],\"articleSection\":[\"Actualidad\",\"Universidad al D\u00eda\",\"UCaldas Transparente\"],\"inLanguage\":\"es\"},{\"@type\":\"WebPage\",\"@id\":\"https:\\\/\\\/www.ucaldas.edu.co\\\/portal\\\/convocatoria-nacional-para-el-reconocimiento-y-medicion-de-grupos-de-investigacion-desarrollo-tecnologico-o-de-innovacion-2\\\/\",\"url\":\"https:\\\/\\\/www.ucaldas.edu.co\\\/portal\\\/convocatoria-nacional-para-el-reconocimiento-y-medicion-de-grupos-de-investigacion-desarrollo-tecnologico-o-de-innovacion-2\\\/\",\"name\":\"Convocatoria nacional para el reconocimiento y medici\u00f3n de grupos de investigaci\u00f3n, desarrollo tecnol\u00f3gico o de innovaci\u00f3n .\",\"isPartOf\":{\"@id\":\"https:\\\/\\\/www.ucaldas.edu.co\\\/portal\\\/#website\"},\"primaryImageOfPage\":{\"@id\":\"https:\\\/\\\/www.ucaldas.edu.co\\\/portal\\\/convocatoria-nacional-para-el-reconocimiento-y-medicion-de-grupos-de-investigacion-desarrollo-tecnologico-o-de-innovacion-2\\\/#primaryimage\"},\"image\":{\"@id\":\"https:\\\/\\\/www.ucaldas.edu.co\\\/portal\\\/convocatoria-nacional-para-el-reconocimiento-y-medicion-de-grupos-de-investigacion-desarrollo-tecnologico-o-de-innovacion-2\\\/#primaryimage\"},\"thumbnailUrl\":\"https:\\\/\\\/www.ucaldas.edu.co\\\/portal\\\/wp-content\\\/uploads\\\/2020\\\/02\\\/MINCIENCIAS-compressor.png\",\"datePublished\":\"2021-08-09T22:00:32+00:00\",\"dateModified\":\"2021-08-09T23:06:30+00:00\",\"breadcrumb\":{\"@id\":\"https:\\\/\\\/www.ucaldas.edu.co\\\/portal\\\/convocatoria-nacional-para-el-reconocimiento-y-medicion-de-grupos-de-investigacion-desarrollo-tecnologico-o-de-innovacion-2\\\/#breadcrumb\"},\"inLanguage\":\"es\",\"potentialAction\":[{\"@type\":\"ReadAction\",\"target\":[\"https:\\\/\\\/www.ucaldas.edu.co\\\/portal\\\/convocatoria-nacional-para-el-reconocimiento-y-medicion-de-grupos-de-investigacion-desarrollo-tecnologico-o-de-innovacion-2\\\/\"]}]},{\"@type\":\"ImageObject\",\"inLanguage\":\"es\",\"@id\":\"https:\\\/\\\/www.ucaldas.edu.co\\\/portal\\\/convocatoria-nacional-para-el-reconocimiento-y-medicion-de-grupos-de-investigacion-desarrollo-tecnologico-o-de-innovacion-2\\\/#primaryimage\",\"url\":\"https:\\\/\\\/www.ucaldas.edu.co\\\/portal\\\/wp-content\\\/uploads\\\/2020\\\/02\\\/MINCIENCIAS-compressor.png\",\"contentUrl\":\"https:\\\/\\\/www.ucaldas.edu.co\\\/portal\\\/wp-content\\\/uploads\\\/2020\\\/02\\\/MINCIENCIAS-compressor.png\",\"width\":700,\"height\":400},{\"@type\":\"BreadcrumbList\",\"@id\":\"https:\\\/\\\/www.ucaldas.edu.co\\\/portal\\\/convocatoria-nacional-para-el-reconocimiento-y-medicion-de-grupos-de-investigacion-desarrollo-tecnologico-o-de-innovacion-2\\\/#breadcrumb\",\"itemListElement\":[{\"@type\":\"ListItem\",\"position\":1,\"name\":\"Portada\",\"item\":\"https:\\\/\\\/www.ucaldas.edu.co\\\/portal\\\/\"},{\"@type\":\"ListItem\",\"position\":2,\"name\":\"Convocatoria nacional para el reconocimiento y medici\u00f3n de grupos de investigaci\u00f3n, desarrollo tecnol\u00f3gico o de innovaci\u00f3n\"}]},{\"@type\":\"WebSite\",\"@id\":\"https:\\\/\\\/www.ucaldas.edu.co\\\/portal\\\/#website\",\"url\":\"https:\\\/\\\/www.ucaldas.edu.co\\\/portal\\\/\",\"name\":\"Universidad de Caldas\",\"description\":\"\",\"publisher\":{\"@id\":\"https:\\\/\\\/www.ucaldas.edu.co\\\/portal\\\/#organization\"},\"alternateName\":\"U. de Caldas\",\"potentialAction\":[{\"@type\":\"SearchAction\",\"target\":{\"@type\":\"EntryPoint\",\"urlTemplate\":\"https:\\\/\\\/www.ucaldas.edu.co\\\/portal\\\/?s={search_term_string}\"},\"query-input\":{\"@type\":\"PropertyValueSpecification\",\"valueRequired\":true,\"valueName\":\"search_term_string\"}}],\"inLanguage\":\"es\"},{\"@type\":\"Organization\",\"@id\":\"https:\\\/\\\/www.ucaldas.edu.co\\\/portal\\\/#organization\",\"name\":\"Universidad de Caldas\",\"alternateName\":\"U. de Caldas\",\"url\":\"https:\\\/\\\/www.ucaldas.edu.co\\\/portal\\\/\",\"logo\":{\"@type\":\"ImageObject\",\"inLanguage\":\"es\",\"@id\":\"https:\\\/\\\/www.ucaldas.edu.co\\\/portal\\\/#\\\/schema\\\/logo\\\/image\\\/\",\"url\":\"https:\\\/\\\/www.ucaldas.edu.co\\\/portal\\\/wp-content\\\/uploads\\\/2023\\\/11\\\/Logo_horizontal_oscuroU-2023.png\",\"contentUrl\":\"https:\\\/\\\/www.ucaldas.edu.co\\\/portal\\\/wp-content\\\/uploads\\\/2023\\\/11\\\/Logo_horizontal_oscuroU-2023.png\",\"width\":263,\"height\":101,\"caption\":\"Universidad de Caldas\"},\"image\":{\"@id\":\"https:\\\/\\\/www.ucaldas.edu.co\\\/portal\\\/#\\\/schema\\\/logo\\\/image\\\/\"},\"sameAs\":[\"https:\\\/\\\/www.facebook.com\\\/udecaldas\",\"https:\\\/\\\/x.com\\\/udecaldas\",\"https:\\\/\\\/www.youtube.com\\\/universidadcaldas\",\"https:\\\/\\\/www.instagram.com\\\/udecaldas\\\/\"]},{\"@type\":\"Person\",\"@id\":\"https:\\\/\\\/www.ucaldas.edu.co\\\/portal\\\/#\\\/schema\\\/person\\\/a1b482e23449158b4bc319926c074fdf\",\"name\":\"ofiprensa\",\"image\":{\"@type\":\"ImageObject\",\"inLanguage\":\"es\",\"@id\":\"https:\\\/\\\/www.ucaldas.edu.co\\\/portal\\\/wp-content\\\/litespeed\\\/avatar\\\/09ea5085e600095a7a811142c6944527.jpg?ver=1777497608\",\"url\":\"https:\\\/\\\/www.ucaldas.edu.co\\\/portal\\\/wp-content\\\/litespeed\\\/avatar\\\/09ea5085e600095a7a811142c6944527.jpg?ver=1777497608\",\"contentUrl\":\"https:\\\/\\\/www.ucaldas.edu.co\\\/portal\\\/wp-content\\\/litespeed\\\/avatar\\\/09ea5085e600095a7a811142c6944527.jpg?ver=1777497608\",\"caption\":\"ofiprensa\"},\"url\":\"https:\\\/\\\/www.ucaldas.edu.co\\\/portal\\\/author\\\/ofiprensa\\\/\"}]}<\/script>\n<!-- \/ Yoast SEO plugin. -->","yoast_head_json":{"title":"Convocatoria nacional para el reconocimiento y medici\u00f3n de grupos de investigaci\u00f3n, desarrollo tecnol\u00f3gico o de innovaci\u00f3n .","robots":{"index":"index","follow":"follow","max-snippet":"max-snippet:-1","max-image-preview":"max-image-preview:large","max-video-preview":"max-video-preview:-1"},"canonical":"https:\/\/www.ucaldas.edu.co\/portal\/convocatoria-nacional-para-el-reconocimiento-y-medicion-de-grupos-de-investigacion-desarrollo-tecnologico-o-de-innovacion-2\/","schema":{"@context":"https:\/\/schema.org","@graph":[{"@type":"Article","@id":"https:\/\/www.ucaldas.edu.co\/portal\/convocatoria-nacional-para-el-reconocimiento-y-medicion-de-grupos-de-investigacion-desarrollo-tecnologico-o-de-innovacion-2\/#article","isPartOf":{"@id":"https:\/\/www.ucaldas.edu.co\/portal\/convocatoria-nacional-para-el-reconocimiento-y-medicion-de-grupos-de-investigacion-desarrollo-tecnologico-o-de-innovacion-2\/"},"author":{"name":"ofiprensa","@id":"https:\/\/www.ucaldas.edu.co\/portal\/#\/schema\/person\/a1b482e23449158b4bc319926c074fdf"},"headline":"Convocatoria nacional para el reconocimiento y medici\u00f3n de grupos de investigaci\u00f3n, desarrollo tecnol\u00f3gico o de innovaci\u00f3n","datePublished":"2021-08-09T22:00:32+00:00","dateModified":"2021-08-09T23:06:30+00:00","mainEntityOfPage":{"@id":"https:\/\/www.ucaldas.edu.co\/portal\/convocatoria-nacional-para-el-reconocimiento-y-medicion-de-grupos-de-investigacion-desarrollo-tecnologico-o-de-innovacion-2\/"},"wordCount":320,"publisher":{"@id":"https:\/\/www.ucaldas.edu.co\/portal\/#organization"},"image":{"@id":"https:\/\/www.ucaldas.edu.co\/portal\/convocatoria-nacional-para-el-reconocimiento-y-medicion-de-grupos-de-investigacion-desarrollo-tecnologico-o-de-innovacion-2\/#primaryimage"},"thumbnailUrl":"https:\/\/www.ucaldas.edu.co\/portal\/wp-content\/uploads\/2020\/02\/MINCIENCIAS-compressor.png","keywords":["tecnolog\u00eda","Minciencias","ciencia","Convocatoria","investigaci\u00f3n","innovaci\u00f3n"],"articleSection":["Actualidad","Universidad al D\u00eda","UCaldas Transparente"],"inLanguage":"es"},{"@type":"WebPage","@id":"https:\/\/www.ucaldas.edu.co\/portal\/convocatoria-nacional-para-el-reconocimiento-y-medicion-de-grupos-de-investigacion-desarrollo-tecnologico-o-de-innovacion-2\/","url":"https:\/\/www.ucaldas.edu.co\/portal\/convocatoria-nacional-para-el-reconocimiento-y-medicion-de-grupos-de-investigacion-desarrollo-tecnologico-o-de-innovacion-2\/","name":"Convocatoria nacional para el reconocimiento y medici\u00f3n de grupos de investigaci\u00f3n, desarrollo tecnol\u00f3gico o de innovaci\u00f3n .","isPartOf":{"@id":"https:\/\/www.ucaldas.edu.co\/portal\/#website"},"primaryImageOfPage":{"@id":"https:\/\/www.ucaldas.edu.co\/portal\/convocatoria-nacional-para-el-reconocimiento-y-medicion-de-grupos-de-investigacion-desarrollo-tecnologico-o-de-innovacion-2\/#primaryimage"},"image":{"@id":"https:\/\/www.ucaldas.edu.co\/portal\/convocatoria-nacional-para-el-reconocimiento-y-medicion-de-grupos-de-investigacion-desarrollo-tecnologico-o-de-innovacion-2\/#primaryimage"},"thumbnailUrl":"https:\/\/www.ucaldas.edu.co\/portal\/wp-content\/uploads\/2020\/02\/MINCIENCIAS-compressor.png","datePublished":"2021-08-09T22:00:32+00:00","dateModified":"2021-08-09T23:06:30+00:00","breadcrumb":{"@id":"https:\/\/www.ucaldas.edu.co\/portal\/convocatoria-nacional-para-el-reconocimiento-y-medicion-de-grupos-de-investigacion-desarrollo-tecnologico-o-de-innovacion-2\/#breadcrumb"},"inLanguage":"es","potentialAction":[{"@type":"ReadAction","target":["https:\/\/www.ucaldas.edu.co\/portal\/convocatoria-nacional-para-el-reconocimiento-y-medicion-de-grupos-de-investigacion-desarrollo-tecnologico-o-de-innovacion-2\/"]}]},{"@type":"ImageObject","inLanguage":"es","@id":"https:\/\/www.ucaldas.edu.co\/portal\/convocatoria-nacional-para-el-reconocimiento-y-medicion-de-grupos-de-investigacion-desarrollo-tecnologico-o-de-innovacion-2\/#primaryimage","url":"https:\/\/www.ucaldas.edu.co\/portal\/wp-content\/uploads\/2020\/02\/MINCIENCIAS-compressor.png","contentUrl":"https:\/\/www.ucaldas.edu.co\/portal\/wp-content\/uploads\/2020\/02\/MINCIENCIAS-compressor.png","width":700,"height":400},{"@type":"BreadcrumbList","@id":"https:\/\/www.ucaldas.edu.co\/portal\/convocatoria-nacional-para-el-reconocimiento-y-medicion-de-grupos-de-investigacion-desarrollo-tecnologico-o-de-innovacion-2\/#breadcrumb","itemListElement":[{"@type":"ListItem","position":1,"name":"Portada","item":"https:\/\/www.ucaldas.edu.co\/portal\/"},{"@type":"ListItem","position":2,"name":"Convocatoria nacional para el reconocimiento y medici\u00f3n de grupos de investigaci\u00f3n, desarrollo tecnol\u00f3gico o de innovaci\u00f3n"}]},{"@type":"WebSite","@id":"https:\/\/www.ucaldas.edu.co\/portal\/#website","url":"https:\/\/www.ucaldas.edu.co\/portal\/","name":"Universidad de Caldas","description":"","publisher":{"@id":"https:\/\/www.ucaldas.edu.co\/portal\/#organization"},"alternateName":"U. de Caldas","potentialAction":[{"@type":"SearchAction","target":{"@type":"EntryPoint","urlTemplate":"https:\/\/www.ucaldas.edu.co\/portal\/?s={search_term_string}"},"query-input":{"@type":"PropertyValueSpecification","valueRequired":true,"valueName":"search_term_string"}}],"inLanguage":"es"},{"@type":"Organization","@id":"https:\/\/www.ucaldas.edu.co\/portal\/#organization","name":"Universidad de Caldas","alternateName":"U. de Caldas","url":"https:\/\/www.ucaldas.edu.co\/portal\/","logo":{"@type":"ImageObject","inLanguage":"es","@id":"https:\/\/www.ucaldas.edu.co\/portal\/#\/schema\/logo\/image\/","url":"https:\/\/www.ucaldas.edu.co\/portal\/wp-content\/uploads\/2023\/11\/Logo_horizontal_oscuroU-2023.png","contentUrl":"https:\/\/www.ucaldas.edu.co\/portal\/wp-content\/uploads\/2023\/11\/Logo_horizontal_oscuroU-2023.png","width":263,"height":101,"caption":"Universidad de Caldas"},"image":{"@id":"https:\/\/www.ucaldas.edu.co\/portal\/#\/schema\/logo\/image\/"},"sameAs":["https:\/\/www.facebook.com\/udecaldas","https:\/\/x.com\/udecaldas","https:\/\/www.youtube.com\/universidadcaldas","https:\/\/www.instagram.com\/udecaldas\/"]},{"@type":"Person","@id":"https:\/\/www.ucaldas.edu.co\/portal\/#\/schema\/person\/a1b482e23449158b4bc319926c074fdf","name":"ofiprensa","image":{"@type":"ImageObject","inLanguage":"es","@id":"https:\/\/www.ucaldas.edu.co\/portal\/wp-content\/litespeed\/avatar\/09ea5085e600095a7a811142c6944527.jpg?ver=1777497608","url":"https:\/\/www.ucaldas.edu.co\/portal\/wp-content\/litespeed\/avatar\/09ea5085e600095a7a811142c6944527.jpg?ver=1777497608","contentUrl":"https:\/\/www.ucaldas.edu.co\/portal\/wp-content\/litespeed\/avatar\/09ea5085e600095a7a811142c6944527.jpg?ver=1777497608","caption":"ofiprensa"},"url":"https:\/\/www.ucaldas.edu.co\/portal\/author\/ofiprensa\/"}]}},"_links":{"self":[{"href":"https:\/\/www.ucaldas.edu.co\/portal\/wp-json\/wp\/v2\/posts\/64253","targetHints":{"allow":["GET"]}}],"collection":[{"href":"https:\/\/www.ucaldas.edu.co\/portal\/wp-json\/wp\/v2\/posts"}],"about":[{"href":"https:\/\/www.ucaldas.edu.co\/portal\/wp-json\/wp\/v2\/types\/post"}],"author":[{"embeddable":true,"href":"https:\/\/www.ucaldas.edu.co\/portal\/wp-json\/wp\/v2\/users\/2"}],"replies":[{"embeddable":true,"href":"https:\/\/www.ucaldas.edu.co\/portal\/wp-json\/wp\/v2\/comments?post=64253"}],"version-history":[{"count":0,"href":"https:\/\/www.ucaldas.edu.co\/portal\/wp-json\/wp\/v2\/posts\/64253\/revisions"}],"wp:featuredmedia":[{"embeddable":true,"href":"https:\/\/www.ucaldas.edu.co\/portal\/wp-json\/wp\/v2\/media\/54205"}],"wp:attachment":[{"href":"https:\/\/www.ucaldas.edu.co\/portal\/wp-json\/wp\/v2\/media?parent=64253"}],"wp:term":[{"taxonomy":"category","embeddable":true,"href":"https:\/\/www.ucaldas.edu.co\/portal\/wp-json\/wp\/v2\/categories?post=64253"},{"taxonomy":"post_tag","embeddable":true,"href":"https:\/\/www.ucaldas.edu.co\/portal\/wp-json\/wp\/v2\/tags?post=64253"}],"curies":[{"name":"wp","href":"https:\/\/api.w.org\/{rel}","templated":true}]}}